{"id":13990,"date":"2025-10-15T10:46:09","date_gmt":"2025-10-15T10:46:09","guid":{"rendered":"https:\/\/www.atelierdocaractere.pt\/brevemente\/?p=13990"},"modified":"2025-10-16T10:49:45","modified_gmt":"2025-10-16T10:49:45","slug":"francisco-fontes-e-o-rali-vidreiro-centro-de-portugal-quero-ser-ainda-mais-competitivo","status":"publish","type":"post","link":"https:\/\/www.atelierdocaractere.pt\/brevemente\/francisco-fontes-e-o-rali-vidreiro-centro-de-portugal-quero-ser-ainda-mais-competitivo\/","title":{"rendered":"Francisco Fontes e o Rali Vidreiro &#8211; Centro de Portugal: \u201cQuero ser ainda mais competitivo\u201d"},"content":{"rendered":"\n<p><strong>Francisco Fontes vai disputar mais uma prova do \u201cFPAK J\u00fanior Team Ralis\u201d, desta vez, no \u00e2mbito do Rallye Vidreiro \u2013 Centro de Portugal, que se realiza na pr\u00f3xima sexta-feira e s\u00e1bado (17 e 18 de outubro). O piloto do Lancia Ypsilon HF Racing Rally6 vai fazer dupla com o hist\u00f3rico navegador, Nuno Rodrigues da Silva, e assume: \u201cQuero ser ainda mais competitivo\u201d.<\/strong><\/p>\n\n\n\n<figure class=\"wp-block-image size-large\"><img decoding=\"async\" width=\"1024\" height=\"683\" src=\"https:\/\/www.atelierdocaractere.pt\/wp-content\/uploads\/2025\/10\/francisco-fontesa-1024x683.jpg\" alt=\"\" class=\"wp-image-13991\" srcset=\"https:\/\/www.atelierdocaractere.pt\/wp-content\/uploads\/2025\/10\/francisco-fontesa-1024x683.jpg 1024w, https:\/\/www.atelierdocaractere.pt\/wp-content\/uploads\/2025\/10\/francisco-fontesa-300x200.jpg 300w, https:\/\/www.atelierdocaractere.pt\/wp-content\/uploads\/2025\/10\/francisco-fontesa-768x512.jpg 768w, https:\/\/www.atelierdocaractere.pt\/wp-content\/uploads\/2025\/10\/francisco-fontesa-1536x1024.jpg 1536w, https:\/\/www.atelierdocaractere.pt\/wp-content\/uploads\/2025\/10\/francisco-fontesa-2048x1366.jpg 2048w, https:\/\/www.atelierdocaractere.pt\/wp-content\/uploads\/2025\/10\/francisco-fontesa-900x600.jpg 900w, https:\/\/www.atelierdocaractere.pt\/wp-content\/uploads\/2025\/10\/francisco-fontesa-675x450.jpg 675w\" sizes=\"(max-width: 1024px) 100vw, 1024px\" \/><\/figure>\n\n\n\n<p>H\u00e1 25 anos, Francisco ainda nem era nascido para ver o pai, Jos\u00e9 Pedro Fontes, a ser navegado por Nuno Rodrigues da Silva, no ent\u00e3o Fiat Punto Kit Car. Mas a Hist\u00f3ria est\u00e1 repleta de curiosidades. O navegador da Guarda vai ditar-lhe notas no Rallye Vidreiro Centro de Portugal e isto 30 anos depois de ter vencido a Ta\u00e7a FIA de Grupo N, do Campeonato do Mundo de Ralis.<\/p>\n\n\n\n<p>Com apenas 18 anos e caloiro da Faculdade de Engenharia da Universidade do Porto (FEUP), o Rallye Vidreiro \u2013 Centro de Portugal \u00e9 s\u00f3 o quarto rali da carreira de Francisco Fontes.<\/p>\n\n\n\n<p>A prepara\u00e7\u00e3o come\u00e7ou no fim de semana anterior, com a participa\u00e7\u00e3o no Viana do Castelo Rallye.&nbsp;<strong>\u201cTermin\u00e1mos a prova, que era o nosso principal objetivo, mas acho que evolu\u00ed bastante em estradas completamente diferentes daquelas que conhecia e estou mais confiante. No rali anterior tinha perdido um pouco de confian\u00e7a\u201d,<\/strong>&nbsp;explicou o piloto, que est\u00e1 a ser respons\u00e1vel pelo regresso da ic\u00f3nica marca Lancia aos ralis nacionais.<\/p>\n\n\n\n<p>Em rela\u00e7\u00e3o ao Rallye Vidreiro \u2013 Centro de Portugal, o jovem Francisco reconhece que as dificuldades e os desafios v\u00e3o ser outros.&nbsp;<strong>\u201cAs estradas que vou encontrar s\u00e3o diferentes, mas acumulei experi\u00eancia que vai ser importante. Quero continuar a somar quil\u00f3metros e a evoluir e, se poss\u00edvel, andar mais perto dos mais r\u00e1pidos da minha categoria\u201d,<\/strong>&nbsp;confidencia o piloto da Sports &amp; You, que salienta ainda:&nbsp;<strong>\u201cMas tenho consci\u00eancia de que o primeiro objetivo \u00e9 terminar o rali e n\u00e3o apanhar sustos que me fa\u00e7am recuar\u201d<\/strong>.<\/p>\n\n\n\n<p>Francisco Fontes est\u00e1 a disputar o \u201cFPAK J\u00fanior Team Ralis\u201d, competi\u00e7\u00e3o promovida pela Federa\u00e7\u00e3o Portuguesa de Automobilismo e Karting, com o objetivo de lan\u00e7ar novos talentos para os ralis.<\/p>\n\n\n\n<p>A prova organizada pelo Clube Autom\u00f3vel da Marinha Grande realiza-se nos dias 17 e 18 de outubro, tem duas etapas e quatro se\u00e7\u00f5es, e passa pelos concelhos de Alcoba\u00e7a, Marinha Grande e Pombal. Os pilotos v\u00e3o disputar nove provas especiais de classifica\u00e7\u00e3o, em asfalto, num total de 102,8 km cronometrados.<\/p>\n\n\n\n<p>A cerim\u00f3nia de partida tem lugar no Mosteiro de Alcoba\u00e7a, sexta-feira, seguindo-se tr\u00eas classificativas, incluindo a super especial de Pombal.<\/p>\n\n\n\n<p>No s\u00e1bado, disputam-se mais seis tro\u00e7os, incluindo a super especial que termina dentro do parque de assist\u00eancia, no Expocentro de Pombal, uma inova\u00e7\u00e3o nos ralis nacionais. O rali termina com a cerim\u00f3nia do p\u00f3dio, no final da tarde, na Arena Expocentro.<\/p>\n","protected":false},"excerpt":{"rendered":"<p>Francisco Fontes vai disputar mais uma prova do \u201cFPAK J\u00fanior Team Ralis\u201d, desta vez, no \u00e2mbito do Rallye Vidreiro \u2013&#8230;<\/p>\n","protected":false},"author":7,"featured_media":13991,"comment_status":"closed","ping_status":"open","sticky":false,"template":"","format":"standard","meta":[],"categories":[24],"tags":[998,1010,986],"yoast_head":"<!-- This site is optimized with the Yoast SEO plugin v20.12 - https:\/\/yoast.com\/wordpress\/plugins\/seo\/ -->\n<title>Francisco Fontes e o Rali Vidreiro - Centro de Portugal: \u201cQuero ser ainda mais competitivo\u201d - Atelier do Caractere<\/title>\n<meta name=\"robots\" content=\"index, follow, max-snippet:-1, max-image-preview:large, max-video-preview:-1\" \/>\n<link rel=\"canonical\" href=\"https:\/\/www.atelierdocaractere.pt\/brevemente\/francisco-fontes-e-o-rali-vidreiro-centro-de-portugal-quero-ser-ainda-mais-competitivo\/\" \/>\n<meta property=\"og:locale\" content=\"pt_PT\" \/>\n<meta property=\"og:type\" content=\"article\" \/>\n<meta property=\"og:title\" content=\"Francisco Fontes e o Rali Vidreiro - Centro de Portugal: \u201cQuero ser ainda mais competitivo\u201d - Atelier do Caractere\" \/>\n<meta property=\"og:description\" content=\"Francisco Fontes vai disputar mais uma prova do \u201cFPAK J\u00fanior Team Ralis\u201d, desta vez, no \u00e2mbito do Rallye Vidreiro \u2013...\" \/>\n<meta property=\"og:url\" content=\"https:\/\/www.atelierdocaractere.pt\/brevemente\/francisco-fontes-e-o-rali-vidreiro-centro-de-portugal-quero-ser-ainda-mais-competitivo\/\" \/>\n<meta property=\"og:site_name\" content=\"Atelier do Caractere\" \/>\n<meta property=\"article:publisher\" content=\"https:\/\/www.facebook.com\/AtelierdoCaractere\" \/>\n<meta property=\"article:published_time\" content=\"2025-10-15T10:46:09+00:00\" \/>\n<meta property=\"article:modified_time\" content=\"2025-10-16T10:49:45+00:00\" \/>\n<meta property=\"og:image\" content=\"https:\/\/www.atelierdocaractere.pt\/wp-content\/uploads\/2025\/10\/francisco-fontesa.jpg\" \/>\n\t<meta property=\"og:image:width\" content=\"3226\" \/>\n\t<meta property=\"og:image:height\" content=\"2151\" \/>\n\t<meta property=\"og:image:type\" content=\"image\/jpeg\" \/>\n<meta name=\"author\" content=\"Joana Barbosa\" \/>\n<meta name=\"twitter:card\" content=\"summary_large_image\" \/>\n<meta name=\"twitter:label1\" content=\"Escrito por\" \/>\n\t<meta name=\"twitter:data1\" content=\"Joana Barbosa\" \/>\n\t<meta name=\"twitter:label2\" content=\"Tempo estimado de leitura\" \/>\n\t<meta name=\"twitter:data2\" content=\"3 minutos\" \/>\n<script type=\"application\/ld+json\" class=\"yoast-schema-graph\">{\"@context\":\"https:\/\/schema.org\",\"@graph\":[{\"@type\":\"WebPage\",\"@id\":\"https:\/\/www.atelierdocaractere.pt\/brevemente\/francisco-fontes-e-o-rali-vidreiro-centro-de-portugal-quero-ser-ainda-mais-competitivo\/\",\"url\":\"https:\/\/www.atelierdocaractere.pt\/brevemente\/francisco-fontes-e-o-rali-vidreiro-centro-de-portugal-quero-ser-ainda-mais-competitivo\/\",\"name\":\"Francisco Fontes e o Rali Vidreiro - Centro de Portugal: \u201cQuero ser ainda mais competitivo\u201d - Atelier do Caractere\",\"isPartOf\":{\"@id\":\"https:\/\/www.atelierdocaractere.pt\/brevemente\/#website\"},\"datePublished\":\"2025-10-15T10:46:09+00:00\",\"dateModified\":\"2025-10-16T10:49:45+00:00\",\"author\":{\"@id\":\"https:\/\/www.atelierdocaractere.pt\/brevemente\/#\/schema\/person\/f2f096eb0f27d9894725af22cb97c0db\"},\"breadcrumb\":{\"@id\":\"https:\/\/www.atelierdocaractere.pt\/brevemente\/francisco-fontes-e-o-rali-vidreiro-centro-de-portugal-quero-ser-ainda-mais-competitivo\/#breadcrumb\"},\"inLanguage\":\"pt-PT\",\"potentialAction\":[{\"@type\":\"ReadAction\",\"target\":[\"https:\/\/www.atelierdocaractere.pt\/brevemente\/francisco-fontes-e-o-rali-vidreiro-centro-de-portugal-quero-ser-ainda-mais-competitivo\/\"]}]},{\"@type\":\"BreadcrumbList\",\"@id\":\"https:\/\/www.atelierdocaractere.pt\/brevemente\/francisco-fontes-e-o-rali-vidreiro-centro-de-portugal-quero-ser-ainda-mais-competitivo\/#breadcrumb\",\"itemListElement\":[{\"@type\":\"ListItem\",\"position\":1,\"name\":\"In\u00edcio\",\"item\":\"https:\/\/www.atelierdocaractere.pt\/brevemente\/\"},{\"@type\":\"ListItem\",\"position\":2,\"name\":\"Francisco Fontes e o Rali Vidreiro &#8211; Centro de Portugal: \u201cQuero ser ainda mais competitivo\u201d\"}]},{\"@type\":\"WebSite\",\"@id\":\"https:\/\/www.atelierdocaractere.pt\/brevemente\/#website\",\"url\":\"https:\/\/www.atelierdocaractere.pt\/brevemente\/\",\"name\":\"Atelier do Caractere\",\"description\":\"\",\"potentialAction\":[{\"@type\":\"SearchAction\",\"target\":{\"@type\":\"EntryPoint\",\"urlTemplate\":\"https:\/\/www.atelierdocaractere.pt\/brevemente\/?s={search_term_string}\"},\"query-input\":\"required name=search_term_string\"}],\"inLanguage\":\"pt-PT\"},{\"@type\":\"Person\",\"@id\":\"https:\/\/www.atelierdocaractere.pt\/brevemente\/#\/schema\/person\/f2f096eb0f27d9894725af22cb97c0db\",\"name\":\"Joana Barbosa\",\"image\":{\"@type\":\"ImageObject\",\"inLanguage\":\"pt-PT\",\"@id\":\"https:\/\/www.atelierdocaractere.pt\/brevemente\/#\/schema\/person\/image\/\",\"url\":\"https:\/\/secure.gravatar.com\/avatar\/33e8214b45e9d68a3a83008731075979?s=96&d=mm&r=g\",\"contentUrl\":\"https:\/\/secure.gravatar.com\/avatar\/33e8214b45e9d68a3a83008731075979?s=96&d=mm&r=g\",\"caption\":\"Joana Barbosa\"},\"url\":\"https:\/\/www.atelierdocaractere.pt\/brevemente\/author\/joanabarbosa\/\"}]}<\/script>\n<!-- \/ Yoast SEO plugin. -->","yoast_head_json":{"title":"Francisco Fontes e o Rali Vidreiro - Centro de Portugal: \u201cQuero ser ainda mais competitivo\u201d - Atelier do Caractere","robots":{"index":"index","follow":"follow","max-snippet":"max-snippet:-1","max-image-preview":"max-image-preview:large","max-video-preview":"max-video-preview:-1"},"canonical":"https:\/\/www.atelierdocaractere.pt\/brevemente\/francisco-fontes-e-o-rali-vidreiro-centro-de-portugal-quero-ser-ainda-mais-competitivo\/","og_locale":"pt_PT","og_type":"article","og_title":"Francisco Fontes e o Rali Vidreiro - Centro de Portugal: \u201cQuero ser ainda mais competitivo\u201d - Atelier do Caractere","og_description":"Francisco Fontes vai disputar mais uma prova do \u201cFPAK J\u00fanior Team Ralis\u201d, desta vez, no \u00e2mbito do Rallye Vidreiro \u2013...","og_url":"https:\/\/www.atelierdocaractere.pt\/brevemente\/francisco-fontes-e-o-rali-vidreiro-centro-de-portugal-quero-ser-ainda-mais-competitivo\/","og_site_name":"Atelier do Caractere","article_publisher":"https:\/\/www.facebook.com\/AtelierdoCaractere","article_published_time":"2025-10-15T10:46:09+00:00","article_modified_time":"2025-10-16T10:49:45+00:00","og_image":[{"width":3226,"height":2151,"url":"https:\/\/www.atelierdocaractere.pt\/wp-content\/uploads\/2025\/10\/francisco-fontesa.jpg","type":"image\/jpeg"}],"author":"Joana Barbosa","twitter_card":"summary_large_image","twitter_misc":{"Escrito por":"Joana Barbosa","Tempo estimado de leitura":"3 minutos"},"schema":{"@context":"https:\/\/schema.org","@graph":[{"@type":"WebPage","@id":"https:\/\/www.atelierdocaractere.pt\/brevemente\/francisco-fontes-e-o-rali-vidreiro-centro-de-portugal-quero-ser-ainda-mais-competitivo\/","url":"https:\/\/www.atelierdocaractere.pt\/brevemente\/francisco-fontes-e-o-rali-vidreiro-centro-de-portugal-quero-ser-ainda-mais-competitivo\/","name":"Francisco Fontes e o Rali Vidreiro - Centro de Portugal: \u201cQuero ser ainda mais competitivo\u201d - Atelier do Caractere","isPartOf":{"@id":"https:\/\/www.atelierdocaractere.pt\/brevemente\/#website"},"datePublished":"2025-10-15T10:46:09+00:00","dateModified":"2025-10-16T10:49:45+00:00","author":{"@id":"https:\/\/www.atelierdocaractere.pt\/brevemente\/#\/schema\/person\/f2f096eb0f27d9894725af22cb97c0db"},"breadcrumb":{"@id":"https:\/\/www.atelierdocaractere.pt\/brevemente\/francisco-fontes-e-o-rali-vidreiro-centro-de-portugal-quero-ser-ainda-mais-competitivo\/#breadcrumb"},"inLanguage":"pt-PT","potentialAction":[{"@type":"ReadAction","target":["https:\/\/www.atelierdocaractere.pt\/brevemente\/francisco-fontes-e-o-rali-vidreiro-centro-de-portugal-quero-ser-ainda-mais-competitivo\/"]}]},{"@type":"BreadcrumbList","@id":"https:\/\/www.atelierdocaractere.pt\/brevemente\/francisco-fontes-e-o-rali-vidreiro-centro-de-portugal-quero-ser-ainda-mais-competitivo\/#breadcrumb","itemListElement":[{"@type":"ListItem","position":1,"name":"In\u00edcio","item":"https:\/\/www.atelierdocaractere.pt\/brevemente\/"},{"@type":"ListItem","position":2,"name":"Francisco Fontes e o Rali Vidreiro &#8211; Centro de Portugal: \u201cQuero ser ainda mais competitivo\u201d"}]},{"@type":"WebSite","@id":"https:\/\/www.atelierdocaractere.pt\/brevemente\/#website","url":"https:\/\/www.atelierdocaractere.pt\/brevemente\/","name":"Atelier do Caractere","description":"","potentialAction":[{"@type":"SearchAction","target":{"@type":"EntryPoint","urlTemplate":"https:\/\/www.atelierdocaractere.pt\/brevemente\/?s={search_term_string}"},"query-input":"required name=search_term_string"}],"inLanguage":"pt-PT"},{"@type":"Person","@id":"https:\/\/www.atelierdocaractere.pt\/brevemente\/#\/schema\/person\/f2f096eb0f27d9894725af22cb97c0db","name":"Joana Barbosa","image":{"@type":"ImageObject","inLanguage":"pt-PT","@id":"https:\/\/www.atelierdocaractere.pt\/brevemente\/#\/schema\/person\/image\/","url":"https:\/\/secure.gravatar.com\/avatar\/33e8214b45e9d68a3a83008731075979?s=96&d=mm&r=g","contentUrl":"https:\/\/secure.gravatar.com\/avatar\/33e8214b45e9d68a3a83008731075979?s=96&d=mm&r=g","caption":"Joana Barbosa"},"url":"https:\/\/www.atelierdocaractere.pt\/brevemente\/author\/joanabarbosa\/"}]}},"_links":{"self":[{"href":"https:\/\/www.atelierdocaractere.pt\/brevemente\/wp-json\/wp\/v2\/posts\/13990"}],"collection":[{"href":"https:\/\/www.atelierdocaractere.pt\/brevemente\/wp-json\/wp\/v2\/posts"}],"about":[{"href":"https:\/\/www.atelierdocaractere.pt\/brevemente\/wp-json\/wp\/v2\/types\/post"}],"author":[{"embeddable":true,"href":"https:\/\/www.atelierdocaractere.pt\/brevemente\/wp-json\/wp\/v2\/users\/7"}],"replies":[{"embeddable":true,"href":"https:\/\/www.atelierdocaractere.pt\/brevemente\/wp-json\/wp\/v2\/comments?post=13990"}],"version-history":[{"count":1,"href":"https:\/\/www.atelierdocaractere.pt\/brevemente\/wp-json\/wp\/v2\/posts\/13990\/revisions"}],"predecessor-version":[{"id":13992,"href":"https:\/\/www.atelierdocaractere.pt\/brevemente\/wp-json\/wp\/v2\/posts\/13990\/revisions\/13992"}],"wp:featuredmedia":[{"embeddable":true,"href":"https:\/\/www.atelierdocaractere.pt\/brevemente\/wp-json\/wp\/v2\/media\/13991"}],"wp:attachment":[{"href":"https:\/\/www.atelierdocaractere.pt\/brevemente\/wp-json\/wp\/v2\/media?parent=13990"}],"wp:term":[{"taxonomy":"category","embeddable":true,"href":"https:\/\/www.atelierdocaractere.pt\/brevemente\/wp-json\/wp\/v2\/categories?post=13990"},{"taxonomy":"post_tag","embeddable":true,"href":"https:\/\/www.atelierdocaractere.pt\/brevemente\/wp-json\/wp\/v2\/tags?post=13990"}],"curies":[{"name":"wp","href":"https:\/\/api.w.org\/{rel}","templated":true}]}}