{"id":13993,"date":"2025-10-13T10:50:14","date_gmt":"2025-10-13T10:50:14","guid":{"rendered":"https:\/\/www.atelierdocaractere.pt\/brevemente\/?p=13993"},"modified":"2025-10-16T10:53:43","modified_gmt":"2025-10-16T10:53:43","slug":"cim-viseu-dao-lafoes-lidera-rede-europeia-de-mobilidade-sustentavel","status":"publish","type":"post","link":"https:\/\/www.atelierdocaractere.pt\/brevemente\/cim-viseu-dao-lafoes-lidera-rede-europeia-de-mobilidade-sustentavel\/","title":{"rendered":"CIM Viseu D\u00e3o Laf\u00f5es lidera rede europeia de mobilidade sustent\u00e1vel"},"content":{"rendered":"\n<p><strong>Programa europeu URBACT aprova candidatura apresentada pela CIM e refor\u00e7a projeto \u201cIr e Vir\u201d como exemplo de inova\u00e7\u00e3o na mobilidade urbano-rural.<\/strong><\/p>\n\n\n\n<figure class=\"wp-block-image size-large\"><img decoding=\"async\" width=\"1024\" height=\"768\" src=\"https:\/\/www.atelierdocaractere.pt\/wp-content\/uploads\/2025\/10\/2d527af6-1f4d-5a63-6754-b4fedb1973f9-1024x768.jpg\" alt=\"\" class=\"wp-image-13994\" srcset=\"https:\/\/www.atelierdocaractere.pt\/wp-content\/uploads\/2025\/10\/2d527af6-1f4d-5a63-6754-b4fedb1973f9-1024x768.jpg 1024w, https:\/\/www.atelierdocaractere.pt\/wp-content\/uploads\/2025\/10\/2d527af6-1f4d-5a63-6754-b4fedb1973f9-300x225.jpg 300w, https:\/\/www.atelierdocaractere.pt\/wp-content\/uploads\/2025\/10\/2d527af6-1f4d-5a63-6754-b4fedb1973f9-768x576.jpg 768w, https:\/\/www.atelierdocaractere.pt\/wp-content\/uploads\/2025\/10\/2d527af6-1f4d-5a63-6754-b4fedb1973f9.jpg 1200w\" sizes=\"(max-width: 1024px) 100vw, 1024px\" \/><\/figure>\n\n\n\n<p>Uma candidatura apresentada pela\u00a0<strong>Comunidade Intermunicipal (CIM) Viseu D\u00e3o Laf\u00f5es<\/strong>\u00a0ao programa europeu\u00a0<strong>URBACT IV \u2013 Transfer Networks<\/strong>, com o projeto \u201cIr e Vir\u201d, foi aprovada e vai ter in\u00edcio j\u00e1 em dezembro. O projeto ser\u00e1 coordenado a partir da regi\u00e3o e envolve parceiros de sete pa\u00edses europeus.<br>\u00a0<br>O objetivo \u00e9\u00a0<strong>transferir e adaptar o modelo \u201cIr e Vir\u201d<\/strong>, um sistema de transporte flex\u00edvel e a pedido, implementado com sucesso nos 14 munic\u00edpios de Viseu D\u00e3o Laf\u00f5es, a outras regi\u00f5es europeias com caracter\u00edsticas semelhantes, marcadas pelas dificuldades de garantir a mobilidade urbano-rural da popula\u00e7\u00e3o residente.<br>\u00a0<br>A candidatura foi uma das\u00a0<strong>25 selecionadas<\/strong>, ap\u00f3s avalia\u00e7\u00e3o do Comit\u00e9 de Monitoriza\u00e7\u00e3o do URBACT, reunido a 8 de outubro, em Copenhaga, Dinamarca. Esta aprova\u00e7\u00e3o confirma o reconhecimento, a n\u00edvel europeu, do \u201cIr e Vir\u201d como um exemplo de boa pr\u00e1tica e de inova\u00e7\u00e3o na mobilidade das pessoas atrav\u00e9s do transporte flex\u00edvel.<br>\u00a0<br>Al\u00e9m da CIM Viseu D\u00e3o Laf\u00f5es, entidade l\u00edder, o projeto\u00a0<strong>\u201cIr e Vir\u201d<\/strong>\u00a0integra os seguintes parceiros: o Munic\u00edpio de Kimi-Aliveri (Gr\u00e9cia), o Munic\u00edpio do Distrito de Jurbarkas (Litu\u00e2nia), o Instituto de Ordenamento do Territ\u00f3rio do Condado de \u0160ibenik-Knin (Cro\u00e1cia), o Munic\u00edpio de Harju Ocidental (Est\u00f3nia), a C\u00e2mara Municipal de El Vendrell (Espanha), a Organiza\u00e7\u00e3o de Turismo da Cidade de Subotica (S\u00e9rvia) e a C\u00e2mara Municipal de Tysmenytsya (Ucr\u00e2nia).<br>\u00a0<br>O projeto tem in\u00edcio formal em dezembro, com uma reuni\u00e3o de arranque em Paris, e prolonga-se at\u00e9 2028. Durante esse per\u00edodo, ser\u00e3o promovidas a\u00e7\u00f5es de interc\u00e2mbio, forma\u00e7\u00e3o e experimenta\u00e7\u00e3o local, com vista \u00e0 cria\u00e7\u00e3o de\u00a0<strong>modelos de mobilidade mais acess\u00edveis, verdes e inclusivos em toda a Europa<\/strong>.<br>\u00a0<br>O programa europeu URBACT promove a partilha e transfer\u00eancia de boas pr\u00e1ticas urbanas entre cidades e regi\u00f5es da Europa, incentivando o desenvolvimento de solu\u00e7\u00f5es conjuntas para os desafios contempor\u00e2neos das pol\u00edticas p\u00fablicas.<br>\u00a0<br>Recorde-se que o servi\u00e7o de transporte flex\u00edvel \u201cIr e Vir\u201d j\u00e1 havia sido destacado pela Uni\u00e3o Europeia como um exemplo de boas pr\u00e1ticas em mobilidade regional, no \u00e2mbito do projeto europeu EMBRACER \u2013 Interligando a Mobilidade entre Cidades e Sub\u00farbios Europeus, financiado pelo programa INTERREG Europe. Al\u00e9m disso, foi tamb\u00e9m distinguido com o Selo de Boas Pr\u00e1ticas pelo Comit\u00e9 de Acompanhamento do programa europeu URBACT IV.<br>\u00a0<br><strong>Nuno Martinho<\/strong>,\u00a0<strong>Secret\u00e1rio Executivo da CIM Viseu D\u00e3o Laf\u00f5es<\/strong>, destaca que\u00a0<em>\u201ceste \u00e9 mais um exemplo do trabalho consistente que temos desenvolvido na \u00e1rea da mobilidade sustent\u00e1vel e coes\u00e3o social, que volta agora a ter destaque internacional. O \u2018Ir e Vir\u2019 mostrou resultados concretos, com mais de 46 mil passageiros desde 2022, e \u00e9 reconhecida como uma pr\u00e1tica de excel\u00eancia a n\u00edvel europeu. Liderar esta rede URBACT \u00e9 uma oportunidade para aprofundar o conhecimento, refor\u00e7ar parcerias e continuar a inovar\u201d<\/em>.<\/p>\n","protected":false},"excerpt":{"rendered":"<p>Programa europeu URBACT aprova candidatura apresentada pela CIM e refor\u00e7a projeto \u201cIr e Vir\u201d como exemplo de inova\u00e7\u00e3o na mobilidade&#8230;<\/p>\n","protected":false},"author":7,"featured_media":13994,"comment_status":"closed","ping_status":"open","sticky":false,"template":"","format":"standard","meta":[],"categories":[22],"tags":[448,763,464,636],"yoast_head":"<!-- This site is optimized with the Yoast SEO plugin v20.12 - https:\/\/yoast.com\/wordpress\/plugins\/seo\/ -->\n<title>CIM Viseu D\u00e3o Laf\u00f5es lidera rede europeia de mobilidade sustent\u00e1vel - Atelier do Caractere<\/title>\n<meta name=\"robots\" content=\"index, follow, max-snippet:-1, max-image-preview:large, max-video-preview:-1\" \/>\n<link rel=\"canonical\" href=\"https:\/\/www.atelierdocaractere.pt\/brevemente\/cim-viseu-dao-lafoes-lidera-rede-europeia-de-mobilidade-sustentavel\/\" \/>\n<meta property=\"og:locale\" content=\"pt_PT\" \/>\n<meta property=\"og:type\" content=\"article\" \/>\n<meta property=\"og:title\" content=\"CIM Viseu D\u00e3o Laf\u00f5es lidera rede europeia de mobilidade sustent\u00e1vel - Atelier do Caractere\" \/>\n<meta property=\"og:description\" content=\"Programa europeu URBACT aprova candidatura apresentada pela CIM e refor\u00e7a projeto \u201cIr e Vir\u201d como exemplo de inova\u00e7\u00e3o na mobilidade...\" \/>\n<meta property=\"og:url\" content=\"https:\/\/www.atelierdocaractere.pt\/brevemente\/cim-viseu-dao-lafoes-lidera-rede-europeia-de-mobilidade-sustentavel\/\" \/>\n<meta property=\"og:site_name\" content=\"Atelier do Caractere\" \/>\n<meta property=\"article:publisher\" content=\"https:\/\/www.facebook.com\/AtelierdoCaractere\" \/>\n<meta property=\"article:published_time\" content=\"2025-10-13T10:50:14+00:00\" \/>\n<meta property=\"article:modified_time\" content=\"2025-10-16T10:53:43+00:00\" \/>\n<meta property=\"og:image\" content=\"https:\/\/www.atelierdocaractere.pt\/wp-content\/uploads\/2025\/10\/2d527af6-1f4d-5a63-6754-b4fedb1973f9.jpg\" \/>\n\t<meta property=\"og:image:width\" content=\"1200\" \/>\n\t<meta property=\"og:image:height\" content=\"900\" \/>\n\t<meta property=\"og:image:type\" content=\"image\/jpeg\" \/>\n<meta name=\"author\" content=\"Joana Barbosa\" \/>\n<meta name=\"twitter:card\" content=\"summary_large_image\" \/>\n<meta name=\"twitter:label1\" content=\"Escrito por\" \/>\n\t<meta name=\"twitter:data1\" content=\"Joana Barbosa\" \/>\n\t<meta name=\"twitter:label2\" content=\"Tempo estimado de leitura\" \/>\n\t<meta name=\"twitter:data2\" content=\"3 minutos\" \/>\n<script type=\"application\/ld+json\" class=\"yoast-schema-graph\">{\"@context\":\"https:\/\/schema.org\",\"@graph\":[{\"@type\":\"WebPage\",\"@id\":\"https:\/\/www.atelierdocaractere.pt\/brevemente\/cim-viseu-dao-lafoes-lidera-rede-europeia-de-mobilidade-sustentavel\/\",\"url\":\"https:\/\/www.atelierdocaractere.pt\/brevemente\/cim-viseu-dao-lafoes-lidera-rede-europeia-de-mobilidade-sustentavel\/\",\"name\":\"CIM Viseu D\u00e3o Laf\u00f5es lidera rede europeia de mobilidade sustent\u00e1vel - Atelier do Caractere\",\"isPartOf\":{\"@id\":\"https:\/\/www.atelierdocaractere.pt\/brevemente\/#website\"},\"datePublished\":\"2025-10-13T10:50:14+00:00\",\"dateModified\":\"2025-10-16T10:53:43+00:00\",\"author\":{\"@id\":\"https:\/\/www.atelierdocaractere.pt\/brevemente\/#\/schema\/person\/f2f096eb0f27d9894725af22cb97c0db\"},\"breadcrumb\":{\"@id\":\"https:\/\/www.atelierdocaractere.pt\/brevemente\/cim-viseu-dao-lafoes-lidera-rede-europeia-de-mobilidade-sustentavel\/#breadcrumb\"},\"inLanguage\":\"pt-PT\",\"potentialAction\":[{\"@type\":\"ReadAction\",\"target\":[\"https:\/\/www.atelierdocaractere.pt\/brevemente\/cim-viseu-dao-lafoes-lidera-rede-europeia-de-mobilidade-sustentavel\/\"]}]},{\"@type\":\"BreadcrumbList\",\"@id\":\"https:\/\/www.atelierdocaractere.pt\/brevemente\/cim-viseu-dao-lafoes-lidera-rede-europeia-de-mobilidade-sustentavel\/#breadcrumb\",\"itemListElement\":[{\"@type\":\"ListItem\",\"position\":1,\"name\":\"In\u00edcio\",\"item\":\"https:\/\/www.atelierdocaractere.pt\/brevemente\/\"},{\"@type\":\"ListItem\",\"position\":2,\"name\":\"CIM Viseu D\u00e3o Laf\u00f5es lidera rede europeia de mobilidade sustent\u00e1vel\"}]},{\"@type\":\"WebSite\",\"@id\":\"https:\/\/www.atelierdocaractere.pt\/brevemente\/#website\",\"url\":\"https:\/\/www.atelierdocaractere.pt\/brevemente\/\",\"name\":\"Atelier do Caractere\",\"description\":\"\",\"potentialAction\":[{\"@type\":\"SearchAction\",\"target\":{\"@type\":\"EntryPoint\",\"urlTemplate\":\"https:\/\/www.atelierdocaractere.pt\/brevemente\/?s={search_term_string}\"},\"query-input\":\"required name=search_term_string\"}],\"inLanguage\":\"pt-PT\"},{\"@type\":\"Person\",\"@id\":\"https:\/\/www.atelierdocaractere.pt\/brevemente\/#\/schema\/person\/f2f096eb0f27d9894725af22cb97c0db\",\"name\":\"Joana Barbosa\",\"image\":{\"@type\":\"ImageObject\",\"inLanguage\":\"pt-PT\",\"@id\":\"https:\/\/www.atelierdocaractere.pt\/brevemente\/#\/schema\/person\/image\/\",\"url\":\"https:\/\/secure.gravatar.com\/avatar\/33e8214b45e9d68a3a83008731075979?s=96&d=mm&r=g\",\"contentUrl\":\"https:\/\/secure.gravatar.com\/avatar\/33e8214b45e9d68a3a83008731075979?s=96&d=mm&r=g\",\"caption\":\"Joana Barbosa\"},\"url\":\"https:\/\/www.atelierdocaractere.pt\/brevemente\/author\/joanabarbosa\/\"}]}<\/script>\n<!-- \/ Yoast SEO plugin. -->","yoast_head_json":{"title":"CIM Viseu D\u00e3o Laf\u00f5es lidera rede europeia de mobilidade sustent\u00e1vel - Atelier do Caractere","robots":{"index":"index","follow":"follow","max-snippet":"max-snippet:-1","max-image-preview":"max-image-preview:large","max-video-preview":"max-video-preview:-1"},"canonical":"https:\/\/www.atelierdocaractere.pt\/brevemente\/cim-viseu-dao-lafoes-lidera-rede-europeia-de-mobilidade-sustentavel\/","og_locale":"pt_PT","og_type":"article","og_title":"CIM Viseu D\u00e3o Laf\u00f5es lidera rede europeia de mobilidade sustent\u00e1vel - Atelier do Caractere","og_description":"Programa europeu URBACT aprova candidatura apresentada pela CIM e refor\u00e7a projeto \u201cIr e Vir\u201d como exemplo de inova\u00e7\u00e3o na mobilidade...","og_url":"https:\/\/www.atelierdocaractere.pt\/brevemente\/cim-viseu-dao-lafoes-lidera-rede-europeia-de-mobilidade-sustentavel\/","og_site_name":"Atelier do Caractere","article_publisher":"https:\/\/www.facebook.com\/AtelierdoCaractere","article_published_time":"2025-10-13T10:50:14+00:00","article_modified_time":"2025-10-16T10:53:43+00:00","og_image":[{"width":1200,"height":900,"url":"https:\/\/www.atelierdocaractere.pt\/wp-content\/uploads\/2025\/10\/2d527af6-1f4d-5a63-6754-b4fedb1973f9.jpg","type":"image\/jpeg"}],"author":"Joana Barbosa","twitter_card":"summary_large_image","twitter_misc":{"Escrito por":"Joana Barbosa","Tempo estimado de leitura":"3 minutos"},"schema":{"@context":"https:\/\/schema.org","@graph":[{"@type":"WebPage","@id":"https:\/\/www.atelierdocaractere.pt\/brevemente\/cim-viseu-dao-lafoes-lidera-rede-europeia-de-mobilidade-sustentavel\/","url":"https:\/\/www.atelierdocaractere.pt\/brevemente\/cim-viseu-dao-lafoes-lidera-rede-europeia-de-mobilidade-sustentavel\/","name":"CIM Viseu D\u00e3o Laf\u00f5es lidera rede europeia de mobilidade sustent\u00e1vel - Atelier do Caractere","isPartOf":{"@id":"https:\/\/www.atelierdocaractere.pt\/brevemente\/#website"},"datePublished":"2025-10-13T10:50:14+00:00","dateModified":"2025-10-16T10:53:43+00:00","author":{"@id":"https:\/\/www.atelierdocaractere.pt\/brevemente\/#\/schema\/person\/f2f096eb0f27d9894725af22cb97c0db"},"breadcrumb":{"@id":"https:\/\/www.atelierdocaractere.pt\/brevemente\/cim-viseu-dao-lafoes-lidera-rede-europeia-de-mobilidade-sustentavel\/#breadcrumb"},"inLanguage":"pt-PT","potentialAction":[{"@type":"ReadAction","target":["https:\/\/www.atelierdocaractere.pt\/brevemente\/cim-viseu-dao-lafoes-lidera-rede-europeia-de-mobilidade-sustentavel\/"]}]},{"@type":"BreadcrumbList","@id":"https:\/\/www.atelierdocaractere.pt\/brevemente\/cim-viseu-dao-lafoes-lidera-rede-europeia-de-mobilidade-sustentavel\/#breadcrumb","itemListElement":[{"@type":"ListItem","position":1,"name":"In\u00edcio","item":"https:\/\/www.atelierdocaractere.pt\/brevemente\/"},{"@type":"ListItem","position":2,"name":"CIM Viseu D\u00e3o Laf\u00f5es lidera rede europeia de mobilidade sustent\u00e1vel"}]},{"@type":"WebSite","@id":"https:\/\/www.atelierdocaractere.pt\/brevemente\/#website","url":"https:\/\/www.atelierdocaractere.pt\/brevemente\/","name":"Atelier do Caractere","description":"","potentialAction":[{"@type":"SearchAction","target":{"@type":"EntryPoint","urlTemplate":"https:\/\/www.atelierdocaractere.pt\/brevemente\/?s={search_term_string}"},"query-input":"required name=search_term_string"}],"inLanguage":"pt-PT"},{"@type":"Person","@id":"https:\/\/www.atelierdocaractere.pt\/brevemente\/#\/schema\/person\/f2f096eb0f27d9894725af22cb97c0db","name":"Joana Barbosa","image":{"@type":"ImageObject","inLanguage":"pt-PT","@id":"https:\/\/www.atelierdocaractere.pt\/brevemente\/#\/schema\/person\/image\/","url":"https:\/\/secure.gravatar.com\/avatar\/33e8214b45e9d68a3a83008731075979?s=96&d=mm&r=g","contentUrl":"https:\/\/secure.gravatar.com\/avatar\/33e8214b45e9d68a3a83008731075979?s=96&d=mm&r=g","caption":"Joana Barbosa"},"url":"https:\/\/www.atelierdocaractere.pt\/brevemente\/author\/joanabarbosa\/"}]}},"_links":{"self":[{"href":"https:\/\/www.atelierdocaractere.pt\/brevemente\/wp-json\/wp\/v2\/posts\/13993"}],"collection":[{"href":"https:\/\/www.atelierdocaractere.pt\/brevemente\/wp-json\/wp\/v2\/posts"}],"about":[{"href":"https:\/\/www.atelierdocaractere.pt\/brevemente\/wp-json\/wp\/v2\/types\/post"}],"author":[{"embeddable":true,"href":"https:\/\/www.atelierdocaractere.pt\/brevemente\/wp-json\/wp\/v2\/users\/7"}],"replies":[{"embeddable":true,"href":"https:\/\/www.atelierdocaractere.pt\/brevemente\/wp-json\/wp\/v2\/comments?post=13993"}],"version-history":[{"count":1,"href":"https:\/\/www.atelierdocaractere.pt\/brevemente\/wp-json\/wp\/v2\/posts\/13993\/revisions"}],"predecessor-version":[{"id":13995,"href":"https:\/\/www.atelierdocaractere.pt\/brevemente\/wp-json\/wp\/v2\/posts\/13993\/revisions\/13995"}],"wp:featuredmedia":[{"embeddable":true,"href":"https:\/\/www.atelierdocaractere.pt\/brevemente\/wp-json\/wp\/v2\/media\/13994"}],"wp:attachment":[{"href":"https:\/\/www.atelierdocaractere.pt\/brevemente\/wp-json\/wp\/v2\/media?parent=13993"}],"wp:term":[{"taxonomy":"category","embeddable":true,"href":"https:\/\/www.atelierdocaractere.pt\/brevemente\/wp-json\/wp\/v2\/categories?post=13993"},{"taxonomy":"post_tag","embeddable":true,"href":"https:\/\/www.atelierdocaractere.pt\/brevemente\/wp-json\/wp\/v2\/tags?post=13993"}],"curies":[{"name":"wp","href":"https:\/\/api.w.org\/{rel}","templated":true}]}}