{"id":13996,"date":"2025-10-12T10:54:09","date_gmt":"2025-10-12T10:54:09","guid":{"rendered":"https:\/\/www.atelierdocaractere.pt\/brevemente\/?p=13996"},"modified":"2025-10-16T10:59:35","modified_gmt":"2025-10-16T10:59:35","slug":"fim-de-semana-de-adrenalina-e-campeoes-no-75o-ralicross-de-lousada","status":"publish","type":"post","link":"https:\/\/www.atelierdocaractere.pt\/brevemente\/fim-de-semana-de-adrenalina-e-campeoes-no-75o-ralicross-de-lousada\/","title":{"rendered":"Fim de semana de adrenalina e campe\u00f5es no 75\u00ba Ralicross de Lousada"},"content":{"rendered":"\n<p><strong>O Campeonato de Portugal de Ralicross e Kartcross terminou de forma espetacular, em Lousada. Foi um fim de semana de corridas emocionantes que consagraram Jos\u00e9 Oliveira (Super Cars), Jorge Machado (Super 1600), Andr\u00e9 Marinho (Nacional 2 RM), Michael Braun (Iniciados) e Gustavo Henriques (Kartcross) como os novos campe\u00f5es nacionais de 2025.<\/strong><\/p>\n\n\n\n<figure class=\"wp-block-image size-large\"><img decoding=\"async\" width=\"1024\" height=\"683\" src=\"https:\/\/www.atelierdocaractere.pt\/wp-content\/uploads\/2025\/10\/75o-ralicross-lousada-1024x683.jpg\" alt=\"\" class=\"wp-image-13997\" srcset=\"https:\/\/www.atelierdocaractere.pt\/wp-content\/uploads\/2025\/10\/75o-ralicross-lousada-1024x683.jpg 1024w, https:\/\/www.atelierdocaractere.pt\/wp-content\/uploads\/2025\/10\/75o-ralicross-lousada-300x200.jpg 300w, https:\/\/www.atelierdocaractere.pt\/wp-content\/uploads\/2025\/10\/75o-ralicross-lousada-768x512.jpg 768w, https:\/\/www.atelierdocaractere.pt\/wp-content\/uploads\/2025\/10\/75o-ralicross-lousada-1536x1024.jpg 1536w, https:\/\/www.atelierdocaractere.pt\/wp-content\/uploads\/2025\/10\/75o-ralicross-lousada-900x600.jpg 900w, https:\/\/www.atelierdocaractere.pt\/wp-content\/uploads\/2025\/10\/75o-ralicross-lousada-675x450.jpg 675w, https:\/\/www.atelierdocaractere.pt\/wp-content\/uploads\/2025\/10\/75o-ralicross-lousada.jpg 1920w\" sizes=\"(max-width: 1024px) 100vw, 1024px\" \/><\/figure>\n\n\n\n<p>Nada melhor do que o espetacular Circuito Internacional de Lousada para terminar uma temporada extremamente competitiva, com v\u00e1rios t\u00edtulos a serem decididos sobre a linha de meta, confirmando-se que o campeonato portugu\u00eas de Ralicross e Kartcross \u00e9 dos melhores da Europa.<\/p>\n\n\n\n<p>A prova organizada pelo Clube Autom\u00f3vel de Lousada (CAL) contou com 83 pilotos e teve algumas novidades do agrado dos milhares de espetadores que se deslocaram ao circuito. N\u00e3o \u00e9 todos os dias que se veem corridas \u00e0 noite, como tamb\u00e9m n\u00e3o \u00e9 habitual ver monstruosos cami\u00f5es de competi\u00e7\u00e3o e os gloriosos 2CV e Dyane do pop cross em pista. Tudo isto aconteceu num fim de semana \u00fanico em Lousada.<\/p>\n\n\n\n<p>As finais foram aut\u00eanticas corridas sprint, com os pilotos a andarem sempre no limite e levarem a decis\u00e3o at\u00e9 \u00e0 \u00faltima curva.<\/p>\n\n\n\n<p>Nos Super Cars, Jos\u00e9 Oliveira (Peugeot 208 WRX) deu espet\u00e1culo em pista e venceu todas as mangas de qualifica\u00e7\u00e3o e a final. O piloto foi claramente superior ao longo do ano e o t\u00edtulo nacional assenta-lhe muito bem.&nbsp;<strong>\u201cEstou feliz por ter conseguido mais um t\u00edtulo nacional. Fiz um bom percurso ao longo da temporada e toda a equipa est\u00e1 de parab\u00e9ns. Foi preciso uma grande log\u00edstica para ter o carro sempre em perfeitas condi\u00e7\u00f5es e competir ao mais alto n\u00edvel. Dentro do nosso amadorismo tent\u00e1mos ser o mais profissionais poss\u00edvel\u201d<\/strong>, afirmou o campe\u00e3o da classe rainha do ralicross.<\/p>\n\n\n\n<p>A final da categoria Super 1600 foi escaldante, com v\u00e1rios toques e o capotamento de Tiago Ferreira (Ford Fiesta), que levou \u00e0 interrup\u00e7\u00e3o da corrida. O recome\u00e7o foi mais calmo e Ant\u00f3nio Sousa J\u00fanior (Peugeot 208) liderou at\u00e9 final.&nbsp;<strong>\u201cSabe muito bem ganhar em casa. H\u00e1 muito tempo que merec\u00edamos isto, temos rapidez para andar na frente\u201d<\/strong>, disse.<\/p>\n\n\n\n<p>Jorge Machado (Peugeot 208) ficou em segundo lugar e \u00e9 o novo campe\u00e3o nacional.&nbsp;<strong>\u00abfoi um fim de semana onde tivemos alguma sorte com tudo o que sucedeu. \u00c9 um pr\u00e9mio justo para aquilo que fizemos durante a \u00e9poca, onde tivemos alguns contratempos. O meu lema \u00e9 acreditar at\u00e9 ao fim e valeu a pena\u201d<\/strong>, afirmou.<\/p>\n\n\n\n<p>A prova do CAL foi igualmente decisiva para conhecer os campe\u00f5es da categoria Nacional 2RM. Havia tr\u00eas candidatos ao t\u00edtulo, mas a desist\u00eancia de Andr\u00e9 Monteiro, durante as qualifica\u00e7\u00f5es, devido a um problema mec\u00e2nico no Peugeot 206, deixou a quest\u00e3o do t\u00edtulo para Andr\u00e9 Marinho (BMW 328i) e Rafaela Barbosa.<\/p>\n\n\n\n<p>A final foi extremamente disputada com v\u00e1rios toques a animar o p\u00fablico. Rafaela Barbosa fez uma corrida sempre ao ataque e recuperou do quarto at\u00e9 ao primeiro lugar, em sete voltas, obtendo uma bela vit\u00f3ria.&nbsp;<strong>\u201c\u00c9 sempre bom ganhar em Lousada, uma pista de que gosto bastante\u201d<\/strong>, disse a piloto do Citro\u00ebn Saxo.<\/p>\n\n\n\n<p>Com o quarto lugar, Andr\u00e9 Marinho garantiu o t\u00edtulo absoluto e na Divis\u00e3o 2.&nbsp;<strong>\u201c\u00c9 uma sensa\u00e7\u00e3o \u00fanica e a concretiza\u00e7\u00e3o de um sonho antigo. O carro tem sido fi\u00e1vel, conseguimos ultrapassar todas as dificuldades e deu para ser campe\u00e3o\u00bb<\/strong>, afirmou. Com o segundo lugar na corrida, Bruno Lima (Citro\u00ebn Saxo) sagrou-se campe\u00e3o nacional da Divis\u00e3o 1, com um ponto de vantagem sobre Rafaela Barbosa.<\/p>\n\n\n\n<p>Entre os Iniciados, Michale Braun (Citro\u00ebn C1) venceu tudo o que havia para ganhar este fim de semana e confirmou o t\u00edtulo nacional.&nbsp;<strong>\u201cEstou muito feliz e quero continuar a ganhar. Espero subir de divis\u00e3o no pr\u00f3ximo ano\u201d<\/strong>, confidenciou o jovem piloto.<\/p>\n\n\n\n<p>No kartcross, os tr\u00eas pilotos que lutavam pelo t\u00edtulo largaram da primeira linha para a corrida decisiva. Foram oito voltas emocionantes, j\u00e1 que a luta pela vit\u00f3ria significava tamb\u00e9m a luta pelo t\u00edtulo. Tudo se decidiu na \u00faltima volta, com o triunfo para Alexandre Borges (LBS SX01) e o t\u00edtulo para Gustavo Henriques (LBS SX01), gra\u00e7as ao ponto conquistado pela volta mais r\u00e1pida.&nbsp;<strong>\u201cEstou muito emocionado. Sabia que tinha de lutar at\u00e9 ao fim para ganhar, mas consegui. Foi uma \u00e9poca dif\u00edcil, houve provas onde tinha um bom andamento, mas na final tinha sempre algum problema e ficava fora da corrida\u201d<\/strong>, explicou o novo campe\u00e3o.&nbsp;&nbsp;<\/p>\n\n\n\n<p>No Trof\u00e9u J\u00fanior de Kartcross, Martin Henriques (LBS SX01) obteve uma vit\u00f3ria f\u00e1cil e conquistou o Trof\u00e9u J\u00fanior, seguindo o exemplo do seu irm\u00e3o Gustavo na categoria principal.<\/p>\n\n\n\n<p>As corridas de suporte foram igualmente espetaculares. Na competi\u00e7\u00e3o destinada aos carros de Pop Cross, S\u00e9rgio Marques (Citro\u00ebn 2CV) foi o vencedor, nos Cami\u00f5es, a vit\u00f3ria foi para Bruno Neto (Mercedes).<\/p>\n\n\n\n<p><strong>Classifica\u00e7\u00e3o final:<\/strong><\/p>\n\n\n\n<p><strong>Super Cars<\/strong><br>1\u00ba Jos\u00e9 Oliveira (Peugeot 208), 7 voltas em 4:46.342; 2\u00ba Daniel Pacheco (Renault Clio), 14.592 s; 3\u00ba C\u00e9sar Pereira (Ford Fiesta), a 17.495 s; 3\u00ba 4\u00ba Manuel Pinto (Citro\u00ebn C2), a 42.002 (1\u00ba Open RX)<\/p>\n\n\n\n<p><strong>Super 1600<\/strong><br>1\u00ba Ant\u00f3nio Sousa (Peugeot208), 7 voltas em 5:07,763; 2\u00ba Jorge Machado (Peugeot 208), a 3.711 s; 3\u00ba S\u00e9rgio Dias (Renault Twingo), a 4.970 s<\/p>\n\n\n\n<p><strong>Nacional 2RM<\/strong><br>1\u00ba Rafaela Barbosa (Citroen Saxo), 7 voltas em 05:25.091 (1\u00ba Divis\u00e3o 1); 2\u00ba Bruno Lima (Citroen Saxo), a 5.165 s; 3\u00ba Manuel Tavares (Peugeot 106), a 5.516 s; 4\u00ba Andr\u00e9 Marinho (BMW 328), a 6.233 s (1\u00ba Divis\u00e3o 2); 5\u00ba M\u00e1rio Barbosa (Citroen Saxo), a 7.030s<\/p>\n\n\n\n<p><strong>Iniciados<\/strong><br>1\u00ba Michael Braun (Citroen C1), 7 voltas em 6:01.120; 2\u00ba Nelson Costa (Fiat Uno), a 14.066 s; 3\u00ba Elisio Lopes (Peugeot 208), a 15.193 s<\/p>\n\n\n\n<p><strong>Kartcross<\/strong><br>1\u00ba Alexandre Borges (LBS RX01), 8 voltas em 5:31.794; 2\u00ba Gustavo Henriques (LBS RX01), a 0.205 s; 3\u00ba Pedro Marques (LBS RX01), a 0.375 s; 4\u00ba F\u00e1bio Machado (ASK XCR), a 7.708 s; 5\u00ba Jo\u00e3o Pinheiro (LBS RX01), a 8.089 s<\/p>\n\n\n\n<p><strong>Trof\u00e9u J\u00fanior Kartcross<\/strong><br>1\u00ba Martin Henriques (LBS SX01), 8 voltas em 6:03.386; 2\u00ba Louren\u00e7o Rocha (Semog Bravo), a 20.140 s; 3\u00ba Afonso Couto (LBS RX01), a 20.506 s; 4\u00ba Eduardo Soares (KinKar), a 27.638 s<\/p>\n\n\n\n<p><strong>Pop Cross<\/strong><br>1\u00ba S\u00e9rgio Marques (Citro\u00ebn 2CV), 7 voltas, em 6:44.440; 2\u00ba Domingos Violante (Citro\u00ebn 2CV), a 4.037 s; 3\u00ba Ramiro Jos\u00e9 (Ciyro\u00ebn Dyane), a 6.075 s; 4\u00ba Nelson Costa (Citro\u00ebn Dyane), a 7.002 s; 5\u00ba Rodrigo Menino (Citro\u00ebn 2CV), a 13.258 s<\/p>\n\n\n\n<p><strong>Cami\u00f5es<\/strong><br>1\u00ba Bruno Neto (Mercedes), 7 voltas em 6:13.752; 2\u00ba Bruno Borges (MAN), a 1.519 s; 3\u00ba Manuel Ferreira (Scania), a 13.428 s; 4\u00baNuno Alves (Volvo), a 19.472 s; 5\u00ba Daniel Reis (Scania), a 32.290 s<\/p>\n","protected":false},"excerpt":{"rendered":"<p>O Campeonato de Portugal de Ralicross e Kartcross terminou de forma espetacular, em Lousada. Foi um fim de semana de&#8230;<\/p>\n","protected":false},"author":7,"featured_media":13997,"comment_status":"closed","ping_status":"open","sticky":false,"template":"","format":"standard","meta":[],"categories":[24],"tags":[954,1012,955,956,957],"yoast_head":"<!-- This site is optimized with the Yoast SEO plugin v20.12 - https:\/\/yoast.com\/wordpress\/plugins\/seo\/ -->\n<title>Fim de semana de adrenalina e campe\u00f5es no 75\u00ba Ralicross de Lousada - Atelier do Caractere<\/title>\n<meta name=\"robots\" content=\"index, follow, max-snippet:-1, max-image-preview:large, max-video-preview:-1\" \/>\n<link rel=\"canonical\" href=\"https:\/\/www.atelierdocaractere.pt\/brevemente\/fim-de-semana-de-adrenalina-e-campeoes-no-75o-ralicross-de-lousada\/\" \/>\n<meta property=\"og:locale\" content=\"pt_PT\" \/>\n<meta property=\"og:type\" content=\"article\" \/>\n<meta property=\"og:title\" content=\"Fim de semana de adrenalina e campe\u00f5es no 75\u00ba Ralicross de Lousada - Atelier do Caractere\" \/>\n<meta property=\"og:description\" content=\"O Campeonato de Portugal de Ralicross e Kartcross terminou de forma espetacular, em Lousada. Foi um fim de semana de...\" \/>\n<meta property=\"og:url\" content=\"https:\/\/www.atelierdocaractere.pt\/brevemente\/fim-de-semana-de-adrenalina-e-campeoes-no-75o-ralicross-de-lousada\/\" \/>\n<meta property=\"og:site_name\" content=\"Atelier do Caractere\" \/>\n<meta property=\"article:publisher\" content=\"https:\/\/www.facebook.com\/AtelierdoCaractere\" \/>\n<meta property=\"article:published_time\" content=\"2025-10-12T10:54:09+00:00\" \/>\n<meta property=\"article:modified_time\" content=\"2025-10-16T10:59:35+00:00\" \/>\n<meta property=\"og:image\" content=\"https:\/\/www.atelierdocaractere.pt\/wp-content\/uploads\/2025\/10\/75o-ralicross-lousada.jpg\" \/>\n\t<meta property=\"og:image:width\" content=\"1920\" \/>\n\t<meta property=\"og:image:height\" content=\"1280\" \/>\n\t<meta property=\"og:image:type\" content=\"image\/jpeg\" \/>\n<meta name=\"author\" content=\"Joana Barbosa\" \/>\n<meta name=\"twitter:card\" content=\"summary_large_image\" \/>\n<meta name=\"twitter:label1\" content=\"Escrito por\" \/>\n\t<meta name=\"twitter:data1\" content=\"Joana Barbosa\" \/>\n\t<meta name=\"twitter:label2\" content=\"Tempo estimado de leitura\" \/>\n\t<meta name=\"twitter:data2\" content=\"7 minutos\" \/>\n<script type=\"application\/ld+json\" class=\"yoast-schema-graph\">{\"@context\":\"https:\/\/schema.org\",\"@graph\":[{\"@type\":\"WebPage\",\"@id\":\"https:\/\/www.atelierdocaractere.pt\/brevemente\/fim-de-semana-de-adrenalina-e-campeoes-no-75o-ralicross-de-lousada\/\",\"url\":\"https:\/\/www.atelierdocaractere.pt\/brevemente\/fim-de-semana-de-adrenalina-e-campeoes-no-75o-ralicross-de-lousada\/\",\"name\":\"Fim de semana de adrenalina e campe\u00f5es no 75\u00ba Ralicross de Lousada - Atelier do Caractere\",\"isPartOf\":{\"@id\":\"https:\/\/www.atelierdocaractere.pt\/brevemente\/#website\"},\"datePublished\":\"2025-10-12T10:54:09+00:00\",\"dateModified\":\"2025-10-16T10:59:35+00:00\",\"author\":{\"@id\":\"https:\/\/www.atelierdocaractere.pt\/brevemente\/#\/schema\/person\/f2f096eb0f27d9894725af22cb97c0db\"},\"breadcrumb\":{\"@id\":\"https:\/\/www.atelierdocaractere.pt\/brevemente\/fim-de-semana-de-adrenalina-e-campeoes-no-75o-ralicross-de-lousada\/#breadcrumb\"},\"inLanguage\":\"pt-PT\",\"potentialAction\":[{\"@type\":\"ReadAction\",\"target\":[\"https:\/\/www.atelierdocaractere.pt\/brevemente\/fim-de-semana-de-adrenalina-e-campeoes-no-75o-ralicross-de-lousada\/\"]}]},{\"@type\":\"BreadcrumbList\",\"@id\":\"https:\/\/www.atelierdocaractere.pt\/brevemente\/fim-de-semana-de-adrenalina-e-campeoes-no-75o-ralicross-de-lousada\/#breadcrumb\",\"itemListElement\":[{\"@type\":\"ListItem\",\"position\":1,\"name\":\"In\u00edcio\",\"item\":\"https:\/\/www.atelierdocaractere.pt\/brevemente\/\"},{\"@type\":\"ListItem\",\"position\":2,\"name\":\"Fim de semana de adrenalina e campe\u00f5es no 75\u00ba Ralicross de Lousada\"}]},{\"@type\":\"WebSite\",\"@id\":\"https:\/\/www.atelierdocaractere.pt\/brevemente\/#website\",\"url\":\"https:\/\/www.atelierdocaractere.pt\/brevemente\/\",\"name\":\"Atelier do Caractere\",\"description\":\"\",\"potentialAction\":[{\"@type\":\"SearchAction\",\"target\":{\"@type\":\"EntryPoint\",\"urlTemplate\":\"https:\/\/www.atelierdocaractere.pt\/brevemente\/?s={search_term_string}\"},\"query-input\":\"required name=search_term_string\"}],\"inLanguage\":\"pt-PT\"},{\"@type\":\"Person\",\"@id\":\"https:\/\/www.atelierdocaractere.pt\/brevemente\/#\/schema\/person\/f2f096eb0f27d9894725af22cb97c0db\",\"name\":\"Joana Barbosa\",\"image\":{\"@type\":\"ImageObject\",\"inLanguage\":\"pt-PT\",\"@id\":\"https:\/\/www.atelierdocaractere.pt\/brevemente\/#\/schema\/person\/image\/\",\"url\":\"https:\/\/secure.gravatar.com\/avatar\/33e8214b45e9d68a3a83008731075979?s=96&d=mm&r=g\",\"contentUrl\":\"https:\/\/secure.gravatar.com\/avatar\/33e8214b45e9d68a3a83008731075979?s=96&d=mm&r=g\",\"caption\":\"Joana Barbosa\"},\"url\":\"https:\/\/www.atelierdocaractere.pt\/brevemente\/author\/joanabarbosa\/\"}]}<\/script>\n<!-- \/ Yoast SEO plugin. -->","yoast_head_json":{"title":"Fim de semana de adrenalina e campe\u00f5es no 75\u00ba Ralicross de Lousada - Atelier do Caractere","robots":{"index":"index","follow":"follow","max-snippet":"max-snippet:-1","max-image-preview":"max-image-preview:large","max-video-preview":"max-video-preview:-1"},"canonical":"https:\/\/www.atelierdocaractere.pt\/brevemente\/fim-de-semana-de-adrenalina-e-campeoes-no-75o-ralicross-de-lousada\/","og_locale":"pt_PT","og_type":"article","og_title":"Fim de semana de adrenalina e campe\u00f5es no 75\u00ba Ralicross de Lousada - Atelier do Caractere","og_description":"O Campeonato de Portugal de Ralicross e Kartcross terminou de forma espetacular, em Lousada. Foi um fim de semana de...","og_url":"https:\/\/www.atelierdocaractere.pt\/brevemente\/fim-de-semana-de-adrenalina-e-campeoes-no-75o-ralicross-de-lousada\/","og_site_name":"Atelier do Caractere","article_publisher":"https:\/\/www.facebook.com\/AtelierdoCaractere","article_published_time":"2025-10-12T10:54:09+00:00","article_modified_time":"2025-10-16T10:59:35+00:00","og_image":[{"width":1920,"height":1280,"url":"https:\/\/www.atelierdocaractere.pt\/wp-content\/uploads\/2025\/10\/75o-ralicross-lousada.jpg","type":"image\/jpeg"}],"author":"Joana Barbosa","twitter_card":"summary_large_image","twitter_misc":{"Escrito por":"Joana Barbosa","Tempo estimado de leitura":"7 minutos"},"schema":{"@context":"https:\/\/schema.org","@graph":[{"@type":"WebPage","@id":"https:\/\/www.atelierdocaractere.pt\/brevemente\/fim-de-semana-de-adrenalina-e-campeoes-no-75o-ralicross-de-lousada\/","url":"https:\/\/www.atelierdocaractere.pt\/brevemente\/fim-de-semana-de-adrenalina-e-campeoes-no-75o-ralicross-de-lousada\/","name":"Fim de semana de adrenalina e campe\u00f5es no 75\u00ba Ralicross de Lousada - Atelier do Caractere","isPartOf":{"@id":"https:\/\/www.atelierdocaractere.pt\/brevemente\/#website"},"datePublished":"2025-10-12T10:54:09+00:00","dateModified":"2025-10-16T10:59:35+00:00","author":{"@id":"https:\/\/www.atelierdocaractere.pt\/brevemente\/#\/schema\/person\/f2f096eb0f27d9894725af22cb97c0db"},"breadcrumb":{"@id":"https:\/\/www.atelierdocaractere.pt\/brevemente\/fim-de-semana-de-adrenalina-e-campeoes-no-75o-ralicross-de-lousada\/#breadcrumb"},"inLanguage":"pt-PT","potentialAction":[{"@type":"ReadAction","target":["https:\/\/www.atelierdocaractere.pt\/brevemente\/fim-de-semana-de-adrenalina-e-campeoes-no-75o-ralicross-de-lousada\/"]}]},{"@type":"BreadcrumbList","@id":"https:\/\/www.atelierdocaractere.pt\/brevemente\/fim-de-semana-de-adrenalina-e-campeoes-no-75o-ralicross-de-lousada\/#breadcrumb","itemListElement":[{"@type":"ListItem","position":1,"name":"In\u00edcio","item":"https:\/\/www.atelierdocaractere.pt\/brevemente\/"},{"@type":"ListItem","position":2,"name":"Fim de semana de adrenalina e campe\u00f5es no 75\u00ba Ralicross de Lousada"}]},{"@type":"WebSite","@id":"https:\/\/www.atelierdocaractere.pt\/brevemente\/#website","url":"https:\/\/www.atelierdocaractere.pt\/brevemente\/","name":"Atelier do Caractere","description":"","potentialAction":[{"@type":"SearchAction","target":{"@type":"EntryPoint","urlTemplate":"https:\/\/www.atelierdocaractere.pt\/brevemente\/?s={search_term_string}"},"query-input":"required name=search_term_string"}],"inLanguage":"pt-PT"},{"@type":"Person","@id":"https:\/\/www.atelierdocaractere.pt\/brevemente\/#\/schema\/person\/f2f096eb0f27d9894725af22cb97c0db","name":"Joana Barbosa","image":{"@type":"ImageObject","inLanguage":"pt-PT","@id":"https:\/\/www.atelierdocaractere.pt\/brevemente\/#\/schema\/person\/image\/","url":"https:\/\/secure.gravatar.com\/avatar\/33e8214b45e9d68a3a83008731075979?s=96&d=mm&r=g","contentUrl":"https:\/\/secure.gravatar.com\/avatar\/33e8214b45e9d68a3a83008731075979?s=96&d=mm&r=g","caption":"Joana Barbosa"},"url":"https:\/\/www.atelierdocaractere.pt\/brevemente\/author\/joanabarbosa\/"}]}},"_links":{"self":[{"href":"https:\/\/www.atelierdocaractere.pt\/brevemente\/wp-json\/wp\/v2\/posts\/13996"}],"collection":[{"href":"https:\/\/www.atelierdocaractere.pt\/brevemente\/wp-json\/wp\/v2\/posts"}],"about":[{"href":"https:\/\/www.atelierdocaractere.pt\/brevemente\/wp-json\/wp\/v2\/types\/post"}],"author":[{"embeddable":true,"href":"https:\/\/www.atelierdocaractere.pt\/brevemente\/wp-json\/wp\/v2\/users\/7"}],"replies":[{"embeddable":true,"href":"https:\/\/www.atelierdocaractere.pt\/brevemente\/wp-json\/wp\/v2\/comments?post=13996"}],"version-history":[{"count":1,"href":"https:\/\/www.atelierdocaractere.pt\/brevemente\/wp-json\/wp\/v2\/posts\/13996\/revisions"}],"predecessor-version":[{"id":13999,"href":"https:\/\/www.atelierdocaractere.pt\/brevemente\/wp-json\/wp\/v2\/posts\/13996\/revisions\/13999"}],"wp:featuredmedia":[{"embeddable":true,"href":"https:\/\/www.atelierdocaractere.pt\/brevemente\/wp-json\/wp\/v2\/media\/13997"}],"wp:attachment":[{"href":"https:\/\/www.atelierdocaractere.pt\/brevemente\/wp-json\/wp\/v2\/media?parent=13996"}],"wp:term":[{"taxonomy":"category","embeddable":true,"href":"https:\/\/www.atelierdocaractere.pt\/brevemente\/wp-json\/wp\/v2\/categories?post=13996"},{"taxonomy":"post_tag","embeddable":true,"href":"https:\/\/www.atelierdocaractere.pt\/brevemente\/wp-json\/wp\/v2\/tags?post=13996"}],"curies":[{"name":"wp","href":"https:\/\/api.w.org\/{rel}","templated":true}]}}