{"id":14000,"date":"2025-10-09T11:28:57","date_gmt":"2025-10-09T11:28:57","guid":{"rendered":"https:\/\/www.atelierdocaractere.pt\/brevemente\/?p=14000"},"modified":"2025-10-16T11:31:21","modified_gmt":"2025-10-16T11:31:21","slug":"continuar-a-aprender-francisco-fontes-e-o-viana-do-castelo-rally","status":"publish","type":"post","link":"https:\/\/www.atelierdocaractere.pt\/brevemente\/continuar-a-aprender-francisco-fontes-e-o-viana-do-castelo-rally\/","title":{"rendered":"\u201cContinuar a aprender\u201d. Francisco Fontes e o Viana do Castelo Rally"},"content":{"rendered":"\n<p><strong>Depois do segundo lugar entre os pilotos concorrentes ao &#8220;FPAK J\u00fanior Team Ralis&#8221;, no Rali da \u00c1gua \u2013 Transib\u00e9rico Eurocidade Chaves-Ver\u00edn, Francisco Fontes regressa ao volante do Lancia Ypsilon HF Racing Rally6, amanh\u00e3 e s\u00e1bado, com a participa\u00e7\u00e3o no<\/strong>&nbsp;<strong>Viana do Castelo Rally. Os objetivos passam por \u201ccontinuar a aprender, ganhar experi\u00eancia e confian\u00e7a\u201d.<\/strong><\/p>\n\n\n\n<figure class=\"wp-block-image size-large\"><img decoding=\"async\" width=\"1024\" height=\"683\" src=\"https:\/\/www.atelierdocaractere.pt\/wp-content\/uploads\/2025\/10\/francisco-fontes2-1024x683.jpg\" alt=\"\" class=\"wp-image-14001\" srcset=\"https:\/\/www.atelierdocaractere.pt\/wp-content\/uploads\/2025\/10\/francisco-fontes2-1024x683.jpg 1024w, https:\/\/www.atelierdocaractere.pt\/wp-content\/uploads\/2025\/10\/francisco-fontes2-300x200.jpg 300w, https:\/\/www.atelierdocaractere.pt\/wp-content\/uploads\/2025\/10\/francisco-fontes2-768x512.jpg 768w, https:\/\/www.atelierdocaractere.pt\/wp-content\/uploads\/2025\/10\/francisco-fontes2-1536x1024.jpg 1536w, https:\/\/www.atelierdocaractere.pt\/wp-content\/uploads\/2025\/10\/francisco-fontes2-900x600.jpg 900w, https:\/\/www.atelierdocaractere.pt\/wp-content\/uploads\/2025\/10\/francisco-fontes2-675x450.jpg 675w, https:\/\/www.atelierdocaractere.pt\/wp-content\/uploads\/2025\/10\/francisco-fontes2.jpg 1920w\" sizes=\"(max-width: 1024px) 100vw, 1024px\" \/><\/figure>\n\n\n\n<p>O Viana do Castelo Rally integra o calend\u00e1rio do Campeonato Norte de Ralis\/2RM.&nbsp;<strong>\u201cUma prova perfeita para fazer quil\u00f3metros e preparar o Rallye Vidreiro Centro de Portugal, que conta para o FPAK J\u00fanior Team Ralis\u201d,&nbsp;<\/strong>explica Francisco Fontes.<\/p>\n\n\n\n<p>O jovem estudante da Faculdade de Engenharia da Universidade do Porto (FEUP) admite:&nbsp;<strong>\u201cQuero continuar a evoluir e ser cada vez mais r\u00e1pido, mas tendo sempre consci\u00eancia que preciso de terminar os ralis para acumular o m\u00e1ximo de experi\u00eancia. Mas o Viana do Castelo Rally tamb\u00e9m vai ser importante para ganhar a confian\u00e7a perdida com os sustos iniciais sofridos no rali anterior\u201d<\/strong>.<\/p>\n\n\n\n<p>O piloto da Sports &amp; You faz tamb\u00e9m quest\u00e3o de&nbsp;<strong>\u201cdar as boas-vindas ao Nuno Rodrigues da Silva, que vai ser o meu navegador nos pr\u00f3ximos dois ralis\u201d.<\/strong>&nbsp;Um dos mais experientes e bem-sucedidos copilotos nacionais e uma figura incontorn\u00e1vel do automobilismo portugu\u00eas.<\/p>\n\n\n\n<p>O Viana do Castelo Rally disputa-se nos dias 10 e 11 de outubro e conta com 57 inscritos. A cidade de Viana do Castelo \u00e9 o centro da prova, que tem nove classificativas em asfalto, num total de 83,2 km, divididas em duas etapas e tr\u00eas sec\u00e7\u00f5es. O rali come\u00e7a na sexta-feira com a realiza\u00e7\u00e3o da City Stage, no centro de Viana do Castelo. No s\u00e1bado, disputa-se a segunda etapa com uma dupla passagem por quatro classificativas.&nbsp;<\/p>\n","protected":false},"excerpt":{"rendered":"<p>Depois do segundo lugar entre os pilotos concorrentes ao &#8220;FPAK J\u00fanior Team Ralis&#8221;, no Rali da \u00c1gua \u2013 Transib\u00e9rico Eurocidade&#8230;<\/p>\n","protected":false},"author":7,"featured_media":14001,"comment_status":"closed","ping_status":"open","sticky":false,"template":"","format":"standard","meta":[],"categories":[24],"tags":[1010,986,217,1014],"yoast_head":"<!-- This site is optimized with the Yoast SEO plugin v20.12 - https:\/\/yoast.com\/wordpress\/plugins\/seo\/ -->\n<title>\u201cContinuar a aprender\u201d. Francisco Fontes e o Viana do Castelo Rally - Atelier do Caractere<\/title>\n<meta name=\"robots\" content=\"index, follow, max-snippet:-1, max-image-preview:large, max-video-preview:-1\" \/>\n<link rel=\"canonical\" href=\"https:\/\/www.atelierdocaractere.pt\/brevemente\/continuar-a-aprender-francisco-fontes-e-o-viana-do-castelo-rally\/\" \/>\n<meta property=\"og:locale\" content=\"pt_PT\" \/>\n<meta property=\"og:type\" content=\"article\" \/>\n<meta property=\"og:title\" content=\"\u201cContinuar a aprender\u201d. Francisco Fontes e o Viana do Castelo Rally - Atelier do Caractere\" \/>\n<meta property=\"og:description\" content=\"Depois do segundo lugar entre os pilotos concorrentes ao &#8220;FPAK J\u00fanior Team Ralis&#8221;, no Rali da \u00c1gua \u2013 Transib\u00e9rico Eurocidade...\" \/>\n<meta property=\"og:url\" content=\"https:\/\/www.atelierdocaractere.pt\/brevemente\/continuar-a-aprender-francisco-fontes-e-o-viana-do-castelo-rally\/\" \/>\n<meta property=\"og:site_name\" content=\"Atelier do Caractere\" \/>\n<meta property=\"article:publisher\" content=\"https:\/\/www.facebook.com\/AtelierdoCaractere\" \/>\n<meta property=\"article:published_time\" content=\"2025-10-09T11:28:57+00:00\" \/>\n<meta property=\"article:modified_time\" content=\"2025-10-16T11:31:21+00:00\" \/>\n<meta property=\"og:image\" content=\"https:\/\/www.atelierdocaractere.pt\/wp-content\/uploads\/2025\/10\/francisco-fontes2.jpg\" \/>\n\t<meta property=\"og:image:width\" content=\"1920\" \/>\n\t<meta property=\"og:image:height\" content=\"1280\" \/>\n\t<meta property=\"og:image:type\" content=\"image\/jpeg\" \/>\n<meta name=\"author\" content=\"Joana Barbosa\" \/>\n<meta name=\"twitter:card\" content=\"summary_large_image\" \/>\n<meta name=\"twitter:label1\" content=\"Escrito por\" \/>\n\t<meta name=\"twitter:data1\" content=\"Joana Barbosa\" \/>\n\t<meta name=\"twitter:label2\" content=\"Tempo estimado de leitura\" \/>\n\t<meta name=\"twitter:data2\" content=\"2 minutos\" \/>\n<script type=\"application\/ld+json\" class=\"yoast-schema-graph\">{\"@context\":\"https:\/\/schema.org\",\"@graph\":[{\"@type\":\"WebPage\",\"@id\":\"https:\/\/www.atelierdocaractere.pt\/brevemente\/continuar-a-aprender-francisco-fontes-e-o-viana-do-castelo-rally\/\",\"url\":\"https:\/\/www.atelierdocaractere.pt\/brevemente\/continuar-a-aprender-francisco-fontes-e-o-viana-do-castelo-rally\/\",\"name\":\"\u201cContinuar a aprender\u201d. Francisco Fontes e o Viana do Castelo Rally - Atelier do Caractere\",\"isPartOf\":{\"@id\":\"https:\/\/www.atelierdocaractere.pt\/brevemente\/#website\"},\"datePublished\":\"2025-10-09T11:28:57+00:00\",\"dateModified\":\"2025-10-16T11:31:21+00:00\",\"author\":{\"@id\":\"https:\/\/www.atelierdocaractere.pt\/brevemente\/#\/schema\/person\/f2f096eb0f27d9894725af22cb97c0db\"},\"breadcrumb\":{\"@id\":\"https:\/\/www.atelierdocaractere.pt\/brevemente\/continuar-a-aprender-francisco-fontes-e-o-viana-do-castelo-rally\/#breadcrumb\"},\"inLanguage\":\"pt-PT\",\"potentialAction\":[{\"@type\":\"ReadAction\",\"target\":[\"https:\/\/www.atelierdocaractere.pt\/brevemente\/continuar-a-aprender-francisco-fontes-e-o-viana-do-castelo-rally\/\"]}]},{\"@type\":\"BreadcrumbList\",\"@id\":\"https:\/\/www.atelierdocaractere.pt\/brevemente\/continuar-a-aprender-francisco-fontes-e-o-viana-do-castelo-rally\/#breadcrumb\",\"itemListElement\":[{\"@type\":\"ListItem\",\"position\":1,\"name\":\"In\u00edcio\",\"item\":\"https:\/\/www.atelierdocaractere.pt\/brevemente\/\"},{\"@type\":\"ListItem\",\"position\":2,\"name\":\"\u201cContinuar a aprender\u201d. Francisco Fontes e o Viana do Castelo Rally\"}]},{\"@type\":\"WebSite\",\"@id\":\"https:\/\/www.atelierdocaractere.pt\/brevemente\/#website\",\"url\":\"https:\/\/www.atelierdocaractere.pt\/brevemente\/\",\"name\":\"Atelier do Caractere\",\"description\":\"\",\"potentialAction\":[{\"@type\":\"SearchAction\",\"target\":{\"@type\":\"EntryPoint\",\"urlTemplate\":\"https:\/\/www.atelierdocaractere.pt\/brevemente\/?s={search_term_string}\"},\"query-input\":\"required name=search_term_string\"}],\"inLanguage\":\"pt-PT\"},{\"@type\":\"Person\",\"@id\":\"https:\/\/www.atelierdocaractere.pt\/brevemente\/#\/schema\/person\/f2f096eb0f27d9894725af22cb97c0db\",\"name\":\"Joana Barbosa\",\"image\":{\"@type\":\"ImageObject\",\"inLanguage\":\"pt-PT\",\"@id\":\"https:\/\/www.atelierdocaractere.pt\/brevemente\/#\/schema\/person\/image\/\",\"url\":\"https:\/\/secure.gravatar.com\/avatar\/33e8214b45e9d68a3a83008731075979?s=96&d=mm&r=g\",\"contentUrl\":\"https:\/\/secure.gravatar.com\/avatar\/33e8214b45e9d68a3a83008731075979?s=96&d=mm&r=g\",\"caption\":\"Joana Barbosa\"},\"url\":\"https:\/\/www.atelierdocaractere.pt\/brevemente\/author\/joanabarbosa\/\"}]}<\/script>\n<!-- \/ Yoast SEO plugin. -->","yoast_head_json":{"title":"\u201cContinuar a aprender\u201d. Francisco Fontes e o Viana do Castelo Rally - Atelier do Caractere","robots":{"index":"index","follow":"follow","max-snippet":"max-snippet:-1","max-image-preview":"max-image-preview:large","max-video-preview":"max-video-preview:-1"},"canonical":"https:\/\/www.atelierdocaractere.pt\/brevemente\/continuar-a-aprender-francisco-fontes-e-o-viana-do-castelo-rally\/","og_locale":"pt_PT","og_type":"article","og_title":"\u201cContinuar a aprender\u201d. Francisco Fontes e o Viana do Castelo Rally - Atelier do Caractere","og_description":"Depois do segundo lugar entre os pilotos concorrentes ao &#8220;FPAK J\u00fanior Team Ralis&#8221;, no Rali da \u00c1gua \u2013 Transib\u00e9rico Eurocidade...","og_url":"https:\/\/www.atelierdocaractere.pt\/brevemente\/continuar-a-aprender-francisco-fontes-e-o-viana-do-castelo-rally\/","og_site_name":"Atelier do Caractere","article_publisher":"https:\/\/www.facebook.com\/AtelierdoCaractere","article_published_time":"2025-10-09T11:28:57+00:00","article_modified_time":"2025-10-16T11:31:21+00:00","og_image":[{"width":1920,"height":1280,"url":"https:\/\/www.atelierdocaractere.pt\/wp-content\/uploads\/2025\/10\/francisco-fontes2.jpg","type":"image\/jpeg"}],"author":"Joana Barbosa","twitter_card":"summary_large_image","twitter_misc":{"Escrito por":"Joana Barbosa","Tempo estimado de leitura":"2 minutos"},"schema":{"@context":"https:\/\/schema.org","@graph":[{"@type":"WebPage","@id":"https:\/\/www.atelierdocaractere.pt\/brevemente\/continuar-a-aprender-francisco-fontes-e-o-viana-do-castelo-rally\/","url":"https:\/\/www.atelierdocaractere.pt\/brevemente\/continuar-a-aprender-francisco-fontes-e-o-viana-do-castelo-rally\/","name":"\u201cContinuar a aprender\u201d. Francisco Fontes e o Viana do Castelo Rally - Atelier do Caractere","isPartOf":{"@id":"https:\/\/www.atelierdocaractere.pt\/brevemente\/#website"},"datePublished":"2025-10-09T11:28:57+00:00","dateModified":"2025-10-16T11:31:21+00:00","author":{"@id":"https:\/\/www.atelierdocaractere.pt\/brevemente\/#\/schema\/person\/f2f096eb0f27d9894725af22cb97c0db"},"breadcrumb":{"@id":"https:\/\/www.atelierdocaractere.pt\/brevemente\/continuar-a-aprender-francisco-fontes-e-o-viana-do-castelo-rally\/#breadcrumb"},"inLanguage":"pt-PT","potentialAction":[{"@type":"ReadAction","target":["https:\/\/www.atelierdocaractere.pt\/brevemente\/continuar-a-aprender-francisco-fontes-e-o-viana-do-castelo-rally\/"]}]},{"@type":"BreadcrumbList","@id":"https:\/\/www.atelierdocaractere.pt\/brevemente\/continuar-a-aprender-francisco-fontes-e-o-viana-do-castelo-rally\/#breadcrumb","itemListElement":[{"@type":"ListItem","position":1,"name":"In\u00edcio","item":"https:\/\/www.atelierdocaractere.pt\/brevemente\/"},{"@type":"ListItem","position":2,"name":"\u201cContinuar a aprender\u201d. Francisco Fontes e o Viana do Castelo Rally"}]},{"@type":"WebSite","@id":"https:\/\/www.atelierdocaractere.pt\/brevemente\/#website","url":"https:\/\/www.atelierdocaractere.pt\/brevemente\/","name":"Atelier do Caractere","description":"","potentialAction":[{"@type":"SearchAction","target":{"@type":"EntryPoint","urlTemplate":"https:\/\/www.atelierdocaractere.pt\/brevemente\/?s={search_term_string}"},"query-input":"required name=search_term_string"}],"inLanguage":"pt-PT"},{"@type":"Person","@id":"https:\/\/www.atelierdocaractere.pt\/brevemente\/#\/schema\/person\/f2f096eb0f27d9894725af22cb97c0db","name":"Joana Barbosa","image":{"@type":"ImageObject","inLanguage":"pt-PT","@id":"https:\/\/www.atelierdocaractere.pt\/brevemente\/#\/schema\/person\/image\/","url":"https:\/\/secure.gravatar.com\/avatar\/33e8214b45e9d68a3a83008731075979?s=96&d=mm&r=g","contentUrl":"https:\/\/secure.gravatar.com\/avatar\/33e8214b45e9d68a3a83008731075979?s=96&d=mm&r=g","caption":"Joana Barbosa"},"url":"https:\/\/www.atelierdocaractere.pt\/brevemente\/author\/joanabarbosa\/"}]}},"_links":{"self":[{"href":"https:\/\/www.atelierdocaractere.pt\/brevemente\/wp-json\/wp\/v2\/posts\/14000"}],"collection":[{"href":"https:\/\/www.atelierdocaractere.pt\/brevemente\/wp-json\/wp\/v2\/posts"}],"about":[{"href":"https:\/\/www.atelierdocaractere.pt\/brevemente\/wp-json\/wp\/v2\/types\/post"}],"author":[{"embeddable":true,"href":"https:\/\/www.atelierdocaractere.pt\/brevemente\/wp-json\/wp\/v2\/users\/7"}],"replies":[{"embeddable":true,"href":"https:\/\/www.atelierdocaractere.pt\/brevemente\/wp-json\/wp\/v2\/comments?post=14000"}],"version-history":[{"count":1,"href":"https:\/\/www.atelierdocaractere.pt\/brevemente\/wp-json\/wp\/v2\/posts\/14000\/revisions"}],"predecessor-version":[{"id":14002,"href":"https:\/\/www.atelierdocaractere.pt\/brevemente\/wp-json\/wp\/v2\/posts\/14000\/revisions\/14002"}],"wp:featuredmedia":[{"embeddable":true,"href":"https:\/\/www.atelierdocaractere.pt\/brevemente\/wp-json\/wp\/v2\/media\/14001"}],"wp:attachment":[{"href":"https:\/\/www.atelierdocaractere.pt\/brevemente\/wp-json\/wp\/v2\/media?parent=14000"}],"wp:term":[{"taxonomy":"category","embeddable":true,"href":"https:\/\/www.atelierdocaractere.pt\/brevemente\/wp-json\/wp\/v2\/categories?post=14000"},{"taxonomy":"post_tag","embeddable":true,"href":"https:\/\/www.atelierdocaractere.pt\/brevemente\/wp-json\/wp\/v2\/tags?post=14000"}],"curies":[{"name":"wp","href":"https:\/\/api.w.org\/{rel}","templated":true}]}}