{"id":14009,"date":"2025-10-20T11:21:08","date_gmt":"2025-10-20T11:21:08","guid":{"rendered":"https:\/\/www.atelierdocaractere.pt\/brevemente\/?p=14009"},"modified":"2025-10-20T11:21:13","modified_gmt":"2025-10-20T11:21:13","slug":"francisco-fontes-conquista-primeira-vitoria-da-carreira","status":"publish","type":"post","link":"https:\/\/www.atelierdocaractere.pt\/brevemente\/francisco-fontes-conquista-primeira-vitoria-da-carreira\/","title":{"rendered":"FRANCISCO FONTES CONQUISTA PRIMEIRA VIT\u00d3RIA DA CARREIRA\u00a0"},"content":{"rendered":"\n<p><strong>Aos 18 anos e com escassos tr\u00eas meses de carta de condu\u00e7\u00e3o, o jovem Francisco Fontes conquistou a primeira vit\u00f3ria da carreira. Ao lado do experiente navegador Nuno Rodrigues da Silva, o piloto do Lancia Ypsilon HF Racing Rally6 foi o primeiro classificado do Rallye Vidreiro\u2013Centro de Portugal, no \u00e2mbito do &#8220;FPAK J\u00fanior Team Ralis&#8221;.<\/strong><\/p>\n\n\n<div class=\"wp-block-image\">\n<figure class=\"aligncenter size-large is-resized\"><img decoding=\"async\" src=\"https:\/\/www.atelierdocaractere.pt\/wp-content\/uploads\/2025\/10\/whatsapp-image-2025-10-20-at-121730-1024x683.jpeg\" alt=\"\" class=\"wp-image-14010\" width=\"702\" height=\"468\" srcset=\"https:\/\/www.atelierdocaractere.pt\/wp-content\/uploads\/2025\/10\/whatsapp-image-2025-10-20-at-121730-1024x683.jpeg 1024w, https:\/\/www.atelierdocaractere.pt\/wp-content\/uploads\/2025\/10\/whatsapp-image-2025-10-20-at-121730-300x200.jpeg 300w, https:\/\/www.atelierdocaractere.pt\/wp-content\/uploads\/2025\/10\/whatsapp-image-2025-10-20-at-121730-768x512.jpeg 768w, https:\/\/www.atelierdocaractere.pt\/wp-content\/uploads\/2025\/10\/whatsapp-image-2025-10-20-at-121730-1536x1024.jpeg 1536w, https:\/\/www.atelierdocaractere.pt\/wp-content\/uploads\/2025\/10\/whatsapp-image-2025-10-20-at-121730-900x600.jpeg 900w, https:\/\/www.atelierdocaractere.pt\/wp-content\/uploads\/2025\/10\/whatsapp-image-2025-10-20-at-121730-675x450.jpeg 675w, https:\/\/www.atelierdocaractere.pt\/wp-content\/uploads\/2025\/10\/whatsapp-image-2025-10-20-at-121730.jpeg 1600w\" sizes=\"(max-width: 702px) 100vw, 702px\" \/><\/figure><\/div>\n\n\n<p>No final da prova disputada nos concelhos de Alcoba\u00e7a, Marinha Grande e Pombal, o jovem caloiro da Faculdade de Engenharia do Porto n\u00e3o escondeu a satisfa\u00e7\u00e3o pelo feito:<\/p>\n\n\n\n<p><strong>&#8220;Estou muito contente! \u00c9 a primeira vit\u00f3ria da minha carreira. Esta prova confirmou a minha evolu\u00e7\u00e3o e que estamos a dar os passos certos neste projeto. Foi um rali em que andei depressa, mas sempre com alguma margem, em fun\u00e7\u00e3o da vantagem que fui consolidando para os advers\u00e1rios mais diretos. Foi um rali dif\u00edcil, em que o risco de furar era grande ou de ser surpreendido pela sujidade dos tro\u00e7os.&#8221;<\/strong><\/p>\n\n\n\n<p>Francisco Fontes confessou que o tempo perdido por um dos seus principais rivais, Pedro C\u00e2mara, no segundo tro\u00e7o, alterou ligeiramente a sua abordagem \u00e0 prova.<strong>&nbsp;&#8220;Tenho pena que o Pedro C\u00e2mara tenha perdido as hip\u00f3teses de lutar pela vit\u00f3ria, pois assim perdi uma refer\u00eancia&#8221;,&nbsp;<\/strong>confessou.&nbsp;<\/p>\n\n\n\n<p>A primeira vit\u00f3ria \u00e9 dedicada a todos os que apoiam o projeto:<strong>&nbsp;&#8220;Estou muito feliz e dedico esta vit\u00f3ria ao meu pai, ao meu av\u00f4 e a toda a minha fam\u00edlia, bem como ao meu padrinho Abel, \u00e0 Sports &amp; You e a todos os que acreditam em mim, nomeadamente os meus patrocinadores. Mas obrigado tamb\u00e9m ao Nuno Rodrigues da Silva, tamb\u00e9m decisivo para a conquista da vit\u00f3ria\u201d.&nbsp;<\/strong><\/p>\n\n\n\n<p>O &#8220;FPAK J\u00fanior Team Ralis&#8221; regressa com o Rally de Lisboa, a disputar nos dias 31 de outubro e 1 de novembro.<\/p>\n","protected":false},"excerpt":{"rendered":"<p>Aos 18 anos e com escassos tr\u00eas meses de carta de condu\u00e7\u00e3o, o jovem Francisco Fontes conquistou a primeira vit\u00f3ria&#8230;<\/p>\n","protected":false},"author":8,"featured_media":14010,"comment_status":"closed","ping_status":"open","sticky":false,"template":"","format":"standard","meta":[],"categories":[24],"tags":[1010,986,988,1016],"yoast_head":"<!-- This site is optimized with the Yoast SEO plugin v20.12 - https:\/\/yoast.com\/wordpress\/plugins\/seo\/ -->\n<title>FRANCISCO FONTES CONQUISTA PRIMEIRA VIT\u00d3RIA DA CARREIRA\u00a0 - Atelier do Caractere<\/title>\n<meta name=\"robots\" content=\"index, follow, max-snippet:-1, max-image-preview:large, max-video-preview:-1\" \/>\n<link rel=\"canonical\" href=\"https:\/\/www.atelierdocaractere.pt\/brevemente\/francisco-fontes-conquista-primeira-vitoria-da-carreira\/\" \/>\n<meta property=\"og:locale\" content=\"pt_PT\" \/>\n<meta property=\"og:type\" content=\"article\" \/>\n<meta property=\"og:title\" content=\"FRANCISCO FONTES CONQUISTA PRIMEIRA VIT\u00d3RIA DA CARREIRA\u00a0 - Atelier do Caractere\" \/>\n<meta property=\"og:description\" content=\"Aos 18 anos e com escassos tr\u00eas meses de carta de condu\u00e7\u00e3o, o jovem Francisco Fontes conquistou a primeira vit\u00f3ria...\" \/>\n<meta property=\"og:url\" content=\"https:\/\/www.atelierdocaractere.pt\/brevemente\/francisco-fontes-conquista-primeira-vitoria-da-carreira\/\" \/>\n<meta property=\"og:site_name\" content=\"Atelier do Caractere\" \/>\n<meta property=\"article:publisher\" content=\"https:\/\/www.facebook.com\/AtelierdoCaractere\" \/>\n<meta property=\"article:published_time\" content=\"2025-10-20T11:21:08+00:00\" \/>\n<meta property=\"article:modified_time\" content=\"2025-10-20T11:21:13+00:00\" \/>\n<meta property=\"og:image\" content=\"https:\/\/www.atelierdocaractere.pt\/wp-content\/uploads\/2025\/10\/whatsapp-image-2025-10-20-at-121730.jpeg\" \/>\n\t<meta property=\"og:image:width\" content=\"1600\" \/>\n\t<meta property=\"og:image:height\" content=\"1067\" \/>\n\t<meta property=\"og:image:type\" content=\"image\/jpeg\" \/>\n<meta name=\"author\" content=\"Andr\u00e9 Lopes\" \/>\n<meta name=\"twitter:card\" content=\"summary_large_image\" \/>\n<meta name=\"twitter:label1\" content=\"Escrito por\" \/>\n\t<meta name=\"twitter:data1\" content=\"Andr\u00e9 Lopes\" \/>\n\t<meta name=\"twitter:label2\" content=\"Tempo estimado de leitura\" \/>\n\t<meta name=\"twitter:data2\" content=\"2 minutos\" \/>\n<script type=\"application\/ld+json\" class=\"yoast-schema-graph\">{\"@context\":\"https:\/\/schema.org\",\"@graph\":[{\"@type\":\"WebPage\",\"@id\":\"https:\/\/www.atelierdocaractere.pt\/brevemente\/francisco-fontes-conquista-primeira-vitoria-da-carreira\/\",\"url\":\"https:\/\/www.atelierdocaractere.pt\/brevemente\/francisco-fontes-conquista-primeira-vitoria-da-carreira\/\",\"name\":\"FRANCISCO FONTES CONQUISTA PRIMEIRA VIT\u00d3RIA DA CARREIRA\u00a0 - Atelier do Caractere\",\"isPartOf\":{\"@id\":\"https:\/\/www.atelierdocaractere.pt\/brevemente\/#website\"},\"datePublished\":\"2025-10-20T11:21:08+00:00\",\"dateModified\":\"2025-10-20T11:21:13+00:00\",\"author\":{\"@id\":\"https:\/\/www.atelierdocaractere.pt\/brevemente\/#\/schema\/person\/434214d094c7f8243eba52cce01c3fbf\"},\"breadcrumb\":{\"@id\":\"https:\/\/www.atelierdocaractere.pt\/brevemente\/francisco-fontes-conquista-primeira-vitoria-da-carreira\/#breadcrumb\"},\"inLanguage\":\"pt-PT\",\"potentialAction\":[{\"@type\":\"ReadAction\",\"target\":[\"https:\/\/www.atelierdocaractere.pt\/brevemente\/francisco-fontes-conquista-primeira-vitoria-da-carreira\/\"]}]},{\"@type\":\"BreadcrumbList\",\"@id\":\"https:\/\/www.atelierdocaractere.pt\/brevemente\/francisco-fontes-conquista-primeira-vitoria-da-carreira\/#breadcrumb\",\"itemListElement\":[{\"@type\":\"ListItem\",\"position\":1,\"name\":\"In\u00edcio\",\"item\":\"https:\/\/www.atelierdocaractere.pt\/brevemente\/\"},{\"@type\":\"ListItem\",\"position\":2,\"name\":\"FRANCISCO FONTES CONQUISTA PRIMEIRA VIT\u00d3RIA DA CARREIRA\u00a0\"}]},{\"@type\":\"WebSite\",\"@id\":\"https:\/\/www.atelierdocaractere.pt\/brevemente\/#website\",\"url\":\"https:\/\/www.atelierdocaractere.pt\/brevemente\/\",\"name\":\"Atelier do Caractere\",\"description\":\"\",\"potentialAction\":[{\"@type\":\"SearchAction\",\"target\":{\"@type\":\"EntryPoint\",\"urlTemplate\":\"https:\/\/www.atelierdocaractere.pt\/brevemente\/?s={search_term_string}\"},\"query-input\":\"required name=search_term_string\"}],\"inLanguage\":\"pt-PT\"},{\"@type\":\"Person\",\"@id\":\"https:\/\/www.atelierdocaractere.pt\/brevemente\/#\/schema\/person\/434214d094c7f8243eba52cce01c3fbf\",\"name\":\"Andr\u00e9 Lopes\",\"image\":{\"@type\":\"ImageObject\",\"inLanguage\":\"pt-PT\",\"@id\":\"https:\/\/www.atelierdocaractere.pt\/brevemente\/#\/schema\/person\/image\/\",\"url\":\"https:\/\/secure.gravatar.com\/avatar\/76af1c514620ffe1937f018fe03efb73?s=96&d=mm&r=g\",\"contentUrl\":\"https:\/\/secure.gravatar.com\/avatar\/76af1c514620ffe1937f018fe03efb73?s=96&d=mm&r=g\",\"caption\":\"Andr\u00e9 Lopes\"},\"url\":\"https:\/\/www.atelierdocaractere.pt\/brevemente\/author\/andre-lopes\/\"}]}<\/script>\n<!-- \/ Yoast SEO plugin. -->","yoast_head_json":{"title":"FRANCISCO FONTES CONQUISTA PRIMEIRA VIT\u00d3RIA DA CARREIRA\u00a0 - Atelier do Caractere","robots":{"index":"index","follow":"follow","max-snippet":"max-snippet:-1","max-image-preview":"max-image-preview:large","max-video-preview":"max-video-preview:-1"},"canonical":"https:\/\/www.atelierdocaractere.pt\/brevemente\/francisco-fontes-conquista-primeira-vitoria-da-carreira\/","og_locale":"pt_PT","og_type":"article","og_title":"FRANCISCO FONTES CONQUISTA PRIMEIRA VIT\u00d3RIA DA CARREIRA\u00a0 - Atelier do Caractere","og_description":"Aos 18 anos e com escassos tr\u00eas meses de carta de condu\u00e7\u00e3o, o jovem Francisco Fontes conquistou a primeira vit\u00f3ria...","og_url":"https:\/\/www.atelierdocaractere.pt\/brevemente\/francisco-fontes-conquista-primeira-vitoria-da-carreira\/","og_site_name":"Atelier do Caractere","article_publisher":"https:\/\/www.facebook.com\/AtelierdoCaractere","article_published_time":"2025-10-20T11:21:08+00:00","article_modified_time":"2025-10-20T11:21:13+00:00","og_image":[{"width":1600,"height":1067,"url":"https:\/\/www.atelierdocaractere.pt\/wp-content\/uploads\/2025\/10\/whatsapp-image-2025-10-20-at-121730.jpeg","type":"image\/jpeg"}],"author":"Andr\u00e9 Lopes","twitter_card":"summary_large_image","twitter_misc":{"Escrito por":"Andr\u00e9 Lopes","Tempo estimado de leitura":"2 minutos"},"schema":{"@context":"https:\/\/schema.org","@graph":[{"@type":"WebPage","@id":"https:\/\/www.atelierdocaractere.pt\/brevemente\/francisco-fontes-conquista-primeira-vitoria-da-carreira\/","url":"https:\/\/www.atelierdocaractere.pt\/brevemente\/francisco-fontes-conquista-primeira-vitoria-da-carreira\/","name":"FRANCISCO FONTES CONQUISTA PRIMEIRA VIT\u00d3RIA DA CARREIRA\u00a0 - Atelier do Caractere","isPartOf":{"@id":"https:\/\/www.atelierdocaractere.pt\/brevemente\/#website"},"datePublished":"2025-10-20T11:21:08+00:00","dateModified":"2025-10-20T11:21:13+00:00","author":{"@id":"https:\/\/www.atelierdocaractere.pt\/brevemente\/#\/schema\/person\/434214d094c7f8243eba52cce01c3fbf"},"breadcrumb":{"@id":"https:\/\/www.atelierdocaractere.pt\/brevemente\/francisco-fontes-conquista-primeira-vitoria-da-carreira\/#breadcrumb"},"inLanguage":"pt-PT","potentialAction":[{"@type":"ReadAction","target":["https:\/\/www.atelierdocaractere.pt\/brevemente\/francisco-fontes-conquista-primeira-vitoria-da-carreira\/"]}]},{"@type":"BreadcrumbList","@id":"https:\/\/www.atelierdocaractere.pt\/brevemente\/francisco-fontes-conquista-primeira-vitoria-da-carreira\/#breadcrumb","itemListElement":[{"@type":"ListItem","position":1,"name":"In\u00edcio","item":"https:\/\/www.atelierdocaractere.pt\/brevemente\/"},{"@type":"ListItem","position":2,"name":"FRANCISCO FONTES CONQUISTA PRIMEIRA VIT\u00d3RIA DA CARREIRA\u00a0"}]},{"@type":"WebSite","@id":"https:\/\/www.atelierdocaractere.pt\/brevemente\/#website","url":"https:\/\/www.atelierdocaractere.pt\/brevemente\/","name":"Atelier do Caractere","description":"","potentialAction":[{"@type":"SearchAction","target":{"@type":"EntryPoint","urlTemplate":"https:\/\/www.atelierdocaractere.pt\/brevemente\/?s={search_term_string}"},"query-input":"required name=search_term_string"}],"inLanguage":"pt-PT"},{"@type":"Person","@id":"https:\/\/www.atelierdocaractere.pt\/brevemente\/#\/schema\/person\/434214d094c7f8243eba52cce01c3fbf","name":"Andr\u00e9 Lopes","image":{"@type":"ImageObject","inLanguage":"pt-PT","@id":"https:\/\/www.atelierdocaractere.pt\/brevemente\/#\/schema\/person\/image\/","url":"https:\/\/secure.gravatar.com\/avatar\/76af1c514620ffe1937f018fe03efb73?s=96&d=mm&r=g","contentUrl":"https:\/\/secure.gravatar.com\/avatar\/76af1c514620ffe1937f018fe03efb73?s=96&d=mm&r=g","caption":"Andr\u00e9 Lopes"},"url":"https:\/\/www.atelierdocaractere.pt\/brevemente\/author\/andre-lopes\/"}]}},"_links":{"self":[{"href":"https:\/\/www.atelierdocaractere.pt\/brevemente\/wp-json\/wp\/v2\/posts\/14009"}],"collection":[{"href":"https:\/\/www.atelierdocaractere.pt\/brevemente\/wp-json\/wp\/v2\/posts"}],"about":[{"href":"https:\/\/www.atelierdocaractere.pt\/brevemente\/wp-json\/wp\/v2\/types\/post"}],"author":[{"embeddable":true,"href":"https:\/\/www.atelierdocaractere.pt\/brevemente\/wp-json\/wp\/v2\/users\/8"}],"replies":[{"embeddable":true,"href":"https:\/\/www.atelierdocaractere.pt\/brevemente\/wp-json\/wp\/v2\/comments?post=14009"}],"version-history":[{"count":1,"href":"https:\/\/www.atelierdocaractere.pt\/brevemente\/wp-json\/wp\/v2\/posts\/14009\/revisions"}],"predecessor-version":[{"id":14011,"href":"https:\/\/www.atelierdocaractere.pt\/brevemente\/wp-json\/wp\/v2\/posts\/14009\/revisions\/14011"}],"wp:featuredmedia":[{"embeddable":true,"href":"https:\/\/www.atelierdocaractere.pt\/brevemente\/wp-json\/wp\/v2\/media\/14010"}],"wp:attachment":[{"href":"https:\/\/www.atelierdocaractere.pt\/brevemente\/wp-json\/wp\/v2\/media?parent=14009"}],"wp:term":[{"taxonomy":"category","embeddable":true,"href":"https:\/\/www.atelierdocaractere.pt\/brevemente\/wp-json\/wp\/v2\/categories?post=14009"},{"taxonomy":"post_tag","embeddable":true,"href":"https:\/\/www.atelierdocaractere.pt\/brevemente\/wp-json\/wp\/v2\/tags?post=14009"}],"curies":[{"name":"wp","href":"https:\/\/api.w.org\/{rel}","templated":true}]}}