{"id":14014,"date":"2025-10-20T11:25:49","date_gmt":"2025-10-20T11:25:49","guid":{"rendered":"https:\/\/www.atelierdocaractere.pt\/brevemente\/?p=14014"},"modified":"2025-10-20T11:25:53","modified_gmt":"2025-10-20T11:25:53","slug":"joao-rodrigues-regressa-as-vitorias-na-mais-emocionante-prova-da-epoca-do-clio-trophy-portugal","status":"publish","type":"post","link":"https:\/\/www.atelierdocaractere.pt\/brevemente\/joao-rodrigues-regressa-as-vitorias-na-mais-emocionante-prova-da-epoca-do-clio-trophy-portugal\/","title":{"rendered":"JO\u00c3O RODRIGUES REGRESSA \u00c0S VIT\u00d3RIAS NA MAIS EMOCIONANTE PROVA DA \u00c9POCA DO CLIO TROPHY PORTUGAL"},"content":{"rendered":"\n<p><strong>A dupla Jo\u00e3o Rodrigues\/Bruno Carvalho conquistou a terceira vit\u00f3ria do ano no Rallye Vidreiro Centro de Portugal, na que foi a mais emocionante prova da temporada. O piloto de Mafra parte para o Rally de Lisboa, palco da derradeira prova do calend\u00e1rio do Clio Trophy Portugal, em posi\u00e7\u00e3o privilegiada para chegar ao t\u00edtulo. As duplas Tiago Pereira\/Fernando Pereira e Lu\u00eds Caetano\/David Monteiro fecharam os derradeiros lugares do p\u00f3dio.<\/strong><\/p>\n\n\n\n<figure class=\"wp-block-image size-large\"><img decoding=\"async\" width=\"1024\" height=\"682\" src=\"https:\/\/www.atelierdocaractere.pt\/wp-content\/uploads\/2025\/10\/whatsapp-image-2025-10-20-at-122147-1024x682.jpeg\" alt=\"\" class=\"wp-image-14015\" srcset=\"https:\/\/www.atelierdocaractere.pt\/wp-content\/uploads\/2025\/10\/whatsapp-image-2025-10-20-at-122147-1024x682.jpeg 1024w, https:\/\/www.atelierdocaractere.pt\/wp-content\/uploads\/2025\/10\/whatsapp-image-2025-10-20-at-122147-300x200.jpeg 300w, https:\/\/www.atelierdocaractere.pt\/wp-content\/uploads\/2025\/10\/whatsapp-image-2025-10-20-at-122147-768x512.jpeg 768w, https:\/\/www.atelierdocaractere.pt\/wp-content\/uploads\/2025\/10\/whatsapp-image-2025-10-20-at-122147-1536x1023.jpeg 1536w, https:\/\/www.atelierdocaractere.pt\/wp-content\/uploads\/2025\/10\/whatsapp-image-2025-10-20-at-122147-900x600.jpeg 900w, https:\/\/www.atelierdocaractere.pt\/wp-content\/uploads\/2025\/10\/whatsapp-image-2025-10-20-at-122147-675x450.jpeg 675w, https:\/\/www.atelierdocaractere.pt\/wp-content\/uploads\/2025\/10\/whatsapp-image-2025-10-20-at-122147.jpeg 1600w\" sizes=\"(max-width: 1024px) 100vw, 1024px\" \/><\/figure>\n\n\n\n<p>A emocionante luta que foi travada pelos tr\u00eas primeiros classificados do Clio Trophy Portugal, na quarta e pen\u00faltima prova do calend\u00e1rio, \u00e9 bem traduzida pela seguinte realidade: em oito das nove classificativas do Rallye Vidreiro Centro de Portugal, escassos 3,4 segundos foi a maior diferen\u00e7a de tempo registada entre o primeiro e o segundo mais r\u00e1pido, sendo que, em dois tro\u00e7os, a diferen\u00e7a chegou mesmo a ser inferior a um segundo.<\/p>\n\n\n\n<p>No final, vit\u00f3ria para a dupla Jo\u00e3o Rodrigues\/Bruno Carvalho. Depois da ingl\u00f3ria desist\u00eancia na prova anterior, os sentimentos do piloto de Mafra alternavam entre a satisfa\u00e7\u00e3o e o al\u00edvio.<\/p>\n\n\n\n<blockquote class=\"wp-block-quote\">\n<p><strong><em>Muito contentes com o resultado, numa prova nada f\u00e1cil, em que o Tiago e o Lu\u00eds estiveram a um n\u00edvel alt\u00edssimo. Depois do azar da \u00faltima prova, o esfor\u00e7o que fizemos para alinhar foi muito grande e n\u00e3o apenas a n\u00edvel financeiro. S\u00f3 conseguimos treinar num dos dias e depois foi sempre a andar muito depressa, mas sem correr riscos, pois n\u00e3o pod\u00edamos comprometer a obten\u00e7\u00e3o de um bom resultado. Estamos felizes, mas tamb\u00e9m muito aliviados, pois a press\u00e3o era grande. Agora, vamos tentar confirmar o t\u00edtulo no Rally de Lisboa.<\/em><\/strong><\/p>\n<\/blockquote>\n\n\n\n<p>Com a melhor atua\u00e7\u00e3o da temporada, a dupla Tiago Pereira\/Fernando Pereira vendeu bem cara a derrota no Rallye Vidreiro Centro de Portugal, j\u00e1 que s\u00f3 na derradeira se\u00e7\u00e3o \u00e9 que verdadeiramente deitou a \u201ctoalha ao ch\u00e3o\u201d na luta pela vit\u00f3ria.<\/p>\n\n\n\n<blockquote class=\"wp-block-quote\">\n<p><strong><em>Andei sempre no limite. A luta com o Jo\u00e3o Rodrigues foi fant\u00e1stica, assim como com o Lu\u00eds Caetano. Parab\u00e9ns ao Jo\u00e3o por ter sido o melhor, mas estou satisfeito com a minha evolu\u00e7\u00e3o. N\u00e3o comecei a \u00e9poca da melhor forma, mas depois foi sempre a evoluir, sobretudo nesta prova.<\/em><\/strong><\/p>\n<\/blockquote>\n\n\n\n<p><strong><em>R<\/em><\/strong>econheceu o piloto. As aspira\u00e7\u00f5es ao t\u00edtulo mant\u00eam-se intactas, mas para isso acontecer, Tiago Pereira precisa de vencer o Rally de Lisboa, ser o piloto com mais triunfos em classificativas e esperar que Jo\u00e3o Rodrigues n\u00e3o termine classificado.<\/p>\n\n\n\n<p>Com a conquista do terceiro lugar, dupla Lu\u00eds Caetano\/David Monteiro conquistou o quarto p\u00f3dio consecutivo da temporada \u2013 em outras tantas provas.<\/p>\n\n\n\n<blockquote class=\"wp-block-quote\">\n<p><strong><em>And\u00e1mos bastante depressa. Na fase inicial do rali ainda conseguimos andar a lutar pela vit\u00f3ria, mas depois os nossos advers\u00e1rios foram mais fortes. Ainda assim o balan\u00e7o \u00e9 positivo, pois fomos (ainda mais) competitivos do que nos ralis anteriores<\/em><\/strong><strong><em>.<\/em><\/strong><\/p>\n<\/blockquote>\n\n\n\n<p>Depois da estreia no p\u00f3dio na prova anterior, o jovem algarvio Carlos Marreiros Jr., acompanhado por Ricardo Barreto, foi o quarto classificado.<\/p>\n\n\n\n<blockquote class=\"wp-block-quote\">\n<p><strong><em>Mais uma prova bastante diferente das do Algarve. Um rali dif\u00edcil, com classificativas muito r\u00e1pidas, mas em que aprendi bastante.<\/em><\/strong><\/p>\n<\/blockquote>\n\n\n\n<p>Em tempo de regresso, depois da sa\u00edda de estrada de que foram v\u00edtimas na segunda prova do calend\u00e1rio, as irm\u00e3s Filipa e Mariana Tintim fecharam o quinteto da frente.<\/p>\n\n\n\n<blockquote class=\"wp-block-quote\">\n<p><strong><em>Mais um rali de aprendizagem, com um ou outro susto, mas em que nos divertimos bastante,&nbsp;<\/em><\/strong>sublinhou a jovem piloto algarvia.<\/p>\n<\/blockquote>\n\n\n\n<p>O Clio Trophy Portugal prossegue com o Rally de Lisboa, a derradeira prova do calend\u00e1rio, nos dias 30 de outubro e 1 de novembro de 2025.<\/p>\n","protected":false},"excerpt":{"rendered":"<p>A dupla Jo\u00e3o Rodrigues\/Bruno Carvalho conquistou a terceira vit\u00f3ria do ano no Rallye Vidreiro Centro de Portugal, na que foi&#8230;<\/p>\n","protected":false},"author":8,"featured_media":14015,"comment_status":"closed","ping_status":"open","sticky":false,"template":"","format":"standard","meta":[],"categories":[24],"tags":[81,751,1017,85,87],"yoast_head":"<!-- This site is optimized with the Yoast SEO plugin v20.12 - https:\/\/yoast.com\/wordpress\/plugins\/seo\/ -->\n<title>JO\u00c3O RODRIGUES REGRESSA \u00c0S VIT\u00d3RIAS NA MAIS EMOCIONANTE PROVA DA \u00c9POCA DO CLIO TROPHY PORTUGAL - Atelier do Caractere<\/title>\n<meta name=\"robots\" content=\"index, follow, max-snippet:-1, max-image-preview:large, max-video-preview:-1\" \/>\n<link rel=\"canonical\" href=\"https:\/\/www.atelierdocaractere.pt\/brevemente\/joao-rodrigues-regressa-as-vitorias-na-mais-emocionante-prova-da-epoca-do-clio-trophy-portugal\/\" \/>\n<meta property=\"og:locale\" content=\"pt_PT\" \/>\n<meta property=\"og:type\" content=\"article\" \/>\n<meta property=\"og:title\" content=\"JO\u00c3O RODRIGUES REGRESSA \u00c0S VIT\u00d3RIAS NA MAIS EMOCIONANTE PROVA DA \u00c9POCA DO CLIO TROPHY PORTUGAL - Atelier do Caractere\" \/>\n<meta property=\"og:description\" content=\"A dupla Jo\u00e3o Rodrigues\/Bruno Carvalho conquistou a terceira vit\u00f3ria do ano no Rallye Vidreiro Centro de Portugal, na que foi...\" \/>\n<meta property=\"og:url\" content=\"https:\/\/www.atelierdocaractere.pt\/brevemente\/joao-rodrigues-regressa-as-vitorias-na-mais-emocionante-prova-da-epoca-do-clio-trophy-portugal\/\" \/>\n<meta property=\"og:site_name\" content=\"Atelier do Caractere\" \/>\n<meta property=\"article:publisher\" content=\"https:\/\/www.facebook.com\/AtelierdoCaractere\" \/>\n<meta property=\"article:published_time\" content=\"2025-10-20T11:25:49+00:00\" \/>\n<meta property=\"article:modified_time\" content=\"2025-10-20T11:25:53+00:00\" \/>\n<meta property=\"og:image\" content=\"https:\/\/www.atelierdocaractere.pt\/wp-content\/uploads\/2025\/10\/whatsapp-image-2025-10-20-at-122147.jpeg\" \/>\n\t<meta property=\"og:image:width\" content=\"1600\" \/>\n\t<meta property=\"og:image:height\" content=\"1066\" \/>\n\t<meta property=\"og:image:type\" content=\"image\/jpeg\" \/>\n<meta name=\"author\" content=\"Andr\u00e9 Lopes\" \/>\n<meta name=\"twitter:card\" content=\"summary_large_image\" \/>\n<meta name=\"twitter:label1\" content=\"Escrito por\" \/>\n\t<meta name=\"twitter:data1\" content=\"Andr\u00e9 Lopes\" \/>\n\t<meta name=\"twitter:label2\" content=\"Tempo estimado de leitura\" \/>\n\t<meta name=\"twitter:data2\" content=\"3 minutos\" \/>\n<script type=\"application\/ld+json\" class=\"yoast-schema-graph\">{\"@context\":\"https:\/\/schema.org\",\"@graph\":[{\"@type\":\"WebPage\",\"@id\":\"https:\/\/www.atelierdocaractere.pt\/brevemente\/joao-rodrigues-regressa-as-vitorias-na-mais-emocionante-prova-da-epoca-do-clio-trophy-portugal\/\",\"url\":\"https:\/\/www.atelierdocaractere.pt\/brevemente\/joao-rodrigues-regressa-as-vitorias-na-mais-emocionante-prova-da-epoca-do-clio-trophy-portugal\/\",\"name\":\"JO\u00c3O RODRIGUES REGRESSA \u00c0S VIT\u00d3RIAS NA MAIS EMOCIONANTE PROVA DA \u00c9POCA DO CLIO TROPHY PORTUGAL - Atelier do Caractere\",\"isPartOf\":{\"@id\":\"https:\/\/www.atelierdocaractere.pt\/brevemente\/#website\"},\"datePublished\":\"2025-10-20T11:25:49+00:00\",\"dateModified\":\"2025-10-20T11:25:53+00:00\",\"author\":{\"@id\":\"https:\/\/www.atelierdocaractere.pt\/brevemente\/#\/schema\/person\/434214d094c7f8243eba52cce01c3fbf\"},\"breadcrumb\":{\"@id\":\"https:\/\/www.atelierdocaractere.pt\/brevemente\/joao-rodrigues-regressa-as-vitorias-na-mais-emocionante-prova-da-epoca-do-clio-trophy-portugal\/#breadcrumb\"},\"inLanguage\":\"pt-PT\",\"potentialAction\":[{\"@type\":\"ReadAction\",\"target\":[\"https:\/\/www.atelierdocaractere.pt\/brevemente\/joao-rodrigues-regressa-as-vitorias-na-mais-emocionante-prova-da-epoca-do-clio-trophy-portugal\/\"]}]},{\"@type\":\"BreadcrumbList\",\"@id\":\"https:\/\/www.atelierdocaractere.pt\/brevemente\/joao-rodrigues-regressa-as-vitorias-na-mais-emocionante-prova-da-epoca-do-clio-trophy-portugal\/#breadcrumb\",\"itemListElement\":[{\"@type\":\"ListItem\",\"position\":1,\"name\":\"In\u00edcio\",\"item\":\"https:\/\/www.atelierdocaractere.pt\/brevemente\/\"},{\"@type\":\"ListItem\",\"position\":2,\"name\":\"JO\u00c3O RODRIGUES REGRESSA \u00c0S VIT\u00d3RIAS NA MAIS EMOCIONANTE PROVA DA \u00c9POCA DO CLIO TROPHY PORTUGAL\"}]},{\"@type\":\"WebSite\",\"@id\":\"https:\/\/www.atelierdocaractere.pt\/brevemente\/#website\",\"url\":\"https:\/\/www.atelierdocaractere.pt\/brevemente\/\",\"name\":\"Atelier do Caractere\",\"description\":\"\",\"potentialAction\":[{\"@type\":\"SearchAction\",\"target\":{\"@type\":\"EntryPoint\",\"urlTemplate\":\"https:\/\/www.atelierdocaractere.pt\/brevemente\/?s={search_term_string}\"},\"query-input\":\"required name=search_term_string\"}],\"inLanguage\":\"pt-PT\"},{\"@type\":\"Person\",\"@id\":\"https:\/\/www.atelierdocaractere.pt\/brevemente\/#\/schema\/person\/434214d094c7f8243eba52cce01c3fbf\",\"name\":\"Andr\u00e9 Lopes\",\"image\":{\"@type\":\"ImageObject\",\"inLanguage\":\"pt-PT\",\"@id\":\"https:\/\/www.atelierdocaractere.pt\/brevemente\/#\/schema\/person\/image\/\",\"url\":\"https:\/\/secure.gravatar.com\/avatar\/76af1c514620ffe1937f018fe03efb73?s=96&d=mm&r=g\",\"contentUrl\":\"https:\/\/secure.gravatar.com\/avatar\/76af1c514620ffe1937f018fe03efb73?s=96&d=mm&r=g\",\"caption\":\"Andr\u00e9 Lopes\"},\"url\":\"https:\/\/www.atelierdocaractere.pt\/brevemente\/author\/andre-lopes\/\"}]}<\/script>\n<!-- \/ Yoast SEO plugin. -->","yoast_head_json":{"title":"JO\u00c3O RODRIGUES REGRESSA \u00c0S VIT\u00d3RIAS NA MAIS EMOCIONANTE PROVA DA \u00c9POCA DO CLIO TROPHY PORTUGAL - Atelier do Caractere","robots":{"index":"index","follow":"follow","max-snippet":"max-snippet:-1","max-image-preview":"max-image-preview:large","max-video-preview":"max-video-preview:-1"},"canonical":"https:\/\/www.atelierdocaractere.pt\/brevemente\/joao-rodrigues-regressa-as-vitorias-na-mais-emocionante-prova-da-epoca-do-clio-trophy-portugal\/","og_locale":"pt_PT","og_type":"article","og_title":"JO\u00c3O RODRIGUES REGRESSA \u00c0S VIT\u00d3RIAS NA MAIS EMOCIONANTE PROVA DA \u00c9POCA DO CLIO TROPHY PORTUGAL - Atelier do Caractere","og_description":"A dupla Jo\u00e3o Rodrigues\/Bruno Carvalho conquistou a terceira vit\u00f3ria do ano no Rallye Vidreiro Centro de Portugal, na que foi...","og_url":"https:\/\/www.atelierdocaractere.pt\/brevemente\/joao-rodrigues-regressa-as-vitorias-na-mais-emocionante-prova-da-epoca-do-clio-trophy-portugal\/","og_site_name":"Atelier do Caractere","article_publisher":"https:\/\/www.facebook.com\/AtelierdoCaractere","article_published_time":"2025-10-20T11:25:49+00:00","article_modified_time":"2025-10-20T11:25:53+00:00","og_image":[{"width":1600,"height":1066,"url":"https:\/\/www.atelierdocaractere.pt\/wp-content\/uploads\/2025\/10\/whatsapp-image-2025-10-20-at-122147.jpeg","type":"image\/jpeg"}],"author":"Andr\u00e9 Lopes","twitter_card":"summary_large_image","twitter_misc":{"Escrito por":"Andr\u00e9 Lopes","Tempo estimado de leitura":"3 minutos"},"schema":{"@context":"https:\/\/schema.org","@graph":[{"@type":"WebPage","@id":"https:\/\/www.atelierdocaractere.pt\/brevemente\/joao-rodrigues-regressa-as-vitorias-na-mais-emocionante-prova-da-epoca-do-clio-trophy-portugal\/","url":"https:\/\/www.atelierdocaractere.pt\/brevemente\/joao-rodrigues-regressa-as-vitorias-na-mais-emocionante-prova-da-epoca-do-clio-trophy-portugal\/","name":"JO\u00c3O RODRIGUES REGRESSA \u00c0S VIT\u00d3RIAS NA MAIS EMOCIONANTE PROVA DA \u00c9POCA DO CLIO TROPHY PORTUGAL - Atelier do Caractere","isPartOf":{"@id":"https:\/\/www.atelierdocaractere.pt\/brevemente\/#website"},"datePublished":"2025-10-20T11:25:49+00:00","dateModified":"2025-10-20T11:25:53+00:00","author":{"@id":"https:\/\/www.atelierdocaractere.pt\/brevemente\/#\/schema\/person\/434214d094c7f8243eba52cce01c3fbf"},"breadcrumb":{"@id":"https:\/\/www.atelierdocaractere.pt\/brevemente\/joao-rodrigues-regressa-as-vitorias-na-mais-emocionante-prova-da-epoca-do-clio-trophy-portugal\/#breadcrumb"},"inLanguage":"pt-PT","potentialAction":[{"@type":"ReadAction","target":["https:\/\/www.atelierdocaractere.pt\/brevemente\/joao-rodrigues-regressa-as-vitorias-na-mais-emocionante-prova-da-epoca-do-clio-trophy-portugal\/"]}]},{"@type":"BreadcrumbList","@id":"https:\/\/www.atelierdocaractere.pt\/brevemente\/joao-rodrigues-regressa-as-vitorias-na-mais-emocionante-prova-da-epoca-do-clio-trophy-portugal\/#breadcrumb","itemListElement":[{"@type":"ListItem","position":1,"name":"In\u00edcio","item":"https:\/\/www.atelierdocaractere.pt\/brevemente\/"},{"@type":"ListItem","position":2,"name":"JO\u00c3O RODRIGUES REGRESSA \u00c0S VIT\u00d3RIAS NA MAIS EMOCIONANTE PROVA DA \u00c9POCA DO CLIO TROPHY PORTUGAL"}]},{"@type":"WebSite","@id":"https:\/\/www.atelierdocaractere.pt\/brevemente\/#website","url":"https:\/\/www.atelierdocaractere.pt\/brevemente\/","name":"Atelier do Caractere","description":"","potentialAction":[{"@type":"SearchAction","target":{"@type":"EntryPoint","urlTemplate":"https:\/\/www.atelierdocaractere.pt\/brevemente\/?s={search_term_string}"},"query-input":"required name=search_term_string"}],"inLanguage":"pt-PT"},{"@type":"Person","@id":"https:\/\/www.atelierdocaractere.pt\/brevemente\/#\/schema\/person\/434214d094c7f8243eba52cce01c3fbf","name":"Andr\u00e9 Lopes","image":{"@type":"ImageObject","inLanguage":"pt-PT","@id":"https:\/\/www.atelierdocaractere.pt\/brevemente\/#\/schema\/person\/image\/","url":"https:\/\/secure.gravatar.com\/avatar\/76af1c514620ffe1937f018fe03efb73?s=96&d=mm&r=g","contentUrl":"https:\/\/secure.gravatar.com\/avatar\/76af1c514620ffe1937f018fe03efb73?s=96&d=mm&r=g","caption":"Andr\u00e9 Lopes"},"url":"https:\/\/www.atelierdocaractere.pt\/brevemente\/author\/andre-lopes\/"}]}},"_links":{"self":[{"href":"https:\/\/www.atelierdocaractere.pt\/brevemente\/wp-json\/wp\/v2\/posts\/14014"}],"collection":[{"href":"https:\/\/www.atelierdocaractere.pt\/brevemente\/wp-json\/wp\/v2\/posts"}],"about":[{"href":"https:\/\/www.atelierdocaractere.pt\/brevemente\/wp-json\/wp\/v2\/types\/post"}],"author":[{"embeddable":true,"href":"https:\/\/www.atelierdocaractere.pt\/brevemente\/wp-json\/wp\/v2\/users\/8"}],"replies":[{"embeddable":true,"href":"https:\/\/www.atelierdocaractere.pt\/brevemente\/wp-json\/wp\/v2\/comments?post=14014"}],"version-history":[{"count":1,"href":"https:\/\/www.atelierdocaractere.pt\/brevemente\/wp-json\/wp\/v2\/posts\/14014\/revisions"}],"predecessor-version":[{"id":14016,"href":"https:\/\/www.atelierdocaractere.pt\/brevemente\/wp-json\/wp\/v2\/posts\/14014\/revisions\/14016"}],"wp:featuredmedia":[{"embeddable":true,"href":"https:\/\/www.atelierdocaractere.pt\/brevemente\/wp-json\/wp\/v2\/media\/14015"}],"wp:attachment":[{"href":"https:\/\/www.atelierdocaractere.pt\/brevemente\/wp-json\/wp\/v2\/media?parent=14014"}],"wp:term":[{"taxonomy":"category","embeddable":true,"href":"https:\/\/www.atelierdocaractere.pt\/brevemente\/wp-json\/wp\/v2\/categories?post=14014"},{"taxonomy":"post_tag","embeddable":true,"href":"https:\/\/www.atelierdocaractere.pt\/brevemente\/wp-json\/wp\/v2\/tags?post=14014"}],"curies":[{"name":"wp","href":"https:\/\/api.w.org\/{rel}","templated":true}]}}