{"id":14020,"date":"2025-10-21T16:06:50","date_gmt":"2025-10-21T16:06:50","guid":{"rendered":"https:\/\/www.atelierdocaractere.pt\/brevemente\/?p=14020"},"modified":"2025-10-21T16:07:31","modified_gmt":"2025-10-21T16:07:31","slug":"riberalves-celebra-40-anos-em-emocionante-gala-de-tributo-a-colaboradores-clientes-e-parceiros","status":"publish","type":"post","link":"https:\/\/www.atelierdocaractere.pt\/brevemente\/riberalves-celebra-40-anos-em-emocionante-gala-de-tributo-a-colaboradores-clientes-e-parceiros\/","title":{"rendered":"Riberalves celebra 40 anos em emocionante gala de tributo a colaboradores, clientes e parceiros"},"content":{"rendered":"\n<p><strong>Evento evocou o percurso de crescimento e inova\u00e7\u00e3o da empresa familiar fundada em Torres Vedras, em 1985, que evoluiu para uma grande fam\u00edlia com mais de 500 colaboradores e presen\u00e7a em mais de 20 pa\u00edses. A gala teve como pontos altos homenagens a colaboradores, clientes e parceiros \u2013 com destaque para o Grupo Bensa\u00fade e para um momento em mem\u00f3ria de Carlos Marques da Costa, o industrial portugu\u00eas que deu a oportunidade a Jo\u00e3o Alves, fundador da Riberalves, de investir naquela que \u00e9 hoje a maior unidade mundial de transforma\u00e7\u00e3o de bacalhau. Foram ainda reconhecidos 22 restaurantes, que se destacam pela parceria de d\u00e9cadas com a Riberalves, e que representam vendas de 180 toneladas de bacalhau por ano. Salvador Malheiro, secret\u00e1rio de Estado das Pescas e do Mar, parabenizou o percurso da Riberalves e destacou o compromisso do Governo para com o setor do Bacalhau<\/strong><\/p>\n\n\n<div class=\"wp-block-image\">\n<figure class=\"aligncenter size-large\"><img decoding=\"async\" width=\"1024\" height=\"682\" src=\"https:\/\/www.atelierdocaractere.pt\/wp-content\/uploads\/2025\/10\/whatsapp-image-2025-10-21-at-165718-1024x682.jpeg\" alt=\"\" class=\"wp-image-14021\" srcset=\"https:\/\/www.atelierdocaractere.pt\/wp-content\/uploads\/2025\/10\/whatsapp-image-2025-10-21-at-165718-1024x682.jpeg 1024w, https:\/\/www.atelierdocaractere.pt\/wp-content\/uploads\/2025\/10\/whatsapp-image-2025-10-21-at-165718-300x200.jpeg 300w, https:\/\/www.atelierdocaractere.pt\/wp-content\/uploads\/2025\/10\/whatsapp-image-2025-10-21-at-165718-768x512.jpeg 768w, https:\/\/www.atelierdocaractere.pt\/wp-content\/uploads\/2025\/10\/whatsapp-image-2025-10-21-at-165718-1536x1023.jpeg 1536w, https:\/\/www.atelierdocaractere.pt\/wp-content\/uploads\/2025\/10\/whatsapp-image-2025-10-21-at-165718-900x600.jpeg 900w, https:\/\/www.atelierdocaractere.pt\/wp-content\/uploads\/2025\/10\/whatsapp-image-2025-10-21-at-165718-675x450.jpeg 675w, https:\/\/www.atelierdocaractere.pt\/wp-content\/uploads\/2025\/10\/whatsapp-image-2025-10-21-at-165718.jpeg 1600w\" sizes=\"(max-width: 1024px) 100vw, 1024px\" \/><\/figure><\/div>\n\n\n<p>A Riberalves, empresa de refer\u00eancia no setor do Bacalhau, assinalou, na \u00faltima quinta-feira, o 40\u00ba anivers\u00e1rio, numa gala de tributo a colaboradores, clientes e parceiros. O evento, que teve lugar no P\u00e1tio da Gal\u00e9, em Lisboa, contou com&nbsp; 250 convidados, entre os quais o secret\u00e1rio de Estado das Pescas e do Mar, Salvador Malheiro, bem como a presidente da C\u00e2mara Municipal de Torres Vedras, Laura Rodrigues. O registo foi de homenagem e gratid\u00e3o, para com todos os que contribu\u00edram para o trajeto de quatro d\u00e9cadas de crescimento e inova\u00e7\u00e3o da empresa.<\/p>\n\n\n\n<p>&nbsp;\u201cConvosco, deixem-me dar uma ideia do ponto a que cheg\u00e1mos: processamos anualmente 100 mil toneladas de peixe vivo &#8211; 10 por cento de todo o bacalhau pescado no mundo! S\u00e3o 22 mil toneladas de produto acabado &#8211; cerca de 73 milh\u00f5es de refei\u00e7\u00f5es de bacalhau por ano! Para Portugal e para todos os continentes. Reinvent\u00e1mos o consumo do \u2018fiel amigo\u2019, democratizando a sua prepara\u00e7\u00e3o para todos os profissionais e para todos os lares. Com isso, o bacalhau chegou \u00e0s fam\u00edlias mais jovens e a novos mercados. A todos, a nossa gratid\u00e3o e o nosso obrigado!\u201d, afirmou Ricardo Alves, CEO da Riberalves, no discurso de abertura da gala, em que n\u00e3o esqueceu ainda um agradecimento especial aos \u201cconsumidores, guardi\u00f5es de uma rela\u00e7\u00e3o de confian\u00e7a que \u00e9 o maior patrim\u00f3nio da marca\u201d.<\/p>\n\n\n\n<p>A homenagem aos \u201cobreiros\u201d dos 40 anos Riberalves prosseguiu, depois, com um raro e emocionante momento protagonizado pelo fundador, Jo\u00e3o Alves. \u201cN\u00e3o sou um homem de discursos, mas creio que posso dizer, com humildade, que sou um homem de mem\u00f3ria. E a mem\u00f3ria leva-me a fazer tr\u00eas refer\u00eancias muito especiais\u201d. A\u00ed, o Chairman da Riberalves, evocou a mem\u00f3ria de Carlos Marques da Costa, o seu \u201csegundo pai\u201d, industrial portugu\u00eas, j\u00e1 falecido, que no ano de 2000 lhe proporcionou \u201ca oportunidade\u201d de compra da seca de bacalhau, na Moita, onde a Riberalves investiu na sua principal unidade produtiva \u2013 hoje a maior f\u00e1brica mundial de transforma\u00e7\u00e3o de bacalhau. \u201cEssa f\u00e1brica mudou a Riberalves e mudou a ind\u00fastria do bacalhau\u201d, afirmou; de seguida, chamou ao palco Joaquim Bensa\u00fade, em representa\u00e7\u00e3o do Grupo Bensa\u00fade, \u201cparceiro de sempre, desde o tempo em que a Riberalves comprava a carga dos seus bacalhoeiros\u201d. Por fim, Jo\u00e3o Alves homenageou V\u00edtor Gavancha, um dos mais antigos colaboradores da casa, ex-Diretor Comercial j\u00e1 reformado, em representa\u00e7\u00e3o de todas as equipas da empresa. \u201cA for\u00e7a da Riberalves est\u00e1 nas suas pessoas. Carrego no cora\u00e7\u00e3o o contributo decisivo de homens e mulheres muito especiais, desde os primeiros dias\u201d, afirmou. \u201cQue saibamos construir, juntos, mais quatro d\u00e9cadas de novas oportunidades e de sucessos partilhados. Parab\u00e9ns \u00e0 nossa empresa! E parab\u00e9ns a todos v\u00f3s!\u201d, terminou depois.<\/p>\n\n\n\n<p><strong>Reconhecimento a 22 restaurantes que valem 180 toneladas de bacalhau por ano<\/strong><\/p>\n\n\n\n<p>O evento evoluiu para um momento de reconhecimento aos mais antigos e relevantes clientes Riberalves do Canal Horeca. Vinte e dois restaurantes cujos representantes subiram a palco, assinalando parcerias de d\u00e9cadas, na valoriza\u00e7\u00e3o da gastronomia associada ao \u201cFiel Amigo\u201d. O Canal Horeca, recorde-se, vale cerca de 30% das vendas da Riberalves. E estes 22 restaurantes, em conjunto, representam vendas anuais de 180 toneladas de bacalhau.&nbsp;<\/p>\n\n\n\n<p><strong>Presen\u00e7as do secret\u00e1rio de Estado das Pescas e do Mar; e da presidente da C\u00e2mara Municipal de Torres Vedras<\/strong><\/p>\n\n\n\n<p>A presidente da C\u00e2mara Municipal de Torres Vedras, Laura Rodrigues, marcou presen\u00e7a, destacando a evolu\u00e7\u00e3o da Riberalves e reconhecendo o impacto da empresa no concelho onde nasceu e est\u00e1 sediada. Salvador Malheiro, secret\u00e1rio de Estado das Pescas e do Mar, parabenizou, igualmente, o percurso da Riberalves, salientando a import\u00e2ncia do setor do bacalhau, enquanto ve\u00edculo de Portugalidade. Salvador Malheiro assinalou, ainda, a preocupa\u00e7\u00e3o do Governo com o contexto de dificuldades que as empresas enfrentam, resultantes sobretudo da guerra na Ucr\u00e2nia e da taxa\u00e7\u00e3o imposta \u00e0 importa\u00e7\u00e3o nacional de bacalhau russo.<\/p>\n\n\n\n<p><strong>Lan\u00e7amento de edi\u00e7\u00e3o especial de novos Lombos 450G<\/strong><\/p>\n\n\n\n<p>Al\u00e9m desta gala realizada no P\u00e1tio da Gal\u00e9, em Lisboa, as celebra\u00e7\u00f5es do 40\u00ba Anivers\u00e1rio da Riberalves t\u00eam vindo a ser marcadas por diversas iniciativas. Em setembro, os 40 anos foram assinalados em evento interno, para todos os colaboradores. E agora, com o Natal \u00e0 porta, \u00e9 lan\u00e7ado um novo produto, uma edi\u00e7\u00e3o limitada de celebra\u00e7\u00e3o do 40\u00ba anivers\u00e1rio: o Lombo de Bacalhau Especial, com 12 meses de cura, que resulta de um corte de bacalhau majestoso \u2013 com mais de 3kg! Cada lombo, com cerca de 450g, oferece uma altura invulgar, permitindo lascas de rara dimens\u00e3o, irresistivelmente suculentas. Esta nova refer\u00eancia Riberalves, in\u00e9dita no mercado, surge como uma proposta de celebra\u00e7\u00e3o e voca\u00e7\u00e3o familiar, que eleva a experi\u00eancia do mais nobre corte do bacalhau. E \u00e9 uma verdadeira homenagem \u00e0 mesa portuguesa e ao tradicional processo de produ\u00e7\u00e3o de bacalhau, emblem\u00e1tico do nosso pa\u00eds \u2013 ao peixe da melhor origem \u00e9 garantido um per\u00edodo de matura\u00e7\u00e3o no sal superior a um ano, assegurando m\u00e1ximo sabor.<\/p>\n\n\n\n<p>\u00c0 entrada do ver\u00e3o, recorde-se, j\u00e1 tinha sido estreada uma campanha de comunica\u00e7\u00e3o com uma nova assinatura associada ao 40\u00ba anivers\u00e1rio, que vem evocar a origem da Riberalves e a evolu\u00e7\u00e3o para a grande fam\u00edlia que \u00e9 hoje: \u201cRiberalves &#8211; H\u00e1 40 anos, da nossa fam\u00edlia para a sua\u201d. Empresa nacional, que evoluiu de um pequeno neg\u00f3cio familiar, para um grupo internacional, com mais de 500 colaboradores, a Riberalves nasceu em Torres Vedras, inspirada no nome dos filhos de Jo\u00e3o e Manuela Alves. Hoje,&nbsp;<strong>Ri<\/strong>cardo e&nbsp;<strong>Ber<\/strong>nardo&nbsp;<strong>Alves<\/strong>&nbsp;assumem eles pr\u00f3prios posi\u00e7\u00f5es chave na gest\u00e3o de um grupo em que o&nbsp;<em>core<\/em>, a ind\u00fastria do \u201cFiel Amigo\u201d, \u00e9 fortemente alavancado pela produ\u00e7\u00e3o do Bacalhau Pronto a Cozinhar, a categoria de produto que a Riberalves desenvolveu de forma pioneira desde o virar do s\u00e9culo.<\/p>\n\n\n\n<p><strong>SOBRE A RIBERALVES&nbsp;<\/strong><\/p>\n\n\n\n<p>A Riberalves \u00e9 uma empresa familiar, 100% nacional, e a refer\u00eancia Mundial na transforma\u00e7\u00e3o de bacalhau. Fundada em 1985, a Riberalves focou a atividade exclusivamente no sector do bacalhau a partir de 1990, com a inaugura\u00e7\u00e3o de uma primeira f\u00e1brica, em Torres Vedras. A partir de 2003, gra\u00e7as ao investimento numa nova unidade industrial, na Moita, hoje a maior f\u00e1brica mundial de transforma\u00e7\u00e3o de bacalhau, a Riberalves estendeu a capacidade produtiva em 60% e tornou-se refer\u00eancia no desenvolvimento de um novo produto, capaz de responder \u00e0s novas tend\u00eancias de consumo: o Bacalhau Pronto a Cozinhar. A Riberalves vende cerca de 22 mil toneladas\/ano e as exporta\u00e7\u00f5es valem cerca de 30% das vendas.<\/p>\n","protected":false},"excerpt":{"rendered":"<p>Evento evocou o percurso de crescimento e inova\u00e7\u00e3o da empresa familiar fundada em Torres Vedras, em 1985, que evoluiu para&#8230;<\/p>\n","protected":false},"author":8,"featured_media":14021,"comment_status":"closed","ping_status":"open","sticky":false,"template":"","format":"standard","meta":[],"categories":[27],"tags":[1018,81,174],"yoast_head":"<!-- This site is optimized with the Yoast SEO plugin v20.12 - https:\/\/yoast.com\/wordpress\/plugins\/seo\/ -->\n<title>Riberalves celebra 40 anos em emocionante gala de tributo a colaboradores, clientes e parceiros - Atelier do Caractere<\/title>\n<meta name=\"robots\" content=\"index, follow, max-snippet:-1, max-image-preview:large, max-video-preview:-1\" \/>\n<link rel=\"canonical\" href=\"https:\/\/www.atelierdocaractere.pt\/brevemente\/riberalves-celebra-40-anos-em-emocionante-gala-de-tributo-a-colaboradores-clientes-e-parceiros\/\" \/>\n<meta property=\"og:locale\" content=\"pt_PT\" \/>\n<meta property=\"og:type\" content=\"article\" \/>\n<meta property=\"og:title\" content=\"Riberalves celebra 40 anos em emocionante gala de tributo a colaboradores, clientes e parceiros - Atelier do Caractere\" \/>\n<meta property=\"og:description\" content=\"Evento evocou o percurso de crescimento e inova\u00e7\u00e3o da empresa familiar fundada em Torres Vedras, em 1985, que evoluiu para...\" \/>\n<meta property=\"og:url\" content=\"https:\/\/www.atelierdocaractere.pt\/brevemente\/riberalves-celebra-40-anos-em-emocionante-gala-de-tributo-a-colaboradores-clientes-e-parceiros\/\" \/>\n<meta property=\"og:site_name\" content=\"Atelier do Caractere\" \/>\n<meta property=\"article:publisher\" content=\"https:\/\/www.facebook.com\/AtelierdoCaractere\" \/>\n<meta property=\"article:published_time\" content=\"2025-10-21T16:06:50+00:00\" \/>\n<meta property=\"article:modified_time\" content=\"2025-10-21T16:07:31+00:00\" \/>\n<meta property=\"og:image\" content=\"https:\/\/www.atelierdocaractere.pt\/wp-content\/uploads\/2025\/10\/whatsapp-image-2025-10-21-at-165718.jpeg\" \/>\n\t<meta property=\"og:image:width\" content=\"1600\" \/>\n\t<meta property=\"og:image:height\" content=\"1066\" \/>\n\t<meta property=\"og:image:type\" content=\"image\/jpeg\" \/>\n<meta name=\"author\" content=\"Andr\u00e9 Lopes\" \/>\n<meta name=\"twitter:card\" content=\"summary_large_image\" \/>\n<meta name=\"twitter:label1\" content=\"Escrito por\" \/>\n\t<meta name=\"twitter:data1\" content=\"Andr\u00e9 Lopes\" \/>\n\t<meta name=\"twitter:label2\" content=\"Tempo estimado de leitura\" \/>\n\t<meta name=\"twitter:data2\" content=\"7 minutos\" \/>\n<script type=\"application\/ld+json\" class=\"yoast-schema-graph\">{\"@context\":\"https:\/\/schema.org\",\"@graph\":[{\"@type\":\"WebPage\",\"@id\":\"https:\/\/www.atelierdocaractere.pt\/brevemente\/riberalves-celebra-40-anos-em-emocionante-gala-de-tributo-a-colaboradores-clientes-e-parceiros\/\",\"url\":\"https:\/\/www.atelierdocaractere.pt\/brevemente\/riberalves-celebra-40-anos-em-emocionante-gala-de-tributo-a-colaboradores-clientes-e-parceiros\/\",\"name\":\"Riberalves celebra 40 anos em emocionante gala de tributo a colaboradores, clientes e parceiros - Atelier do Caractere\",\"isPartOf\":{\"@id\":\"https:\/\/www.atelierdocaractere.pt\/brevemente\/#website\"},\"datePublished\":\"2025-10-21T16:06:50+00:00\",\"dateModified\":\"2025-10-21T16:07:31+00:00\",\"author\":{\"@id\":\"https:\/\/www.atelierdocaractere.pt\/brevemente\/#\/schema\/person\/434214d094c7f8243eba52cce01c3fbf\"},\"breadcrumb\":{\"@id\":\"https:\/\/www.atelierdocaractere.pt\/brevemente\/riberalves-celebra-40-anos-em-emocionante-gala-de-tributo-a-colaboradores-clientes-e-parceiros\/#breadcrumb\"},\"inLanguage\":\"pt-PT\",\"potentialAction\":[{\"@type\":\"ReadAction\",\"target\":[\"https:\/\/www.atelierdocaractere.pt\/brevemente\/riberalves-celebra-40-anos-em-emocionante-gala-de-tributo-a-colaboradores-clientes-e-parceiros\/\"]}]},{\"@type\":\"BreadcrumbList\",\"@id\":\"https:\/\/www.atelierdocaractere.pt\/brevemente\/riberalves-celebra-40-anos-em-emocionante-gala-de-tributo-a-colaboradores-clientes-e-parceiros\/#breadcrumb\",\"itemListElement\":[{\"@type\":\"ListItem\",\"position\":1,\"name\":\"In\u00edcio\",\"item\":\"https:\/\/www.atelierdocaractere.pt\/brevemente\/\"},{\"@type\":\"ListItem\",\"position\":2,\"name\":\"Riberalves celebra 40 anos em emocionante gala de tributo a colaboradores, clientes e parceiros\"}]},{\"@type\":\"WebSite\",\"@id\":\"https:\/\/www.atelierdocaractere.pt\/brevemente\/#website\",\"url\":\"https:\/\/www.atelierdocaractere.pt\/brevemente\/\",\"name\":\"Atelier do Caractere\",\"description\":\"\",\"potentialAction\":[{\"@type\":\"SearchAction\",\"target\":{\"@type\":\"EntryPoint\",\"urlTemplate\":\"https:\/\/www.atelierdocaractere.pt\/brevemente\/?s={search_term_string}\"},\"query-input\":\"required name=search_term_string\"}],\"inLanguage\":\"pt-PT\"},{\"@type\":\"Person\",\"@id\":\"https:\/\/www.atelierdocaractere.pt\/brevemente\/#\/schema\/person\/434214d094c7f8243eba52cce01c3fbf\",\"name\":\"Andr\u00e9 Lopes\",\"image\":{\"@type\":\"ImageObject\",\"inLanguage\":\"pt-PT\",\"@id\":\"https:\/\/www.atelierdocaractere.pt\/brevemente\/#\/schema\/person\/image\/\",\"url\":\"https:\/\/secure.gravatar.com\/avatar\/76af1c514620ffe1937f018fe03efb73?s=96&d=mm&r=g\",\"contentUrl\":\"https:\/\/secure.gravatar.com\/avatar\/76af1c514620ffe1937f018fe03efb73?s=96&d=mm&r=g\",\"caption\":\"Andr\u00e9 Lopes\"},\"url\":\"https:\/\/www.atelierdocaractere.pt\/brevemente\/author\/andre-lopes\/\"}]}<\/script>\n<!-- \/ Yoast SEO plugin. -->","yoast_head_json":{"title":"Riberalves celebra 40 anos em emocionante gala de tributo a colaboradores, clientes e parceiros - Atelier do Caractere","robots":{"index":"index","follow":"follow","max-snippet":"max-snippet:-1","max-image-preview":"max-image-preview:large","max-video-preview":"max-video-preview:-1"},"canonical":"https:\/\/www.atelierdocaractere.pt\/brevemente\/riberalves-celebra-40-anos-em-emocionante-gala-de-tributo-a-colaboradores-clientes-e-parceiros\/","og_locale":"pt_PT","og_type":"article","og_title":"Riberalves celebra 40 anos em emocionante gala de tributo a colaboradores, clientes e parceiros - Atelier do Caractere","og_description":"Evento evocou o percurso de crescimento e inova\u00e7\u00e3o da empresa familiar fundada em Torres Vedras, em 1985, que evoluiu para...","og_url":"https:\/\/www.atelierdocaractere.pt\/brevemente\/riberalves-celebra-40-anos-em-emocionante-gala-de-tributo-a-colaboradores-clientes-e-parceiros\/","og_site_name":"Atelier do Caractere","article_publisher":"https:\/\/www.facebook.com\/AtelierdoCaractere","article_published_time":"2025-10-21T16:06:50+00:00","article_modified_time":"2025-10-21T16:07:31+00:00","og_image":[{"width":1600,"height":1066,"url":"https:\/\/www.atelierdocaractere.pt\/wp-content\/uploads\/2025\/10\/whatsapp-image-2025-10-21-at-165718.jpeg","type":"image\/jpeg"}],"author":"Andr\u00e9 Lopes","twitter_card":"summary_large_image","twitter_misc":{"Escrito por":"Andr\u00e9 Lopes","Tempo estimado de leitura":"7 minutos"},"schema":{"@context":"https:\/\/schema.org","@graph":[{"@type":"WebPage","@id":"https:\/\/www.atelierdocaractere.pt\/brevemente\/riberalves-celebra-40-anos-em-emocionante-gala-de-tributo-a-colaboradores-clientes-e-parceiros\/","url":"https:\/\/www.atelierdocaractere.pt\/brevemente\/riberalves-celebra-40-anos-em-emocionante-gala-de-tributo-a-colaboradores-clientes-e-parceiros\/","name":"Riberalves celebra 40 anos em emocionante gala de tributo a colaboradores, clientes e parceiros - Atelier do Caractere","isPartOf":{"@id":"https:\/\/www.atelierdocaractere.pt\/brevemente\/#website"},"datePublished":"2025-10-21T16:06:50+00:00","dateModified":"2025-10-21T16:07:31+00:00","author":{"@id":"https:\/\/www.atelierdocaractere.pt\/brevemente\/#\/schema\/person\/434214d094c7f8243eba52cce01c3fbf"},"breadcrumb":{"@id":"https:\/\/www.atelierdocaractere.pt\/brevemente\/riberalves-celebra-40-anos-em-emocionante-gala-de-tributo-a-colaboradores-clientes-e-parceiros\/#breadcrumb"},"inLanguage":"pt-PT","potentialAction":[{"@type":"ReadAction","target":["https:\/\/www.atelierdocaractere.pt\/brevemente\/riberalves-celebra-40-anos-em-emocionante-gala-de-tributo-a-colaboradores-clientes-e-parceiros\/"]}]},{"@type":"BreadcrumbList","@id":"https:\/\/www.atelierdocaractere.pt\/brevemente\/riberalves-celebra-40-anos-em-emocionante-gala-de-tributo-a-colaboradores-clientes-e-parceiros\/#breadcrumb","itemListElement":[{"@type":"ListItem","position":1,"name":"In\u00edcio","item":"https:\/\/www.atelierdocaractere.pt\/brevemente\/"},{"@type":"ListItem","position":2,"name":"Riberalves celebra 40 anos em emocionante gala de tributo a colaboradores, clientes e parceiros"}]},{"@type":"WebSite","@id":"https:\/\/www.atelierdocaractere.pt\/brevemente\/#website","url":"https:\/\/www.atelierdocaractere.pt\/brevemente\/","name":"Atelier do Caractere","description":"","potentialAction":[{"@type":"SearchAction","target":{"@type":"EntryPoint","urlTemplate":"https:\/\/www.atelierdocaractere.pt\/brevemente\/?s={search_term_string}"},"query-input":"required name=search_term_string"}],"inLanguage":"pt-PT"},{"@type":"Person","@id":"https:\/\/www.atelierdocaractere.pt\/brevemente\/#\/schema\/person\/434214d094c7f8243eba52cce01c3fbf","name":"Andr\u00e9 Lopes","image":{"@type":"ImageObject","inLanguage":"pt-PT","@id":"https:\/\/www.atelierdocaractere.pt\/brevemente\/#\/schema\/person\/image\/","url":"https:\/\/secure.gravatar.com\/avatar\/76af1c514620ffe1937f018fe03efb73?s=96&d=mm&r=g","contentUrl":"https:\/\/secure.gravatar.com\/avatar\/76af1c514620ffe1937f018fe03efb73?s=96&d=mm&r=g","caption":"Andr\u00e9 Lopes"},"url":"https:\/\/www.atelierdocaractere.pt\/brevemente\/author\/andre-lopes\/"}]}},"_links":{"self":[{"href":"https:\/\/www.atelierdocaractere.pt\/brevemente\/wp-json\/wp\/v2\/posts\/14020"}],"collection":[{"href":"https:\/\/www.atelierdocaractere.pt\/brevemente\/wp-json\/wp\/v2\/posts"}],"about":[{"href":"https:\/\/www.atelierdocaractere.pt\/brevemente\/wp-json\/wp\/v2\/types\/post"}],"author":[{"embeddable":true,"href":"https:\/\/www.atelierdocaractere.pt\/brevemente\/wp-json\/wp\/v2\/users\/8"}],"replies":[{"embeddable":true,"href":"https:\/\/www.atelierdocaractere.pt\/brevemente\/wp-json\/wp\/v2\/comments?post=14020"}],"version-history":[{"count":1,"href":"https:\/\/www.atelierdocaractere.pt\/brevemente\/wp-json\/wp\/v2\/posts\/14020\/revisions"}],"predecessor-version":[{"id":14022,"href":"https:\/\/www.atelierdocaractere.pt\/brevemente\/wp-json\/wp\/v2\/posts\/14020\/revisions\/14022"}],"wp:featuredmedia":[{"embeddable":true,"href":"https:\/\/www.atelierdocaractere.pt\/brevemente\/wp-json\/wp\/v2\/media\/14021"}],"wp:attachment":[{"href":"https:\/\/www.atelierdocaractere.pt\/brevemente\/wp-json\/wp\/v2\/media?parent=14020"}],"wp:term":[{"taxonomy":"category","embeddable":true,"href":"https:\/\/www.atelierdocaractere.pt\/brevemente\/wp-json\/wp\/v2\/categories?post=14020"},{"taxonomy":"post_tag","embeddable":true,"href":"https:\/\/www.atelierdocaractere.pt\/brevemente\/wp-json\/wp\/v2\/tags?post=14020"}],"curies":[{"name":"wp","href":"https:\/\/api.w.org\/{rel}","templated":true}]}}