{"id":14024,"date":"2025-10-21T16:21:04","date_gmt":"2025-10-21T16:21:04","guid":{"rendered":"https:\/\/www.atelierdocaractere.pt\/brevemente\/?p=14024"},"modified":"2025-10-21T16:21:10","modified_gmt":"2025-10-21T16:21:10","slug":"hugo-lopes-encerra-epoca-com-vitoria-na-categoria-r-gt-no-rallye-vidreiro-centro-de-portugal","status":"publish","type":"post","link":"https:\/\/www.atelierdocaractere.pt\/brevemente\/hugo-lopes-encerra-epoca-com-vitoria-na-categoria-r-gt-no-rallye-vidreiro-centro-de-portugal\/","title":{"rendered":"Hugo Lopes encerra \u00e9poca com vit\u00f3ria na categoria R-GT no Rallye Vidreiro-Centro de Portugal"},"content":{"rendered":"\n<p><strong>O piloto Hugo Lopes, navegado por Magda Oliveira, encerrou a sua \u00e9poca desportiva com a participa\u00e7\u00e3o no Rallye Vidreiro-Centro de Portugal, mas aos comandos de um improv\u00e1vel Porsche 991 GT3. A dupla conquistou a vit\u00f3ria na categoria R-GT.<\/strong><\/p>\n\n\n<div class=\"wp-block-image\">\n<figure class=\"aligncenter size-large\"><img decoding=\"async\" width=\"1024\" height=\"683\" src=\"https:\/\/www.atelierdocaractere.pt\/wp-content\/uploads\/2025\/10\/whatsapp-image-2025-10-21-at-171908-1024x683.jpeg\" alt=\"\" class=\"wp-image-14025\" srcset=\"https:\/\/www.atelierdocaractere.pt\/wp-content\/uploads\/2025\/10\/whatsapp-image-2025-10-21-at-171908-1024x683.jpeg 1024w, https:\/\/www.atelierdocaractere.pt\/wp-content\/uploads\/2025\/10\/whatsapp-image-2025-10-21-at-171908-300x200.jpeg 300w, https:\/\/www.atelierdocaractere.pt\/wp-content\/uploads\/2025\/10\/whatsapp-image-2025-10-21-at-171908-768x512.jpeg 768w, https:\/\/www.atelierdocaractere.pt\/wp-content\/uploads\/2025\/10\/whatsapp-image-2025-10-21-at-171908-1536x1024.jpeg 1536w, https:\/\/www.atelierdocaractere.pt\/wp-content\/uploads\/2025\/10\/whatsapp-image-2025-10-21-at-171908-900x600.jpeg 900w, https:\/\/www.atelierdocaractere.pt\/wp-content\/uploads\/2025\/10\/whatsapp-image-2025-10-21-at-171908-675x450.jpeg 675w, https:\/\/www.atelierdocaractere.pt\/wp-content\/uploads\/2025\/10\/whatsapp-image-2025-10-21-at-171908.jpeg 1600w\" sizes=\"(max-width: 1024px) 100vw, 1024px\" \/><\/figure><\/div>\n\n\n<p><strong>&#8220;Divertimo-nos imenso, demos espet\u00e1culo e sentimos o entusiasmo do p\u00fablico. Isso foi o mais importante. Foi uma forma de agradecermos o apoio dos nossos patrocinadores, sem os quais n\u00e3o teria sido poss\u00edvel cumprir o sonho de realizar esta \u00e9poca. Nem sempre fomos felizes, mas tamb\u00e9m foram muitas as vezes em que mostr\u00e1mos o nosso potencial. Por isso, estamos muito confiantes em rela\u00e7\u00e3o ao futuro&#8221;,&nbsp;<\/strong>destacou o piloto.<\/p>\n\n\n\n<p>Apesar da vit\u00f3ria na categoria, o Rallye Vidreiro-Centro de Portugal n\u00e3o foi isento de desafios. Hugo Lopes descreveu a prova&nbsp;<strong>\u201ccomo dif\u00edcil e com classificativas que n\u00e3o favoreceram as carater\u00edsticas do Porsche. O carro tamb\u00e9m revelou problemas que impediram a realiza\u00e7\u00e3o de tempos mais competitivos, mas o mais importante foi o carinho que recebemos do p\u00fablico,&#8221;&nbsp;<\/strong>afirmou o jovem piloto de Viseu.<\/p>\n\n\n\n<p>Hugo Lopes fez tamb\u00e9m quest\u00e3o de felicitar a Hyundai Portugal pelo t\u00edtulo conquistado:&nbsp;<strong>&#8220;Parab\u00e9ns \u00e0 Hyundai Portugal e ao Dani Sordo pela conquista do t\u00edtulo. Que luta! Foi \u00e9pico! E parab\u00e9ns ao Gon\u00e7alo e \u00e0 In\u00eas pela excelente prova que fizeram, a confirmarem que a nossa gera\u00e7\u00e3o \u00e9 o futuro dos ralis. Agora \u00e9 tempo de preparar a pr\u00f3xima \u00e9poca e de reunir as condi\u00e7\u00f5es e os apoios para estarmos presentes, ao mais alto n\u00edvel, no Campeonato de Portugal de Ralis 2026. Estamos muito confiantes\u201d,&nbsp;<\/strong>desabafou.<\/p>\n","protected":false},"excerpt":{"rendered":"<p>O piloto Hugo Lopes, navegado por Magda Oliveira, encerrou a sua \u00e9poca desportiva com a participa\u00e7\u00e3o no Rallye Vidreiro-Centro de&#8230;<\/p>\n","protected":false},"author":8,"featured_media":14025,"comment_status":"closed","ping_status":"open","sticky":false,"template":"","format":"standard","meta":[],"categories":[24],"tags":[81,931,965,1020],"yoast_head":"<!-- This site is optimized with the Yoast SEO plugin v20.12 - https:\/\/yoast.com\/wordpress\/plugins\/seo\/ -->\n<title>Hugo Lopes encerra \u00e9poca com vit\u00f3ria na categoria R-GT no Rallye Vidreiro-Centro de Portugal - Atelier do Caractere<\/title>\n<meta name=\"robots\" content=\"index, follow, max-snippet:-1, max-image-preview:large, max-video-preview:-1\" \/>\n<link rel=\"canonical\" href=\"https:\/\/www.atelierdocaractere.pt\/brevemente\/hugo-lopes-encerra-epoca-com-vitoria-na-categoria-r-gt-no-rallye-vidreiro-centro-de-portugal\/\" \/>\n<meta property=\"og:locale\" content=\"pt_PT\" \/>\n<meta property=\"og:type\" content=\"article\" \/>\n<meta property=\"og:title\" content=\"Hugo Lopes encerra \u00e9poca com vit\u00f3ria na categoria R-GT no Rallye Vidreiro-Centro de Portugal - Atelier do Caractere\" \/>\n<meta property=\"og:description\" content=\"O piloto Hugo Lopes, navegado por Magda Oliveira, encerrou a sua \u00e9poca desportiva com a participa\u00e7\u00e3o no Rallye Vidreiro-Centro de...\" \/>\n<meta property=\"og:url\" content=\"https:\/\/www.atelierdocaractere.pt\/brevemente\/hugo-lopes-encerra-epoca-com-vitoria-na-categoria-r-gt-no-rallye-vidreiro-centro-de-portugal\/\" \/>\n<meta property=\"og:site_name\" content=\"Atelier do Caractere\" \/>\n<meta property=\"article:publisher\" content=\"https:\/\/www.facebook.com\/AtelierdoCaractere\" \/>\n<meta property=\"article:published_time\" content=\"2025-10-21T16:21:04+00:00\" \/>\n<meta property=\"article:modified_time\" content=\"2025-10-21T16:21:10+00:00\" \/>\n<meta property=\"og:image\" content=\"https:\/\/www.atelierdocaractere.pt\/wp-content\/uploads\/2025\/10\/whatsapp-image-2025-10-21-at-171908.jpeg\" \/>\n\t<meta property=\"og:image:width\" content=\"1600\" \/>\n\t<meta property=\"og:image:height\" content=\"1067\" \/>\n\t<meta property=\"og:image:type\" content=\"image\/jpeg\" \/>\n<meta name=\"author\" content=\"Andr\u00e9 Lopes\" \/>\n<meta name=\"twitter:card\" content=\"summary_large_image\" \/>\n<meta name=\"twitter:label1\" content=\"Escrito por\" \/>\n\t<meta name=\"twitter:data1\" content=\"Andr\u00e9 Lopes\" \/>\n\t<meta name=\"twitter:label2\" content=\"Tempo estimado de leitura\" \/>\n\t<meta name=\"twitter:data2\" content=\"2 minutos\" \/>\n<script type=\"application\/ld+json\" class=\"yoast-schema-graph\">{\"@context\":\"https:\/\/schema.org\",\"@graph\":[{\"@type\":\"WebPage\",\"@id\":\"https:\/\/www.atelierdocaractere.pt\/brevemente\/hugo-lopes-encerra-epoca-com-vitoria-na-categoria-r-gt-no-rallye-vidreiro-centro-de-portugal\/\",\"url\":\"https:\/\/www.atelierdocaractere.pt\/brevemente\/hugo-lopes-encerra-epoca-com-vitoria-na-categoria-r-gt-no-rallye-vidreiro-centro-de-portugal\/\",\"name\":\"Hugo Lopes encerra \u00e9poca com vit\u00f3ria na categoria R-GT no Rallye Vidreiro-Centro de Portugal - Atelier do Caractere\",\"isPartOf\":{\"@id\":\"https:\/\/www.atelierdocaractere.pt\/brevemente\/#website\"},\"datePublished\":\"2025-10-21T16:21:04+00:00\",\"dateModified\":\"2025-10-21T16:21:10+00:00\",\"author\":{\"@id\":\"https:\/\/www.atelierdocaractere.pt\/brevemente\/#\/schema\/person\/434214d094c7f8243eba52cce01c3fbf\"},\"breadcrumb\":{\"@id\":\"https:\/\/www.atelierdocaractere.pt\/brevemente\/hugo-lopes-encerra-epoca-com-vitoria-na-categoria-r-gt-no-rallye-vidreiro-centro-de-portugal\/#breadcrumb\"},\"inLanguage\":\"pt-PT\",\"potentialAction\":[{\"@type\":\"ReadAction\",\"target\":[\"https:\/\/www.atelierdocaractere.pt\/brevemente\/hugo-lopes-encerra-epoca-com-vitoria-na-categoria-r-gt-no-rallye-vidreiro-centro-de-portugal\/\"]}]},{\"@type\":\"BreadcrumbList\",\"@id\":\"https:\/\/www.atelierdocaractere.pt\/brevemente\/hugo-lopes-encerra-epoca-com-vitoria-na-categoria-r-gt-no-rallye-vidreiro-centro-de-portugal\/#breadcrumb\",\"itemListElement\":[{\"@type\":\"ListItem\",\"position\":1,\"name\":\"In\u00edcio\",\"item\":\"https:\/\/www.atelierdocaractere.pt\/brevemente\/\"},{\"@type\":\"ListItem\",\"position\":2,\"name\":\"Hugo Lopes encerra \u00e9poca com vit\u00f3ria na categoria R-GT no Rallye Vidreiro-Centro de Portugal\"}]},{\"@type\":\"WebSite\",\"@id\":\"https:\/\/www.atelierdocaractere.pt\/brevemente\/#website\",\"url\":\"https:\/\/www.atelierdocaractere.pt\/brevemente\/\",\"name\":\"Atelier do Caractere\",\"description\":\"\",\"potentialAction\":[{\"@type\":\"SearchAction\",\"target\":{\"@type\":\"EntryPoint\",\"urlTemplate\":\"https:\/\/www.atelierdocaractere.pt\/brevemente\/?s={search_term_string}\"},\"query-input\":\"required name=search_term_string\"}],\"inLanguage\":\"pt-PT\"},{\"@type\":\"Person\",\"@id\":\"https:\/\/www.atelierdocaractere.pt\/brevemente\/#\/schema\/person\/434214d094c7f8243eba52cce01c3fbf\",\"name\":\"Andr\u00e9 Lopes\",\"image\":{\"@type\":\"ImageObject\",\"inLanguage\":\"pt-PT\",\"@id\":\"https:\/\/www.atelierdocaractere.pt\/brevemente\/#\/schema\/person\/image\/\",\"url\":\"https:\/\/secure.gravatar.com\/avatar\/76af1c514620ffe1937f018fe03efb73?s=96&d=mm&r=g\",\"contentUrl\":\"https:\/\/secure.gravatar.com\/avatar\/76af1c514620ffe1937f018fe03efb73?s=96&d=mm&r=g\",\"caption\":\"Andr\u00e9 Lopes\"},\"url\":\"https:\/\/www.atelierdocaractere.pt\/brevemente\/author\/andre-lopes\/\"}]}<\/script>\n<!-- \/ Yoast SEO plugin. -->","yoast_head_json":{"title":"Hugo Lopes encerra \u00e9poca com vit\u00f3ria na categoria R-GT no Rallye Vidreiro-Centro de Portugal - Atelier do Caractere","robots":{"index":"index","follow":"follow","max-snippet":"max-snippet:-1","max-image-preview":"max-image-preview:large","max-video-preview":"max-video-preview:-1"},"canonical":"https:\/\/www.atelierdocaractere.pt\/brevemente\/hugo-lopes-encerra-epoca-com-vitoria-na-categoria-r-gt-no-rallye-vidreiro-centro-de-portugal\/","og_locale":"pt_PT","og_type":"article","og_title":"Hugo Lopes encerra \u00e9poca com vit\u00f3ria na categoria R-GT no Rallye Vidreiro-Centro de Portugal - Atelier do Caractere","og_description":"O piloto Hugo Lopes, navegado por Magda Oliveira, encerrou a sua \u00e9poca desportiva com a participa\u00e7\u00e3o no Rallye Vidreiro-Centro de...","og_url":"https:\/\/www.atelierdocaractere.pt\/brevemente\/hugo-lopes-encerra-epoca-com-vitoria-na-categoria-r-gt-no-rallye-vidreiro-centro-de-portugal\/","og_site_name":"Atelier do Caractere","article_publisher":"https:\/\/www.facebook.com\/AtelierdoCaractere","article_published_time":"2025-10-21T16:21:04+00:00","article_modified_time":"2025-10-21T16:21:10+00:00","og_image":[{"width":1600,"height":1067,"url":"https:\/\/www.atelierdocaractere.pt\/wp-content\/uploads\/2025\/10\/whatsapp-image-2025-10-21-at-171908.jpeg","type":"image\/jpeg"}],"author":"Andr\u00e9 Lopes","twitter_card":"summary_large_image","twitter_misc":{"Escrito por":"Andr\u00e9 Lopes","Tempo estimado de leitura":"2 minutos"},"schema":{"@context":"https:\/\/schema.org","@graph":[{"@type":"WebPage","@id":"https:\/\/www.atelierdocaractere.pt\/brevemente\/hugo-lopes-encerra-epoca-com-vitoria-na-categoria-r-gt-no-rallye-vidreiro-centro-de-portugal\/","url":"https:\/\/www.atelierdocaractere.pt\/brevemente\/hugo-lopes-encerra-epoca-com-vitoria-na-categoria-r-gt-no-rallye-vidreiro-centro-de-portugal\/","name":"Hugo Lopes encerra \u00e9poca com vit\u00f3ria na categoria R-GT no Rallye Vidreiro-Centro de Portugal - Atelier do Caractere","isPartOf":{"@id":"https:\/\/www.atelierdocaractere.pt\/brevemente\/#website"},"datePublished":"2025-10-21T16:21:04+00:00","dateModified":"2025-10-21T16:21:10+00:00","author":{"@id":"https:\/\/www.atelierdocaractere.pt\/brevemente\/#\/schema\/person\/434214d094c7f8243eba52cce01c3fbf"},"breadcrumb":{"@id":"https:\/\/www.atelierdocaractere.pt\/brevemente\/hugo-lopes-encerra-epoca-com-vitoria-na-categoria-r-gt-no-rallye-vidreiro-centro-de-portugal\/#breadcrumb"},"inLanguage":"pt-PT","potentialAction":[{"@type":"ReadAction","target":["https:\/\/www.atelierdocaractere.pt\/brevemente\/hugo-lopes-encerra-epoca-com-vitoria-na-categoria-r-gt-no-rallye-vidreiro-centro-de-portugal\/"]}]},{"@type":"BreadcrumbList","@id":"https:\/\/www.atelierdocaractere.pt\/brevemente\/hugo-lopes-encerra-epoca-com-vitoria-na-categoria-r-gt-no-rallye-vidreiro-centro-de-portugal\/#breadcrumb","itemListElement":[{"@type":"ListItem","position":1,"name":"In\u00edcio","item":"https:\/\/www.atelierdocaractere.pt\/brevemente\/"},{"@type":"ListItem","position":2,"name":"Hugo Lopes encerra \u00e9poca com vit\u00f3ria na categoria R-GT no Rallye Vidreiro-Centro de Portugal"}]},{"@type":"WebSite","@id":"https:\/\/www.atelierdocaractere.pt\/brevemente\/#website","url":"https:\/\/www.atelierdocaractere.pt\/brevemente\/","name":"Atelier do Caractere","description":"","potentialAction":[{"@type":"SearchAction","target":{"@type":"EntryPoint","urlTemplate":"https:\/\/www.atelierdocaractere.pt\/brevemente\/?s={search_term_string}"},"query-input":"required name=search_term_string"}],"inLanguage":"pt-PT"},{"@type":"Person","@id":"https:\/\/www.atelierdocaractere.pt\/brevemente\/#\/schema\/person\/434214d094c7f8243eba52cce01c3fbf","name":"Andr\u00e9 Lopes","image":{"@type":"ImageObject","inLanguage":"pt-PT","@id":"https:\/\/www.atelierdocaractere.pt\/brevemente\/#\/schema\/person\/image\/","url":"https:\/\/secure.gravatar.com\/avatar\/76af1c514620ffe1937f018fe03efb73?s=96&d=mm&r=g","contentUrl":"https:\/\/secure.gravatar.com\/avatar\/76af1c514620ffe1937f018fe03efb73?s=96&d=mm&r=g","caption":"Andr\u00e9 Lopes"},"url":"https:\/\/www.atelierdocaractere.pt\/brevemente\/author\/andre-lopes\/"}]}},"_links":{"self":[{"href":"https:\/\/www.atelierdocaractere.pt\/brevemente\/wp-json\/wp\/v2\/posts\/14024"}],"collection":[{"href":"https:\/\/www.atelierdocaractere.pt\/brevemente\/wp-json\/wp\/v2\/posts"}],"about":[{"href":"https:\/\/www.atelierdocaractere.pt\/brevemente\/wp-json\/wp\/v2\/types\/post"}],"author":[{"embeddable":true,"href":"https:\/\/www.atelierdocaractere.pt\/brevemente\/wp-json\/wp\/v2\/users\/8"}],"replies":[{"embeddable":true,"href":"https:\/\/www.atelierdocaractere.pt\/brevemente\/wp-json\/wp\/v2\/comments?post=14024"}],"version-history":[{"count":1,"href":"https:\/\/www.atelierdocaractere.pt\/brevemente\/wp-json\/wp\/v2\/posts\/14024\/revisions"}],"predecessor-version":[{"id":14026,"href":"https:\/\/www.atelierdocaractere.pt\/brevemente\/wp-json\/wp\/v2\/posts\/14024\/revisions\/14026"}],"wp:featuredmedia":[{"embeddable":true,"href":"https:\/\/www.atelierdocaractere.pt\/brevemente\/wp-json\/wp\/v2\/media\/14025"}],"wp:attachment":[{"href":"https:\/\/www.atelierdocaractere.pt\/brevemente\/wp-json\/wp\/v2\/media?parent=14024"}],"wp:term":[{"taxonomy":"category","embeddable":true,"href":"https:\/\/www.atelierdocaractere.pt\/brevemente\/wp-json\/wp\/v2\/categories?post=14024"},{"taxonomy":"post_tag","embeddable":true,"href":"https:\/\/www.atelierdocaractere.pt\/brevemente\/wp-json\/wp\/v2\/tags?post=14024"}],"curies":[{"name":"wp","href":"https:\/\/api.w.org\/{rel}","templated":true}]}}