{"id":14027,"date":"2025-10-22T13:23:26","date_gmt":"2025-10-22T13:23:26","guid":{"rendered":"https:\/\/www.atelierdocaractere.pt\/brevemente\/?p=14027"},"modified":"2025-10-22T13:23:30","modified_gmt":"2025-10-22T13:23:30","slug":"partimos-determinados-em-vencer-a-categoria-t1","status":"publish","type":"post","link":"https:\/\/www.atelierdocaractere.pt\/brevemente\/partimos-determinados-em-vencer-a-categoria-t1\/","title":{"rendered":"\u201cPartimos determinados em vencer a Categoria T1\u201d"},"content":{"rendered":"\n<p><strong>Entre amanh\u00e3 (quinta-feira) e s\u00e1bado, a equipa Edgar Condenso e Nuno Silva vai participar na 39\u00aa bp Ultimate Baja Portalegre 500 com o habitual Ford Ranger, mas equipado com um motor novo. O objetivo \u00e9 claro: vencer a categoria T1!&nbsp;<\/strong><\/p>\n\n\n\n<figure class=\"wp-block-image size-large\"><img decoding=\"async\" width=\"1024\" height=\"683\" src=\"https:\/\/www.atelierdocaractere.pt\/wp-content\/uploads\/2025\/10\/baja-portalegre-1-1024x683.jpg\" alt=\"\" class=\"wp-image-14028\" srcset=\"https:\/\/www.atelierdocaractere.pt\/wp-content\/uploads\/2025\/10\/baja-portalegre-1-1024x683.jpg 1024w, https:\/\/www.atelierdocaractere.pt\/wp-content\/uploads\/2025\/10\/baja-portalegre-1-300x200.jpg 300w, https:\/\/www.atelierdocaractere.pt\/wp-content\/uploads\/2025\/10\/baja-portalegre-1-768x512.jpg 768w, https:\/\/www.atelierdocaractere.pt\/wp-content\/uploads\/2025\/10\/baja-portalegre-1-900x600.jpg 900w, https:\/\/www.atelierdocaractere.pt\/wp-content\/uploads\/2025\/10\/baja-portalegre-1-675x450.jpg 675w, https:\/\/www.atelierdocaractere.pt\/wp-content\/uploads\/2025\/10\/baja-portalegre-1.jpg 1500w\" sizes=\"(max-width: 1024px) 100vw, 1024px\" \/><\/figure>\n\n\n\n<p>O Team Consilcar vai ter uma presen\u00e7a marcante na prova mais antiga e emblem\u00e1tica do todo-o-terreno nacional, ao participar na categoria Ultimate (T1), Challenger (T3) e motos.&nbsp;<\/p>\n\n\n\n<p>A equipa de Belas encara com otimismo a participa\u00e7\u00e3o na grande cl\u00e1ssica do todo-o-terreno nacional. Um motor novo foi montado no Ford Ranger da dupla Edgar Condenso\/Nuno Silva e os objetivos s\u00e3o ambiciosos:&nbsp;<strong>\u201cPartimos determinados em vencer a Categoria T1\u201d,&nbsp;<\/strong>admite o piloto.<strong>&nbsp;\u201cEst\u00e1 na hora de vingar os azares anteriores, que nos impediram de reconquistar o t\u00edtulo. Estamos preparados para a aventura. O percurso tem partes r\u00e1pidas e outras sinuosas e, como \u00e9 habitual, espera-se chuva, o que torna a prova ainda mais aliciante. Vai ser uma baja com todos os ingredientes e, para n\u00f3s, com a vantagem de irmos participar sem a press\u00e3o dos pontos\u201d.<\/strong><\/p>\n\n\n\n<p>O navegador Nuno Silva partilha a mesma satisfa\u00e7\u00e3o de participar na Baja Portalegre 500:&nbsp;<strong>\u201c\u00c9 uma prova de que gosto bastante e onde temos conseguido bons resultados. J\u00e1 ganh\u00e1mos em T2 e ficamos em quarto lugar na categoria T1\u201d,<\/strong>&nbsp;lembrou. Sem a preocupa\u00e7\u00e3o de pontuar, o Team Consilcar pode for\u00e7ar o andamento naquela que \u00e9 a prova mais importante do calend\u00e1rio nacional:&nbsp;<strong>\u201cN\u00e3o temos hip\u00f3tese de lutar pelo t\u00edtulo, por isso, estamos libertos para andar mais r\u00e1pido. O carro tem um motor novo e vamos lutar para vencer a categoria T1 e obter uma boa classifica\u00e7\u00e3o \u00e0 geral\u201d,<\/strong>&nbsp;referiu.<\/p>\n\n\n\n<p>David Carreira vai alinhar com o Canam Maverick da categoria T3 e tem um novo navegador, R\u00faben Pedroso.&nbsp;<strong>\u201cEspero que, desta vez, as coisas corram bem e que n\u00e3o tenha problemas mec\u00e2nicos ou furos. Portalegre \u00e9 uma prova muito dura e o principal objetivo \u00e9 terminar. Se isso acontecer, o resultado vai ser seguramente bom. Mas vamos come\u00e7ar com alguma cautela e ir ganhando ritmo \u00e0 medida que a prova se desenrola\u201d,<\/strong>&nbsp;disse David Carreira. A estreia de um navegador \u00e9 a novidade:&nbsp;<strong>\u201c\u00c9 a primeira vez que fazemos equipa, mas o R\u00faben tem alguma experi\u00eancia no todo-o-terreno. Por isso, estamos confiantes numa boa prova\u201d<\/strong>, afirmou.<\/p>\n\n\n\n<p>O Team Consilcar vai estar, igualmente, presente na competi\u00e7\u00e3o de motos com Janu\u00e1rio Barrocas (Honda CRF 450RX), que tem como principal objetivo terminar a baja.&nbsp;<\/p>\n\n\n\n<p>A prova organizada pelo Autom\u00f3vel Club de Portugal realiza-se entre 23 e 25 de outubro e tem centro nevr\u00e1lgico em Portalegre. Na sexta-feira, os pilotos do Team Consilcar t\u00eam o pr\u00f3logo e o primeiro setor seletivo. O s\u00e1bado vai ser bastante preenchido, com dois tro\u00e7os cronometrados. No total, o Team Consilcar vai fazer 448 km, ao cron\u00f3metro, pelos estrad\u00f5es de terra do Alentejo e Ribatejo, o que mostra bem o grau de dificuldade da baja.<\/p>\n\n\n\n<p><\/p>\n","protected":false},"excerpt":{"rendered":"<p>Entre amanh\u00e3 (quinta-feira) e s\u00e1bado, a equipa Edgar Condenso e Nuno Silva vai participar na 39\u00aa bp Ultimate Baja Portalegre&#8230;<\/p>\n","protected":false},"author":8,"featured_media":14028,"comment_status":"closed","ping_status":"open","sticky":false,"template":"","format":"standard","meta":[],"categories":[24],"tags":[81,284,313,1021,287],"yoast_head":"<!-- This site is optimized with the Yoast SEO plugin v20.12 - https:\/\/yoast.com\/wordpress\/plugins\/seo\/ -->\n<title>\u201cPartimos determinados em vencer a Categoria T1\u201d - Atelier do Caractere<\/title>\n<meta name=\"robots\" content=\"index, follow, max-snippet:-1, max-image-preview:large, max-video-preview:-1\" \/>\n<link rel=\"canonical\" href=\"https:\/\/www.atelierdocaractere.pt\/brevemente\/partimos-determinados-em-vencer-a-categoria-t1\/\" \/>\n<meta property=\"og:locale\" content=\"pt_PT\" \/>\n<meta property=\"og:type\" content=\"article\" \/>\n<meta property=\"og:title\" content=\"\u201cPartimos determinados em vencer a Categoria T1\u201d - Atelier do Caractere\" \/>\n<meta property=\"og:description\" content=\"Entre amanh\u00e3 (quinta-feira) e s\u00e1bado, a equipa Edgar Condenso e Nuno Silva vai participar na 39\u00aa bp Ultimate Baja Portalegre...\" \/>\n<meta property=\"og:url\" content=\"https:\/\/www.atelierdocaractere.pt\/brevemente\/partimos-determinados-em-vencer-a-categoria-t1\/\" \/>\n<meta property=\"og:site_name\" content=\"Atelier do Caractere\" \/>\n<meta property=\"article:publisher\" content=\"https:\/\/www.facebook.com\/AtelierdoCaractere\" \/>\n<meta property=\"article:published_time\" content=\"2025-10-22T13:23:26+00:00\" \/>\n<meta property=\"article:modified_time\" content=\"2025-10-22T13:23:30+00:00\" \/>\n<meta property=\"og:image\" content=\"https:\/\/www.atelierdocaractere.pt\/wp-content\/uploads\/2025\/10\/baja-portalegre-1.jpg\" \/>\n\t<meta property=\"og:image:width\" content=\"1500\" \/>\n\t<meta property=\"og:image:height\" content=\"1000\" \/>\n\t<meta property=\"og:image:type\" content=\"image\/jpeg\" \/>\n<meta name=\"author\" content=\"Andr\u00e9 Lopes\" \/>\n<meta name=\"twitter:card\" content=\"summary_large_image\" \/>\n<meta name=\"twitter:label1\" content=\"Escrito por\" \/>\n\t<meta name=\"twitter:data1\" content=\"Andr\u00e9 Lopes\" \/>\n\t<meta name=\"twitter:label2\" content=\"Tempo estimado de leitura\" \/>\n\t<meta name=\"twitter:data2\" content=\"3 minutos\" \/>\n<script type=\"application\/ld+json\" class=\"yoast-schema-graph\">{\"@context\":\"https:\/\/schema.org\",\"@graph\":[{\"@type\":\"WebPage\",\"@id\":\"https:\/\/www.atelierdocaractere.pt\/brevemente\/partimos-determinados-em-vencer-a-categoria-t1\/\",\"url\":\"https:\/\/www.atelierdocaractere.pt\/brevemente\/partimos-determinados-em-vencer-a-categoria-t1\/\",\"name\":\"\u201cPartimos determinados em vencer a Categoria T1\u201d - Atelier do Caractere\",\"isPartOf\":{\"@id\":\"https:\/\/www.atelierdocaractere.pt\/brevemente\/#website\"},\"datePublished\":\"2025-10-22T13:23:26+00:00\",\"dateModified\":\"2025-10-22T13:23:30+00:00\",\"author\":{\"@id\":\"https:\/\/www.atelierdocaractere.pt\/brevemente\/#\/schema\/person\/434214d094c7f8243eba52cce01c3fbf\"},\"breadcrumb\":{\"@id\":\"https:\/\/www.atelierdocaractere.pt\/brevemente\/partimos-determinados-em-vencer-a-categoria-t1\/#breadcrumb\"},\"inLanguage\":\"pt-PT\",\"potentialAction\":[{\"@type\":\"ReadAction\",\"target\":[\"https:\/\/www.atelierdocaractere.pt\/brevemente\/partimos-determinados-em-vencer-a-categoria-t1\/\"]}]},{\"@type\":\"BreadcrumbList\",\"@id\":\"https:\/\/www.atelierdocaractere.pt\/brevemente\/partimos-determinados-em-vencer-a-categoria-t1\/#breadcrumb\",\"itemListElement\":[{\"@type\":\"ListItem\",\"position\":1,\"name\":\"In\u00edcio\",\"item\":\"https:\/\/www.atelierdocaractere.pt\/brevemente\/\"},{\"@type\":\"ListItem\",\"position\":2,\"name\":\"\u201cPartimos determinados em vencer a Categoria T1\u201d\"}]},{\"@type\":\"WebSite\",\"@id\":\"https:\/\/www.atelierdocaractere.pt\/brevemente\/#website\",\"url\":\"https:\/\/www.atelierdocaractere.pt\/brevemente\/\",\"name\":\"Atelier do Caractere\",\"description\":\"\",\"potentialAction\":[{\"@type\":\"SearchAction\",\"target\":{\"@type\":\"EntryPoint\",\"urlTemplate\":\"https:\/\/www.atelierdocaractere.pt\/brevemente\/?s={search_term_string}\"},\"query-input\":\"required name=search_term_string\"}],\"inLanguage\":\"pt-PT\"},{\"@type\":\"Person\",\"@id\":\"https:\/\/www.atelierdocaractere.pt\/brevemente\/#\/schema\/person\/434214d094c7f8243eba52cce01c3fbf\",\"name\":\"Andr\u00e9 Lopes\",\"image\":{\"@type\":\"ImageObject\",\"inLanguage\":\"pt-PT\",\"@id\":\"https:\/\/www.atelierdocaractere.pt\/brevemente\/#\/schema\/person\/image\/\",\"url\":\"https:\/\/secure.gravatar.com\/avatar\/76af1c514620ffe1937f018fe03efb73?s=96&d=mm&r=g\",\"contentUrl\":\"https:\/\/secure.gravatar.com\/avatar\/76af1c514620ffe1937f018fe03efb73?s=96&d=mm&r=g\",\"caption\":\"Andr\u00e9 Lopes\"},\"url\":\"https:\/\/www.atelierdocaractere.pt\/brevemente\/author\/andre-lopes\/\"}]}<\/script>\n<!-- \/ Yoast SEO plugin. -->","yoast_head_json":{"title":"\u201cPartimos determinados em vencer a Categoria T1\u201d - Atelier do Caractere","robots":{"index":"index","follow":"follow","max-snippet":"max-snippet:-1","max-image-preview":"max-image-preview:large","max-video-preview":"max-video-preview:-1"},"canonical":"https:\/\/www.atelierdocaractere.pt\/brevemente\/partimos-determinados-em-vencer-a-categoria-t1\/","og_locale":"pt_PT","og_type":"article","og_title":"\u201cPartimos determinados em vencer a Categoria T1\u201d - Atelier do Caractere","og_description":"Entre amanh\u00e3 (quinta-feira) e s\u00e1bado, a equipa Edgar Condenso e Nuno Silva vai participar na 39\u00aa bp Ultimate Baja Portalegre...","og_url":"https:\/\/www.atelierdocaractere.pt\/brevemente\/partimos-determinados-em-vencer-a-categoria-t1\/","og_site_name":"Atelier do Caractere","article_publisher":"https:\/\/www.facebook.com\/AtelierdoCaractere","article_published_time":"2025-10-22T13:23:26+00:00","article_modified_time":"2025-10-22T13:23:30+00:00","og_image":[{"width":1500,"height":1000,"url":"https:\/\/www.atelierdocaractere.pt\/wp-content\/uploads\/2025\/10\/baja-portalegre-1.jpg","type":"image\/jpeg"}],"author":"Andr\u00e9 Lopes","twitter_card":"summary_large_image","twitter_misc":{"Escrito por":"Andr\u00e9 Lopes","Tempo estimado de leitura":"3 minutos"},"schema":{"@context":"https:\/\/schema.org","@graph":[{"@type":"WebPage","@id":"https:\/\/www.atelierdocaractere.pt\/brevemente\/partimos-determinados-em-vencer-a-categoria-t1\/","url":"https:\/\/www.atelierdocaractere.pt\/brevemente\/partimos-determinados-em-vencer-a-categoria-t1\/","name":"\u201cPartimos determinados em vencer a Categoria T1\u201d - Atelier do Caractere","isPartOf":{"@id":"https:\/\/www.atelierdocaractere.pt\/brevemente\/#website"},"datePublished":"2025-10-22T13:23:26+00:00","dateModified":"2025-10-22T13:23:30+00:00","author":{"@id":"https:\/\/www.atelierdocaractere.pt\/brevemente\/#\/schema\/person\/434214d094c7f8243eba52cce01c3fbf"},"breadcrumb":{"@id":"https:\/\/www.atelierdocaractere.pt\/brevemente\/partimos-determinados-em-vencer-a-categoria-t1\/#breadcrumb"},"inLanguage":"pt-PT","potentialAction":[{"@type":"ReadAction","target":["https:\/\/www.atelierdocaractere.pt\/brevemente\/partimos-determinados-em-vencer-a-categoria-t1\/"]}]},{"@type":"BreadcrumbList","@id":"https:\/\/www.atelierdocaractere.pt\/brevemente\/partimos-determinados-em-vencer-a-categoria-t1\/#breadcrumb","itemListElement":[{"@type":"ListItem","position":1,"name":"In\u00edcio","item":"https:\/\/www.atelierdocaractere.pt\/brevemente\/"},{"@type":"ListItem","position":2,"name":"\u201cPartimos determinados em vencer a Categoria T1\u201d"}]},{"@type":"WebSite","@id":"https:\/\/www.atelierdocaractere.pt\/brevemente\/#website","url":"https:\/\/www.atelierdocaractere.pt\/brevemente\/","name":"Atelier do Caractere","description":"","potentialAction":[{"@type":"SearchAction","target":{"@type":"EntryPoint","urlTemplate":"https:\/\/www.atelierdocaractere.pt\/brevemente\/?s={search_term_string}"},"query-input":"required name=search_term_string"}],"inLanguage":"pt-PT"},{"@type":"Person","@id":"https:\/\/www.atelierdocaractere.pt\/brevemente\/#\/schema\/person\/434214d094c7f8243eba52cce01c3fbf","name":"Andr\u00e9 Lopes","image":{"@type":"ImageObject","inLanguage":"pt-PT","@id":"https:\/\/www.atelierdocaractere.pt\/brevemente\/#\/schema\/person\/image\/","url":"https:\/\/secure.gravatar.com\/avatar\/76af1c514620ffe1937f018fe03efb73?s=96&d=mm&r=g","contentUrl":"https:\/\/secure.gravatar.com\/avatar\/76af1c514620ffe1937f018fe03efb73?s=96&d=mm&r=g","caption":"Andr\u00e9 Lopes"},"url":"https:\/\/www.atelierdocaractere.pt\/brevemente\/author\/andre-lopes\/"}]}},"_links":{"self":[{"href":"https:\/\/www.atelierdocaractere.pt\/brevemente\/wp-json\/wp\/v2\/posts\/14027"}],"collection":[{"href":"https:\/\/www.atelierdocaractere.pt\/brevemente\/wp-json\/wp\/v2\/posts"}],"about":[{"href":"https:\/\/www.atelierdocaractere.pt\/brevemente\/wp-json\/wp\/v2\/types\/post"}],"author":[{"embeddable":true,"href":"https:\/\/www.atelierdocaractere.pt\/brevemente\/wp-json\/wp\/v2\/users\/8"}],"replies":[{"embeddable":true,"href":"https:\/\/www.atelierdocaractere.pt\/brevemente\/wp-json\/wp\/v2\/comments?post=14027"}],"version-history":[{"count":1,"href":"https:\/\/www.atelierdocaractere.pt\/brevemente\/wp-json\/wp\/v2\/posts\/14027\/revisions"}],"predecessor-version":[{"id":14029,"href":"https:\/\/www.atelierdocaractere.pt\/brevemente\/wp-json\/wp\/v2\/posts\/14027\/revisions\/14029"}],"wp:featuredmedia":[{"embeddable":true,"href":"https:\/\/www.atelierdocaractere.pt\/brevemente\/wp-json\/wp\/v2\/media\/14028"}],"wp:attachment":[{"href":"https:\/\/www.atelierdocaractere.pt\/brevemente\/wp-json\/wp\/v2\/media?parent=14027"}],"wp:term":[{"taxonomy":"category","embeddable":true,"href":"https:\/\/www.atelierdocaractere.pt\/brevemente\/wp-json\/wp\/v2\/categories?post=14027"},{"taxonomy":"post_tag","embeddable":true,"href":"https:\/\/www.atelierdocaractere.pt\/brevemente\/wp-json\/wp\/v2\/tags?post=14027"}],"curies":[{"name":"wp","href":"https:\/\/api.w.org\/{rel}","templated":true}]}}