{"id":14031,"date":"2025-10-22T13:35:45","date_gmt":"2025-10-22T13:35:45","guid":{"rendered":"https:\/\/www.atelierdocaractere.pt\/brevemente\/?p=14031"},"modified":"2025-10-22T13:35:49","modified_gmt":"2025-10-22T13:35:49","slug":"a-festa-do-todo-o-terreno-regressa-a-portalegre","status":"publish","type":"post","link":"https:\/\/www.atelierdocaractere.pt\/brevemente\/a-festa-do-todo-o-terreno-regressa-a-portalegre\/","title":{"rendered":"A festa do todo-o-terreno regressa a Portalegre"},"content":{"rendered":"\n<p><strong>Mais de 500 pilotos e navegadores, de 16 nacionalidades (entre os quais os melhores portugueses), em representa\u00e7\u00e3o de 354 equipas, v\u00e3o estar \u00e0 partida da 39\u00aa bp Ultimate Baja Portalegre 500. Entre 23 e 25 de outubro, a grande cl\u00e1ssica do todo-o-terreno nacional e umas das provas mais apreciadas do calend\u00e1rio internacional, promete levar muito p\u00fablico aos estrad\u00f5es de terra do Alentejo e Ribatejo, para assistir \u00e0 emo\u00e7\u00e3o proporcionada pelos carros, SSV, motos e quads. &nbsp;&nbsp;<\/strong><\/p>\n\n\n<div class=\"wp-block-image\">\n<figure class=\"aligncenter size-large is-resized\"><img decoding=\"async\" src=\"https:\/\/www.atelierdocaractere.pt\/wp-content\/uploads\/2025\/10\/whatsapp-image-2025-10-22-at-143322-1-1024x683.jpeg\" alt=\"\" class=\"wp-image-14034\" width=\"871\" height=\"580\" srcset=\"https:\/\/www.atelierdocaractere.pt\/wp-content\/uploads\/2025\/10\/whatsapp-image-2025-10-22-at-143322-1-1024x683.jpeg 1024w, https:\/\/www.atelierdocaractere.pt\/wp-content\/uploads\/2025\/10\/whatsapp-image-2025-10-22-at-143322-1-300x200.jpeg 300w, https:\/\/www.atelierdocaractere.pt\/wp-content\/uploads\/2025\/10\/whatsapp-image-2025-10-22-at-143322-1-768x512.jpeg 768w, https:\/\/www.atelierdocaractere.pt\/wp-content\/uploads\/2025\/10\/whatsapp-image-2025-10-22-at-143322-1-1536x1024.jpeg 1536w, https:\/\/www.atelierdocaractere.pt\/wp-content\/uploads\/2025\/10\/whatsapp-image-2025-10-22-at-143322-1-900x600.jpeg 900w, https:\/\/www.atelierdocaractere.pt\/wp-content\/uploads\/2025\/10\/whatsapp-image-2025-10-22-at-143322-1-675x450.jpeg 675w, https:\/\/www.atelierdocaractere.pt\/wp-content\/uploads\/2025\/10\/whatsapp-image-2025-10-22-at-143322-1.jpeg 1600w\" sizes=\"(max-width: 871px) 100vw, 871px\" \/><\/figure><\/div>\n\n\n<p><br>A prova organizada pelo Autom\u00f3vel Club de Portugal (ACP) faz parte da Ta\u00e7a do Mundo FIA de Bajas e da Ta\u00e7a da Europa FIA de Bajas. Este evento pontua tamb\u00e9m o Campeonato Portugal de Todo-o-Terreno de carros (FPAK) e motos (FMP), e \u00e9 o ponto alto da temporada a n\u00edvel nacional. A prova est\u00e1 sediada em Portalegre e passa pelos munic\u00edpios de Abrantes, Alter do Ch\u00e3o, Chamusca, Crato, Fronteira, Gavi\u00e3o, Monforte, Nisa, Ponte de Sor, Portalegre e Sousel V\u00e3o ser dois dias de emo\u00e7\u00e3o com o p\u00fablico a mobilizar-se, mesmo antes do nascer do sol, para ver a passagem dos concorrentes.&nbsp;&nbsp;<\/p>\n\n\n\n<p><br>Al\u00e9m de uma aventura, esta baja continua a ser um desafio para pilotos e m\u00e1quinas, ainda mais se for disputada com chuva e lama. A bp Ultimate Baja Portalegre 500 come\u00e7a na quinta-feira, dia 23 de outubro, com as verifica\u00e7\u00f5es t\u00e9cnicas e administrativas. A parte competitiva tem in\u00edcio na sexta-feira, dia 24, com o pr\u00f3logo, de 3 km, e a primeira etapa, com 70 km, para carros e motos. A segunda etapa realiza-se no s\u00e1bado, dia 25 de outubro. Os pilotos de carros v\u00e3o realizar dois setores seletivos de 180 km e 195 km, respetivamente, enquanto os pilotos das motos fazem um \u00fanico tro\u00e7o de 300 km. No total, os pilotos dos carros t\u00eam pela frente 445 km disputados ao cron\u00f3metro por estrad\u00f5es do Alentejo e Ribatejo, e os pilotos das motos 370 km. J\u00e1 os pilotos inscritos na Promo Baja e Hobby (36) fazem 160km, no dia 25.&nbsp;&nbsp;<\/p>\n\n\n\n<p><br><strong>354 equipas inscritas&nbsp;<\/strong><\/p>\n\n\n\n<p><br>O desejo de participar na bp Ultimate Baja Portalegre 500, a mais antiga prova de todo-o-terreno nacional, motivou uma elevada ades\u00e3o, estando confirmada a inscri\u00e7\u00e3o de 354 equipas \u2013 um n\u00famero sem paralelo noutras provas \u2013 entre carros (86), SSV (72), motos (101), quads (34), Promo Baja e Hobby (36) e Mini Baja (25). &nbsp;&nbsp;<\/p>\n\n\n\n<p><br>Nos auto, a luta pela vit\u00f3ria promete ser intensa e muito disputada entre os cinco carros da categoria Ultimate (T1+) e os 17 ve\u00edculos Challenger, com a particularidade de os \u201caranhi\u00e7os\u201d mais r\u00e1pidos puderem lutar pela vit\u00f3ria \u00e0 geral.&nbsp;&nbsp;<\/p>\n\n\n\n<p><br><strong>Portalegre importante na discuss\u00e3o do t\u00edtulo entre os carros&nbsp;<\/strong><\/p>\n\n\n\n<p><br>\u00c9 uma prova para os pilotos portugueses brilharem, especialmente Jo\u00e3o Ferreira que conduz o potente Toyota Hilux T1+ Evo e que para al\u00e9m de partir \u00e0 procura do terceiro triunfo, tem como objetivo chegar \u00e0 lideran\u00e7a do campeonato. Os outros candidatos \u00e0 vit\u00f3ria s\u00e3o Francisco Barreto, Jo\u00e3o Ramos, Luis Recuenco e Wlodzimierz Grajek, atual segundo classificado na Ta\u00e7a da Europa de Bajas, sendo que todos conduzem o Toyota Hilux T1+ Evo. &nbsp;&nbsp;<br><br>Miguel Barbosa (Taurus T3 Max) causou surpresa, em 2024, ao vencer a prova com um \u2018side by-side\u2019 e pretende repetir o feito este ano. Tiago Reis (Taurus Evo Max), Ricardo Por\u00e9m (Kaisen S1) e o espanhol Angel Valero (VM T34) podem, igualmente, lutar pela vit\u00f3ria na categoria Challenger e causar surpresa \u00e0 geral.&nbsp;&nbsp;<br><br>H\u00e1 v\u00e1rios pilotos com potencial para vencer entre os SSV. Jo\u00e3o Dias (Polaris RZR), que venceu esta categoria na bp Ultimate Rally Raid Portugal, Gon\u00e7alo Guerreiro (Taurus Evo Max), Mitchel Van Den Brink (Can Am Maverick), Afonso Oliveira (Polaris RZR) e Lu\u00eds Cidade (Can Am Maverick) s\u00e3o os principais favoritos.&nbsp;&nbsp;<br><br>A bp Ultimate Baja Portalegre 500 pode ser determinante para encontrar o campe\u00e3o nacional absoluto. Gon\u00e7alo Guerreiro tem cinco pontos de vantagem sobre Jo\u00e3o Ferreira e 34 pontos para Tiago Reis, isto, quando faltam duas provas para terminar a \u00e9poca. &nbsp;&nbsp;<br><br><strong>Ant\u00f3nio Maio \u00e0 procura da 9\u00aa vit\u00f3ria nas motos&nbsp;<\/strong><br><br>Nas motos, o campe\u00e3o nacional de todo-o-terreno, Ant\u00f3nio Maio (Yamaha WR 450), ganhou esta baja oito vezes e volta a ser um dos favoritos. A lista de pilotos com potencial para ganhar \u00e9 longa e inclui ainda Martim Ventura (Honda CRF 450), vencedor em 2024, Bruno Santos (Husqvarna FE 450), que teve um excelente desempenho no bp Ultimate Rally Raid Portugal (8\u00ba da geral), Sebastian Buhler (KTM 450 EXC-F), que ganhou tr\u00eas edi\u00e7\u00f5es, e Micael Sim\u00e3o (Gas Gas EC 500), que lidera o campeonato e pode sagrar-se campe\u00e3o nacional em Portalegre.&nbsp;&nbsp;<br><br><strong>Um piloto j\u00fanior procura primeira vit\u00f3ria nos quads&nbsp;<\/strong><br><br>Nos quads, entre os 34 inscritos, destaque para os nomes de Tom\u00e1s Paulo (Yamaha YFZ450R), um piloto j\u00fanior que lidera o Campeonato Nacional de Todo Terreno e que procura a primeira vit\u00f3ria na bp Ultimate Baja Portalegre 500, mas tamb\u00e9m para Lu\u00eds Fernandes (Yamaha YFZ450R) e Jo\u00e3o Vale (Yamaha YFZ450R), ambos com dois sucessos na grande cl\u00e1ssica da modalidade.&nbsp;&nbsp;<br><br><strong>Estrelas do futuro na Mini Baja&nbsp;<\/strong><br><br>Com 25 inscritos, a tradicional Mini Baja volta a ser um momento de promo\u00e7\u00e3o do gosto pela modalidade entre os pilotos das camadas mais jovens, dos 8 aos 14 anos de idade, divididos pelas categorias Moto, Quad e SSV. &nbsp;&nbsp;<br><br><strong>Tamb\u00e9m foco na sustentabilidade &nbsp;<\/strong><br><br>O ACP \u2013 Autom\u00f3vel Club de Portugal, organizador da bp Ultimate Baja Portalegre 500, est\u00e1 empenhado na sustentabilidade e na minimiza\u00e7\u00e3o do impacto ambiental da prova, alinhando-se com os c\u00f3digos ambientais da FIA, FIM, FPAK e FMP. Atrav\u00e9s de um Sistema de Gest\u00e3o Ambiental, a organiza\u00e7\u00e3o est\u00e1 comprometida a cumprir a legisla\u00e7\u00e3o aplic\u00e1vel, promover a consci\u00eancia ambiental junto de todas as partes interessadas (de pilotos a espetadores), gerir e monitorizar ativamente os impactos diretos e indiretos do evento \u2013 como o consumo de energia, as emiss\u00f5es de gases com efeito de estufa e a gest\u00e3o de res\u00edduos \u2013 e, ainda, a promover a melhoria cont\u00ednua das suas pr\u00e1ticas ambientais, visando ser um exemplo nacional e internacional na \u00e1rea da sustentabilidade desportiva.&nbsp;<\/p>\n","protected":false},"excerpt":{"rendered":"<p>Mais de 500 pilotos e navegadores, de 16 nacionalidades (entre os quais os melhores portugueses), em representa\u00e7\u00e3o de 354 equipas,&#8230;<\/p>\n","protected":false},"author":8,"featured_media":14033,"comment_status":"closed","ping_status":"open","sticky":false,"template":"","format":"standard","meta":[],"categories":[24],"tags":[433,81],"yoast_head":"<!-- This site is optimized with the Yoast SEO plugin v20.12 - https:\/\/yoast.com\/wordpress\/plugins\/seo\/ -->\n<title>A festa do todo-o-terreno regressa a Portalegre - Atelier do Caractere<\/title>\n<meta name=\"robots\" content=\"index, follow, max-snippet:-1, max-image-preview:large, max-video-preview:-1\" \/>\n<link rel=\"canonical\" href=\"https:\/\/www.atelierdocaractere.pt\/brevemente\/a-festa-do-todo-o-terreno-regressa-a-portalegre\/\" \/>\n<meta property=\"og:locale\" content=\"pt_PT\" \/>\n<meta property=\"og:type\" content=\"article\" \/>\n<meta property=\"og:title\" content=\"A festa do todo-o-terreno regressa a Portalegre - Atelier do Caractere\" \/>\n<meta property=\"og:description\" content=\"Mais de 500 pilotos e navegadores, de 16 nacionalidades (entre os quais os melhores portugueses), em representa\u00e7\u00e3o de 354 equipas,...\" \/>\n<meta property=\"og:url\" content=\"https:\/\/www.atelierdocaractere.pt\/brevemente\/a-festa-do-todo-o-terreno-regressa-a-portalegre\/\" \/>\n<meta property=\"og:site_name\" content=\"Atelier do Caractere\" \/>\n<meta property=\"article:publisher\" content=\"https:\/\/www.facebook.com\/AtelierdoCaractere\" \/>\n<meta property=\"article:published_time\" content=\"2025-10-22T13:35:45+00:00\" \/>\n<meta property=\"article:modified_time\" content=\"2025-10-22T13:35:49+00:00\" \/>\n<meta property=\"og:image\" content=\"https:\/\/www.atelierdocaractere.pt\/wp-content\/uploads\/2025\/10\/whatsapp-image-2025-10-22-at-143322.jpeg\" \/>\n\t<meta property=\"og:image:width\" content=\"1600\" \/>\n\t<meta property=\"og:image:height\" content=\"1067\" \/>\n\t<meta property=\"og:image:type\" content=\"image\/jpeg\" \/>\n<meta name=\"author\" content=\"Andr\u00e9 Lopes\" \/>\n<meta name=\"twitter:card\" content=\"summary_large_image\" \/>\n<meta name=\"twitter:label1\" content=\"Escrito por\" \/>\n\t<meta name=\"twitter:data1\" content=\"Andr\u00e9 Lopes\" \/>\n\t<meta name=\"twitter:label2\" content=\"Tempo estimado de leitura\" \/>\n\t<meta name=\"twitter:data2\" content=\"6 minutos\" \/>\n<script type=\"application\/ld+json\" class=\"yoast-schema-graph\">{\"@context\":\"https:\/\/schema.org\",\"@graph\":[{\"@type\":\"WebPage\",\"@id\":\"https:\/\/www.atelierdocaractere.pt\/brevemente\/a-festa-do-todo-o-terreno-regressa-a-portalegre\/\",\"url\":\"https:\/\/www.atelierdocaractere.pt\/brevemente\/a-festa-do-todo-o-terreno-regressa-a-portalegre\/\",\"name\":\"A festa do todo-o-terreno regressa a Portalegre - Atelier do Caractere\",\"isPartOf\":{\"@id\":\"https:\/\/www.atelierdocaractere.pt\/brevemente\/#website\"},\"datePublished\":\"2025-10-22T13:35:45+00:00\",\"dateModified\":\"2025-10-22T13:35:49+00:00\",\"author\":{\"@id\":\"https:\/\/www.atelierdocaractere.pt\/brevemente\/#\/schema\/person\/434214d094c7f8243eba52cce01c3fbf\"},\"breadcrumb\":{\"@id\":\"https:\/\/www.atelierdocaractere.pt\/brevemente\/a-festa-do-todo-o-terreno-regressa-a-portalegre\/#breadcrumb\"},\"inLanguage\":\"pt-PT\",\"potentialAction\":[{\"@type\":\"ReadAction\",\"target\":[\"https:\/\/www.atelierdocaractere.pt\/brevemente\/a-festa-do-todo-o-terreno-regressa-a-portalegre\/\"]}]},{\"@type\":\"BreadcrumbList\",\"@id\":\"https:\/\/www.atelierdocaractere.pt\/brevemente\/a-festa-do-todo-o-terreno-regressa-a-portalegre\/#breadcrumb\",\"itemListElement\":[{\"@type\":\"ListItem\",\"position\":1,\"name\":\"In\u00edcio\",\"item\":\"https:\/\/www.atelierdocaractere.pt\/brevemente\/\"},{\"@type\":\"ListItem\",\"position\":2,\"name\":\"A festa do todo-o-terreno regressa a Portalegre\"}]},{\"@type\":\"WebSite\",\"@id\":\"https:\/\/www.atelierdocaractere.pt\/brevemente\/#website\",\"url\":\"https:\/\/www.atelierdocaractere.pt\/brevemente\/\",\"name\":\"Atelier do Caractere\",\"description\":\"\",\"potentialAction\":[{\"@type\":\"SearchAction\",\"target\":{\"@type\":\"EntryPoint\",\"urlTemplate\":\"https:\/\/www.atelierdocaractere.pt\/brevemente\/?s={search_term_string}\"},\"query-input\":\"required name=search_term_string\"}],\"inLanguage\":\"pt-PT\"},{\"@type\":\"Person\",\"@id\":\"https:\/\/www.atelierdocaractere.pt\/brevemente\/#\/schema\/person\/434214d094c7f8243eba52cce01c3fbf\",\"name\":\"Andr\u00e9 Lopes\",\"image\":{\"@type\":\"ImageObject\",\"inLanguage\":\"pt-PT\",\"@id\":\"https:\/\/www.atelierdocaractere.pt\/brevemente\/#\/schema\/person\/image\/\",\"url\":\"https:\/\/secure.gravatar.com\/avatar\/76af1c514620ffe1937f018fe03efb73?s=96&d=mm&r=g\",\"contentUrl\":\"https:\/\/secure.gravatar.com\/avatar\/76af1c514620ffe1937f018fe03efb73?s=96&d=mm&r=g\",\"caption\":\"Andr\u00e9 Lopes\"},\"url\":\"https:\/\/www.atelierdocaractere.pt\/brevemente\/author\/andre-lopes\/\"}]}<\/script>\n<!-- \/ Yoast SEO plugin. -->","yoast_head_json":{"title":"A festa do todo-o-terreno regressa a Portalegre - Atelier do Caractere","robots":{"index":"index","follow":"follow","max-snippet":"max-snippet:-1","max-image-preview":"max-image-preview:large","max-video-preview":"max-video-preview:-1"},"canonical":"https:\/\/www.atelierdocaractere.pt\/brevemente\/a-festa-do-todo-o-terreno-regressa-a-portalegre\/","og_locale":"pt_PT","og_type":"article","og_title":"A festa do todo-o-terreno regressa a Portalegre - Atelier do Caractere","og_description":"Mais de 500 pilotos e navegadores, de 16 nacionalidades (entre os quais os melhores portugueses), em representa\u00e7\u00e3o de 354 equipas,...","og_url":"https:\/\/www.atelierdocaractere.pt\/brevemente\/a-festa-do-todo-o-terreno-regressa-a-portalegre\/","og_site_name":"Atelier do Caractere","article_publisher":"https:\/\/www.facebook.com\/AtelierdoCaractere","article_published_time":"2025-10-22T13:35:45+00:00","article_modified_time":"2025-10-22T13:35:49+00:00","og_image":[{"width":1600,"height":1067,"url":"https:\/\/www.atelierdocaractere.pt\/wp-content\/uploads\/2025\/10\/whatsapp-image-2025-10-22-at-143322.jpeg","type":"image\/jpeg"}],"author":"Andr\u00e9 Lopes","twitter_card":"summary_large_image","twitter_misc":{"Escrito por":"Andr\u00e9 Lopes","Tempo estimado de leitura":"6 minutos"},"schema":{"@context":"https:\/\/schema.org","@graph":[{"@type":"WebPage","@id":"https:\/\/www.atelierdocaractere.pt\/brevemente\/a-festa-do-todo-o-terreno-regressa-a-portalegre\/","url":"https:\/\/www.atelierdocaractere.pt\/brevemente\/a-festa-do-todo-o-terreno-regressa-a-portalegre\/","name":"A festa do todo-o-terreno regressa a Portalegre - Atelier do Caractere","isPartOf":{"@id":"https:\/\/www.atelierdocaractere.pt\/brevemente\/#website"},"datePublished":"2025-10-22T13:35:45+00:00","dateModified":"2025-10-22T13:35:49+00:00","author":{"@id":"https:\/\/www.atelierdocaractere.pt\/brevemente\/#\/schema\/person\/434214d094c7f8243eba52cce01c3fbf"},"breadcrumb":{"@id":"https:\/\/www.atelierdocaractere.pt\/brevemente\/a-festa-do-todo-o-terreno-regressa-a-portalegre\/#breadcrumb"},"inLanguage":"pt-PT","potentialAction":[{"@type":"ReadAction","target":["https:\/\/www.atelierdocaractere.pt\/brevemente\/a-festa-do-todo-o-terreno-regressa-a-portalegre\/"]}]},{"@type":"BreadcrumbList","@id":"https:\/\/www.atelierdocaractere.pt\/brevemente\/a-festa-do-todo-o-terreno-regressa-a-portalegre\/#breadcrumb","itemListElement":[{"@type":"ListItem","position":1,"name":"In\u00edcio","item":"https:\/\/www.atelierdocaractere.pt\/brevemente\/"},{"@type":"ListItem","position":2,"name":"A festa do todo-o-terreno regressa a Portalegre"}]},{"@type":"WebSite","@id":"https:\/\/www.atelierdocaractere.pt\/brevemente\/#website","url":"https:\/\/www.atelierdocaractere.pt\/brevemente\/","name":"Atelier do Caractere","description":"","potentialAction":[{"@type":"SearchAction","target":{"@type":"EntryPoint","urlTemplate":"https:\/\/www.atelierdocaractere.pt\/brevemente\/?s={search_term_string}"},"query-input":"required name=search_term_string"}],"inLanguage":"pt-PT"},{"@type":"Person","@id":"https:\/\/www.atelierdocaractere.pt\/brevemente\/#\/schema\/person\/434214d094c7f8243eba52cce01c3fbf","name":"Andr\u00e9 Lopes","image":{"@type":"ImageObject","inLanguage":"pt-PT","@id":"https:\/\/www.atelierdocaractere.pt\/brevemente\/#\/schema\/person\/image\/","url":"https:\/\/secure.gravatar.com\/avatar\/76af1c514620ffe1937f018fe03efb73?s=96&d=mm&r=g","contentUrl":"https:\/\/secure.gravatar.com\/avatar\/76af1c514620ffe1937f018fe03efb73?s=96&d=mm&r=g","caption":"Andr\u00e9 Lopes"},"url":"https:\/\/www.atelierdocaractere.pt\/brevemente\/author\/andre-lopes\/"}]}},"_links":{"self":[{"href":"https:\/\/www.atelierdocaractere.pt\/brevemente\/wp-json\/wp\/v2\/posts\/14031"}],"collection":[{"href":"https:\/\/www.atelierdocaractere.pt\/brevemente\/wp-json\/wp\/v2\/posts"}],"about":[{"href":"https:\/\/www.atelierdocaractere.pt\/brevemente\/wp-json\/wp\/v2\/types\/post"}],"author":[{"embeddable":true,"href":"https:\/\/www.atelierdocaractere.pt\/brevemente\/wp-json\/wp\/v2\/users\/8"}],"replies":[{"embeddable":true,"href":"https:\/\/www.atelierdocaractere.pt\/brevemente\/wp-json\/wp\/v2\/comments?post=14031"}],"version-history":[{"count":2,"href":"https:\/\/www.atelierdocaractere.pt\/brevemente\/wp-json\/wp\/v2\/posts\/14031\/revisions"}],"predecessor-version":[{"id":14036,"href":"https:\/\/www.atelierdocaractere.pt\/brevemente\/wp-json\/wp\/v2\/posts\/14031\/revisions\/14036"}],"wp:featuredmedia":[{"embeddable":true,"href":"https:\/\/www.atelierdocaractere.pt\/brevemente\/wp-json\/wp\/v2\/media\/14033"}],"wp:attachment":[{"href":"https:\/\/www.atelierdocaractere.pt\/brevemente\/wp-json\/wp\/v2\/media?parent=14031"}],"wp:term":[{"taxonomy":"category","embeddable":true,"href":"https:\/\/www.atelierdocaractere.pt\/brevemente\/wp-json\/wp\/v2\/categories?post=14031"},{"taxonomy":"post_tag","embeddable":true,"href":"https:\/\/www.atelierdocaractere.pt\/brevemente\/wp-json\/wp\/v2\/tags?post=14031"}],"curies":[{"name":"wp","href":"https:\/\/api.w.org\/{rel}","templated":true}]}}