{"id":14038,"date":"2025-10-23T10:54:18","date_gmt":"2025-10-23T10:54:18","guid":{"rendered":"https:\/\/www.atelierdocaractere.pt\/brevemente\/?p=14038"},"modified":"2025-10-30T10:56:00","modified_gmt":"2025-10-30T10:56:00","slug":"portalegre-saiu-a-rua-para-ver-a-baja","status":"publish","type":"post","link":"https:\/\/www.atelierdocaractere.pt\/brevemente\/portalegre-saiu-a-rua-para-ver-a-baja\/","title":{"rendered":"Portalegre saiu \u00e0 rua para ver a baja"},"content":{"rendered":"\n<p><strong>Milhares de pessoas vibraram com a cerim\u00f3nia de partida da 39\u00aa bp Ultimate Baja Portalegre 500 realizada no Jardim do Tarro, no centro da cidade. Amanh\u00e3, come\u00e7a a parte competitiva com o pr\u00f3logo e a primeira etapa para carros e motos. Vai ser um fim de semana de grande emo\u00e7\u00e3o e espet\u00e1culo nos desafiantes estrad\u00f5es do Alto Alentejo e Ribatejo.<\/strong><\/p>\n\n\n\n<figure class=\"wp-block-image size-large\"><img decoding=\"async\" width=\"1024\" height=\"684\" src=\"https:\/\/www.atelierdocaractere.pt\/wp-content\/uploads\/2025\/10\/img-20251023-wa0009-1024x684.jpg\" alt=\"\" class=\"wp-image-14039\" srcset=\"https:\/\/www.atelierdocaractere.pt\/wp-content\/uploads\/2025\/10\/img-20251023-wa0009-1024x684.jpg 1024w, https:\/\/www.atelierdocaractere.pt\/wp-content\/uploads\/2025\/10\/img-20251023-wa0009-300x200.jpg 300w, https:\/\/www.atelierdocaractere.pt\/wp-content\/uploads\/2025\/10\/img-20251023-wa0009-768x513.jpg 768w, https:\/\/www.atelierdocaractere.pt\/wp-content\/uploads\/2025\/10\/img-20251023-wa0009-1536x1026.jpg 1536w, https:\/\/www.atelierdocaractere.pt\/wp-content\/uploads\/2025\/10\/img-20251023-wa0009-900x600.jpg 900w, https:\/\/www.atelierdocaractere.pt\/wp-content\/uploads\/2025\/10\/img-20251023-wa0009-675x450.jpg 675w, https:\/\/www.atelierdocaractere.pt\/wp-content\/uploads\/2025\/10\/img-20251023-wa0009.jpg 1600w\" sizes=\"(max-width: 1024px) 100vw, 1024px\" \/><\/figure>\n\n\n\n<p>Todos os anos a cena repete-se. H\u00e1 uma verdadeira romaria para ver de perto os pilotos de carros, motos, quads e SSV que v\u00e3o participar naquela que \u00e9 a mais antiga e prestigiada prova do todo-o-terreno nacional. A presen\u00e7a do p\u00fablico foi uma constante ao longo do dia, com centenas de pessoas a assistirem \u00e0s verifica\u00e7\u00f5es t\u00e9cnicas.&nbsp;<\/p>\n\n\n\n<p>A prova organizada pelo Autom\u00f3vel Club de Portugal (ACP) realiza-se entre 23 e 25 de outubro e conta para a Ta\u00e7a do Mundo FIA de Bajas e da Ta\u00e7a da Europa FIA de Bajas. Este evento integra tamb\u00e9m o Campeonato Portugal de Todo-o-Terreno de carros (FPAK) e motos, quad e SSV&nbsp;(FMP) e tem a particularidade de poder decidir os t\u00edtulos nacionais.<\/p>\n\n\n\n<p>A parte competitiva tem in\u00edcio amanh\u00e3. Os pilotos de carros e motos v\u00e3o disputar o pr\u00f3logo (5 km), nos arredores de Portalegre, e a primeira etapa (70 km). Dois momentos que, a exemplo de anos anteriores, devem atrair imensos espetadores. \u00c9 tamb\u00e9m o primeiro medir de for\u00e7as entre os melhores pilotos nacionais e estrangeiros.<\/p>\n\n\n\n<p>Em termos desportivos, os portugueses s\u00e3o os grandes candidatos \u00e0 vit\u00f3ria na bp Ultimate Baja Portalegre 500. Jo\u00e3o Ferreira (Toyota Hilux T1+ Evo) vai tentar obter o terceiro triunfo na prova, mas tem a oposi\u00e7\u00e3o de Francisco Barreto, Jo\u00e3o Ramos, Luis Recuenco e Wlodzimierz Grajek, todos ao volante de Toyota Hilux T1+ Evo.&nbsp;<\/p>\n\n\n\n<p>Miguel Barbosa (Taurus T3 Max) venceu a prova em 2024 com um \u2018side by-side\u2019 e quer repetir o feito este ano. Tiago Reis (Taurus Evo Max), Ricardo Por\u00e9m (Kaisen S1) e o espanhol Angel Valero (VM T34) podem igualmente lutar pela vit\u00f3ria, sobretudo se a prova for disputada com piso enlameado. Nesse caso, o reduzido peso, a maneabilidade e rapidez dos Challenger pode fazer a diferen\u00e7a.<\/p>\n\n\n\n<p>A prova do ACP pode ser determinante para as contas do campeonato nacional absoluto. Gon\u00e7alo Guerreiro, Jo\u00e3o Ferreira e Tiago Reis est\u00e3o na luta pelo t\u00edtulo, quando faltam duas provas para terminar a \u00e9poca. &nbsp;<\/p>\n\n\n\n<p>Na categoria SSV, Jo\u00e3o Dias (Polaris RZR), Gon\u00e7alo Guerreiro (Taurus Evo Max), Mitchel Van Den Brink (Can Am Maverick), Afonso Oliveira (Polaris RZR) e Lu\u00eds Cidade (Can Am Maverick) s\u00e3o os principais favoritos.<\/p>\n\n\n\n<p>Nas motos, Ant\u00f3nio Maio (Yamaha WR 450) vai \u00e0 procura da nona vit\u00f3ria nesta baja. Tem a oposi\u00e7\u00e3o de Bruno Santos (Husqvarna FE 450), Sebastian Buhler (KTM 450 EXC-F) e Micael Sim\u00e3o (Gas Gas EC 500), que pode sagrar-se campe\u00e3o nacional em Portalegre.<\/p>\n\n\n\n<p>Nos quads, destaque para o j\u00fanior Tom\u00e1s Paulo (Yamaha YFZ450R), que lidera o Campeonato Nacional de Todo Terreno e procura a primeira vit\u00f3ria na bp Ultimate Baja Portalegre 500. Refer\u00eancia tamb\u00e9m para Lu\u00eds Fernandes (Yamaha YFZ450R) e Jo\u00e3o Vale (Yamaha YFZ450R), que venceram esta prova por duas vezes.<\/p>\n\n\n\n<p>A tradicional Mini Baja volta a ser um momento de promo\u00e7\u00e3o da modalidade. \u00c9 disputada por pilotos dos 8 aos 14 anos de idade, divididos pelas categorias Moto, Quad e SSV. E disputam, amanh\u00e3, na zona das partidas e chegadas do pr\u00f3logo, a partir das 13h30, uma prova em circuito certamente muito animada.&nbsp;<\/p>\n","protected":false},"excerpt":{"rendered":"<p>Milhares de pessoas vibraram com a cerim\u00f3nia de partida da 39\u00aa bp Ultimate Baja Portalegre 500 realizada no Jardim do&#8230;<\/p>\n","protected":false},"author":7,"featured_media":14039,"comment_status":"closed","ping_status":"open","sticky":false,"template":"","format":"standard","meta":[],"categories":[24],"tags":[433,333],"yoast_head":"<!-- This site is optimized with the Yoast SEO plugin v20.12 - https:\/\/yoast.com\/wordpress\/plugins\/seo\/ -->\n<title>Portalegre saiu \u00e0 rua para ver a baja - Atelier do Caractere<\/title>\n<meta name=\"robots\" content=\"index, follow, max-snippet:-1, max-image-preview:large, max-video-preview:-1\" \/>\n<link rel=\"canonical\" href=\"https:\/\/www.atelierdocaractere.pt\/brevemente\/portalegre-saiu-a-rua-para-ver-a-baja\/\" \/>\n<meta property=\"og:locale\" content=\"pt_PT\" \/>\n<meta property=\"og:type\" content=\"article\" \/>\n<meta property=\"og:title\" content=\"Portalegre saiu \u00e0 rua para ver a baja - Atelier do Caractere\" \/>\n<meta property=\"og:description\" content=\"Milhares de pessoas vibraram com a cerim\u00f3nia de partida da 39\u00aa bp Ultimate Baja Portalegre 500 realizada no Jardim do...\" \/>\n<meta property=\"og:url\" content=\"https:\/\/www.atelierdocaractere.pt\/brevemente\/portalegre-saiu-a-rua-para-ver-a-baja\/\" \/>\n<meta property=\"og:site_name\" content=\"Atelier do Caractere\" \/>\n<meta property=\"article:publisher\" content=\"https:\/\/www.facebook.com\/AtelierdoCaractere\" \/>\n<meta property=\"article:published_time\" content=\"2025-10-23T10:54:18+00:00\" \/>\n<meta property=\"article:modified_time\" content=\"2025-10-30T10:56:00+00:00\" \/>\n<meta property=\"og:image\" content=\"https:\/\/www.atelierdocaractere.pt\/wp-content\/uploads\/2025\/10\/img-20251023-wa0009.jpg\" \/>\n\t<meta property=\"og:image:width\" content=\"1600\" \/>\n\t<meta property=\"og:image:height\" content=\"1069\" \/>\n\t<meta property=\"og:image:type\" content=\"image\/jpeg\" \/>\n<meta name=\"author\" content=\"Joana Barbosa\" \/>\n<meta name=\"twitter:card\" content=\"summary_large_image\" \/>\n<meta name=\"twitter:label1\" content=\"Escrito por\" \/>\n\t<meta name=\"twitter:data1\" content=\"Joana Barbosa\" \/>\n\t<meta name=\"twitter:label2\" content=\"Tempo estimado de leitura\" \/>\n\t<meta name=\"twitter:data2\" content=\"4 minutos\" \/>\n<script type=\"application\/ld+json\" class=\"yoast-schema-graph\">{\"@context\":\"https:\/\/schema.org\",\"@graph\":[{\"@type\":\"WebPage\",\"@id\":\"https:\/\/www.atelierdocaractere.pt\/brevemente\/portalegre-saiu-a-rua-para-ver-a-baja\/\",\"url\":\"https:\/\/www.atelierdocaractere.pt\/brevemente\/portalegre-saiu-a-rua-para-ver-a-baja\/\",\"name\":\"Portalegre saiu \u00e0 rua para ver a baja - Atelier do Caractere\",\"isPartOf\":{\"@id\":\"https:\/\/www.atelierdocaractere.pt\/brevemente\/#website\"},\"datePublished\":\"2025-10-23T10:54:18+00:00\",\"dateModified\":\"2025-10-30T10:56:00+00:00\",\"author\":{\"@id\":\"https:\/\/www.atelierdocaractere.pt\/brevemente\/#\/schema\/person\/f2f096eb0f27d9894725af22cb97c0db\"},\"breadcrumb\":{\"@id\":\"https:\/\/www.atelierdocaractere.pt\/brevemente\/portalegre-saiu-a-rua-para-ver-a-baja\/#breadcrumb\"},\"inLanguage\":\"pt-PT\",\"potentialAction\":[{\"@type\":\"ReadAction\",\"target\":[\"https:\/\/www.atelierdocaractere.pt\/brevemente\/portalegre-saiu-a-rua-para-ver-a-baja\/\"]}]},{\"@type\":\"BreadcrumbList\",\"@id\":\"https:\/\/www.atelierdocaractere.pt\/brevemente\/portalegre-saiu-a-rua-para-ver-a-baja\/#breadcrumb\",\"itemListElement\":[{\"@type\":\"ListItem\",\"position\":1,\"name\":\"In\u00edcio\",\"item\":\"https:\/\/www.atelierdocaractere.pt\/brevemente\/\"},{\"@type\":\"ListItem\",\"position\":2,\"name\":\"Portalegre saiu \u00e0 rua para ver a baja\"}]},{\"@type\":\"WebSite\",\"@id\":\"https:\/\/www.atelierdocaractere.pt\/brevemente\/#website\",\"url\":\"https:\/\/www.atelierdocaractere.pt\/brevemente\/\",\"name\":\"Atelier do Caractere\",\"description\":\"\",\"potentialAction\":[{\"@type\":\"SearchAction\",\"target\":{\"@type\":\"EntryPoint\",\"urlTemplate\":\"https:\/\/www.atelierdocaractere.pt\/brevemente\/?s={search_term_string}\"},\"query-input\":\"required name=search_term_string\"}],\"inLanguage\":\"pt-PT\"},{\"@type\":\"Person\",\"@id\":\"https:\/\/www.atelierdocaractere.pt\/brevemente\/#\/schema\/person\/f2f096eb0f27d9894725af22cb97c0db\",\"name\":\"Joana Barbosa\",\"image\":{\"@type\":\"ImageObject\",\"inLanguage\":\"pt-PT\",\"@id\":\"https:\/\/www.atelierdocaractere.pt\/brevemente\/#\/schema\/person\/image\/\",\"url\":\"https:\/\/secure.gravatar.com\/avatar\/33e8214b45e9d68a3a83008731075979?s=96&d=mm&r=g\",\"contentUrl\":\"https:\/\/secure.gravatar.com\/avatar\/33e8214b45e9d68a3a83008731075979?s=96&d=mm&r=g\",\"caption\":\"Joana Barbosa\"},\"url\":\"https:\/\/www.atelierdocaractere.pt\/brevemente\/author\/joanabarbosa\/\"}]}<\/script>\n<!-- \/ Yoast SEO plugin. -->","yoast_head_json":{"title":"Portalegre saiu \u00e0 rua para ver a baja - Atelier do Caractere","robots":{"index":"index","follow":"follow","max-snippet":"max-snippet:-1","max-image-preview":"max-image-preview:large","max-video-preview":"max-video-preview:-1"},"canonical":"https:\/\/www.atelierdocaractere.pt\/brevemente\/portalegre-saiu-a-rua-para-ver-a-baja\/","og_locale":"pt_PT","og_type":"article","og_title":"Portalegre saiu \u00e0 rua para ver a baja - Atelier do Caractere","og_description":"Milhares de pessoas vibraram com a cerim\u00f3nia de partida da 39\u00aa bp Ultimate Baja Portalegre 500 realizada no Jardim do...","og_url":"https:\/\/www.atelierdocaractere.pt\/brevemente\/portalegre-saiu-a-rua-para-ver-a-baja\/","og_site_name":"Atelier do Caractere","article_publisher":"https:\/\/www.facebook.com\/AtelierdoCaractere","article_published_time":"2025-10-23T10:54:18+00:00","article_modified_time":"2025-10-30T10:56:00+00:00","og_image":[{"width":1600,"height":1069,"url":"https:\/\/www.atelierdocaractere.pt\/wp-content\/uploads\/2025\/10\/img-20251023-wa0009.jpg","type":"image\/jpeg"}],"author":"Joana Barbosa","twitter_card":"summary_large_image","twitter_misc":{"Escrito por":"Joana Barbosa","Tempo estimado de leitura":"4 minutos"},"schema":{"@context":"https:\/\/schema.org","@graph":[{"@type":"WebPage","@id":"https:\/\/www.atelierdocaractere.pt\/brevemente\/portalegre-saiu-a-rua-para-ver-a-baja\/","url":"https:\/\/www.atelierdocaractere.pt\/brevemente\/portalegre-saiu-a-rua-para-ver-a-baja\/","name":"Portalegre saiu \u00e0 rua para ver a baja - Atelier do Caractere","isPartOf":{"@id":"https:\/\/www.atelierdocaractere.pt\/brevemente\/#website"},"datePublished":"2025-10-23T10:54:18+00:00","dateModified":"2025-10-30T10:56:00+00:00","author":{"@id":"https:\/\/www.atelierdocaractere.pt\/brevemente\/#\/schema\/person\/f2f096eb0f27d9894725af22cb97c0db"},"breadcrumb":{"@id":"https:\/\/www.atelierdocaractere.pt\/brevemente\/portalegre-saiu-a-rua-para-ver-a-baja\/#breadcrumb"},"inLanguage":"pt-PT","potentialAction":[{"@type":"ReadAction","target":["https:\/\/www.atelierdocaractere.pt\/brevemente\/portalegre-saiu-a-rua-para-ver-a-baja\/"]}]},{"@type":"BreadcrumbList","@id":"https:\/\/www.atelierdocaractere.pt\/brevemente\/portalegre-saiu-a-rua-para-ver-a-baja\/#breadcrumb","itemListElement":[{"@type":"ListItem","position":1,"name":"In\u00edcio","item":"https:\/\/www.atelierdocaractere.pt\/brevemente\/"},{"@type":"ListItem","position":2,"name":"Portalegre saiu \u00e0 rua para ver a baja"}]},{"@type":"WebSite","@id":"https:\/\/www.atelierdocaractere.pt\/brevemente\/#website","url":"https:\/\/www.atelierdocaractere.pt\/brevemente\/","name":"Atelier do Caractere","description":"","potentialAction":[{"@type":"SearchAction","target":{"@type":"EntryPoint","urlTemplate":"https:\/\/www.atelierdocaractere.pt\/brevemente\/?s={search_term_string}"},"query-input":"required name=search_term_string"}],"inLanguage":"pt-PT"},{"@type":"Person","@id":"https:\/\/www.atelierdocaractere.pt\/brevemente\/#\/schema\/person\/f2f096eb0f27d9894725af22cb97c0db","name":"Joana Barbosa","image":{"@type":"ImageObject","inLanguage":"pt-PT","@id":"https:\/\/www.atelierdocaractere.pt\/brevemente\/#\/schema\/person\/image\/","url":"https:\/\/secure.gravatar.com\/avatar\/33e8214b45e9d68a3a83008731075979?s=96&d=mm&r=g","contentUrl":"https:\/\/secure.gravatar.com\/avatar\/33e8214b45e9d68a3a83008731075979?s=96&d=mm&r=g","caption":"Joana Barbosa"},"url":"https:\/\/www.atelierdocaractere.pt\/brevemente\/author\/joanabarbosa\/"}]}},"_links":{"self":[{"href":"https:\/\/www.atelierdocaractere.pt\/brevemente\/wp-json\/wp\/v2\/posts\/14038"}],"collection":[{"href":"https:\/\/www.atelierdocaractere.pt\/brevemente\/wp-json\/wp\/v2\/posts"}],"about":[{"href":"https:\/\/www.atelierdocaractere.pt\/brevemente\/wp-json\/wp\/v2\/types\/post"}],"author":[{"embeddable":true,"href":"https:\/\/www.atelierdocaractere.pt\/brevemente\/wp-json\/wp\/v2\/users\/7"}],"replies":[{"embeddable":true,"href":"https:\/\/www.atelierdocaractere.pt\/brevemente\/wp-json\/wp\/v2\/comments?post=14038"}],"version-history":[{"count":1,"href":"https:\/\/www.atelierdocaractere.pt\/brevemente\/wp-json\/wp\/v2\/posts\/14038\/revisions"}],"predecessor-version":[{"id":14040,"href":"https:\/\/www.atelierdocaractere.pt\/brevemente\/wp-json\/wp\/v2\/posts\/14038\/revisions\/14040"}],"wp:featuredmedia":[{"embeddable":true,"href":"https:\/\/www.atelierdocaractere.pt\/brevemente\/wp-json\/wp\/v2\/media\/14039"}],"wp:attachment":[{"href":"https:\/\/www.atelierdocaractere.pt\/brevemente\/wp-json\/wp\/v2\/media?parent=14038"}],"wp:term":[{"taxonomy":"category","embeddable":true,"href":"https:\/\/www.atelierdocaractere.pt\/brevemente\/wp-json\/wp\/v2\/categories?post=14038"},{"taxonomy":"post_tag","embeddable":true,"href":"https:\/\/www.atelierdocaractere.pt\/brevemente\/wp-json\/wp\/v2\/tags?post=14038"}],"curies":[{"name":"wp","href":"https:\/\/api.w.org\/{rel}","templated":true}]}}