{"id":14047,"date":"2025-10-28T11:04:20","date_gmt":"2025-10-28T11:04:20","guid":{"rendered":"https:\/\/www.atelierdocaractere.pt\/brevemente\/?p=14047"},"modified":"2025-10-30T11:05:58","modified_gmt":"2025-10-30T11:05:58","slug":"rede-mobi-viseu-dao-lafoes-ja-esta-disponivel-no-google-maps-e-permite-novos-metodos-de-pagamento","status":"publish","type":"post","link":"https:\/\/www.atelierdocaractere.pt\/brevemente\/rede-mobi-viseu-dao-lafoes-ja-esta-disponivel-no-google-maps-e-permite-novos-metodos-de-pagamento\/","title":{"rendered":"Rede Mobi Viseu D\u00e3o Laf\u00f5es j\u00e1 est\u00e1 dispon\u00edvel no Google Maps e permite novos m\u00e9todos de pagamento"},"content":{"rendered":"\n<p><strong>Utilizadores podem agora planear as suas viagens na aplica\u00e7\u00e3o do Google e carregar os passes via MB Way ou Pagaqui.<\/strong><\/p>\n\n\n\n<p>A\u00a0<strong>Mobi Viseu D\u00e3o Laf\u00f5es<\/strong>, rede intermunicipal de transportes p\u00fablicos da Comunidade Intermunicipal (CIM) Viseu D\u00e3o Laf\u00f5es, operada pela\u00a0<strong>Transdev<\/strong>, j\u00e1 est\u00e1 integrada no\u00a0<strong>Google Transit<\/strong>, a funcionalidade de transportes p\u00fablicos do\u00a0<strong>Google Maps<\/strong>. A partir de agora, os passageiros podem consultar percursos, paragens e hor\u00e1rios diretamente na aplica\u00e7\u00e3o, tornando as desloca\u00e7\u00f5es di\u00e1rias mais simples e pr\u00e1ticas.<br>\u00a0<br>Esta integra\u00e7\u00e3o representa um marco importante na facilidade de utiliza\u00e7\u00e3o da rede, permitindo planear as viagens de forma mais intuitiva e com informa\u00e7\u00e3o fi\u00e1vel e atualizada.<br>Para consultar os hor\u00e1rios no\u00a0<strong>Google Maps<\/strong>, basta abrir a aplica\u00e7\u00e3o, introduzir o destino desejado, selecionar \u201cDire\u00e7\u00f5es\u201d e escolher o \u00edcone de transportes p\u00fablicos. A app apresentar\u00e1 as linhas dispon\u00edveis, os hor\u00e1rios de partida e chegada e permite visualizar todas as paragens ao longo da linha selecionada.<br>\u00a0<br>Os passageiros podem tamb\u00e9m continuar a usufruir de todas as funcionalidades atrav\u00e9s da\u00a0<strong>app Mobi Viseu D\u00e3o Laf\u00f5es<\/strong>, que disponibiliza, em tempo real, a localiza\u00e7\u00e3o dos autocarros em circula\u00e7\u00e3o e o tempo estimado de chegada \u00e0 paragem pretendida, garantindo maior comodidade e previsibilidade no dia a dia.<br>\u00a0<br>A app\u00a0<strong>Mobi Viseu D\u00e3o Laf\u00f5es<\/strong>\u00a0est\u00e1 dispon\u00edvel para download gratuito na Google Play Store (Android) e na App Store (iOS). Adicionalmente, toda a informa\u00e7\u00e3o sobre percursos, hor\u00e1rios e tarifas pode igualmente ser consultada em\u00a0<a href=\"https:\/\/mixlife.us21.list-manage.com\/track\/click?u=6fa784dd5dedbb105dedc3702&amp;id=594f966a68&amp;e=a88eb34a0e\"><strong>www.mobiviseudaolafoes.pt<\/strong><\/a>.<br>\u00a0<br><strong>Novos m\u00e9todos de pagamento<\/strong><br>\u00a0<br>Como parte da estrat\u00e9gia de moderniza\u00e7\u00e3o cont\u00ednua do servi\u00e7o, a rede Mobi Viseu D\u00e3o Laf\u00f5es passou tamb\u00e9m a disponibilizar\u00a0<strong>novos m\u00e9todos de carregamento dos passes<\/strong>, atrav\u00e9s do\u00a0<strong>MB Way<\/strong>\u00a0e da\u00a0<strong>rede Pagaqui<\/strong>. Para acederem \u00e0 funcionalidade de carregamento atrav\u00e9s do MB Way dispon\u00edvel no site, os passageiros devem, previamente, atualizar o seu endere\u00e7o eletr\u00f3nico num dos pontos de venda da rede Mobi Viseu D\u00e3o Laf\u00f5es.<br>\u00a0<br>Estas solu\u00e7\u00f5es permitem aos utilizadores\u00a0<strong>carregar os passes mensais de forma simples, r\u00e1pida e c\u00f3moda<\/strong>, no conforto das suas casas ou numa rede alargada, num processo simples e intuitivo. Desta forma, refor\u00e7a-se a conveni\u00eancia e a proximidade do servi\u00e7o, colocando a tecnologia ao servi\u00e7o do dia a dia dos passageiros.<br>\u00a0<br><em>\u201cA integra\u00e7\u00e3o da Mobi Viseu D\u00e3o Laf\u00f5es no Google Maps \u00e9 mais um passo importante no caminho que temos vindo a prosseguir na moderniza\u00e7\u00e3o e digitaliza\u00e7\u00e3o dos transportes p\u00fablicos da regi\u00e3o\u201d<\/em>, sublinha\u00a0<strong>Nuno Martinho<\/strong>, Secret\u00e1rio Executivo da CIM Viseu D\u00e3o Laf\u00f5es.<br>\u00a0<br><em>\u201cA conjuga\u00e7\u00e3o com m\u00e9todos de pagamento simples e acess\u00edveis, como o MB Way e o Pagaqui, refor\u00e7a o nosso compromisso com um servi\u00e7o de proximidade, cada vez mais pr\u00e1tico, eficiente e adaptado \u00e0s necessidades das pessoas.<\/em>\u00a0<em>Estamos a colocar a tecnologia ao servi\u00e7o dos cidad\u00e3os que vivem, estudam e trabalham nos 14 munic\u00edpios da Comunidade Intermunicipal e, desta forma, facilitar e promover cada vez mais a utiliza\u00e7\u00e3o do transporte p\u00fablico na nossa regi\u00e3o\u201d,\u00a0<\/em>acrescenta.<\/p>\n\n\n\n<p><strong>Sobre a CIM Viseu D\u00e3o Laf\u00f5es:<\/strong><br>A CIM Viseu D\u00e3o Laf\u00f5es \u00e9 uma associa\u00e7\u00e3o de munic\u00edpios, denominada como Comunidade Intermunicipal, sendo constitu\u00edda pelos munic\u00edpios de\u00a0Aguiar da Beira, Carregal do Sal, Castro Daire, Mangualde, Nelas, Oliveira de Frades, Penalva do Castelo, Santa Comba D\u00e3o, S\u00e3o Pedro do Sul, S\u00e1t\u00e3o, Tondela, Vila Nova de Paiva, Viseu e Vouzela.<\/p>\n","protected":false},"excerpt":{"rendered":"<p>Utilizadores podem agora planear as suas viagens na aplica\u00e7\u00e3o do Google e carregar os passes via MB Way ou Pagaqui&#8230;.<\/p>\n","protected":false},"author":7,"featured_media":14048,"comment_status":"closed","ping_status":"open","sticky":false,"template":"","format":"standard","meta":[],"categories":[33],"tags":[448,968,636],"yoast_head":"<!-- This site is optimized with the Yoast SEO plugin v20.12 - https:\/\/yoast.com\/wordpress\/plugins\/seo\/ -->\n<title>Rede Mobi Viseu D\u00e3o Laf\u00f5es j\u00e1 est\u00e1 dispon\u00edvel no Google Maps e permite novos m\u00e9todos de pagamento - Atelier do Caractere<\/title>\n<meta name=\"robots\" content=\"index, follow, max-snippet:-1, max-image-preview:large, max-video-preview:-1\" \/>\n<link rel=\"canonical\" href=\"https:\/\/www.atelierdocaractere.pt\/brevemente\/rede-mobi-viseu-dao-lafoes-ja-esta-disponivel-no-google-maps-e-permite-novos-metodos-de-pagamento\/\" \/>\n<meta property=\"og:locale\" content=\"pt_PT\" \/>\n<meta property=\"og:type\" content=\"article\" \/>\n<meta property=\"og:title\" content=\"Rede Mobi Viseu D\u00e3o Laf\u00f5es j\u00e1 est\u00e1 dispon\u00edvel no Google Maps e permite novos m\u00e9todos de pagamento - Atelier do Caractere\" \/>\n<meta property=\"og:description\" content=\"Utilizadores podem agora planear as suas viagens na aplica\u00e7\u00e3o do Google e carregar os passes via MB Way ou Pagaqui....\" \/>\n<meta property=\"og:url\" content=\"https:\/\/www.atelierdocaractere.pt\/brevemente\/rede-mobi-viseu-dao-lafoes-ja-esta-disponivel-no-google-maps-e-permite-novos-metodos-de-pagamento\/\" \/>\n<meta property=\"og:site_name\" content=\"Atelier do Caractere\" \/>\n<meta property=\"article:publisher\" content=\"https:\/\/www.facebook.com\/AtelierdoCaractere\" \/>\n<meta property=\"article:published_time\" content=\"2025-10-28T11:04:20+00:00\" \/>\n<meta property=\"article:modified_time\" content=\"2025-10-30T11:05:58+00:00\" \/>\n<meta property=\"og:image\" content=\"https:\/\/www.atelierdocaractere.pt\/wp-content\/uploads\/2025\/10\/d3726884-9d44-96ce-9f61-768bdf0c8ba3.png\" \/>\n\t<meta property=\"og:image:width\" content=\"1200\" \/>\n\t<meta property=\"og:image:height\" content=\"900\" \/>\n\t<meta property=\"og:image:type\" content=\"image\/png\" \/>\n<meta name=\"author\" content=\"Joana Barbosa\" \/>\n<meta name=\"twitter:card\" content=\"summary_large_image\" \/>\n<meta name=\"twitter:label1\" content=\"Escrito por\" \/>\n\t<meta name=\"twitter:data1\" content=\"Joana Barbosa\" \/>\n\t<meta name=\"twitter:label2\" content=\"Tempo estimado de leitura\" \/>\n\t<meta name=\"twitter:data2\" content=\"3 minutos\" \/>\n<script type=\"application\/ld+json\" class=\"yoast-schema-graph\">{\"@context\":\"https:\/\/schema.org\",\"@graph\":[{\"@type\":\"WebPage\",\"@id\":\"https:\/\/www.atelierdocaractere.pt\/brevemente\/rede-mobi-viseu-dao-lafoes-ja-esta-disponivel-no-google-maps-e-permite-novos-metodos-de-pagamento\/\",\"url\":\"https:\/\/www.atelierdocaractere.pt\/brevemente\/rede-mobi-viseu-dao-lafoes-ja-esta-disponivel-no-google-maps-e-permite-novos-metodos-de-pagamento\/\",\"name\":\"Rede Mobi Viseu D\u00e3o Laf\u00f5es j\u00e1 est\u00e1 dispon\u00edvel no Google Maps e permite novos m\u00e9todos de pagamento - Atelier do Caractere\",\"isPartOf\":{\"@id\":\"https:\/\/www.atelierdocaractere.pt\/brevemente\/#website\"},\"datePublished\":\"2025-10-28T11:04:20+00:00\",\"dateModified\":\"2025-10-30T11:05:58+00:00\",\"author\":{\"@id\":\"https:\/\/www.atelierdocaractere.pt\/brevemente\/#\/schema\/person\/f2f096eb0f27d9894725af22cb97c0db\"},\"breadcrumb\":{\"@id\":\"https:\/\/www.atelierdocaractere.pt\/brevemente\/rede-mobi-viseu-dao-lafoes-ja-esta-disponivel-no-google-maps-e-permite-novos-metodos-de-pagamento\/#breadcrumb\"},\"inLanguage\":\"pt-PT\",\"potentialAction\":[{\"@type\":\"ReadAction\",\"target\":[\"https:\/\/www.atelierdocaractere.pt\/brevemente\/rede-mobi-viseu-dao-lafoes-ja-esta-disponivel-no-google-maps-e-permite-novos-metodos-de-pagamento\/\"]}]},{\"@type\":\"BreadcrumbList\",\"@id\":\"https:\/\/www.atelierdocaractere.pt\/brevemente\/rede-mobi-viseu-dao-lafoes-ja-esta-disponivel-no-google-maps-e-permite-novos-metodos-de-pagamento\/#breadcrumb\",\"itemListElement\":[{\"@type\":\"ListItem\",\"position\":1,\"name\":\"In\u00edcio\",\"item\":\"https:\/\/www.atelierdocaractere.pt\/brevemente\/\"},{\"@type\":\"ListItem\",\"position\":2,\"name\":\"Rede Mobi Viseu D\u00e3o Laf\u00f5es j\u00e1 est\u00e1 dispon\u00edvel no Google Maps e permite novos m\u00e9todos de pagamento\"}]},{\"@type\":\"WebSite\",\"@id\":\"https:\/\/www.atelierdocaractere.pt\/brevemente\/#website\",\"url\":\"https:\/\/www.atelierdocaractere.pt\/brevemente\/\",\"name\":\"Atelier do Caractere\",\"description\":\"\",\"potentialAction\":[{\"@type\":\"SearchAction\",\"target\":{\"@type\":\"EntryPoint\",\"urlTemplate\":\"https:\/\/www.atelierdocaractere.pt\/brevemente\/?s={search_term_string}\"},\"query-input\":\"required name=search_term_string\"}],\"inLanguage\":\"pt-PT\"},{\"@type\":\"Person\",\"@id\":\"https:\/\/www.atelierdocaractere.pt\/brevemente\/#\/schema\/person\/f2f096eb0f27d9894725af22cb97c0db\",\"name\":\"Joana Barbosa\",\"image\":{\"@type\":\"ImageObject\",\"inLanguage\":\"pt-PT\",\"@id\":\"https:\/\/www.atelierdocaractere.pt\/brevemente\/#\/schema\/person\/image\/\",\"url\":\"https:\/\/secure.gravatar.com\/avatar\/33e8214b45e9d68a3a83008731075979?s=96&d=mm&r=g\",\"contentUrl\":\"https:\/\/secure.gravatar.com\/avatar\/33e8214b45e9d68a3a83008731075979?s=96&d=mm&r=g\",\"caption\":\"Joana Barbosa\"},\"url\":\"https:\/\/www.atelierdocaractere.pt\/brevemente\/author\/joanabarbosa\/\"}]}<\/script>\n<!-- \/ Yoast SEO plugin. -->","yoast_head_json":{"title":"Rede Mobi Viseu D\u00e3o Laf\u00f5es j\u00e1 est\u00e1 dispon\u00edvel no Google Maps e permite novos m\u00e9todos de pagamento - Atelier do Caractere","robots":{"index":"index","follow":"follow","max-snippet":"max-snippet:-1","max-image-preview":"max-image-preview:large","max-video-preview":"max-video-preview:-1"},"canonical":"https:\/\/www.atelierdocaractere.pt\/brevemente\/rede-mobi-viseu-dao-lafoes-ja-esta-disponivel-no-google-maps-e-permite-novos-metodos-de-pagamento\/","og_locale":"pt_PT","og_type":"article","og_title":"Rede Mobi Viseu D\u00e3o Laf\u00f5es j\u00e1 est\u00e1 dispon\u00edvel no Google Maps e permite novos m\u00e9todos de pagamento - Atelier do Caractere","og_description":"Utilizadores podem agora planear as suas viagens na aplica\u00e7\u00e3o do Google e carregar os passes via MB Way ou Pagaqui....","og_url":"https:\/\/www.atelierdocaractere.pt\/brevemente\/rede-mobi-viseu-dao-lafoes-ja-esta-disponivel-no-google-maps-e-permite-novos-metodos-de-pagamento\/","og_site_name":"Atelier do Caractere","article_publisher":"https:\/\/www.facebook.com\/AtelierdoCaractere","article_published_time":"2025-10-28T11:04:20+00:00","article_modified_time":"2025-10-30T11:05:58+00:00","og_image":[{"width":1200,"height":900,"url":"https:\/\/www.atelierdocaractere.pt\/wp-content\/uploads\/2025\/10\/d3726884-9d44-96ce-9f61-768bdf0c8ba3.png","type":"image\/png"}],"author":"Joana Barbosa","twitter_card":"summary_large_image","twitter_misc":{"Escrito por":"Joana Barbosa","Tempo estimado de leitura":"3 minutos"},"schema":{"@context":"https:\/\/schema.org","@graph":[{"@type":"WebPage","@id":"https:\/\/www.atelierdocaractere.pt\/brevemente\/rede-mobi-viseu-dao-lafoes-ja-esta-disponivel-no-google-maps-e-permite-novos-metodos-de-pagamento\/","url":"https:\/\/www.atelierdocaractere.pt\/brevemente\/rede-mobi-viseu-dao-lafoes-ja-esta-disponivel-no-google-maps-e-permite-novos-metodos-de-pagamento\/","name":"Rede Mobi Viseu D\u00e3o Laf\u00f5es j\u00e1 est\u00e1 dispon\u00edvel no Google Maps e permite novos m\u00e9todos de pagamento - Atelier do Caractere","isPartOf":{"@id":"https:\/\/www.atelierdocaractere.pt\/brevemente\/#website"},"datePublished":"2025-10-28T11:04:20+00:00","dateModified":"2025-10-30T11:05:58+00:00","author":{"@id":"https:\/\/www.atelierdocaractere.pt\/brevemente\/#\/schema\/person\/f2f096eb0f27d9894725af22cb97c0db"},"breadcrumb":{"@id":"https:\/\/www.atelierdocaractere.pt\/brevemente\/rede-mobi-viseu-dao-lafoes-ja-esta-disponivel-no-google-maps-e-permite-novos-metodos-de-pagamento\/#breadcrumb"},"inLanguage":"pt-PT","potentialAction":[{"@type":"ReadAction","target":["https:\/\/www.atelierdocaractere.pt\/brevemente\/rede-mobi-viseu-dao-lafoes-ja-esta-disponivel-no-google-maps-e-permite-novos-metodos-de-pagamento\/"]}]},{"@type":"BreadcrumbList","@id":"https:\/\/www.atelierdocaractere.pt\/brevemente\/rede-mobi-viseu-dao-lafoes-ja-esta-disponivel-no-google-maps-e-permite-novos-metodos-de-pagamento\/#breadcrumb","itemListElement":[{"@type":"ListItem","position":1,"name":"In\u00edcio","item":"https:\/\/www.atelierdocaractere.pt\/brevemente\/"},{"@type":"ListItem","position":2,"name":"Rede Mobi Viseu D\u00e3o Laf\u00f5es j\u00e1 est\u00e1 dispon\u00edvel no Google Maps e permite novos m\u00e9todos de pagamento"}]},{"@type":"WebSite","@id":"https:\/\/www.atelierdocaractere.pt\/brevemente\/#website","url":"https:\/\/www.atelierdocaractere.pt\/brevemente\/","name":"Atelier do Caractere","description":"","potentialAction":[{"@type":"SearchAction","target":{"@type":"EntryPoint","urlTemplate":"https:\/\/www.atelierdocaractere.pt\/brevemente\/?s={search_term_string}"},"query-input":"required name=search_term_string"}],"inLanguage":"pt-PT"},{"@type":"Person","@id":"https:\/\/www.atelierdocaractere.pt\/brevemente\/#\/schema\/person\/f2f096eb0f27d9894725af22cb97c0db","name":"Joana Barbosa","image":{"@type":"ImageObject","inLanguage":"pt-PT","@id":"https:\/\/www.atelierdocaractere.pt\/brevemente\/#\/schema\/person\/image\/","url":"https:\/\/secure.gravatar.com\/avatar\/33e8214b45e9d68a3a83008731075979?s=96&d=mm&r=g","contentUrl":"https:\/\/secure.gravatar.com\/avatar\/33e8214b45e9d68a3a83008731075979?s=96&d=mm&r=g","caption":"Joana Barbosa"},"url":"https:\/\/www.atelierdocaractere.pt\/brevemente\/author\/joanabarbosa\/"}]}},"_links":{"self":[{"href":"https:\/\/www.atelierdocaractere.pt\/brevemente\/wp-json\/wp\/v2\/posts\/14047"}],"collection":[{"href":"https:\/\/www.atelierdocaractere.pt\/brevemente\/wp-json\/wp\/v2\/posts"}],"about":[{"href":"https:\/\/www.atelierdocaractere.pt\/brevemente\/wp-json\/wp\/v2\/types\/post"}],"author":[{"embeddable":true,"href":"https:\/\/www.atelierdocaractere.pt\/brevemente\/wp-json\/wp\/v2\/users\/7"}],"replies":[{"embeddable":true,"href":"https:\/\/www.atelierdocaractere.pt\/brevemente\/wp-json\/wp\/v2\/comments?post=14047"}],"version-history":[{"count":1,"href":"https:\/\/www.atelierdocaractere.pt\/brevemente\/wp-json\/wp\/v2\/posts\/14047\/revisions"}],"predecessor-version":[{"id":14049,"href":"https:\/\/www.atelierdocaractere.pt\/brevemente\/wp-json\/wp\/v2\/posts\/14047\/revisions\/14049"}],"wp:featuredmedia":[{"embeddable":true,"href":"https:\/\/www.atelierdocaractere.pt\/brevemente\/wp-json\/wp\/v2\/media\/14048"}],"wp:attachment":[{"href":"https:\/\/www.atelierdocaractere.pt\/brevemente\/wp-json\/wp\/v2\/media?parent=14047"}],"wp:term":[{"taxonomy":"category","embeddable":true,"href":"https:\/\/www.atelierdocaractere.pt\/brevemente\/wp-json\/wp\/v2\/categories?post=14047"},{"taxonomy":"post_tag","embeddable":true,"href":"https:\/\/www.atelierdocaractere.pt\/brevemente\/wp-json\/wp\/v2\/tags?post=14047"}],"curies":[{"name":"wp","href":"https:\/\/api.w.org\/{rel}","templated":true}]}}