{"id":14050,"date":"2025-10-29T11:06:37","date_gmt":"2025-10-29T11:06:37","guid":{"rendered":"https:\/\/www.atelierdocaractere.pt\/brevemente\/?p=14050"},"modified":"2025-10-30T11:08:42","modified_gmt":"2025-10-30T11:08:42","slug":"reuniao-de-parceiros-do-agrotour-sudoe-em-torla","status":"publish","type":"post","link":"https:\/\/www.atelierdocaractere.pt\/brevemente\/reuniao-de-parceiros-do-agrotour-sudoe-em-torla\/","title":{"rendered":"Reuni\u00e3o de Parceiros do AgroTour SUDOE em Torla"},"content":{"rendered":"\n<p>O projeto\u00a0<strong>AgroTour SUDOE<\/strong>, financiado pelo Programa de Coopera\u00e7\u00e3o Territorial do Espa\u00e7o Sudoeste Europeu (SUDOE), realizou, entre os dias 16 e 17 de outubro, a sua quarta reuni\u00e3o de coordena\u00e7\u00e3o em Torla, no cora\u00e7\u00e3o do Parque Nacional de Ordesa e Monte Perdido, em Espanha. O encontro reuniu representantes das entidades parceiras com o objetivo de avan\u00e7ar na defini\u00e7\u00e3o e implementa\u00e7\u00e3o de um modelo de agroturismo sustent\u00e1vel no sudoeste europeu.<br>\u00a0<br>A CIM Viseu D\u00e3o Laf\u00f5es aproveitou esta reuni\u00e3o de coordena\u00e7\u00e3o para apresentar aos parceiros o mapeamento do trabalho desenvolvido na cria\u00e7\u00e3o de uma experi\u00eancia-piloto de Agroturismo no seu territ\u00f3rio.<br>\u00a0<br>Durante as sess\u00f5es de trabalho, os parceiros tiveram a oportunidade de dar a conhecer os avan\u00e7os das diferentes experi\u00eancias-piloto em curso, centradas na digitaliza\u00e7\u00e3o, inova\u00e7\u00e3o sustent\u00e1vel, segmenta\u00e7\u00e3o de produtos tur\u00edsticos para visitantes urbanos, marketing digital e uso de intelig\u00eancia artificial, bem como no acompanhamento de indicadores-chave.<br>\u00a0<br>A agenda incluiu tamb\u00e9m a cria\u00e7\u00e3o de um dispositivo de conhecimento, a defini\u00e7\u00e3o de uma estrat\u00e9gia comum para o desenvolvimento do agroturismo no espa\u00e7o SUDOE e propostas para a constru\u00e7\u00e3o de parcerias p\u00fablico-privadas sustent\u00e1veis.<br>\u00a0<br>Como parte do programa, os participantes realizam uma\u00a0<strong>visita t\u00e9cnica<\/strong>\u00a0\u00e0 zona de Ordesa e Monte Perdido. A visita t\u00e9cnica incluiu a apresenta\u00e7\u00e3o de uma parte da experi\u00eancia piloto Gran Reserva, desenvolvida pela Reserva da Biosfera Ordesa Vi\u00f1amala. O percurso foi feito por um trecho da rota vertical do rio Ara e permitiu conhecer uma explora\u00e7\u00e3o pecu\u00e1ria certificada, bem como o ambiente cultural das localidades de Buesa e Broto.<br>\u00a0<br>Al\u00e9m disso, os participantes tiveram a oportunidade de desfrutar de uma experi\u00eancia agrotur\u00edstica numa queijaria local, onde puderam observar o trabalho com as cabras, o processo de ordenha e a elabora\u00e7\u00e3o artesanal do queijo. Esta atividade visou fomentar uma maior conex\u00e3o entre as pessoas e o meio natural, promovendo pr\u00e1ticas sustent\u00e1veis que favore\u00e7am a conviv\u00eancia e o equil\u00edbrio com o meio ambiente.<br>\u00a0<br>O segundo dia da reuni\u00e3o foi dedicado \u00e0 revis\u00e3o do estado dos trabalhos, \u00e0 gest\u00e3o e coordena\u00e7\u00e3o do projeto, bem como ao refor\u00e7o das estrat\u00e9gias de comunica\u00e7\u00e3o e visibilidade do AgroTour SUDOE.<br>\u00a0<br>Segundo o\u00a0<strong>Secret\u00e1rio Executivo da CIM Viseu D\u00e3o Laf\u00f5es<\/strong>,\u00a0<strong>Nuno Martinho<\/strong>, \u201c<em>a participa\u00e7\u00e3o da CIM Viseu D\u00e3o Laf\u00f5es neste projeto representa um passo na valoriza\u00e7\u00e3o dos nossos territ\u00f3rios rurais e na estrutura\u00e7\u00e3o do produto tur\u00edstico associado ao agroturismo enquanto um setor de atividade que promove o desenvolvimento sustent\u00e1vel. Atrav\u00e9s do projeto AgroTour SUDOE, estamos no desenvolvimento de uma proposta tur\u00edstica que alia inova\u00e7\u00e3o e sustentabilidade, promovendo experi\u00eancias \u00edmpares que refor\u00e7am a identidade do nosso territ\u00f3rio e o posicionam enquanto destino tur\u00edstico de excel\u00eancia<\/em>\u201d.<br>\u00a0<br>O projeto AgroTour SUDOE visa promover um modelo de agroturismo sustent\u00e1vel na regi\u00e3o SUDOE, contribuindo para o desenvolvimento socioecon\u00f3mico e a prote\u00e7\u00e3o do ambiente. Atrav\u00e9s da coopera\u00e7\u00e3o entre m\u00faltiplos atores, procura gerar experi\u00eancias piloto que promovam a coes\u00e3o entre o ambiente urbano e rural, bem como a valoriza\u00e7\u00e3o dos produtos agroalimentares locais.<br>\u00a0<br>Al\u00e9m da CIM Viseu D\u00e3o Laf\u00f5es, este projeto conta com a colabora\u00e7\u00e3o de uma vasta parceria que inclui entidades como a Chambre d&#8217;Agriculture Dordogne (Fran\u00e7a), o Comit\u00e9 R\u00e9gional du Tourisme et des Loisirs de la R\u00e9gion Occitanie (Fran\u00e7a), a Chambre d&#8217;Agriculture de l&#8217;Ari\u00e8ge (Fran\u00e7a), a Sociedad para el Desarrollo de la Provincia de Burgos (Espanha), o Consorcio Reserva Biosfera Ordesa Vi\u00f1amala (Espanha), a Fundaci\u00f3n \u00c1vila (Espanha), a Universidad de Salamanca (Espanha) e a Comunidade Intermunicipal do Ave (Portugal).<\/p>\n\n\n\n<p><strong>Sobre a CIM Viseu D\u00e3o Laf\u00f5es:<\/strong><br>A CIM Viseu D\u00e3o Laf\u00f5es \u00e9 uma associa\u00e7\u00e3o de munic\u00edpios, denominada como Comunidade Intermunicipal, sendo constitu\u00edda pelos munic\u00edpios de\u00a0Aguiar da Beira, Carregal do Sal, Castro Daire, Mangualde, Nelas, Oliveira de Frades, Penalva do Castelo, Santa Comba D\u00e3o, S\u00e3o Pedro do Sul, S\u00e1t\u00e3o, Tondela, Vila Nova de Paiva, Viseu e Vouzela.<\/p>\n","protected":false},"excerpt":{"rendered":"<p>O projeto\u00a0AgroTour SUDOE, financiado pelo Programa de Coopera\u00e7\u00e3o Territorial do Espa\u00e7o Sudoeste Europeu (SUDOE), realizou, entre os dias 16 e&#8230;<\/p>\n","protected":false},"author":7,"featured_media":14051,"comment_status":"closed","ping_status":"open","sticky":false,"template":"","format":"standard","meta":[],"categories":[67],"tags":[448,636],"yoast_head":"<!-- This site is optimized with the Yoast SEO plugin v20.12 - https:\/\/yoast.com\/wordpress\/plugins\/seo\/ -->\n<title>Reuni\u00e3o de Parceiros do AgroTour SUDOE em Torla - Atelier do Caractere<\/title>\n<meta name=\"robots\" content=\"index, follow, max-snippet:-1, max-image-preview:large, max-video-preview:-1\" \/>\n<link rel=\"canonical\" href=\"https:\/\/www.atelierdocaractere.pt\/brevemente\/reuniao-de-parceiros-do-agrotour-sudoe-em-torla\/\" \/>\n<meta property=\"og:locale\" content=\"pt_PT\" \/>\n<meta property=\"og:type\" content=\"article\" \/>\n<meta property=\"og:title\" content=\"Reuni\u00e3o de Parceiros do AgroTour SUDOE em Torla - Atelier do Caractere\" \/>\n<meta property=\"og:description\" content=\"O projeto\u00a0AgroTour SUDOE, financiado pelo Programa de Coopera\u00e7\u00e3o Territorial do Espa\u00e7o Sudoeste Europeu (SUDOE), realizou, entre os dias 16 e...\" \/>\n<meta property=\"og:url\" content=\"https:\/\/www.atelierdocaractere.pt\/brevemente\/reuniao-de-parceiros-do-agrotour-sudoe-em-torla\/\" \/>\n<meta property=\"og:site_name\" content=\"Atelier do Caractere\" \/>\n<meta property=\"article:publisher\" content=\"https:\/\/www.facebook.com\/AtelierdoCaractere\" \/>\n<meta property=\"article:published_time\" content=\"2025-10-29T11:06:37+00:00\" \/>\n<meta property=\"article:modified_time\" content=\"2025-10-30T11:08:42+00:00\" \/>\n<meta property=\"og:image\" content=\"https:\/\/www.atelierdocaractere.pt\/wp-content\/uploads\/2025\/10\/e4c08816-3f16-4bd5-4e79-6d77e44ad12e.jpeg\" \/>\n\t<meta property=\"og:image:width\" content=\"1200\" \/>\n\t<meta property=\"og:image:height\" content=\"900\" \/>\n\t<meta property=\"og:image:type\" content=\"image\/jpeg\" \/>\n<meta name=\"author\" content=\"Joana Barbosa\" \/>\n<meta name=\"twitter:card\" content=\"summary_large_image\" \/>\n<meta name=\"twitter:label1\" content=\"Escrito por\" \/>\n\t<meta name=\"twitter:data1\" content=\"Joana Barbosa\" \/>\n\t<meta name=\"twitter:label2\" content=\"Tempo estimado de leitura\" \/>\n\t<meta name=\"twitter:data2\" content=\"4 minutos\" \/>\n<script type=\"application\/ld+json\" class=\"yoast-schema-graph\">{\"@context\":\"https:\/\/schema.org\",\"@graph\":[{\"@type\":\"WebPage\",\"@id\":\"https:\/\/www.atelierdocaractere.pt\/brevemente\/reuniao-de-parceiros-do-agrotour-sudoe-em-torla\/\",\"url\":\"https:\/\/www.atelierdocaractere.pt\/brevemente\/reuniao-de-parceiros-do-agrotour-sudoe-em-torla\/\",\"name\":\"Reuni\u00e3o de Parceiros do AgroTour SUDOE em Torla - Atelier do Caractere\",\"isPartOf\":{\"@id\":\"https:\/\/www.atelierdocaractere.pt\/brevemente\/#website\"},\"datePublished\":\"2025-10-29T11:06:37+00:00\",\"dateModified\":\"2025-10-30T11:08:42+00:00\",\"author\":{\"@id\":\"https:\/\/www.atelierdocaractere.pt\/brevemente\/#\/schema\/person\/f2f096eb0f27d9894725af22cb97c0db\"},\"breadcrumb\":{\"@id\":\"https:\/\/www.atelierdocaractere.pt\/brevemente\/reuniao-de-parceiros-do-agrotour-sudoe-em-torla\/#breadcrumb\"},\"inLanguage\":\"pt-PT\",\"potentialAction\":[{\"@type\":\"ReadAction\",\"target\":[\"https:\/\/www.atelierdocaractere.pt\/brevemente\/reuniao-de-parceiros-do-agrotour-sudoe-em-torla\/\"]}]},{\"@type\":\"BreadcrumbList\",\"@id\":\"https:\/\/www.atelierdocaractere.pt\/brevemente\/reuniao-de-parceiros-do-agrotour-sudoe-em-torla\/#breadcrumb\",\"itemListElement\":[{\"@type\":\"ListItem\",\"position\":1,\"name\":\"In\u00edcio\",\"item\":\"https:\/\/www.atelierdocaractere.pt\/brevemente\/\"},{\"@type\":\"ListItem\",\"position\":2,\"name\":\"Reuni\u00e3o de Parceiros do AgroTour SUDOE em Torla\"}]},{\"@type\":\"WebSite\",\"@id\":\"https:\/\/www.atelierdocaractere.pt\/brevemente\/#website\",\"url\":\"https:\/\/www.atelierdocaractere.pt\/brevemente\/\",\"name\":\"Atelier do Caractere\",\"description\":\"\",\"potentialAction\":[{\"@type\":\"SearchAction\",\"target\":{\"@type\":\"EntryPoint\",\"urlTemplate\":\"https:\/\/www.atelierdocaractere.pt\/brevemente\/?s={search_term_string}\"},\"query-input\":\"required name=search_term_string\"}],\"inLanguage\":\"pt-PT\"},{\"@type\":\"Person\",\"@id\":\"https:\/\/www.atelierdocaractere.pt\/brevemente\/#\/schema\/person\/f2f096eb0f27d9894725af22cb97c0db\",\"name\":\"Joana Barbosa\",\"image\":{\"@type\":\"ImageObject\",\"inLanguage\":\"pt-PT\",\"@id\":\"https:\/\/www.atelierdocaractere.pt\/brevemente\/#\/schema\/person\/image\/\",\"url\":\"https:\/\/secure.gravatar.com\/avatar\/33e8214b45e9d68a3a83008731075979?s=96&d=mm&r=g\",\"contentUrl\":\"https:\/\/secure.gravatar.com\/avatar\/33e8214b45e9d68a3a83008731075979?s=96&d=mm&r=g\",\"caption\":\"Joana Barbosa\"},\"url\":\"https:\/\/www.atelierdocaractere.pt\/brevemente\/author\/joanabarbosa\/\"}]}<\/script>\n<!-- \/ Yoast SEO plugin. -->","yoast_head_json":{"title":"Reuni\u00e3o de Parceiros do AgroTour SUDOE em Torla - Atelier do Caractere","robots":{"index":"index","follow":"follow","max-snippet":"max-snippet:-1","max-image-preview":"max-image-preview:large","max-video-preview":"max-video-preview:-1"},"canonical":"https:\/\/www.atelierdocaractere.pt\/brevemente\/reuniao-de-parceiros-do-agrotour-sudoe-em-torla\/","og_locale":"pt_PT","og_type":"article","og_title":"Reuni\u00e3o de Parceiros do AgroTour SUDOE em Torla - Atelier do Caractere","og_description":"O projeto\u00a0AgroTour SUDOE, financiado pelo Programa de Coopera\u00e7\u00e3o Territorial do Espa\u00e7o Sudoeste Europeu (SUDOE), realizou, entre os dias 16 e...","og_url":"https:\/\/www.atelierdocaractere.pt\/brevemente\/reuniao-de-parceiros-do-agrotour-sudoe-em-torla\/","og_site_name":"Atelier do Caractere","article_publisher":"https:\/\/www.facebook.com\/AtelierdoCaractere","article_published_time":"2025-10-29T11:06:37+00:00","article_modified_time":"2025-10-30T11:08:42+00:00","og_image":[{"width":1200,"height":900,"url":"https:\/\/www.atelierdocaractere.pt\/wp-content\/uploads\/2025\/10\/e4c08816-3f16-4bd5-4e79-6d77e44ad12e.jpeg","type":"image\/jpeg"}],"author":"Joana Barbosa","twitter_card":"summary_large_image","twitter_misc":{"Escrito por":"Joana Barbosa","Tempo estimado de leitura":"4 minutos"},"schema":{"@context":"https:\/\/schema.org","@graph":[{"@type":"WebPage","@id":"https:\/\/www.atelierdocaractere.pt\/brevemente\/reuniao-de-parceiros-do-agrotour-sudoe-em-torla\/","url":"https:\/\/www.atelierdocaractere.pt\/brevemente\/reuniao-de-parceiros-do-agrotour-sudoe-em-torla\/","name":"Reuni\u00e3o de Parceiros do AgroTour SUDOE em Torla - Atelier do Caractere","isPartOf":{"@id":"https:\/\/www.atelierdocaractere.pt\/brevemente\/#website"},"datePublished":"2025-10-29T11:06:37+00:00","dateModified":"2025-10-30T11:08:42+00:00","author":{"@id":"https:\/\/www.atelierdocaractere.pt\/brevemente\/#\/schema\/person\/f2f096eb0f27d9894725af22cb97c0db"},"breadcrumb":{"@id":"https:\/\/www.atelierdocaractere.pt\/brevemente\/reuniao-de-parceiros-do-agrotour-sudoe-em-torla\/#breadcrumb"},"inLanguage":"pt-PT","potentialAction":[{"@type":"ReadAction","target":["https:\/\/www.atelierdocaractere.pt\/brevemente\/reuniao-de-parceiros-do-agrotour-sudoe-em-torla\/"]}]},{"@type":"BreadcrumbList","@id":"https:\/\/www.atelierdocaractere.pt\/brevemente\/reuniao-de-parceiros-do-agrotour-sudoe-em-torla\/#breadcrumb","itemListElement":[{"@type":"ListItem","position":1,"name":"In\u00edcio","item":"https:\/\/www.atelierdocaractere.pt\/brevemente\/"},{"@type":"ListItem","position":2,"name":"Reuni\u00e3o de Parceiros do AgroTour SUDOE em Torla"}]},{"@type":"WebSite","@id":"https:\/\/www.atelierdocaractere.pt\/brevemente\/#website","url":"https:\/\/www.atelierdocaractere.pt\/brevemente\/","name":"Atelier do Caractere","description":"","potentialAction":[{"@type":"SearchAction","target":{"@type":"EntryPoint","urlTemplate":"https:\/\/www.atelierdocaractere.pt\/brevemente\/?s={search_term_string}"},"query-input":"required name=search_term_string"}],"inLanguage":"pt-PT"},{"@type":"Person","@id":"https:\/\/www.atelierdocaractere.pt\/brevemente\/#\/schema\/person\/f2f096eb0f27d9894725af22cb97c0db","name":"Joana Barbosa","image":{"@type":"ImageObject","inLanguage":"pt-PT","@id":"https:\/\/www.atelierdocaractere.pt\/brevemente\/#\/schema\/person\/image\/","url":"https:\/\/secure.gravatar.com\/avatar\/33e8214b45e9d68a3a83008731075979?s=96&d=mm&r=g","contentUrl":"https:\/\/secure.gravatar.com\/avatar\/33e8214b45e9d68a3a83008731075979?s=96&d=mm&r=g","caption":"Joana Barbosa"},"url":"https:\/\/www.atelierdocaractere.pt\/brevemente\/author\/joanabarbosa\/"}]}},"_links":{"self":[{"href":"https:\/\/www.atelierdocaractere.pt\/brevemente\/wp-json\/wp\/v2\/posts\/14050"}],"collection":[{"href":"https:\/\/www.atelierdocaractere.pt\/brevemente\/wp-json\/wp\/v2\/posts"}],"about":[{"href":"https:\/\/www.atelierdocaractere.pt\/brevemente\/wp-json\/wp\/v2\/types\/post"}],"author":[{"embeddable":true,"href":"https:\/\/www.atelierdocaractere.pt\/brevemente\/wp-json\/wp\/v2\/users\/7"}],"replies":[{"embeddable":true,"href":"https:\/\/www.atelierdocaractere.pt\/brevemente\/wp-json\/wp\/v2\/comments?post=14050"}],"version-history":[{"count":1,"href":"https:\/\/www.atelierdocaractere.pt\/brevemente\/wp-json\/wp\/v2\/posts\/14050\/revisions"}],"predecessor-version":[{"id":14052,"href":"https:\/\/www.atelierdocaractere.pt\/brevemente\/wp-json\/wp\/v2\/posts\/14050\/revisions\/14052"}],"wp:featuredmedia":[{"embeddable":true,"href":"https:\/\/www.atelierdocaractere.pt\/brevemente\/wp-json\/wp\/v2\/media\/14051"}],"wp:attachment":[{"href":"https:\/\/www.atelierdocaractere.pt\/brevemente\/wp-json\/wp\/v2\/media?parent=14050"}],"wp:term":[{"taxonomy":"category","embeddable":true,"href":"https:\/\/www.atelierdocaractere.pt\/brevemente\/wp-json\/wp\/v2\/categories?post=14050"},{"taxonomy":"post_tag","embeddable":true,"href":"https:\/\/www.atelierdocaractere.pt\/brevemente\/wp-json\/wp\/v2\/tags?post=14050"}],"curies":[{"name":"wp","href":"https:\/\/api.w.org\/{rel}","templated":true}]}}