{"id":14060,"date":"2025-11-11T15:19:49","date_gmt":"2025-11-11T15:19:49","guid":{"rendered":"https:\/\/www.atelierdocaractere.pt\/brevemente\/?p=14060"},"modified":"2025-11-12T15:21:50","modified_gmt":"2025-11-12T15:21:50","slug":"joao-azevedo-eleito-presidente-da-cim-viseu-dao-lafoes","status":"publish","type":"post","link":"https:\/\/www.atelierdocaractere.pt\/brevemente\/joao-azevedo-eleito-presidente-da-cim-viseu-dao-lafoes\/","title":{"rendered":"Jo\u00e3o Azevedo eleito Presidente da CIM Viseu D\u00e3o Laf\u00f5es"},"content":{"rendered":"\n<p><strong>Presidente da C\u00e2mara Municipal de Viseu foi escolhido pelos seus pares para liderar a Comunidade Intermunicipal, na reuni\u00e3o que decorreu hoje, em Tondela. Nuno Martinho foi indicado para continuar como Primeiro Secret\u00e1rio Executivo Intermunicipal.<\/strong><\/p>\n\n\n\n<figure class=\"wp-block-image size-large\"><img decoding=\"async\" width=\"1024\" height=\"683\" src=\"https:\/\/www.atelierdocaractere.pt\/wp-content\/uploads\/2025\/11\/f60310b4-ca6d-7107-d7b9-d40c9fa69632-1024x683.jpg\" alt=\"\" class=\"wp-image-14061\" srcset=\"https:\/\/www.atelierdocaractere.pt\/wp-content\/uploads\/2025\/11\/f60310b4-ca6d-7107-d7b9-d40c9fa69632-1024x683.jpg 1024w, https:\/\/www.atelierdocaractere.pt\/wp-content\/uploads\/2025\/11\/f60310b4-ca6d-7107-d7b9-d40c9fa69632-300x200.jpg 300w, https:\/\/www.atelierdocaractere.pt\/wp-content\/uploads\/2025\/11\/f60310b4-ca6d-7107-d7b9-d40c9fa69632-768x512.jpg 768w, https:\/\/www.atelierdocaractere.pt\/wp-content\/uploads\/2025\/11\/f60310b4-ca6d-7107-d7b9-d40c9fa69632-900x600.jpg 900w, https:\/\/www.atelierdocaractere.pt\/wp-content\/uploads\/2025\/11\/f60310b4-ca6d-7107-d7b9-d40c9fa69632-675x450.jpg 675w, https:\/\/www.atelierdocaractere.pt\/wp-content\/uploads\/2025\/11\/f60310b4-ca6d-7107-d7b9-d40c9fa69632.jpg 1200w\" sizes=\"(max-width: 1024px) 100vw, 1024px\" \/><\/figure>\n\n\n\n<p><strong>Jo\u00e3o Azevedo<\/strong>\u00a0foi eleito hoje, dia 11 de novembro,\u00a0<strong>Presidente da Comunidade Intermunicipal (CIM) Viseu D\u00e3o Laf\u00f5es<\/strong>\u00a0para o mandato 2025-2029. A elei\u00e7\u00e3o do tamb\u00e9m Presidente da C\u00e2mara Municipal de Viseu, por unanimidade, decorreu durante a reuni\u00e3o do Conselho Intermunicipal, na sede da CIM, em Tondela.<br>\u00a0<br>Os Presidentes dos 14 munic\u00edpios que integram a CIM Viseu D\u00e3o Laf\u00f5es elegeram ainda os dois Vice-Presidentes, que s\u00e3o os Presidentes das C\u00e2maras Municipais de Castro Daire e Mangualde, respetivamente\u00a0<strong>Paulo Almeida<\/strong>\u00a0e\u00a0<strong>Marco Almeida<\/strong>.<br>\u00a0<br>Na mesma reuni\u00e3o, foi igualmente indicada, por unanimidade, a recondu\u00e7\u00e3o de\u00a0<strong>Nuno Martinho<\/strong>\u00a0no cargo de\u00a0<strong>Primeiro<\/strong>\u00a0<strong>Secret\u00e1rio Executivo Intermunicipal<\/strong>, refor\u00e7ando a continuidade do trabalho desenvolvido e o refor\u00e7o da estabilidade institucional da CIM. Esta proposta ser\u00e1 ainda sujeita a vota\u00e7\u00e3o na Assembleia Intermunicipal, a realizar no pr\u00f3ximo m\u00eas de dezembro.\u00a0<br>\u00a0<br>Para\u00a0<strong>Jo\u00e3o Azevedo<\/strong>, esta elei\u00e7\u00e3o un\u00e2nime traduz o esp\u00edrito de &#8220;<strong><em>coopera\u00e7\u00e3o e uni\u00e3o<\/em><\/strong>&#8221; que distingue este territ\u00f3rio.\u00a0<em>&#8220;A CIM Viseu D\u00e3o Laf\u00f5es \u00e9 um exemplo, reconhecido em todo o pa\u00eds, de como o trabalho conjunto e a coopera\u00e7\u00e3o intermunicipal entre os autarcas pode gerar resultados concretos. \u00c9 com essa experi\u00eancia e base de confian\u00e7a que assumo esta responsabilidade, com o compromisso de continuar a fazer da nossa regi\u00e3o uma refer\u00eancia de coes\u00e3o, de sustentabilidade e de desenvolvimento&#8221;<\/em>, sublinha o novo Presidente da CIM Viseu D\u00e3o Laf\u00f5es.<br>\u00a0<br><strong>Jo\u00e3o Azevedo,<\/strong>\u00a0destaca, ainda, a ambi\u00e7\u00e3o de\u00a0<strong>refor\u00e7ar a lideran\u00e7a regional da CIM<\/strong>, potenciando a sua capacidade de influenciar pol\u00edticas e captar investimento. &#8220;<em>\u00c9 tempo de prosseguirmos a afirma\u00e7\u00e3o da regi\u00e3o no contexto nacional. Temos de liderar com solidariedade, criando pontes, acelerando projetos e garantindo que nenhum concelho fica para tr\u00e1s. Vamos trabalhar no sentido da melhor execu\u00e7\u00e3o dos fundos comunit\u00e1rios, dos diversos projetos, de mobilidade, de habita\u00e7\u00e3o e sustentabilidade ambiental, potenciando sempre a economia real do territ\u00f3rio. Queremos confirmar o grande potencial de Viseu D\u00e3o Laf\u00f5es, apoiando a equipa e a capacidade de ac\u00e7\u00e3o de uma CIM que tem vindo a ser uma refer\u00eancia nacional ao longo dos anos<\/em>&#8220;, afirmou.<br>\u00a0<br>Num tom de apelo \u00e0 a\u00e7\u00e3o conjunta,\u00a0<strong>Jo\u00e3o Azevedo<\/strong>\u00a0acrescentou: &#8220;<em>A for\u00e7a de Viseu D\u00e3o Laf\u00f5es reside na diversidade dos seus munic\u00edpios e na coes\u00e3o entre todos. Cada autarca conhece as suas gentes e as suas prioridades. Cabe-nos, neste novo ciclo, a responsabilidade de prosseguirmos a afirma\u00e7\u00e3o regional, com responsabilidade e proximidade. Vamos faz\u00ea-lo em equipa e com todos os atores do nosso territ\u00f3rio<\/em>&#8220;.<\/p>\n\n\n\n<p><strong>Sobre a CIM Viseu D\u00e3o Laf\u00f5es:<\/strong><br>A CIM Viseu D\u00e3o Laf\u00f5es \u00e9 uma associa\u00e7\u00e3o de munic\u00edpios, denominada como Comunidade Intermunicipal, sendo constitu\u00edda pelos munic\u00edpios de\u00a0Aguiar da Beira, Carregal do Sal, Castro Daire, Mangualde, Nelas, Oliveira de Frades, Penalva do Castelo, Santa Comba D\u00e3o, S\u00e3o Pedro do Sul, S\u00e1t\u00e3o, Tondela, Vila Nova de Paiva, Viseu e Vouzela.<\/p>\n","protected":false},"excerpt":{"rendered":"<p>Presidente da C\u00e2mara Municipal de Viseu foi escolhido pelos seus pares para liderar a Comunidade Intermunicipal, na reuni\u00e3o que decorreu&#8230;<\/p>\n","protected":false},"author":7,"featured_media":14061,"comment_status":"closed","ping_status":"open","sticky":false,"template":"","format":"standard","meta":[],"categories":[33],"tags":[448],"yoast_head":"<!-- This site is optimized with the Yoast SEO plugin v20.12 - https:\/\/yoast.com\/wordpress\/plugins\/seo\/ -->\n<title>Jo\u00e3o Azevedo eleito Presidente da CIM Viseu D\u00e3o Laf\u00f5es - Atelier do Caractere<\/title>\n<meta name=\"robots\" content=\"index, follow, max-snippet:-1, max-image-preview:large, max-video-preview:-1\" \/>\n<link rel=\"canonical\" href=\"https:\/\/www.atelierdocaractere.pt\/brevemente\/joao-azevedo-eleito-presidente-da-cim-viseu-dao-lafoes\/\" \/>\n<meta property=\"og:locale\" content=\"pt_PT\" \/>\n<meta property=\"og:type\" content=\"article\" \/>\n<meta property=\"og:title\" content=\"Jo\u00e3o Azevedo eleito Presidente da CIM Viseu D\u00e3o Laf\u00f5es - Atelier do Caractere\" \/>\n<meta property=\"og:description\" content=\"Presidente da C\u00e2mara Municipal de Viseu foi escolhido pelos seus pares para liderar a Comunidade Intermunicipal, na reuni\u00e3o que decorreu...\" \/>\n<meta property=\"og:url\" content=\"https:\/\/www.atelierdocaractere.pt\/brevemente\/joao-azevedo-eleito-presidente-da-cim-viseu-dao-lafoes\/\" \/>\n<meta property=\"og:site_name\" content=\"Atelier do Caractere\" \/>\n<meta property=\"article:publisher\" content=\"https:\/\/www.facebook.com\/AtelierdoCaractere\" \/>\n<meta property=\"article:published_time\" content=\"2025-11-11T15:19:49+00:00\" \/>\n<meta property=\"article:modified_time\" content=\"2025-11-12T15:21:50+00:00\" \/>\n<meta property=\"og:image\" content=\"https:\/\/www.atelierdocaractere.pt\/wp-content\/uploads\/2025\/11\/f60310b4-ca6d-7107-d7b9-d40c9fa69632.jpg\" \/>\n\t<meta property=\"og:image:width\" content=\"1200\" \/>\n\t<meta property=\"og:image:height\" content=\"800\" \/>\n\t<meta property=\"og:image:type\" content=\"image\/jpeg\" \/>\n<meta name=\"author\" content=\"Joana Barbosa\" \/>\n<meta name=\"twitter:card\" content=\"summary_large_image\" \/>\n<meta name=\"twitter:label1\" content=\"Escrito por\" \/>\n\t<meta name=\"twitter:data1\" content=\"Joana Barbosa\" \/>\n\t<meta name=\"twitter:label2\" content=\"Tempo estimado de leitura\" \/>\n\t<meta name=\"twitter:data2\" content=\"3 minutos\" \/>\n<script type=\"application\/ld+json\" class=\"yoast-schema-graph\">{\"@context\":\"https:\/\/schema.org\",\"@graph\":[{\"@type\":\"WebPage\",\"@id\":\"https:\/\/www.atelierdocaractere.pt\/brevemente\/joao-azevedo-eleito-presidente-da-cim-viseu-dao-lafoes\/\",\"url\":\"https:\/\/www.atelierdocaractere.pt\/brevemente\/joao-azevedo-eleito-presidente-da-cim-viseu-dao-lafoes\/\",\"name\":\"Jo\u00e3o Azevedo eleito Presidente da CIM Viseu D\u00e3o Laf\u00f5es - Atelier do Caractere\",\"isPartOf\":{\"@id\":\"https:\/\/www.atelierdocaractere.pt\/brevemente\/#website\"},\"datePublished\":\"2025-11-11T15:19:49+00:00\",\"dateModified\":\"2025-11-12T15:21:50+00:00\",\"author\":{\"@id\":\"https:\/\/www.atelierdocaractere.pt\/brevemente\/#\/schema\/person\/f2f096eb0f27d9894725af22cb97c0db\"},\"breadcrumb\":{\"@id\":\"https:\/\/www.atelierdocaractere.pt\/brevemente\/joao-azevedo-eleito-presidente-da-cim-viseu-dao-lafoes\/#breadcrumb\"},\"inLanguage\":\"pt-PT\",\"potentialAction\":[{\"@type\":\"ReadAction\",\"target\":[\"https:\/\/www.atelierdocaractere.pt\/brevemente\/joao-azevedo-eleito-presidente-da-cim-viseu-dao-lafoes\/\"]}]},{\"@type\":\"BreadcrumbList\",\"@id\":\"https:\/\/www.atelierdocaractere.pt\/brevemente\/joao-azevedo-eleito-presidente-da-cim-viseu-dao-lafoes\/#breadcrumb\",\"itemListElement\":[{\"@type\":\"ListItem\",\"position\":1,\"name\":\"In\u00edcio\",\"item\":\"https:\/\/www.atelierdocaractere.pt\/brevemente\/\"},{\"@type\":\"ListItem\",\"position\":2,\"name\":\"Jo\u00e3o Azevedo eleito Presidente da CIM Viseu D\u00e3o Laf\u00f5es\"}]},{\"@type\":\"WebSite\",\"@id\":\"https:\/\/www.atelierdocaractere.pt\/brevemente\/#website\",\"url\":\"https:\/\/www.atelierdocaractere.pt\/brevemente\/\",\"name\":\"Atelier do Caractere\",\"description\":\"\",\"potentialAction\":[{\"@type\":\"SearchAction\",\"target\":{\"@type\":\"EntryPoint\",\"urlTemplate\":\"https:\/\/www.atelierdocaractere.pt\/brevemente\/?s={search_term_string}\"},\"query-input\":\"required name=search_term_string\"}],\"inLanguage\":\"pt-PT\"},{\"@type\":\"Person\",\"@id\":\"https:\/\/www.atelierdocaractere.pt\/brevemente\/#\/schema\/person\/f2f096eb0f27d9894725af22cb97c0db\",\"name\":\"Joana Barbosa\",\"image\":{\"@type\":\"ImageObject\",\"inLanguage\":\"pt-PT\",\"@id\":\"https:\/\/www.atelierdocaractere.pt\/brevemente\/#\/schema\/person\/image\/\",\"url\":\"https:\/\/secure.gravatar.com\/avatar\/33e8214b45e9d68a3a83008731075979?s=96&d=mm&r=g\",\"contentUrl\":\"https:\/\/secure.gravatar.com\/avatar\/33e8214b45e9d68a3a83008731075979?s=96&d=mm&r=g\",\"caption\":\"Joana Barbosa\"},\"url\":\"https:\/\/www.atelierdocaractere.pt\/brevemente\/author\/joanabarbosa\/\"}]}<\/script>\n<!-- \/ Yoast SEO plugin. -->","yoast_head_json":{"title":"Jo\u00e3o Azevedo eleito Presidente da CIM Viseu D\u00e3o Laf\u00f5es - Atelier do Caractere","robots":{"index":"index","follow":"follow","max-snippet":"max-snippet:-1","max-image-preview":"max-image-preview:large","max-video-preview":"max-video-preview:-1"},"canonical":"https:\/\/www.atelierdocaractere.pt\/brevemente\/joao-azevedo-eleito-presidente-da-cim-viseu-dao-lafoes\/","og_locale":"pt_PT","og_type":"article","og_title":"Jo\u00e3o Azevedo eleito Presidente da CIM Viseu D\u00e3o Laf\u00f5es - Atelier do Caractere","og_description":"Presidente da C\u00e2mara Municipal de Viseu foi escolhido pelos seus pares para liderar a Comunidade Intermunicipal, na reuni\u00e3o que decorreu...","og_url":"https:\/\/www.atelierdocaractere.pt\/brevemente\/joao-azevedo-eleito-presidente-da-cim-viseu-dao-lafoes\/","og_site_name":"Atelier do Caractere","article_publisher":"https:\/\/www.facebook.com\/AtelierdoCaractere","article_published_time":"2025-11-11T15:19:49+00:00","article_modified_time":"2025-11-12T15:21:50+00:00","og_image":[{"width":1200,"height":800,"url":"https:\/\/www.atelierdocaractere.pt\/wp-content\/uploads\/2025\/11\/f60310b4-ca6d-7107-d7b9-d40c9fa69632.jpg","type":"image\/jpeg"}],"author":"Joana Barbosa","twitter_card":"summary_large_image","twitter_misc":{"Escrito por":"Joana Barbosa","Tempo estimado de leitura":"3 minutos"},"schema":{"@context":"https:\/\/schema.org","@graph":[{"@type":"WebPage","@id":"https:\/\/www.atelierdocaractere.pt\/brevemente\/joao-azevedo-eleito-presidente-da-cim-viseu-dao-lafoes\/","url":"https:\/\/www.atelierdocaractere.pt\/brevemente\/joao-azevedo-eleito-presidente-da-cim-viseu-dao-lafoes\/","name":"Jo\u00e3o Azevedo eleito Presidente da CIM Viseu D\u00e3o Laf\u00f5es - Atelier do Caractere","isPartOf":{"@id":"https:\/\/www.atelierdocaractere.pt\/brevemente\/#website"},"datePublished":"2025-11-11T15:19:49+00:00","dateModified":"2025-11-12T15:21:50+00:00","author":{"@id":"https:\/\/www.atelierdocaractere.pt\/brevemente\/#\/schema\/person\/f2f096eb0f27d9894725af22cb97c0db"},"breadcrumb":{"@id":"https:\/\/www.atelierdocaractere.pt\/brevemente\/joao-azevedo-eleito-presidente-da-cim-viseu-dao-lafoes\/#breadcrumb"},"inLanguage":"pt-PT","potentialAction":[{"@type":"ReadAction","target":["https:\/\/www.atelierdocaractere.pt\/brevemente\/joao-azevedo-eleito-presidente-da-cim-viseu-dao-lafoes\/"]}]},{"@type":"BreadcrumbList","@id":"https:\/\/www.atelierdocaractere.pt\/brevemente\/joao-azevedo-eleito-presidente-da-cim-viseu-dao-lafoes\/#breadcrumb","itemListElement":[{"@type":"ListItem","position":1,"name":"In\u00edcio","item":"https:\/\/www.atelierdocaractere.pt\/brevemente\/"},{"@type":"ListItem","position":2,"name":"Jo\u00e3o Azevedo eleito Presidente da CIM Viseu D\u00e3o Laf\u00f5es"}]},{"@type":"WebSite","@id":"https:\/\/www.atelierdocaractere.pt\/brevemente\/#website","url":"https:\/\/www.atelierdocaractere.pt\/brevemente\/","name":"Atelier do Caractere","description":"","potentialAction":[{"@type":"SearchAction","target":{"@type":"EntryPoint","urlTemplate":"https:\/\/www.atelierdocaractere.pt\/brevemente\/?s={search_term_string}"},"query-input":"required name=search_term_string"}],"inLanguage":"pt-PT"},{"@type":"Person","@id":"https:\/\/www.atelierdocaractere.pt\/brevemente\/#\/schema\/person\/f2f096eb0f27d9894725af22cb97c0db","name":"Joana Barbosa","image":{"@type":"ImageObject","inLanguage":"pt-PT","@id":"https:\/\/www.atelierdocaractere.pt\/brevemente\/#\/schema\/person\/image\/","url":"https:\/\/secure.gravatar.com\/avatar\/33e8214b45e9d68a3a83008731075979?s=96&d=mm&r=g","contentUrl":"https:\/\/secure.gravatar.com\/avatar\/33e8214b45e9d68a3a83008731075979?s=96&d=mm&r=g","caption":"Joana Barbosa"},"url":"https:\/\/www.atelierdocaractere.pt\/brevemente\/author\/joanabarbosa\/"}]}},"_links":{"self":[{"href":"https:\/\/www.atelierdocaractere.pt\/brevemente\/wp-json\/wp\/v2\/posts\/14060"}],"collection":[{"href":"https:\/\/www.atelierdocaractere.pt\/brevemente\/wp-json\/wp\/v2\/posts"}],"about":[{"href":"https:\/\/www.atelierdocaractere.pt\/brevemente\/wp-json\/wp\/v2\/types\/post"}],"author":[{"embeddable":true,"href":"https:\/\/www.atelierdocaractere.pt\/brevemente\/wp-json\/wp\/v2\/users\/7"}],"replies":[{"embeddable":true,"href":"https:\/\/www.atelierdocaractere.pt\/brevemente\/wp-json\/wp\/v2\/comments?post=14060"}],"version-history":[{"count":1,"href":"https:\/\/www.atelierdocaractere.pt\/brevemente\/wp-json\/wp\/v2\/posts\/14060\/revisions"}],"predecessor-version":[{"id":14062,"href":"https:\/\/www.atelierdocaractere.pt\/brevemente\/wp-json\/wp\/v2\/posts\/14060\/revisions\/14062"}],"wp:featuredmedia":[{"embeddable":true,"href":"https:\/\/www.atelierdocaractere.pt\/brevemente\/wp-json\/wp\/v2\/media\/14061"}],"wp:attachment":[{"href":"https:\/\/www.atelierdocaractere.pt\/brevemente\/wp-json\/wp\/v2\/media?parent=14060"}],"wp:term":[{"taxonomy":"category","embeddable":true,"href":"https:\/\/www.atelierdocaractere.pt\/brevemente\/wp-json\/wp\/v2\/categories?post=14060"},{"taxonomy":"post_tag","embeddable":true,"href":"https:\/\/www.atelierdocaractere.pt\/brevemente\/wp-json\/wp\/v2\/tags?post=14060"}],"curies":[{"name":"wp","href":"https:\/\/api.w.org\/{rel}","templated":true}]}}