{"id":14063,"date":"2025-11-01T15:23:07","date_gmt":"2025-11-01T15:23:07","guid":{"rendered":"https:\/\/www.atelierdocaractere.pt\/brevemente\/?p=14063"},"modified":"2025-11-12T15:25:14","modified_gmt":"2025-11-12T15:25:14","slug":"o-rally-de-lisboa-serviu-para-evoluir-como-piloto","status":"publish","type":"post","link":"https:\/\/www.atelierdocaractere.pt\/brevemente\/o-rally-de-lisboa-serviu-para-evoluir-como-piloto\/","title":{"rendered":"\u201cO Rally de Lisboa serviu para evoluir como piloto\u201d"},"content":{"rendered":"\n<p><strong>A dupla Francisco Fontes\/Hugo Magalh\u00e3es enfrentou um duro desafio no Rally de Lisboa, prova integrada no calend\u00e1rio do \u201cFPAK J\u00fanior Team Ralis\u201d, com as condi\u00e7\u00f5es meteorol\u00f3gicas adversas a tornarem a prova \u201cmuito dif\u00edcil\u201d. No primeiro dia, o jovem piloto n\u00e3o conseguiu evitar uma sa\u00edda de estrada que obrigou \u00e0 desist\u00eancia, mas regressou \u00e0 competi\u00e7\u00e3o, em \u201cSuper Rally\u201d, no segundo dia, acumulando quil\u00f3metros e experi\u00eancia importantes para o futuro.<\/strong><\/p>\n\n\n\n<figure class=\"wp-block-image size-large\"><img decoding=\"async\" width=\"1024\" height=\"783\" src=\"https:\/\/www.atelierdocaractere.pt\/wp-content\/uploads\/2025\/11\/franciscofontesa-1024x783.jpg\" alt=\"\" class=\"wp-image-14064\" srcset=\"https:\/\/www.atelierdocaractere.pt\/wp-content\/uploads\/2025\/11\/franciscofontesa-1024x783.jpg 1024w, https:\/\/www.atelierdocaractere.pt\/wp-content\/uploads\/2025\/11\/franciscofontesa-300x230.jpg 300w, https:\/\/www.atelierdocaractere.pt\/wp-content\/uploads\/2025\/11\/franciscofontesa-768x588.jpg 768w, https:\/\/www.atelierdocaractere.pt\/wp-content\/uploads\/2025\/11\/franciscofontesa-1536x1175.jpg 1536w, https:\/\/www.atelierdocaractere.pt\/wp-content\/uploads\/2025\/11\/franciscofontesa.jpg 1920w\" sizes=\"(max-width: 1024px) 100vw, 1024px\" \/><\/figure>\n\n\n\n<p>Apesar da conquista da primeira vit\u00f3ria da carreira, duas semanas antes, no Rallye Vidreiro-Centro de Portugal, o piloto do Lancia Ypsilon HF Racing Rally6 iniciou o Rally de Lisboa com o foco&nbsp;<strong>\u201cn\u00e3o no resultado, mas em continuar a aprendizage<\/strong>m\u201d.<\/p>\n\n\n\n<p><strong>\u201cNo shakedown percebi que o carro tinha um bom comportamento \u00e0 chuva e senti-me a evoluir. O primeiro tro\u00e7o correu bastante bem, com o carro a agarrar minimamente e efetuei um bom tempo. Entrei com confian\u00e7a na segunda classificativa, mas numa travagem, numa zona com menos&nbsp;<em>grip<\/em>, acabei por sair de estrada e n\u00e3o consegui continuar nesse dia. Os ralis s\u00e3o mesmo assim, uma aprendizagem constante<\/strong>\u201d, admitiu o piloto de 18 anos.<\/p>\n\n\n\n<p>No dia seguinte, j\u00e1 em regime de \u201cSuper Rally\u201d, a dupla Francisco Fontes\/Hugo Magalh\u00e3es regressou com um objetivo claro: recuperar confian\u00e7a e continuar a aprender.<\/p>\n\n\n\n<p><strong>\u201cNa hora do balan\u00e7o, posso falar em aspetos positivos, mas n\u00e3o posso dizer que tenha sido uma prova positiva. O Rally de Lisboa serviu, acima de tudo, para perceber melhor o comportamento do carro em condi\u00e7\u00f5es dif\u00edceis e para evoluir como piloto. Obrigado aos meus patrocinadores e a todos os que me apoiam\u201d<\/strong>, destacou o jovem Francisco Fontes, que terminou classificado no 5\u00ba lugar entre os pilotos do &#8220;FPAK J\u00fanior Team Ralis&#8221;.<\/p>\n\n\n\n<p>O \u00c1gueda Rali Travocar (29 e 30 de novembro), derradeira prova do calend\u00e1rio do \u201cFPAK J\u00fanior Team Ralis\u201d, \u00e9 o pr\u00f3ximo desafio do piloto da Sports &amp; You:&nbsp;<strong>\u201cO objetivo \u00e9 terminar a \u00e9poca com um bom resultado, continuando a ganhar confian\u00e7a e experi\u00eancia. Cada rali \u00e9 uma oportunidade para aprender e melhorar.\u201d<\/strong><\/p>\n","protected":false},"excerpt":{"rendered":"<p>A dupla Francisco Fontes\/Hugo Magalh\u00e3es enfrentou um duro desafio no Rally de Lisboa, prova integrada no calend\u00e1rio do \u201cFPAK J\u00fanior&#8230;<\/p>\n","protected":false},"author":7,"featured_media":14064,"comment_status":"closed","ping_status":"open","sticky":false,"template":"","format":"standard","meta":[],"categories":[24],"tags":[1010,986,993],"yoast_head":"<!-- This site is optimized with the Yoast SEO plugin v20.12 - https:\/\/yoast.com\/wordpress\/plugins\/seo\/ -->\n<title>\u201cO Rally de Lisboa serviu para evoluir como piloto\u201d - Atelier do Caractere<\/title>\n<meta name=\"robots\" content=\"index, follow, max-snippet:-1, max-image-preview:large, max-video-preview:-1\" \/>\n<link rel=\"canonical\" href=\"https:\/\/www.atelierdocaractere.pt\/brevemente\/o-rally-de-lisboa-serviu-para-evoluir-como-piloto\/\" \/>\n<meta property=\"og:locale\" content=\"pt_PT\" \/>\n<meta property=\"og:type\" content=\"article\" \/>\n<meta property=\"og:title\" content=\"\u201cO Rally de Lisboa serviu para evoluir como piloto\u201d - Atelier do Caractere\" \/>\n<meta property=\"og:description\" content=\"A dupla Francisco Fontes\/Hugo Magalh\u00e3es enfrentou um duro desafio no Rally de Lisboa, prova integrada no calend\u00e1rio do \u201cFPAK J\u00fanior...\" \/>\n<meta property=\"og:url\" content=\"https:\/\/www.atelierdocaractere.pt\/brevemente\/o-rally-de-lisboa-serviu-para-evoluir-como-piloto\/\" \/>\n<meta property=\"og:site_name\" content=\"Atelier do Caractere\" \/>\n<meta property=\"article:publisher\" content=\"https:\/\/www.facebook.com\/AtelierdoCaractere\" \/>\n<meta property=\"article:published_time\" content=\"2025-11-01T15:23:07+00:00\" \/>\n<meta property=\"article:modified_time\" content=\"2025-11-12T15:25:14+00:00\" \/>\n<meta property=\"og:image\" content=\"https:\/\/www.atelierdocaractere.pt\/wp-content\/uploads\/2025\/11\/franciscofontesa.jpg\" \/>\n\t<meta property=\"og:image:width\" content=\"1920\" \/>\n\t<meta property=\"og:image:height\" content=\"1469\" \/>\n\t<meta property=\"og:image:type\" content=\"image\/jpeg\" \/>\n<meta name=\"author\" content=\"Joana Barbosa\" \/>\n<meta name=\"twitter:card\" content=\"summary_large_image\" \/>\n<meta name=\"twitter:label1\" content=\"Escrito por\" \/>\n\t<meta name=\"twitter:data1\" content=\"Joana Barbosa\" \/>\n\t<meta name=\"twitter:label2\" content=\"Tempo estimado de leitura\" \/>\n\t<meta name=\"twitter:data2\" content=\"3 minutos\" \/>\n<script type=\"application\/ld+json\" class=\"yoast-schema-graph\">{\"@context\":\"https:\/\/schema.org\",\"@graph\":[{\"@type\":\"WebPage\",\"@id\":\"https:\/\/www.atelierdocaractere.pt\/brevemente\/o-rally-de-lisboa-serviu-para-evoluir-como-piloto\/\",\"url\":\"https:\/\/www.atelierdocaractere.pt\/brevemente\/o-rally-de-lisboa-serviu-para-evoluir-como-piloto\/\",\"name\":\"\u201cO Rally de Lisboa serviu para evoluir como piloto\u201d - Atelier do Caractere\",\"isPartOf\":{\"@id\":\"https:\/\/www.atelierdocaractere.pt\/brevemente\/#website\"},\"datePublished\":\"2025-11-01T15:23:07+00:00\",\"dateModified\":\"2025-11-12T15:25:14+00:00\",\"author\":{\"@id\":\"https:\/\/www.atelierdocaractere.pt\/brevemente\/#\/schema\/person\/f2f096eb0f27d9894725af22cb97c0db\"},\"breadcrumb\":{\"@id\":\"https:\/\/www.atelierdocaractere.pt\/brevemente\/o-rally-de-lisboa-serviu-para-evoluir-como-piloto\/#breadcrumb\"},\"inLanguage\":\"pt-PT\",\"potentialAction\":[{\"@type\":\"ReadAction\",\"target\":[\"https:\/\/www.atelierdocaractere.pt\/brevemente\/o-rally-de-lisboa-serviu-para-evoluir-como-piloto\/\"]}]},{\"@type\":\"BreadcrumbList\",\"@id\":\"https:\/\/www.atelierdocaractere.pt\/brevemente\/o-rally-de-lisboa-serviu-para-evoluir-como-piloto\/#breadcrumb\",\"itemListElement\":[{\"@type\":\"ListItem\",\"position\":1,\"name\":\"In\u00edcio\",\"item\":\"https:\/\/www.atelierdocaractere.pt\/brevemente\/\"},{\"@type\":\"ListItem\",\"position\":2,\"name\":\"\u201cO Rally de Lisboa serviu para evoluir como piloto\u201d\"}]},{\"@type\":\"WebSite\",\"@id\":\"https:\/\/www.atelierdocaractere.pt\/brevemente\/#website\",\"url\":\"https:\/\/www.atelierdocaractere.pt\/brevemente\/\",\"name\":\"Atelier do Caractere\",\"description\":\"\",\"potentialAction\":[{\"@type\":\"SearchAction\",\"target\":{\"@type\":\"EntryPoint\",\"urlTemplate\":\"https:\/\/www.atelierdocaractere.pt\/brevemente\/?s={search_term_string}\"},\"query-input\":\"required name=search_term_string\"}],\"inLanguage\":\"pt-PT\"},{\"@type\":\"Person\",\"@id\":\"https:\/\/www.atelierdocaractere.pt\/brevemente\/#\/schema\/person\/f2f096eb0f27d9894725af22cb97c0db\",\"name\":\"Joana Barbosa\",\"image\":{\"@type\":\"ImageObject\",\"inLanguage\":\"pt-PT\",\"@id\":\"https:\/\/www.atelierdocaractere.pt\/brevemente\/#\/schema\/person\/image\/\",\"url\":\"https:\/\/secure.gravatar.com\/avatar\/33e8214b45e9d68a3a83008731075979?s=96&d=mm&r=g\",\"contentUrl\":\"https:\/\/secure.gravatar.com\/avatar\/33e8214b45e9d68a3a83008731075979?s=96&d=mm&r=g\",\"caption\":\"Joana Barbosa\"},\"url\":\"https:\/\/www.atelierdocaractere.pt\/brevemente\/author\/joanabarbosa\/\"}]}<\/script>\n<!-- \/ Yoast SEO plugin. -->","yoast_head_json":{"title":"\u201cO Rally de Lisboa serviu para evoluir como piloto\u201d - Atelier do Caractere","robots":{"index":"index","follow":"follow","max-snippet":"max-snippet:-1","max-image-preview":"max-image-preview:large","max-video-preview":"max-video-preview:-1"},"canonical":"https:\/\/www.atelierdocaractere.pt\/brevemente\/o-rally-de-lisboa-serviu-para-evoluir-como-piloto\/","og_locale":"pt_PT","og_type":"article","og_title":"\u201cO Rally de Lisboa serviu para evoluir como piloto\u201d - Atelier do Caractere","og_description":"A dupla Francisco Fontes\/Hugo Magalh\u00e3es enfrentou um duro desafio no Rally de Lisboa, prova integrada no calend\u00e1rio do \u201cFPAK J\u00fanior...","og_url":"https:\/\/www.atelierdocaractere.pt\/brevemente\/o-rally-de-lisboa-serviu-para-evoluir-como-piloto\/","og_site_name":"Atelier do Caractere","article_publisher":"https:\/\/www.facebook.com\/AtelierdoCaractere","article_published_time":"2025-11-01T15:23:07+00:00","article_modified_time":"2025-11-12T15:25:14+00:00","og_image":[{"width":1920,"height":1469,"url":"https:\/\/www.atelierdocaractere.pt\/wp-content\/uploads\/2025\/11\/franciscofontesa.jpg","type":"image\/jpeg"}],"author":"Joana Barbosa","twitter_card":"summary_large_image","twitter_misc":{"Escrito por":"Joana Barbosa","Tempo estimado de leitura":"3 minutos"},"schema":{"@context":"https:\/\/schema.org","@graph":[{"@type":"WebPage","@id":"https:\/\/www.atelierdocaractere.pt\/brevemente\/o-rally-de-lisboa-serviu-para-evoluir-como-piloto\/","url":"https:\/\/www.atelierdocaractere.pt\/brevemente\/o-rally-de-lisboa-serviu-para-evoluir-como-piloto\/","name":"\u201cO Rally de Lisboa serviu para evoluir como piloto\u201d - Atelier do Caractere","isPartOf":{"@id":"https:\/\/www.atelierdocaractere.pt\/brevemente\/#website"},"datePublished":"2025-11-01T15:23:07+00:00","dateModified":"2025-11-12T15:25:14+00:00","author":{"@id":"https:\/\/www.atelierdocaractere.pt\/brevemente\/#\/schema\/person\/f2f096eb0f27d9894725af22cb97c0db"},"breadcrumb":{"@id":"https:\/\/www.atelierdocaractere.pt\/brevemente\/o-rally-de-lisboa-serviu-para-evoluir-como-piloto\/#breadcrumb"},"inLanguage":"pt-PT","potentialAction":[{"@type":"ReadAction","target":["https:\/\/www.atelierdocaractere.pt\/brevemente\/o-rally-de-lisboa-serviu-para-evoluir-como-piloto\/"]}]},{"@type":"BreadcrumbList","@id":"https:\/\/www.atelierdocaractere.pt\/brevemente\/o-rally-de-lisboa-serviu-para-evoluir-como-piloto\/#breadcrumb","itemListElement":[{"@type":"ListItem","position":1,"name":"In\u00edcio","item":"https:\/\/www.atelierdocaractere.pt\/brevemente\/"},{"@type":"ListItem","position":2,"name":"\u201cO Rally de Lisboa serviu para evoluir como piloto\u201d"}]},{"@type":"WebSite","@id":"https:\/\/www.atelierdocaractere.pt\/brevemente\/#website","url":"https:\/\/www.atelierdocaractere.pt\/brevemente\/","name":"Atelier do Caractere","description":"","potentialAction":[{"@type":"SearchAction","target":{"@type":"EntryPoint","urlTemplate":"https:\/\/www.atelierdocaractere.pt\/brevemente\/?s={search_term_string}"},"query-input":"required name=search_term_string"}],"inLanguage":"pt-PT"},{"@type":"Person","@id":"https:\/\/www.atelierdocaractere.pt\/brevemente\/#\/schema\/person\/f2f096eb0f27d9894725af22cb97c0db","name":"Joana Barbosa","image":{"@type":"ImageObject","inLanguage":"pt-PT","@id":"https:\/\/www.atelierdocaractere.pt\/brevemente\/#\/schema\/person\/image\/","url":"https:\/\/secure.gravatar.com\/avatar\/33e8214b45e9d68a3a83008731075979?s=96&d=mm&r=g","contentUrl":"https:\/\/secure.gravatar.com\/avatar\/33e8214b45e9d68a3a83008731075979?s=96&d=mm&r=g","caption":"Joana Barbosa"},"url":"https:\/\/www.atelierdocaractere.pt\/brevemente\/author\/joanabarbosa\/"}]}},"_links":{"self":[{"href":"https:\/\/www.atelierdocaractere.pt\/brevemente\/wp-json\/wp\/v2\/posts\/14063"}],"collection":[{"href":"https:\/\/www.atelierdocaractere.pt\/brevemente\/wp-json\/wp\/v2\/posts"}],"about":[{"href":"https:\/\/www.atelierdocaractere.pt\/brevemente\/wp-json\/wp\/v2\/types\/post"}],"author":[{"embeddable":true,"href":"https:\/\/www.atelierdocaractere.pt\/brevemente\/wp-json\/wp\/v2\/users\/7"}],"replies":[{"embeddable":true,"href":"https:\/\/www.atelierdocaractere.pt\/brevemente\/wp-json\/wp\/v2\/comments?post=14063"}],"version-history":[{"count":1,"href":"https:\/\/www.atelierdocaractere.pt\/brevemente\/wp-json\/wp\/v2\/posts\/14063\/revisions"}],"predecessor-version":[{"id":14065,"href":"https:\/\/www.atelierdocaractere.pt\/brevemente\/wp-json\/wp\/v2\/posts\/14063\/revisions\/14065"}],"wp:featuredmedia":[{"embeddable":true,"href":"https:\/\/www.atelierdocaractere.pt\/brevemente\/wp-json\/wp\/v2\/media\/14064"}],"wp:attachment":[{"href":"https:\/\/www.atelierdocaractere.pt\/brevemente\/wp-json\/wp\/v2\/media?parent=14063"}],"wp:term":[{"taxonomy":"category","embeddable":true,"href":"https:\/\/www.atelierdocaractere.pt\/brevemente\/wp-json\/wp\/v2\/categories?post=14063"},{"taxonomy":"post_tag","embeddable":true,"href":"https:\/\/www.atelierdocaractere.pt\/brevemente\/wp-json\/wp\/v2\/tags?post=14063"}],"curies":[{"name":"wp","href":"https:\/\/api.w.org\/{rel}","templated":true}]}}