{"id":14070,"date":"2025-10-24T18:29:17","date_gmt":"2025-10-24T18:29:17","guid":{"rendered":"https:\/\/www.atelierdocaractere.pt\/brevemente\/?p=14070"},"modified":"2025-11-12T18:35:35","modified_gmt":"2025-11-12T18:35:35","slug":"concurso-vinhos-de-lisboa-2025-anuncia-os-grandes-vencedores-da-regiao","status":"publish","type":"post","link":"https:\/\/www.atelierdocaractere.pt\/brevemente\/concurso-vinhos-de-lisboa-2025-anuncia-os-grandes-vencedores-da-regiao\/","title":{"rendered":"Concurso Vinhos de Lisboa 2025 anuncia os grandes vencedores da regi\u00e3o"},"content":{"rendered":"\n<p>O Concurso Vinhos de Lisboa 2025, promovido pela&nbsp;Comiss\u00e3o Vitivin\u00edcola da Regi\u00e3o de Lisboa (CVR Lisboa), anuncia os 10 grandes vencedores das diversas categorias em prova, destacando ainda quatro Top-5 e 45 medalhados entre as refer\u00eancias em prova. O concurso acolheu mais de 150 refer\u00eancias, das diferentes denomina\u00e7\u00f5es de origem, submetidas a um j\u00fari que inclui um painel de cr\u00edticos, especialistas e en\u00f3logos.<\/p>\n\n\n\n<figure class=\"wp-block-image size-large\"><img decoding=\"async\" width=\"1024\" height=\"653\" src=\"https:\/\/www.atelierdocaractere.pt\/wp-content\/uploads\/2025\/11\/1-os-10-melhores-medalhas-low-1024x653.jpg\" alt=\"\" class=\"wp-image-14071\" srcset=\"https:\/\/www.atelierdocaractere.pt\/wp-content\/uploads\/2025\/11\/1-os-10-melhores-medalhas-low-1024x653.jpg 1024w, https:\/\/www.atelierdocaractere.pt\/wp-content\/uploads\/2025\/11\/1-os-10-melhores-medalhas-low-300x191.jpg 300w, https:\/\/www.atelierdocaractere.pt\/wp-content\/uploads\/2025\/11\/1-os-10-melhores-medalhas-low-768x490.jpg 768w, https:\/\/www.atelierdocaractere.pt\/wp-content\/uploads\/2025\/11\/1-os-10-melhores-medalhas-low-1536x980.jpg 1536w, https:\/\/www.atelierdocaractere.pt\/wp-content\/uploads\/2025\/11\/1-os-10-melhores-medalhas-low.jpg 1920w\" sizes=\"(max-width: 1024px) 100vw, 1024px\" \/><\/figure>\n\n\n\n<p>\u201cEste \u00e9 um concurso que mais uma vez posiciona e valoriza a qualidade, a consist\u00eancia, a diversidade e a identidade dos Vinhos de Lisboa, uma das grandes regi\u00f5es portuguesas, express\u00e3o de um car\u00e1cter atl\u00e2ntico \u00fanico, cada vez mais reconhecido em Portugal e nos principais mercados de exporta\u00e7\u00e3o\u201d, afirma Carlos Fonseca, Vogal da CVR Lisboa.<\/p>\n\n\n\n<p><a><strong>O Concurso Vinhos de Lisboa come\u00e7a por destacar 10 grandes vencedores em 10 categorias espec\u00edficas:<\/strong><\/a><\/p>\n\n\n\n<p><a>\u00b7\u00a0\u00a0\u00a0\u00a0\u00a0\u00a0Melhor Branco &amp; Medalha de Ouro<\/a><br>Adega da Vermelha Grande Reserva Branco 2021 | Adega da Vermelha<\/p>\n\n\n\n<p>\u00b7\u00a0\u00a0\u00a0\u00a0\u00a0\u00a0Melhor Tinto &amp; Medalha de Ouro<br>AdegaM\u00e3e Terroir 2016 | AdegaM\u00e3e<\/p>\n\n\n\n<p>\u00b7\u00a0\u00a0\u00a0\u00a0\u00a0\u00a0Melhor Ros\u00e9 &amp; Medalha de Prata<br>Romeira Ros\u00e9 2024 | Enoport<\/p>\n\n\n\n<p>\u00b7\u00a0\u00a0\u00a0\u00a0\u00a0\u00a0Melhor Arinto &amp; Medalha de Ouro<br>Quinta do Lagar Novo Arinto 2019 | TAG Wine<\/p>\n\n\n\n<p>\u00b7\u00a0\u00a0\u00a0\u00a0\u00a0\u00a0Melhor Vital &amp; Medalha de Ouro<br>Empatia Superior Vital 2023 | Adega Cooperativa da Labrugeira<\/p>\n\n\n\n<p>\u00b7\u00a0\u00a0\u00a0\u00a0\u00a0\u00a0Melhor Leve Lisboa<br>Azulejo Branco 2024 | Casa Santos Lima<\/p>\n\n\n\n<p>\u00b7\u00a0\u00a0\u00a0\u00a0\u00a0\u00a0Melhor Espumante &amp; Medalha de Ouro<br>Quinta Cerrado da Porta Grande Reserva Arinto 2015 | Cerrado da Porta<\/p>\n\n\n\n<p>\u00b7\u00a0\u00a0\u00a0\u00a0\u00a0\u00a0Melhor Vinho Generoso &amp; Grande Medalha de Ouro<br>Villa Oeiras Superior Branco DOP Carcavelos | Munic\u00edpo de Oeiras<\/p>\n\n\n\n<p>\u00b7\u00a0\u00a0\u00a0\u00a0\u00a0\u00a0Melhor Colheita Tardia e Medalha de Ouro<br>Quinta das Mar\u00e9s by Santa B\u00e1rbara 2021 | Pedro Lu\u00eds da C\u00e2mara Santa B\u00e1rbara<\/p>\n\n\n\n<p>\u00b7\u00a0\u00a0\u00a0\u00a0\u00a0\u00a0Melhor Aguardente V\u00ednica e Grande Medalha de Ouro<br>Cl\u00e1ssica 32\u00aa S\u00e9rie Aguardente DOC Lourinh\u00e3 XO | Adega Cooperativa da Lourinh\u00e3<\/p>\n\n\n\n<p><\/p>\n\n\n\n<p><strong>Paralelamente, o Concurso Vinhos de Lisboa destaca quatro Top-5, em quatro categorias espec\u00edficas:<\/strong><\/p>\n\n\n\n<p><strong>Top-5 BRANCOS<\/strong><\/p>\n\n\n\n<p>\u00b7\u00a0\u00a0\u00a0\u00a0\u00a0\u00a0Adega da Vermelha Grande Reserva 2021 | Adega da Vermelha<br>\u00b7\u00a0\u00a0\u00a0\u00a0\u00a0\u00a0Coragem Chardonnay 2024 | Vidigal Wines<br>\u00b7\u00a0\u00a0\u00a0\u00a0\u00a0\u00a0Carlota a Imperatriz Sauvignon Blanc 2024 | QVBFG \u2013 Sociedade de Vinhos da Estremadura<br>\u00b7\u00a0\u00a0\u00a0\u00a0\u00a0\u00a0Quinta das Cerejeiras Grande Reserva 2022 | Companhia Agr\u00edcola do Sanguinhal <br>\u00b7\u00a0\u00a0\u00a0\u00a0\u00a0\u00a0Corrieira Juntos, Arinto Chardonnay, 2023 | Quinta da Corrieira Grande<\/p>\n\n\n\n<p><\/p>\n\n\n\n<p><strong>TOP-5 TINTOS<\/strong><\/p>\n\n\n\n<p>\u00b7\u00a0\u00a0\u00a0\u00a0\u00a0\u00a0AdegaM\u00e3e Terroir 2016 | AdegaM\u00e3e<br>\u00b7\u00a0\u00a0\u00a0\u00a0\u00a0\u00a0Vinhas do Lasso Garrafeira 2013 | Quinta do Pinto<br>\u00b7\u00a0\u00a0\u00a0\u00a0\u00a0\u00a0Perip\u00e9cia Merlot 2020 | Cerrado da Porta<br>\u00b7\u00a0\u00a0\u00a0\u00a0\u00a0\u00a0Troviscal Grande Reserva 2018 | Cerrado da Porta<br>\u00b7\u00a0\u00a0\u00a0\u00a0\u00a0\u00a0Adega da Vermelha Grande Reserva 2019 | Adega Cooperativa da Vermelha<\/p>\n\n\n\n<p><\/p>\n\n\n\n<p><strong>TOP-5 ARINTOS<\/strong><\/p>\n\n\n\n<p>\u00b7\u00a0\u00a0\u00a0\u00a0\u00a0\u00a0Quinta do Lagar Novo 2019 | TAG Wine<br>\u00b7\u00a0\u00a0\u00a0\u00a0\u00a0\u00a0Carlota a Imperatriz 2021 | QVFB Sociedade de Vinhos da Estremadura<br>\u00b7\u00a0\u00a0\u00a0\u00a0\u00a0\u00a0CH by Chocapalha 2021 | Casa Agr\u00edcola das Mimosas<br>\u00b7\u00a0\u00a0\u00a0\u00a0\u00a0\u00a0Casa Santos Lima Oak Aged 6 Months 2023 | Casa Santos Lima<br>\u00b7\u00a0\u00a0\u00a0\u00a0\u00a0\u00a0Casa Santos Lima 2023 | Casa Santos Lima<\/p>\n\n\n\n<p><\/p>\n\n\n\n<p><strong>TOP-5 LEVE LISBOA<\/strong><\/p>\n\n\n\n<p>\u00b7\u00a0\u00a0\u00a0\u00a0\u00a0\u00a0Azulejo Branco 2024 | Casa Santos Lima<br>\u00b7\u00a0\u00a0\u00a0\u00a0\u00a0\u00a0Mirante Branco | Adega Cooperativa da Carvoeira<br>\u00b7\u00a0\u00a0\u00a0\u00a0\u00a0\u00a0Azulejo Ros\u00e9 2024 | Casa Santos Lima<br>\u00b7\u00a0\u00a0\u00a0\u00a0\u00a0\u00a0Solar da Marquesa Branco 2024 | Casa Agr\u00edcola Hor\u00e1cio Nicolau<br>\u00b7\u00a0\u00a0\u00a0\u00a0\u00a0\u00a0F\u00e9lix Rocha Branco 2023 | F\u00e9lix Rocha<\/p>\n\n\n\n<p><\/p>\n\n\n\n<p><strong>Eis a lista completa de vinhos medalhados no Concurso de Vinhos de Lisboa 2025:<\/strong><\/p>\n\n\n\n<p><strong><u>Grande Medalha de Ouro<\/u><\/strong><\/p>\n\n\n\n<p><strong>Vinhos Generosos<\/strong><\/p>\n\n\n\n<p>\u00b7\u00a0\u00a0\u00a0\u00a0\u00a0\u00a0Villa Oeiras Superior Branco DOC\u00a0Carcavelos (<em><u>Melhor Vinho Generoso<\/u><\/em>)<br>\u00b7\u00a0\u00a0\u00a0\u00a0\u00a0\u00a0Villa Oeiras 12 Anos DOC\u00a0Carcavelos 2010<\/p>\n\n\n\n<p><strong>Aguardentes V\u00ednicas<\/strong><\/p>\n\n\n\n<p>\u00b7\u00a0\u00a0\u00a0\u00a0\u00a0\u00a0Cl\u00e1ssica 32\u00aa S\u00e9rie Aguardente DOC Lourinh\u00e3 XO (<em><u>Melhor Aguardente V\u00ednica<\/u><\/em>)<br>\u00b7\u00a0\u00a0\u00a0\u00a0\u00a0\u00a0Matriz Aguardente DOC Lourinh\u00e3 XO<\/p>\n\n\n\n<p><\/p>\n\n\n\n<p><strong><u>Medalha de Ouro<\/u><\/strong><\/p>\n\n\n\n<p><strong>Vinhos Brancos<\/strong><\/p>\n\n\n\n<p>\u00b7\u00a0\u00a0\u00a0\u00a0\u00a0\u00a0Adega da Vermelha Grande Reserva 2021 (<em>Melhor Branco<\/em>)<br>\u00b7\u00a0\u00a0\u00a0\u00a0\u00a0\u00a0Coragem Chardonnay 2024<br>\u00b7\u00a0\u00a0\u00a0\u00a0\u00a0\u00a0Carlota a Imperatriz Sauvignon Blanc 2024<br>\u00b7\u00a0\u00a0\u00a0\u00a0\u00a0\u00a0Quinta das Cerejeiras Grande Reserva 2022<br>\u00b7\u00a0\u00a0\u00a0\u00a0\u00a0\u00a0Corrieira Juntos Arinto Chardonnay 2023<br>\u00b7\u00a0\u00a0\u00a0\u00a0\u00a0\u00a0Adega D\u2019Arrocha Reserva Fern\u00e3o Pires 2023<br>\u00b7\u00a0\u00a0\u00a0\u00a0\u00a0\u00a0Quinta do Gradil Reserva Branco 2018<br>\u00b7\u00a0\u00a0\u00a0\u00a0\u00a0\u00a0Carlota a Imperatriz Fern\u00e3o Pires 2024<br>\u00b7\u00a0\u00a0\u00a0\u00a0\u00a0\u00a0Quinta do Lagar Novo 2019 (<em>Melhor Arinto<\/em>)<br>\u00b7\u00a0\u00a0\u00a0\u00a0\u00a0\u00a0Carlota a Imperatriz Arinto 2021<br>\u00b7\u00a0\u00a0\u00a0\u00a0\u00a0\u00a0CH by Chocapalha Arinto 2021<br>\u00b7\u00a0\u00a0\u00a0\u00a0\u00a0\u00a0Casa Santos Lima Arinto Oak Aged 6 Months 2023<br>\u00b7\u00a0 \u00a0Empatia Superior Vital 2023 (Melhor Vital)<br>\u00b7\u00a0\u00a0\u00a0\u00a0\u00a0\u00a0Adega D\u2019Arrocha Grande Escolha Vital 2023<\/p>\n\n\n\n<p><strong>Vinhos Tintos<\/strong><\/p>\n\n\n\n<p>\u00b7\u00a0\u00a0\u00a0\u00a0\u00a0\u00a0AdegaM\u00e3e Terroir 2016 \u2013 AdegaM\u00e3e (<em>Melhor Tinto<\/em>)<br>\u00b7\u00a0\u00a0\u00a0\u00a0\u00a0\u00a0Vinhas do Lasso Garrafeira 2013 \u2013 Quinta do Pinto<br>\u00b7\u00a0\u00a0\u00a0\u00a0\u00a0\u00a0Perip\u00e9cia Merlot 2020 \u2013 Cerrado da Porta<br>\u00b7\u00a0\u00a0\u00a0\u00a0\u00a0\u00a0Troviscal Grande Reserva 2018 \u2013 Cerrado da Porta<br>\u00b7\u00a0\u00a0\u00a0\u00a0\u00a0\u00a0Adega da Vermelha Grande Reserva 2019 \u2013 Adega Cooperativa da Vermelha<br>\u00b7\u00a0\u00a0\u00a0\u00a0\u00a0\u00a0Quinta do Pinto Reserva Touriga Nacional 2019<br>\u00b7\u00a0\u00a0\u00a0\u00a0\u00a0\u00a0Quinta de Chocapalha Tinto 2020<br>\u00b7\u00a0\u00a0\u00a0\u00a0\u00a0\u00a0AdegaM\u00e3e Castel\u00e3o 2021<br>\u00b7\u00a0\u00a0\u00a0\u00a0\u00a0\u00a0Reserva das Cortes Reserva Tinto 2021<br>\u00b7\u00a0\u00a0\u00a0\u00a0\u00a0\u00a0Brutalis Tinto 2020<br>\u00b7\u00a0\u00a0\u00a0\u00a0\u00a0\u00a0Marqu\u00eas de Lisboa Alicante Bouschet 2023<br>\u00b7\u00a0\u00a0\u00a0\u00a0\u00a0\u00a0Chocapalha Vinha M\u00e3e Tinto 2019<br>\u00b7\u00a0\u00a0\u00a0\u00a0\u00a0\u00a0Coragem Touriga Nacional 2021<\/p>\n\n\n\n<p><strong>Espumantes<\/strong><\/p>\n\n\n\n<p>\u00b7\u00a0\u00a0\u00a0\u00a0\u00a0\u00a0Quinta Cerrado da Porta Grande Reserva Arinto 2015 (Melhor Espumante)<br>\u00b7\u00a0\u00a0\u00a0\u00a0\u00a0\u00a0Quinta Cerrado da Porta Grande Reserva Chardonnay 2019<br>\u00b7\u00a0\u00a0\u00a0\u00a0\u00a0\u00a0Adega de S\u00e3o Mamede Reserva Branco 2022<\/p>\n\n\n\n<p><strong>Colheitas Tardias<\/strong><\/p>\n\n\n\n<p>\u00b7&nbsp;&nbsp;&nbsp;&nbsp;&nbsp;&nbsp;Quinta das Mar\u00e9s by Santa B\u00e1rbara 2021 (Melhor Colheia Tardia)<\/p>\n\n\n\n<p><strong>Generosos<\/strong><\/p>\n\n\n\n<p>\u00b7&nbsp;&nbsp;&nbsp;&nbsp;&nbsp;&nbsp;Villa Oeiras 7 anos DOC Carcavelos<\/p>\n\n\n\n<p><strong>Aguardentes<\/strong><\/p>\n\n\n\n<p>\u00b7\u00a0\u00a0\u00a0\u00a0\u00a0\u00a0Quinta do Rol VSOP Aguardente DOC Lourinh\u00e3<\/p>\n\n\n\n<p><\/p>\n\n\n\n<p><strong><u>Medalha de Prata<\/u><\/strong><\/p>\n\n\n\n<p>\u00b7\u00a0\u00a0\u00a0\u00a0\u00a0\u00a0Romeira 2024 (<em><u>Melhor Ros\u00e9<\/u><\/em>)<br>\u00b7\u00a0\u00a0\u00a0\u00a0\u00a0\u00a0Rua da Betesga Reserva Tinto 2020<br>\u00b7\u00a0\u00a0\u00a0\u00a0\u00a0\u00a0Talism\u00e3 Reserva Branco 2024<br>\u00b7\u00a0\u00a0\u00a0\u00a0\u00a0\u00a0Casa Santos Lima Oak Aged 6 Months Chardonnay 2024<br>\u00b7\u00a0\u00a0\u00a0\u00a0\u00a0\u00a0Colossal Chardonnay 2024<br>\u00b7\u00a0\u00a0\u00a0\u00a0\u00a0\u00a0Casa Santos Lima Arinto 2023<br>\u00b7\u00a0\u00a0\u00a0\u00a0\u00a0\u00a0F\u00e9lix Rocha Arinto Reserva 2021<\/p>\n\n\n\n<p><\/p>\n\n\n\n<p><strong>Sobre a&nbsp;<a>Comiss\u00e3o Vitivin\u00edcola da Regi\u00e3o de Lisboa (CVR Lisboa)<\/a><\/strong><\/p>\n\n\n\n<p>A CVR Lisboa \u00e9 uma associa\u00e7\u00e3o de car\u00e1cter interprofissional, tendo por miss\u00e3o assegurar o controlo, acertifica\u00e7\u00e3o e a defesa, promo\u00e7\u00e3o e dinamiza\u00e7\u00e3o do enoturismo e dos Vinhos da Regi\u00e3o de Lisboa. A Regi\u00e3oDemarcada dos Vinhos de Lisboa engloba os Vinhos IGP Lisboa e as DOC de Alenquer, Arruda, Torres Vedras,\u00d3bidos, Encostas D\u2019 Aire, Aguardente da Lourinh\u00e3 e Carcavelos, Colares e Bucelas, com um total de 10 milhectares de vinha certificada, duas mil fam\u00edlias de viticultores e vendas anuais a totalizar 69 milh\u00f5es degarrafas, exportando 80% para cerca de 100 pa\u00edses.<\/p>\n","protected":false},"excerpt":{"rendered":"<p>O Concurso Vinhos de Lisboa 2025, promovido pela&nbsp;Comiss\u00e3o Vitivin\u00edcola da Regi\u00e3o de Lisboa (CVR Lisboa), anuncia os 10 grandes vencedores&#8230;<\/p>\n","protected":false},"author":7,"featured_media":14071,"comment_status":"closed","ping_status":"open","sticky":false,"template":"","format":"standard","meta":[],"categories":[41],"tags":[1023,131,887],"yoast_head":"<!-- This site is optimized with the Yoast SEO plugin v20.12 - https:\/\/yoast.com\/wordpress\/plugins\/seo\/ -->\n<title>Concurso Vinhos de Lisboa 2025 anuncia os grandes vencedores da regi\u00e3o - Atelier do Caractere<\/title>\n<meta name=\"robots\" content=\"index, follow, max-snippet:-1, max-image-preview:large, max-video-preview:-1\" \/>\n<link rel=\"canonical\" href=\"https:\/\/www.atelierdocaractere.pt\/brevemente\/concurso-vinhos-de-lisboa-2025-anuncia-os-grandes-vencedores-da-regiao\/\" \/>\n<meta property=\"og:locale\" content=\"pt_PT\" \/>\n<meta property=\"og:type\" content=\"article\" \/>\n<meta property=\"og:title\" content=\"Concurso Vinhos de Lisboa 2025 anuncia os grandes vencedores da regi\u00e3o - Atelier do Caractere\" \/>\n<meta property=\"og:description\" content=\"O Concurso Vinhos de Lisboa 2025, promovido pela&nbsp;Comiss\u00e3o Vitivin\u00edcola da Regi\u00e3o de Lisboa (CVR Lisboa), anuncia os 10 grandes vencedores...\" \/>\n<meta property=\"og:url\" content=\"https:\/\/www.atelierdocaractere.pt\/brevemente\/concurso-vinhos-de-lisboa-2025-anuncia-os-grandes-vencedores-da-regiao\/\" \/>\n<meta property=\"og:site_name\" content=\"Atelier do Caractere\" \/>\n<meta property=\"article:publisher\" content=\"https:\/\/www.facebook.com\/AtelierdoCaractere\" \/>\n<meta property=\"article:published_time\" content=\"2025-10-24T18:29:17+00:00\" \/>\n<meta property=\"article:modified_time\" content=\"2025-11-12T18:35:35+00:00\" \/>\n<meta property=\"og:image\" content=\"https:\/\/www.atelierdocaractere.pt\/wp-content\/uploads\/2025\/11\/1-os-10-melhores-medalhas-low.jpg\" \/>\n\t<meta property=\"og:image:width\" content=\"1920\" \/>\n\t<meta property=\"og:image:height\" content=\"1225\" \/>\n\t<meta property=\"og:image:type\" content=\"image\/jpeg\" \/>\n<meta name=\"author\" content=\"Joana Barbosa\" \/>\n<meta name=\"twitter:card\" content=\"summary_large_image\" \/>\n<meta name=\"twitter:label1\" content=\"Escrito por\" \/>\n\t<meta name=\"twitter:data1\" content=\"Joana Barbosa\" \/>\n\t<meta name=\"twitter:label2\" content=\"Tempo estimado de leitura\" \/>\n\t<meta name=\"twitter:data2\" content=\"6 minutos\" \/>\n<script type=\"application\/ld+json\" class=\"yoast-schema-graph\">{\"@context\":\"https:\/\/schema.org\",\"@graph\":[{\"@type\":\"WebPage\",\"@id\":\"https:\/\/www.atelierdocaractere.pt\/brevemente\/concurso-vinhos-de-lisboa-2025-anuncia-os-grandes-vencedores-da-regiao\/\",\"url\":\"https:\/\/www.atelierdocaractere.pt\/brevemente\/concurso-vinhos-de-lisboa-2025-anuncia-os-grandes-vencedores-da-regiao\/\",\"name\":\"Concurso Vinhos de Lisboa 2025 anuncia os grandes vencedores da regi\u00e3o - Atelier do Caractere\",\"isPartOf\":{\"@id\":\"https:\/\/www.atelierdocaractere.pt\/brevemente\/#website\"},\"datePublished\":\"2025-10-24T18:29:17+00:00\",\"dateModified\":\"2025-11-12T18:35:35+00:00\",\"author\":{\"@id\":\"https:\/\/www.atelierdocaractere.pt\/brevemente\/#\/schema\/person\/f2f096eb0f27d9894725af22cb97c0db\"},\"breadcrumb\":{\"@id\":\"https:\/\/www.atelierdocaractere.pt\/brevemente\/concurso-vinhos-de-lisboa-2025-anuncia-os-grandes-vencedores-da-regiao\/#breadcrumb\"},\"inLanguage\":\"pt-PT\",\"potentialAction\":[{\"@type\":\"ReadAction\",\"target\":[\"https:\/\/www.atelierdocaractere.pt\/brevemente\/concurso-vinhos-de-lisboa-2025-anuncia-os-grandes-vencedores-da-regiao\/\"]}]},{\"@type\":\"BreadcrumbList\",\"@id\":\"https:\/\/www.atelierdocaractere.pt\/brevemente\/concurso-vinhos-de-lisboa-2025-anuncia-os-grandes-vencedores-da-regiao\/#breadcrumb\",\"itemListElement\":[{\"@type\":\"ListItem\",\"position\":1,\"name\":\"In\u00edcio\",\"item\":\"https:\/\/www.atelierdocaractere.pt\/brevemente\/\"},{\"@type\":\"ListItem\",\"position\":2,\"name\":\"Concurso Vinhos de Lisboa 2025 anuncia os grandes vencedores da regi\u00e3o\"}]},{\"@type\":\"WebSite\",\"@id\":\"https:\/\/www.atelierdocaractere.pt\/brevemente\/#website\",\"url\":\"https:\/\/www.atelierdocaractere.pt\/brevemente\/\",\"name\":\"Atelier do Caractere\",\"description\":\"\",\"potentialAction\":[{\"@type\":\"SearchAction\",\"target\":{\"@type\":\"EntryPoint\",\"urlTemplate\":\"https:\/\/www.atelierdocaractere.pt\/brevemente\/?s={search_term_string}\"},\"query-input\":\"required name=search_term_string\"}],\"inLanguage\":\"pt-PT\"},{\"@type\":\"Person\",\"@id\":\"https:\/\/www.atelierdocaractere.pt\/brevemente\/#\/schema\/person\/f2f096eb0f27d9894725af22cb97c0db\",\"name\":\"Joana Barbosa\",\"image\":{\"@type\":\"ImageObject\",\"inLanguage\":\"pt-PT\",\"@id\":\"https:\/\/www.atelierdocaractere.pt\/brevemente\/#\/schema\/person\/image\/\",\"url\":\"https:\/\/secure.gravatar.com\/avatar\/33e8214b45e9d68a3a83008731075979?s=96&d=mm&r=g\",\"contentUrl\":\"https:\/\/secure.gravatar.com\/avatar\/33e8214b45e9d68a3a83008731075979?s=96&d=mm&r=g\",\"caption\":\"Joana Barbosa\"},\"url\":\"https:\/\/www.atelierdocaractere.pt\/brevemente\/author\/joanabarbosa\/\"}]}<\/script>\n<!-- \/ Yoast SEO plugin. -->","yoast_head_json":{"title":"Concurso Vinhos de Lisboa 2025 anuncia os grandes vencedores da regi\u00e3o - Atelier do Caractere","robots":{"index":"index","follow":"follow","max-snippet":"max-snippet:-1","max-image-preview":"max-image-preview:large","max-video-preview":"max-video-preview:-1"},"canonical":"https:\/\/www.atelierdocaractere.pt\/brevemente\/concurso-vinhos-de-lisboa-2025-anuncia-os-grandes-vencedores-da-regiao\/","og_locale":"pt_PT","og_type":"article","og_title":"Concurso Vinhos de Lisboa 2025 anuncia os grandes vencedores da regi\u00e3o - Atelier do Caractere","og_description":"O Concurso Vinhos de Lisboa 2025, promovido pela&nbsp;Comiss\u00e3o Vitivin\u00edcola da Regi\u00e3o de Lisboa (CVR Lisboa), anuncia os 10 grandes vencedores...","og_url":"https:\/\/www.atelierdocaractere.pt\/brevemente\/concurso-vinhos-de-lisboa-2025-anuncia-os-grandes-vencedores-da-regiao\/","og_site_name":"Atelier do Caractere","article_publisher":"https:\/\/www.facebook.com\/AtelierdoCaractere","article_published_time":"2025-10-24T18:29:17+00:00","article_modified_time":"2025-11-12T18:35:35+00:00","og_image":[{"width":1920,"height":1225,"url":"https:\/\/www.atelierdocaractere.pt\/wp-content\/uploads\/2025\/11\/1-os-10-melhores-medalhas-low.jpg","type":"image\/jpeg"}],"author":"Joana Barbosa","twitter_card":"summary_large_image","twitter_misc":{"Escrito por":"Joana Barbosa","Tempo estimado de leitura":"6 minutos"},"schema":{"@context":"https:\/\/schema.org","@graph":[{"@type":"WebPage","@id":"https:\/\/www.atelierdocaractere.pt\/brevemente\/concurso-vinhos-de-lisboa-2025-anuncia-os-grandes-vencedores-da-regiao\/","url":"https:\/\/www.atelierdocaractere.pt\/brevemente\/concurso-vinhos-de-lisboa-2025-anuncia-os-grandes-vencedores-da-regiao\/","name":"Concurso Vinhos de Lisboa 2025 anuncia os grandes vencedores da regi\u00e3o - Atelier do Caractere","isPartOf":{"@id":"https:\/\/www.atelierdocaractere.pt\/brevemente\/#website"},"datePublished":"2025-10-24T18:29:17+00:00","dateModified":"2025-11-12T18:35:35+00:00","author":{"@id":"https:\/\/www.atelierdocaractere.pt\/brevemente\/#\/schema\/person\/f2f096eb0f27d9894725af22cb97c0db"},"breadcrumb":{"@id":"https:\/\/www.atelierdocaractere.pt\/brevemente\/concurso-vinhos-de-lisboa-2025-anuncia-os-grandes-vencedores-da-regiao\/#breadcrumb"},"inLanguage":"pt-PT","potentialAction":[{"@type":"ReadAction","target":["https:\/\/www.atelierdocaractere.pt\/brevemente\/concurso-vinhos-de-lisboa-2025-anuncia-os-grandes-vencedores-da-regiao\/"]}]},{"@type":"BreadcrumbList","@id":"https:\/\/www.atelierdocaractere.pt\/brevemente\/concurso-vinhos-de-lisboa-2025-anuncia-os-grandes-vencedores-da-regiao\/#breadcrumb","itemListElement":[{"@type":"ListItem","position":1,"name":"In\u00edcio","item":"https:\/\/www.atelierdocaractere.pt\/brevemente\/"},{"@type":"ListItem","position":2,"name":"Concurso Vinhos de Lisboa 2025 anuncia os grandes vencedores da regi\u00e3o"}]},{"@type":"WebSite","@id":"https:\/\/www.atelierdocaractere.pt\/brevemente\/#website","url":"https:\/\/www.atelierdocaractere.pt\/brevemente\/","name":"Atelier do Caractere","description":"","potentialAction":[{"@type":"SearchAction","target":{"@type":"EntryPoint","urlTemplate":"https:\/\/www.atelierdocaractere.pt\/brevemente\/?s={search_term_string}"},"query-input":"required name=search_term_string"}],"inLanguage":"pt-PT"},{"@type":"Person","@id":"https:\/\/www.atelierdocaractere.pt\/brevemente\/#\/schema\/person\/f2f096eb0f27d9894725af22cb97c0db","name":"Joana Barbosa","image":{"@type":"ImageObject","inLanguage":"pt-PT","@id":"https:\/\/www.atelierdocaractere.pt\/brevemente\/#\/schema\/person\/image\/","url":"https:\/\/secure.gravatar.com\/avatar\/33e8214b45e9d68a3a83008731075979?s=96&d=mm&r=g","contentUrl":"https:\/\/secure.gravatar.com\/avatar\/33e8214b45e9d68a3a83008731075979?s=96&d=mm&r=g","caption":"Joana Barbosa"},"url":"https:\/\/www.atelierdocaractere.pt\/brevemente\/author\/joanabarbosa\/"}]}},"_links":{"self":[{"href":"https:\/\/www.atelierdocaractere.pt\/brevemente\/wp-json\/wp\/v2\/posts\/14070"}],"collection":[{"href":"https:\/\/www.atelierdocaractere.pt\/brevemente\/wp-json\/wp\/v2\/posts"}],"about":[{"href":"https:\/\/www.atelierdocaractere.pt\/brevemente\/wp-json\/wp\/v2\/types\/post"}],"author":[{"embeddable":true,"href":"https:\/\/www.atelierdocaractere.pt\/brevemente\/wp-json\/wp\/v2\/users\/7"}],"replies":[{"embeddable":true,"href":"https:\/\/www.atelierdocaractere.pt\/brevemente\/wp-json\/wp\/v2\/comments?post=14070"}],"version-history":[{"count":1,"href":"https:\/\/www.atelierdocaractere.pt\/brevemente\/wp-json\/wp\/v2\/posts\/14070\/revisions"}],"predecessor-version":[{"id":14072,"href":"https:\/\/www.atelierdocaractere.pt\/brevemente\/wp-json\/wp\/v2\/posts\/14070\/revisions\/14072"}],"wp:featuredmedia":[{"embeddable":true,"href":"https:\/\/www.atelierdocaractere.pt\/brevemente\/wp-json\/wp\/v2\/media\/14071"}],"wp:attachment":[{"href":"https:\/\/www.atelierdocaractere.pt\/brevemente\/wp-json\/wp\/v2\/media?parent=14070"}],"wp:term":[{"taxonomy":"category","embeddable":true,"href":"https:\/\/www.atelierdocaractere.pt\/brevemente\/wp-json\/wp\/v2\/categories?post=14070"},{"taxonomy":"post_tag","embeddable":true,"href":"https:\/\/www.atelierdocaractere.pt\/brevemente\/wp-json\/wp\/v2\/tags?post=14070"}],"curies":[{"name":"wp","href":"https:\/\/api.w.org\/{rel}","templated":true}]}}