{"id":14073,"date":"2025-11-14T12:04:25","date_gmt":"2025-11-14T12:04:25","guid":{"rendered":"https:\/\/www.atelierdocaractere.pt\/brevemente\/?p=14073"},"modified":"2025-11-14T12:04:28","modified_gmt":"2025-11-14T12:04:28","slug":"filme-promocional-de-viseu-dao-lafoes-premiado-em-cinco-festivais-internacionais-de-cinema","status":"publish","type":"post","link":"https:\/\/www.atelierdocaractere.pt\/brevemente\/filme-promocional-de-viseu-dao-lafoes-premiado-em-cinco-festivais-internacionais-de-cinema\/","title":{"rendered":"Filme promocional de Viseu D\u00e3o Laf\u00f5es premiado em cinco festivais internacionais de cinema\u00a0"},"content":{"rendered":"\n<p><strong>Filme \u201c\u00c9 Onde Apetece Estar\u201d j\u00e1 conquistou 13 pr\u00e9mios em festivais realizados em Portugal, Brasil, Fran\u00e7a, Cro\u00e1cia e Alemanha<\/strong><\/p>\n\n\n\n<figure class=\"wp-block-image size-large\"><img decoding=\"async\" width=\"731\" height=\"1024\" src=\"https:\/\/www.atelierdocaractere.pt\/wp-content\/uploads\/2025\/11\/742c23f7-cfef-081b-4cd7-a75c9a70569c-731x1024.jpg\" alt=\"\" class=\"wp-image-14075\" srcset=\"https:\/\/www.atelierdocaractere.pt\/wp-content\/uploads\/2025\/11\/742c23f7-cfef-081b-4cd7-a75c9a70569c-731x1024.jpg 731w, https:\/\/www.atelierdocaractere.pt\/wp-content\/uploads\/2025\/11\/742c23f7-cfef-081b-4cd7-a75c9a70569c-214x300.jpg 214w, https:\/\/www.atelierdocaractere.pt\/wp-content\/uploads\/2025\/11\/742c23f7-cfef-081b-4cd7-a75c9a70569c-768x1075.jpg 768w, https:\/\/www.atelierdocaractere.pt\/wp-content\/uploads\/2025\/11\/742c23f7-cfef-081b-4cd7-a75c9a70569c.jpg 857w\" sizes=\"(max-width: 731px) 100vw, 731px\" \/><\/figure>\n\n\n\n<p>O filme promocional\u00a0<strong>\u201c\u00c9 Onde Apetece Estar \/ It\u2019s Where You Want To Be\u201d<\/strong>, produzido pela\u00a0<strong>Comunidade Intermunicipal (CIM) Viseu D\u00e3o Laf\u00f5es<\/strong>, continua a somar distin\u00e7\u00f5es em festivais internacionais de cinema. S\u00e3o j\u00e1 13 os pr\u00e9mios conquistados, que confirmam a qualidade art\u00edstica do filme e o impacto da mensagem, bem como a excel\u00eancia da estrat\u00e9gia de promo\u00e7\u00e3o tur\u00edstica da regi\u00e3o.<br>\u00a0<br>Neste m\u00eas de novembro, o filme foi duplamente premiado no\u00a0<strong>Finisterra Portugal Film Art &amp; Tourism Festival<\/strong>, que decorreu em Sines, obtendo o Grande Pr\u00e9mio \u201cMelhor Filme Portugu\u00eas do Finisterra Portugal 2025\u201d e o 1.\u00ba Pr\u00e9mio na categoria \u201cFilme Promocional 2025\u201d.<br>\u00a0<br>Em junho de 2025, o filme j\u00e1 tinha sido distinguido no\u00a0<strong>Finisterra Brasil Film Art &amp; Tourism Festival<\/strong>, em Porto Seguro (Brasil), com o 1.\u00ba lugar na categoria \u201cMelhor Filme Publicit\u00e1rio de Turismo\u201d e o 2.\u00ba lugar na categoria \u201cMelhor Filme de Promo\u00e7\u00e3o Tur\u00edstica\u201d.<br>\u00a0<br>No festival\u00a0<strong>Paris Cine Fiesta<\/strong>, em Fran\u00e7a, o filme de Viseu D\u00e3o Laf\u00f5es venceu quatro distin\u00e7\u00f5es: \u201cMelhor Realizador\u201d, \u201cMelhor Produtor\u201d, \u201cMelhor Escritor\u201d e \u201cPr\u00e9mio Web e Novos Meios de Comunica\u00e7\u00e3o\u201d, refor\u00e7ando a proje\u00e7\u00e3o internacional do projeto.<br>\u00a0<br>Tamb\u00e9m no\u00a0<strong>Zagreb TourFilm Festival<\/strong>, na Cro\u00e1cia, realizado entre 15 e 17 de outubro de 2025, o filme alcan\u00e7ou o 3.\u00ba lugar na categoria \u201cDestino Tur\u00edstico 2025 \u2013 Regi\u00e3o\u201d, enquanto no\u00a0<strong>Berlin Motion Picture Awards<\/strong>, na Alemanha, foi reconhecido com quatro pr\u00e9mios: \u201cRealiza\u00e7\u00e3o Excecional\u201d, \u201cEscolha dos Cr\u00edticos\u201d, \u201cMelhor Design de Som\u201d e \u201cMelhor Filme de Viagem\u201d.<br>\u00a0<br>Com uma narrativa visual envolvente e uma realiza\u00e7\u00e3o de forte impacto emocional,\u00a0<strong>\u201c\u00c9 Onde Apetece Estar \/ It\u2019s Where You Want To Be\u201d<\/strong>\u00a0apresenta Viseu D\u00e3o Laf\u00f5es como um territ\u00f3rio aut\u00eantico, sustent\u00e1vel e inspirador, onde natureza, cultura e qualidade de vida se conjugam de forma harmoniosa. O filme tem sido amplamente divulgado em meios digitais e redes sociais, contribuindo para afirmar a regi\u00e3o como um destino tur\u00edstico de excel\u00eancia.<br>\u00a0<br>Para\u00a0<strong>Jo\u00e3o Azevedo, presidente da CIM Viseu D\u00e3o Laf\u00f5es<\/strong>,\u00a0<em>\u201cestes pr\u00e9mios, conquistados em festivais das mais diversas latitudes, s\u00e3o um motivo de orgulho. Comprovam que a CIM tem a capacidade de comunicar, de forma cada vez mais inovadora e apelativa, o que temos de melhor na regi\u00e3o: um territ\u00f3rio com identidade vincada, onde todos os visitantes podem usufruir de experi\u00eancias diversificadas e de qualidade muito elevada\u201d<\/em>.<br>\u00a0<br><strong>Nuno Martinho<\/strong>,\u00a0<strong>Secret\u00e1rio Executivo da CIM Viseu D\u00e3o Laf\u00f5es<\/strong>, acrescenta que\u00a0<em>\u201cestas distin\u00e7\u00f5es, alcan\u00e7adas em festivais internacionais, refor\u00e7am o reconhecimento da excel\u00eancia do trabalho da CIM e demonstram que a nossa estrat\u00e9gia de promo\u00e7\u00e3o est\u00e1 a atingir, com sucesso, p\u00fablicos cada vez mais amplos e exigentes. \u00c9 mais uma evid\u00eancia de que Viseu D\u00e3o Laf\u00f5es est\u00e1 a afirmar-se, com passos firmes e seguros, como um destino de elei\u00e7\u00e3o, dentro e fora de Portugal\u201d<\/em>.<br>\u00a0<br>O filme \u201c\u00c9 Onde Apetece Estar\u201d pode ser visto nas plataformas de comunica\u00e7\u00e3o da CIM Viseu D\u00e3o Laf\u00f5es, nomeadamente na sua p\u00e1gina de YouTube, em\u00a0<a href=\"https:\/\/mixlife.us21.list-manage.com\/track\/click?u=6fa784dd5dedbb105dedc3702&amp;id=1f143211df&amp;e=a88eb34a0e\">https:\/\/www.youtube.com\/watch?v=Yf2lUeWtU88<\/a>.<\/p>\n\n\n\n<p><strong>Sobre a CIM Viseu D\u00e3o Laf\u00f5es:<\/strong><br>A CIM Viseu D\u00e3o Laf\u00f5es \u00e9 uma associa\u00e7\u00e3o de munic\u00edpios, denominada como Comunidade Intermunicipal, sendo constitu\u00edda pelos munic\u00edpios de\u00a0Aguiar da Beira, Carregal do Sal, Castro Daire, Mangualde, Nelas, Oliveira de Frades, Penalva do Castelo, Santa Comba D\u00e3o, S\u00e3o Pedro do Sul, S\u00e1t\u00e3o, Tondela, Vila Nova de Paiva, Viseu e Vouzela.<\/p>\n","protected":false},"excerpt":{"rendered":"<p>Filme \u201c\u00c9 Onde Apetece Estar\u201d j\u00e1 conquistou 13 pr\u00e9mios em festivais realizados em Portugal, Brasil, Fran\u00e7a, Cro\u00e1cia e Alemanha O&#8230;<\/p>\n","protected":false},"author":7,"featured_media":14074,"comment_status":"closed","ping_status":"open","sticky":false,"template":"","format":"standard","meta":[],"categories":[67],"tags":[448,636],"yoast_head":"<!-- This site is optimized with the Yoast SEO plugin v20.12 - https:\/\/yoast.com\/wordpress\/plugins\/seo\/ -->\n<title>Filme promocional de Viseu D\u00e3o Laf\u00f5es premiado em cinco festivais internacionais de cinema\u00a0 - Atelier do Caractere<\/title>\n<meta name=\"robots\" content=\"index, follow, max-snippet:-1, max-image-preview:large, max-video-preview:-1\" \/>\n<link rel=\"canonical\" href=\"https:\/\/www.atelierdocaractere.pt\/brevemente\/filme-promocional-de-viseu-dao-lafoes-premiado-em-cinco-festivais-internacionais-de-cinema\/\" \/>\n<meta property=\"og:locale\" content=\"pt_PT\" \/>\n<meta property=\"og:type\" content=\"article\" \/>\n<meta property=\"og:title\" content=\"Filme promocional de Viseu D\u00e3o Laf\u00f5es premiado em cinco festivais internacionais de cinema\u00a0 - Atelier do Caractere\" \/>\n<meta property=\"og:description\" content=\"Filme \u201c\u00c9 Onde Apetece Estar\u201d j\u00e1 conquistou 13 pr\u00e9mios em festivais realizados em Portugal, Brasil, Fran\u00e7a, Cro\u00e1cia e Alemanha O...\" \/>\n<meta property=\"og:url\" content=\"https:\/\/www.atelierdocaractere.pt\/brevemente\/filme-promocional-de-viseu-dao-lafoes-premiado-em-cinco-festivais-internacionais-de-cinema\/\" \/>\n<meta property=\"og:site_name\" content=\"Atelier do Caractere\" \/>\n<meta property=\"article:publisher\" content=\"https:\/\/www.facebook.com\/AtelierdoCaractere\" \/>\n<meta property=\"article:published_time\" content=\"2025-11-14T12:04:25+00:00\" \/>\n<meta property=\"article:modified_time\" content=\"2025-11-14T12:04:28+00:00\" \/>\n<meta property=\"og:image\" content=\"https:\/\/www.atelierdocaractere.pt\/wp-content\/uploads\/2025\/11\/742c23f7-cfef-081b-4cd7-a75c9a70569c1.png\" \/>\n\t<meta property=\"og:image:width\" content=\"857\" \/>\n\t<meta property=\"og:image:height\" content=\"571\" \/>\n\t<meta property=\"og:image:type\" content=\"image\/png\" \/>\n<meta name=\"author\" content=\"Joana Barbosa\" \/>\n<meta name=\"twitter:card\" content=\"summary_large_image\" \/>\n<meta name=\"twitter:label1\" content=\"Escrito por\" \/>\n\t<meta name=\"twitter:data1\" content=\"Joana Barbosa\" \/>\n\t<meta name=\"twitter:label2\" content=\"Tempo estimado de leitura\" \/>\n\t<meta name=\"twitter:data2\" content=\"4 minutos\" \/>\n<script type=\"application\/ld+json\" class=\"yoast-schema-graph\">{\"@context\":\"https:\/\/schema.org\",\"@graph\":[{\"@type\":\"WebPage\",\"@id\":\"https:\/\/www.atelierdocaractere.pt\/brevemente\/filme-promocional-de-viseu-dao-lafoes-premiado-em-cinco-festivais-internacionais-de-cinema\/\",\"url\":\"https:\/\/www.atelierdocaractere.pt\/brevemente\/filme-promocional-de-viseu-dao-lafoes-premiado-em-cinco-festivais-internacionais-de-cinema\/\",\"name\":\"Filme promocional de Viseu D\u00e3o Laf\u00f5es premiado em cinco festivais internacionais de cinema\u00a0 - Atelier do Caractere\",\"isPartOf\":{\"@id\":\"https:\/\/www.atelierdocaractere.pt\/brevemente\/#website\"},\"datePublished\":\"2025-11-14T12:04:25+00:00\",\"dateModified\":\"2025-11-14T12:04:28+00:00\",\"author\":{\"@id\":\"https:\/\/www.atelierdocaractere.pt\/brevemente\/#\/schema\/person\/f2f096eb0f27d9894725af22cb97c0db\"},\"breadcrumb\":{\"@id\":\"https:\/\/www.atelierdocaractere.pt\/brevemente\/filme-promocional-de-viseu-dao-lafoes-premiado-em-cinco-festivais-internacionais-de-cinema\/#breadcrumb\"},\"inLanguage\":\"pt-PT\",\"potentialAction\":[{\"@type\":\"ReadAction\",\"target\":[\"https:\/\/www.atelierdocaractere.pt\/brevemente\/filme-promocional-de-viseu-dao-lafoes-premiado-em-cinco-festivais-internacionais-de-cinema\/\"]}]},{\"@type\":\"BreadcrumbList\",\"@id\":\"https:\/\/www.atelierdocaractere.pt\/brevemente\/filme-promocional-de-viseu-dao-lafoes-premiado-em-cinco-festivais-internacionais-de-cinema\/#breadcrumb\",\"itemListElement\":[{\"@type\":\"ListItem\",\"position\":1,\"name\":\"In\u00edcio\",\"item\":\"https:\/\/www.atelierdocaractere.pt\/brevemente\/\"},{\"@type\":\"ListItem\",\"position\":2,\"name\":\"Filme promocional de Viseu D\u00e3o Laf\u00f5es premiado em cinco festivais internacionais de cinema\u00a0\"}]},{\"@type\":\"WebSite\",\"@id\":\"https:\/\/www.atelierdocaractere.pt\/brevemente\/#website\",\"url\":\"https:\/\/www.atelierdocaractere.pt\/brevemente\/\",\"name\":\"Atelier do Caractere\",\"description\":\"\",\"potentialAction\":[{\"@type\":\"SearchAction\",\"target\":{\"@type\":\"EntryPoint\",\"urlTemplate\":\"https:\/\/www.atelierdocaractere.pt\/brevemente\/?s={search_term_string}\"},\"query-input\":\"required name=search_term_string\"}],\"inLanguage\":\"pt-PT\"},{\"@type\":\"Person\",\"@id\":\"https:\/\/www.atelierdocaractere.pt\/brevemente\/#\/schema\/person\/f2f096eb0f27d9894725af22cb97c0db\",\"name\":\"Joana Barbosa\",\"image\":{\"@type\":\"ImageObject\",\"inLanguage\":\"pt-PT\",\"@id\":\"https:\/\/www.atelierdocaractere.pt\/brevemente\/#\/schema\/person\/image\/\",\"url\":\"https:\/\/secure.gravatar.com\/avatar\/33e8214b45e9d68a3a83008731075979?s=96&d=mm&r=g\",\"contentUrl\":\"https:\/\/secure.gravatar.com\/avatar\/33e8214b45e9d68a3a83008731075979?s=96&d=mm&r=g\",\"caption\":\"Joana Barbosa\"},\"url\":\"https:\/\/www.atelierdocaractere.pt\/brevemente\/author\/joanabarbosa\/\"}]}<\/script>\n<!-- \/ Yoast SEO plugin. -->","yoast_head_json":{"title":"Filme promocional de Viseu D\u00e3o Laf\u00f5es premiado em cinco festivais internacionais de cinema\u00a0 - Atelier do Caractere","robots":{"index":"index","follow":"follow","max-snippet":"max-snippet:-1","max-image-preview":"max-image-preview:large","max-video-preview":"max-video-preview:-1"},"canonical":"https:\/\/www.atelierdocaractere.pt\/brevemente\/filme-promocional-de-viseu-dao-lafoes-premiado-em-cinco-festivais-internacionais-de-cinema\/","og_locale":"pt_PT","og_type":"article","og_title":"Filme promocional de Viseu D\u00e3o Laf\u00f5es premiado em cinco festivais internacionais de cinema\u00a0 - Atelier do Caractere","og_description":"Filme \u201c\u00c9 Onde Apetece Estar\u201d j\u00e1 conquistou 13 pr\u00e9mios em festivais realizados em Portugal, Brasil, Fran\u00e7a, Cro\u00e1cia e Alemanha O...","og_url":"https:\/\/www.atelierdocaractere.pt\/brevemente\/filme-promocional-de-viseu-dao-lafoes-premiado-em-cinco-festivais-internacionais-de-cinema\/","og_site_name":"Atelier do Caractere","article_publisher":"https:\/\/www.facebook.com\/AtelierdoCaractere","article_published_time":"2025-11-14T12:04:25+00:00","article_modified_time":"2025-11-14T12:04:28+00:00","og_image":[{"width":857,"height":571,"url":"https:\/\/www.atelierdocaractere.pt\/wp-content\/uploads\/2025\/11\/742c23f7-cfef-081b-4cd7-a75c9a70569c1.png","type":"image\/png"}],"author":"Joana Barbosa","twitter_card":"summary_large_image","twitter_misc":{"Escrito por":"Joana Barbosa","Tempo estimado de leitura":"4 minutos"},"schema":{"@context":"https:\/\/schema.org","@graph":[{"@type":"WebPage","@id":"https:\/\/www.atelierdocaractere.pt\/brevemente\/filme-promocional-de-viseu-dao-lafoes-premiado-em-cinco-festivais-internacionais-de-cinema\/","url":"https:\/\/www.atelierdocaractere.pt\/brevemente\/filme-promocional-de-viseu-dao-lafoes-premiado-em-cinco-festivais-internacionais-de-cinema\/","name":"Filme promocional de Viseu D\u00e3o Laf\u00f5es premiado em cinco festivais internacionais de cinema\u00a0 - Atelier do Caractere","isPartOf":{"@id":"https:\/\/www.atelierdocaractere.pt\/brevemente\/#website"},"datePublished":"2025-11-14T12:04:25+00:00","dateModified":"2025-11-14T12:04:28+00:00","author":{"@id":"https:\/\/www.atelierdocaractere.pt\/brevemente\/#\/schema\/person\/f2f096eb0f27d9894725af22cb97c0db"},"breadcrumb":{"@id":"https:\/\/www.atelierdocaractere.pt\/brevemente\/filme-promocional-de-viseu-dao-lafoes-premiado-em-cinco-festivais-internacionais-de-cinema\/#breadcrumb"},"inLanguage":"pt-PT","potentialAction":[{"@type":"ReadAction","target":["https:\/\/www.atelierdocaractere.pt\/brevemente\/filme-promocional-de-viseu-dao-lafoes-premiado-em-cinco-festivais-internacionais-de-cinema\/"]}]},{"@type":"BreadcrumbList","@id":"https:\/\/www.atelierdocaractere.pt\/brevemente\/filme-promocional-de-viseu-dao-lafoes-premiado-em-cinco-festivais-internacionais-de-cinema\/#breadcrumb","itemListElement":[{"@type":"ListItem","position":1,"name":"In\u00edcio","item":"https:\/\/www.atelierdocaractere.pt\/brevemente\/"},{"@type":"ListItem","position":2,"name":"Filme promocional de Viseu D\u00e3o Laf\u00f5es premiado em cinco festivais internacionais de cinema\u00a0"}]},{"@type":"WebSite","@id":"https:\/\/www.atelierdocaractere.pt\/brevemente\/#website","url":"https:\/\/www.atelierdocaractere.pt\/brevemente\/","name":"Atelier do Caractere","description":"","potentialAction":[{"@type":"SearchAction","target":{"@type":"EntryPoint","urlTemplate":"https:\/\/www.atelierdocaractere.pt\/brevemente\/?s={search_term_string}"},"query-input":"required name=search_term_string"}],"inLanguage":"pt-PT"},{"@type":"Person","@id":"https:\/\/www.atelierdocaractere.pt\/brevemente\/#\/schema\/person\/f2f096eb0f27d9894725af22cb97c0db","name":"Joana Barbosa","image":{"@type":"ImageObject","inLanguage":"pt-PT","@id":"https:\/\/www.atelierdocaractere.pt\/brevemente\/#\/schema\/person\/image\/","url":"https:\/\/secure.gravatar.com\/avatar\/33e8214b45e9d68a3a83008731075979?s=96&d=mm&r=g","contentUrl":"https:\/\/secure.gravatar.com\/avatar\/33e8214b45e9d68a3a83008731075979?s=96&d=mm&r=g","caption":"Joana Barbosa"},"url":"https:\/\/www.atelierdocaractere.pt\/brevemente\/author\/joanabarbosa\/"}]}},"_links":{"self":[{"href":"https:\/\/www.atelierdocaractere.pt\/brevemente\/wp-json\/wp\/v2\/posts\/14073"}],"collection":[{"href":"https:\/\/www.atelierdocaractere.pt\/brevemente\/wp-json\/wp\/v2\/posts"}],"about":[{"href":"https:\/\/www.atelierdocaractere.pt\/brevemente\/wp-json\/wp\/v2\/types\/post"}],"author":[{"embeddable":true,"href":"https:\/\/www.atelierdocaractere.pt\/brevemente\/wp-json\/wp\/v2\/users\/7"}],"replies":[{"embeddable":true,"href":"https:\/\/www.atelierdocaractere.pt\/brevemente\/wp-json\/wp\/v2\/comments?post=14073"}],"version-history":[{"count":1,"href":"https:\/\/www.atelierdocaractere.pt\/brevemente\/wp-json\/wp\/v2\/posts\/14073\/revisions"}],"predecessor-version":[{"id":14076,"href":"https:\/\/www.atelierdocaractere.pt\/brevemente\/wp-json\/wp\/v2\/posts\/14073\/revisions\/14076"}],"wp:featuredmedia":[{"embeddable":true,"href":"https:\/\/www.atelierdocaractere.pt\/brevemente\/wp-json\/wp\/v2\/media\/14074"}],"wp:attachment":[{"href":"https:\/\/www.atelierdocaractere.pt\/brevemente\/wp-json\/wp\/v2\/media?parent=14073"}],"wp:term":[{"taxonomy":"category","embeddable":true,"href":"https:\/\/www.atelierdocaractere.pt\/brevemente\/wp-json\/wp\/v2\/categories?post=14073"},{"taxonomy":"post_tag","embeddable":true,"href":"https:\/\/www.atelierdocaractere.pt\/brevemente\/wp-json\/wp\/v2\/tags?post=14073"}],"curies":[{"name":"wp","href":"https:\/\/api.w.org\/{rel}","templated":true}]}}