{"id":14082,"date":"2025-11-12T13:25:29","date_gmt":"2025-11-12T13:25:29","guid":{"rendered":"https:\/\/www.atelierdocaractere.pt\/brevemente\/?p=14082"},"modified":"2025-11-21T13:28:26","modified_gmt":"2025-11-21T13:28:26","slug":"nova-geracao-do-renault-clio-revelada-ao-mundo-em-portugal-o-palco-da-16a-apresentacao-internacional-da-marca","status":"publish","type":"post","link":"https:\/\/www.atelierdocaractere.pt\/brevemente\/nova-geracao-do-renault-clio-revelada-ao-mundo-em-portugal-o-palco-da-16a-apresentacao-internacional-da-marca\/","title":{"rendered":"Nova gera\u00e7\u00e3o do Renault Clio revelada ao mundo em Portugal, o palco da 16\u00aa apresenta\u00e7\u00e3o internacional da marca"},"content":{"rendered":"\n<p><strong>Portugal foi o pa\u00eds escolhido pela Renault para a apresenta\u00e7\u00e3o mundial, \u00e0 imprensa, do novo Renault Clio. Entre a pr\u00f3xima quinta-feira (13 de novembro) e 9 de dezembro, a sexta gera\u00e7\u00e3o do hist\u00f3rico modelo da marca vai ser ensaiado por 476 jornalistas, provenientes de 25 pa\u00edses da Europa, mas tamb\u00e9m de Marrocos. A base operacional ser\u00e1 em Cascais, com percursos pelos concelhos lim\u00edtrofes, e a a\u00e7\u00e3o contar\u00e1 com uma frota de mais de 50 autom\u00f3veis.<\/strong><\/p>\n\n\n\n<figure class=\"wp-block-image size-large\"><img decoding=\"async\" width=\"1024\" height=\"576\" src=\"https:\/\/www.atelierdocaractere.pt\/wp-content\/uploads\/2025\/11\/92e1c83788f0ce57ad70414561b9db13-l.jpg-1024x576.webp\" alt=\"\" class=\"wp-image-14083\" srcset=\"https:\/\/www.atelierdocaractere.pt\/wp-content\/uploads\/2025\/11\/92e1c83788f0ce57ad70414561b9db13-l.jpg-1024x576.webp 1024w, https:\/\/www.atelierdocaractere.pt\/wp-content\/uploads\/2025\/11\/92e1c83788f0ce57ad70414561b9db13-l.jpg-300x169.webp 300w, https:\/\/www.atelierdocaractere.pt\/wp-content\/uploads\/2025\/11\/92e1c83788f0ce57ad70414561b9db13-l.jpg-768x432.webp 768w, https:\/\/www.atelierdocaractere.pt\/wp-content\/uploads\/2025\/11\/92e1c83788f0ce57ad70414561b9db13-l.jpg-1536x864.webp 1536w, https:\/\/www.atelierdocaractere.pt\/wp-content\/uploads\/2025\/11\/92e1c83788f0ce57ad70414561b9db13-l.jpg.webp 2000w\" sizes=\"(max-width: 1024px) 100vw, 1024px\" \/><\/figure>\n\n\n\n<p>\u00c9 a 16\u00aa vez que a Renault escolhe Portugal para a revela\u00e7\u00e3o internacional de um dos seus modelos. A primeira foi organizada em 2007, com a cidade de Braga a receber o Clio III R.S. A uma m\u00e9dia de quase uma a\u00e7\u00e3o por ano, seguiram-se modelos como o Twingo R.S. (Bai\u00e3o), Laguna Coup\u00e9 (Algarve), ZOE e M\u00e9gane IV (Cascais), Clio V (\u00c9vora), Trafic e Master (Cascais), o Espace (Castelo de Paiva) e, no passado m\u00eas de maio, o Renault 4 E-Tech el\u00e9trico (Ericeira).<\/p>\n\n\n\n<p>A import\u00e2ncia do mercado, a rela\u00e7\u00e3o emocional e a atratividade tur\u00edstica justificam a aposta da marca em organizar mais uma a\u00e7\u00e3o no pa\u00eds. Um evento que resulta de v\u00e1rios meses de planeamento, que conta com dezenas de pessoas envolvidas na organiza\u00e7\u00e3o e que ter\u00e1 um impacto financeiro relevante, n\u00e3o s\u00f3 pela organiza\u00e7\u00e3o, mas tamb\u00e9m pela promo\u00e7\u00e3o do pa\u00eds atrav\u00e9s das imagens e dos ensaios internacionais.<\/p>\n\n\n\n<p>Com a sexta gera\u00e7\u00e3o, o Renault Clio consolida-se como o&nbsp;<em>hatchback<\/em>&nbsp;mais vers\u00e1til da sua era &#8211; mais expressivo, mais tecnol\u00f3gico e mais conectado do que nunca. O novo Clio impressiona \u00e0 primeira vista, com um design marcante e uma motoriza\u00e7\u00e3o E-Tech full hybrid de 160 cv, que combina desempenho e efici\u00eancia com o prazer de conduzir. No interior, a experi\u00eancia \u00e9 elevada por um ecossistema digital de \u00faltima gera\u00e7\u00e3o, OpenR Link com Google integrado, e por uma gama de equipamentos que normalmente s\u00f3 se encontram em segmentos superiores. A oferta inclui v\u00e1rias motoriza\u00e7\u00f5es &#8211; do TCe 115 manual ou EDC, ao E-Tech 160 full hybrid, e em breve o ECO-G 120 -, dispon\u00edveis em tr\u00eas vers\u00f5es: evolution, techno e esprit Alpine. As encomendas j\u00e1 est\u00e3o abertas, com as primeiras entregas previstas para o in\u00edcio de 2026.<\/p>\n\n\n\n<p>\u00c9 o arranque de um novo cap\u00edtulo na hist\u00f3ria de um \u00edcone.<\/p>\n","protected":false},"excerpt":{"rendered":"<p>Portugal foi o pa\u00eds escolhido pela Renault para a apresenta\u00e7\u00e3o mundial, \u00e0 imprensa, do novo Renault Clio. Entre a pr\u00f3xima&#8230;<\/p>\n","protected":false},"author":7,"featured_media":14083,"comment_status":"closed","ping_status":"open","sticky":false,"template":"","format":"standard","meta":[],"categories":[28],"tags":[1025,85,97,87],"yoast_head":"<!-- This site is optimized with the Yoast SEO plugin v20.12 - https:\/\/yoast.com\/wordpress\/plugins\/seo\/ -->\n<title>Nova gera\u00e7\u00e3o do Renault Clio revelada ao mundo em Portugal, o palco da 16\u00aa apresenta\u00e7\u00e3o internacional da marca - Atelier do Caractere<\/title>\n<meta name=\"robots\" content=\"index, follow, max-snippet:-1, max-image-preview:large, max-video-preview:-1\" \/>\n<link rel=\"canonical\" href=\"https:\/\/www.atelierdocaractere.pt\/brevemente\/nova-geracao-do-renault-clio-revelada-ao-mundo-em-portugal-o-palco-da-16a-apresentacao-internacional-da-marca\/\" \/>\n<meta property=\"og:locale\" content=\"pt_PT\" \/>\n<meta property=\"og:type\" content=\"article\" \/>\n<meta property=\"og:title\" content=\"Nova gera\u00e7\u00e3o do Renault Clio revelada ao mundo em Portugal, o palco da 16\u00aa apresenta\u00e7\u00e3o internacional da marca - Atelier do Caractere\" \/>\n<meta property=\"og:description\" content=\"Portugal foi o pa\u00eds escolhido pela Renault para a apresenta\u00e7\u00e3o mundial, \u00e0 imprensa, do novo Renault Clio. Entre a pr\u00f3xima...\" \/>\n<meta property=\"og:url\" content=\"https:\/\/www.atelierdocaractere.pt\/brevemente\/nova-geracao-do-renault-clio-revelada-ao-mundo-em-portugal-o-palco-da-16a-apresentacao-internacional-da-marca\/\" \/>\n<meta property=\"og:site_name\" content=\"Atelier do Caractere\" \/>\n<meta property=\"article:publisher\" content=\"https:\/\/www.facebook.com\/AtelierdoCaractere\" \/>\n<meta property=\"article:published_time\" content=\"2025-11-12T13:25:29+00:00\" \/>\n<meta property=\"article:modified_time\" content=\"2025-11-21T13:28:26+00:00\" \/>\n<meta property=\"og:image\" content=\"https:\/\/www.atelierdocaractere.pt\/wp-content\/uploads\/2025\/11\/92e1c83788f0ce57ad70414561b9db13-l.jpg.webp\" \/>\n\t<meta property=\"og:image:width\" content=\"2000\" \/>\n\t<meta property=\"og:image:height\" content=\"1125\" \/>\n\t<meta property=\"og:image:type\" content=\"image\/webp\" \/>\n<meta name=\"author\" content=\"Joana Barbosa\" \/>\n<meta name=\"twitter:card\" content=\"summary_large_image\" \/>\n<meta name=\"twitter:label1\" content=\"Escrito por\" \/>\n\t<meta name=\"twitter:data1\" content=\"Joana Barbosa\" \/>\n\t<meta name=\"twitter:label2\" content=\"Tempo estimado de leitura\" \/>\n\t<meta name=\"twitter:data2\" content=\"3 minutos\" \/>\n<script type=\"application\/ld+json\" class=\"yoast-schema-graph\">{\"@context\":\"https:\/\/schema.org\",\"@graph\":[{\"@type\":\"WebPage\",\"@id\":\"https:\/\/www.atelierdocaractere.pt\/brevemente\/nova-geracao-do-renault-clio-revelada-ao-mundo-em-portugal-o-palco-da-16a-apresentacao-internacional-da-marca\/\",\"url\":\"https:\/\/www.atelierdocaractere.pt\/brevemente\/nova-geracao-do-renault-clio-revelada-ao-mundo-em-portugal-o-palco-da-16a-apresentacao-internacional-da-marca\/\",\"name\":\"Nova gera\u00e7\u00e3o do Renault Clio revelada ao mundo em Portugal, o palco da 16\u00aa apresenta\u00e7\u00e3o internacional da marca - Atelier do Caractere\",\"isPartOf\":{\"@id\":\"https:\/\/www.atelierdocaractere.pt\/brevemente\/#website\"},\"datePublished\":\"2025-11-12T13:25:29+00:00\",\"dateModified\":\"2025-11-21T13:28:26+00:00\",\"author\":{\"@id\":\"https:\/\/www.atelierdocaractere.pt\/brevemente\/#\/schema\/person\/f2f096eb0f27d9894725af22cb97c0db\"},\"breadcrumb\":{\"@id\":\"https:\/\/www.atelierdocaractere.pt\/brevemente\/nova-geracao-do-renault-clio-revelada-ao-mundo-em-portugal-o-palco-da-16a-apresentacao-internacional-da-marca\/#breadcrumb\"},\"inLanguage\":\"pt-PT\",\"potentialAction\":[{\"@type\":\"ReadAction\",\"target\":[\"https:\/\/www.atelierdocaractere.pt\/brevemente\/nova-geracao-do-renault-clio-revelada-ao-mundo-em-portugal-o-palco-da-16a-apresentacao-internacional-da-marca\/\"]}]},{\"@type\":\"BreadcrumbList\",\"@id\":\"https:\/\/www.atelierdocaractere.pt\/brevemente\/nova-geracao-do-renault-clio-revelada-ao-mundo-em-portugal-o-palco-da-16a-apresentacao-internacional-da-marca\/#breadcrumb\",\"itemListElement\":[{\"@type\":\"ListItem\",\"position\":1,\"name\":\"In\u00edcio\",\"item\":\"https:\/\/www.atelierdocaractere.pt\/brevemente\/\"},{\"@type\":\"ListItem\",\"position\":2,\"name\":\"Nova gera\u00e7\u00e3o do Renault Clio revelada ao mundo em Portugal, o palco da 16\u00aa apresenta\u00e7\u00e3o internacional da marca\"}]},{\"@type\":\"WebSite\",\"@id\":\"https:\/\/www.atelierdocaractere.pt\/brevemente\/#website\",\"url\":\"https:\/\/www.atelierdocaractere.pt\/brevemente\/\",\"name\":\"Atelier do Caractere\",\"description\":\"\",\"potentialAction\":[{\"@type\":\"SearchAction\",\"target\":{\"@type\":\"EntryPoint\",\"urlTemplate\":\"https:\/\/www.atelierdocaractere.pt\/brevemente\/?s={search_term_string}\"},\"query-input\":\"required name=search_term_string\"}],\"inLanguage\":\"pt-PT\"},{\"@type\":\"Person\",\"@id\":\"https:\/\/www.atelierdocaractere.pt\/brevemente\/#\/schema\/person\/f2f096eb0f27d9894725af22cb97c0db\",\"name\":\"Joana Barbosa\",\"image\":{\"@type\":\"ImageObject\",\"inLanguage\":\"pt-PT\",\"@id\":\"https:\/\/www.atelierdocaractere.pt\/brevemente\/#\/schema\/person\/image\/\",\"url\":\"https:\/\/secure.gravatar.com\/avatar\/33e8214b45e9d68a3a83008731075979?s=96&d=mm&r=g\",\"contentUrl\":\"https:\/\/secure.gravatar.com\/avatar\/33e8214b45e9d68a3a83008731075979?s=96&d=mm&r=g\",\"caption\":\"Joana Barbosa\"},\"url\":\"https:\/\/www.atelierdocaractere.pt\/brevemente\/author\/joanabarbosa\/\"}]}<\/script>\n<!-- \/ Yoast SEO plugin. -->","yoast_head_json":{"title":"Nova gera\u00e7\u00e3o do Renault Clio revelada ao mundo em Portugal, o palco da 16\u00aa apresenta\u00e7\u00e3o internacional da marca - Atelier do Caractere","robots":{"index":"index","follow":"follow","max-snippet":"max-snippet:-1","max-image-preview":"max-image-preview:large","max-video-preview":"max-video-preview:-1"},"canonical":"https:\/\/www.atelierdocaractere.pt\/brevemente\/nova-geracao-do-renault-clio-revelada-ao-mundo-em-portugal-o-palco-da-16a-apresentacao-internacional-da-marca\/","og_locale":"pt_PT","og_type":"article","og_title":"Nova gera\u00e7\u00e3o do Renault Clio revelada ao mundo em Portugal, o palco da 16\u00aa apresenta\u00e7\u00e3o internacional da marca - Atelier do Caractere","og_description":"Portugal foi o pa\u00eds escolhido pela Renault para a apresenta\u00e7\u00e3o mundial, \u00e0 imprensa, do novo Renault Clio. Entre a pr\u00f3xima...","og_url":"https:\/\/www.atelierdocaractere.pt\/brevemente\/nova-geracao-do-renault-clio-revelada-ao-mundo-em-portugal-o-palco-da-16a-apresentacao-internacional-da-marca\/","og_site_name":"Atelier do Caractere","article_publisher":"https:\/\/www.facebook.com\/AtelierdoCaractere","article_published_time":"2025-11-12T13:25:29+00:00","article_modified_time":"2025-11-21T13:28:26+00:00","og_image":[{"width":2000,"height":1125,"url":"https:\/\/www.atelierdocaractere.pt\/wp-content\/uploads\/2025\/11\/92e1c83788f0ce57ad70414561b9db13-l.jpg.webp","type":"image\/webp"}],"author":"Joana Barbosa","twitter_card":"summary_large_image","twitter_misc":{"Escrito por":"Joana Barbosa","Tempo estimado de leitura":"3 minutos"},"schema":{"@context":"https:\/\/schema.org","@graph":[{"@type":"WebPage","@id":"https:\/\/www.atelierdocaractere.pt\/brevemente\/nova-geracao-do-renault-clio-revelada-ao-mundo-em-portugal-o-palco-da-16a-apresentacao-internacional-da-marca\/","url":"https:\/\/www.atelierdocaractere.pt\/brevemente\/nova-geracao-do-renault-clio-revelada-ao-mundo-em-portugal-o-palco-da-16a-apresentacao-internacional-da-marca\/","name":"Nova gera\u00e7\u00e3o do Renault Clio revelada ao mundo em Portugal, o palco da 16\u00aa apresenta\u00e7\u00e3o internacional da marca - Atelier do Caractere","isPartOf":{"@id":"https:\/\/www.atelierdocaractere.pt\/brevemente\/#website"},"datePublished":"2025-11-12T13:25:29+00:00","dateModified":"2025-11-21T13:28:26+00:00","author":{"@id":"https:\/\/www.atelierdocaractere.pt\/brevemente\/#\/schema\/person\/f2f096eb0f27d9894725af22cb97c0db"},"breadcrumb":{"@id":"https:\/\/www.atelierdocaractere.pt\/brevemente\/nova-geracao-do-renault-clio-revelada-ao-mundo-em-portugal-o-palco-da-16a-apresentacao-internacional-da-marca\/#breadcrumb"},"inLanguage":"pt-PT","potentialAction":[{"@type":"ReadAction","target":["https:\/\/www.atelierdocaractere.pt\/brevemente\/nova-geracao-do-renault-clio-revelada-ao-mundo-em-portugal-o-palco-da-16a-apresentacao-internacional-da-marca\/"]}]},{"@type":"BreadcrumbList","@id":"https:\/\/www.atelierdocaractere.pt\/brevemente\/nova-geracao-do-renault-clio-revelada-ao-mundo-em-portugal-o-palco-da-16a-apresentacao-internacional-da-marca\/#breadcrumb","itemListElement":[{"@type":"ListItem","position":1,"name":"In\u00edcio","item":"https:\/\/www.atelierdocaractere.pt\/brevemente\/"},{"@type":"ListItem","position":2,"name":"Nova gera\u00e7\u00e3o do Renault Clio revelada ao mundo em Portugal, o palco da 16\u00aa apresenta\u00e7\u00e3o internacional da marca"}]},{"@type":"WebSite","@id":"https:\/\/www.atelierdocaractere.pt\/brevemente\/#website","url":"https:\/\/www.atelierdocaractere.pt\/brevemente\/","name":"Atelier do Caractere","description":"","potentialAction":[{"@type":"SearchAction","target":{"@type":"EntryPoint","urlTemplate":"https:\/\/www.atelierdocaractere.pt\/brevemente\/?s={search_term_string}"},"query-input":"required name=search_term_string"}],"inLanguage":"pt-PT"},{"@type":"Person","@id":"https:\/\/www.atelierdocaractere.pt\/brevemente\/#\/schema\/person\/f2f096eb0f27d9894725af22cb97c0db","name":"Joana Barbosa","image":{"@type":"ImageObject","inLanguage":"pt-PT","@id":"https:\/\/www.atelierdocaractere.pt\/brevemente\/#\/schema\/person\/image\/","url":"https:\/\/secure.gravatar.com\/avatar\/33e8214b45e9d68a3a83008731075979?s=96&d=mm&r=g","contentUrl":"https:\/\/secure.gravatar.com\/avatar\/33e8214b45e9d68a3a83008731075979?s=96&d=mm&r=g","caption":"Joana Barbosa"},"url":"https:\/\/www.atelierdocaractere.pt\/brevemente\/author\/joanabarbosa\/"}]}},"_links":{"self":[{"href":"https:\/\/www.atelierdocaractere.pt\/brevemente\/wp-json\/wp\/v2\/posts\/14082"}],"collection":[{"href":"https:\/\/www.atelierdocaractere.pt\/brevemente\/wp-json\/wp\/v2\/posts"}],"about":[{"href":"https:\/\/www.atelierdocaractere.pt\/brevemente\/wp-json\/wp\/v2\/types\/post"}],"author":[{"embeddable":true,"href":"https:\/\/www.atelierdocaractere.pt\/brevemente\/wp-json\/wp\/v2\/users\/7"}],"replies":[{"embeddable":true,"href":"https:\/\/www.atelierdocaractere.pt\/brevemente\/wp-json\/wp\/v2\/comments?post=14082"}],"version-history":[{"count":1,"href":"https:\/\/www.atelierdocaractere.pt\/brevemente\/wp-json\/wp\/v2\/posts\/14082\/revisions"}],"predecessor-version":[{"id":14084,"href":"https:\/\/www.atelierdocaractere.pt\/brevemente\/wp-json\/wp\/v2\/posts\/14082\/revisions\/14084"}],"wp:featuredmedia":[{"embeddable":true,"href":"https:\/\/www.atelierdocaractere.pt\/brevemente\/wp-json\/wp\/v2\/media\/14083"}],"wp:attachment":[{"href":"https:\/\/www.atelierdocaractere.pt\/brevemente\/wp-json\/wp\/v2\/media?parent=14082"}],"wp:term":[{"taxonomy":"category","embeddable":true,"href":"https:\/\/www.atelierdocaractere.pt\/brevemente\/wp-json\/wp\/v2\/categories?post=14082"},{"taxonomy":"post_tag","embeddable":true,"href":"https:\/\/www.atelierdocaractere.pt\/brevemente\/wp-json\/wp\/v2\/tags?post=14082"}],"curies":[{"name":"wp","href":"https:\/\/api.w.org\/{rel}","templated":true}]}}