{"id":14085,"date":"2025-11-12T13:30:17","date_gmt":"2025-11-12T13:30:17","guid":{"rendered":"https:\/\/www.atelierdocaractere.pt\/brevemente\/?p=14085"},"modified":"2025-11-21T13:36:07","modified_gmt":"2025-11-21T13:36:07","slug":"estao-abertas-as-encomendas-para-o-duster-e-bigster-hybrid-g-150-4x4-duas-propostas-ineditas-no-mercado","status":"publish","type":"post","link":"https:\/\/www.atelierdocaractere.pt\/brevemente\/estao-abertas-as-encomendas-para-o-duster-e-bigster-hybrid-g-150-4x4-duas-propostas-ineditas-no-mercado\/","title":{"rendered":"Est\u00e3o abertas as encomendas para o Duster e Bigster HYBRID-G 150 4&#215;4, duas propostas in\u00e9ditas no mercado"},"content":{"rendered":"\n<p><strong>A Dacia anuncia a abertura de encomendas para as vers\u00f5es do Dacia Duster e do Dacia Bigster MY2026 equipados com a in\u00e9dita motoriza\u00e7\u00e3o HYBRID-G 150 4&#215;4. Este sistema de propuls\u00e3o \u00e9 o primeiro no mercado a combinar um sistema h\u00edbrido, bi-fuel GPL e tra\u00e7\u00e3o integral, resultando em dois modelos eficientes, vers\u00e1teis, econ\u00f3micos e f\u00e1ceis de conduzir. A entrega das primeiras unidades est\u00e1 prevista para o primeiro trimestre de 2026.<\/strong><\/p>\n\n\n\n<figure class=\"wp-block-image size-large\"><img decoding=\"async\" width=\"1024\" height=\"576\" src=\"https:\/\/www.atelierdocaractere.pt\/wp-content\/uploads\/2025\/11\/8281224a1747404cb69942f299ed591c-l.jpg-1024x576.webp\" alt=\"\" class=\"wp-image-14088\" srcset=\"https:\/\/www.atelierdocaractere.pt\/wp-content\/uploads\/2025\/11\/8281224a1747404cb69942f299ed591c-l.jpg-1024x576.webp 1024w, https:\/\/www.atelierdocaractere.pt\/wp-content\/uploads\/2025\/11\/8281224a1747404cb69942f299ed591c-l.jpg-300x169.webp 300w, https:\/\/www.atelierdocaractere.pt\/wp-content\/uploads\/2025\/11\/8281224a1747404cb69942f299ed591c-l.jpg-768x432.webp 768w, https:\/\/www.atelierdocaractere.pt\/wp-content\/uploads\/2025\/11\/8281224a1747404cb69942f299ed591c-l.jpg-1536x864.webp 1536w, https:\/\/www.atelierdocaractere.pt\/wp-content\/uploads\/2025\/11\/8281224a1747404cb69942f299ed591c-l.jpg.webp 2000w\" sizes=\"(max-width: 1024px) 100vw, 1024px\" \/><\/figure>\n\n\n\n<p>O motor HYBRID-G 150 4&#215;4 agora dispon\u00edvel nos modelos Duster e Bigster combina um motor mild-hybrid 1.2 litros de 48V, com 103 kW (140 cv), no eixo dianteiro, com um motor el\u00e9trico de 23 kW (31 cv) no eixo traseiro. No total, o sistema oferece uma pot\u00eancia m\u00e1xima de 113 kW (150 cv), estando associado a uma inovadora caixa de velocidades autom\u00e1tica de dupla embraiagem (6 velocidades),<\/p>\n\n\n\n<h3 class=\"wp-block-heading\"><strong>Economia e autonomia para o quotidiano<\/strong><\/h3>\n\n\n\n<p>O sistema de propuls\u00e3o mild-hybrid, permite que o condutor circule em modo totalmente el\u00e9trico durante at\u00e9 60% do tempo de condu\u00e7\u00e3o em ciclo urbano, uma vez que a bateria de i\u00f5es de l\u00edtio de 48 V carrega, automaticamente, durante as desacelera\u00e7\u00f5es e travagens.<\/p>\n\n\n\n<p>\u00danico no mercado, este h\u00edbrido bi-fuel 4&#215;4 aproveita, ao m\u00e1ximo, o pre\u00e7o historicamente baixo do GPL para proporcionar poupan\u00e7as substanciais. Esta tecnologia permite uma redu\u00e7\u00e3o nos custos de utiliza\u00e7\u00e3o em 30% e as emiss\u00f5es de CO\u2082 em 20g. Com os seus dois dep\u00f3sitos de 50 litros (gasolina e GPL), a autonomia combinada pode chegar aos 1500 km (ciclo WLTP), no caso do Duster.<\/p>\n\n\n\n<p>A tra\u00e7\u00e3o integral inteligente \u00e9 garantida pelo motor el\u00e9trico montado no eixo traseiro, que confere bin\u00e1rio instant\u00e2neo assim que \u00e9 detetada uma perda de ader\u00eancia. Com esta tecnologia, tanto o Duster como o Bigster HYBRID-G 150 4&#215;4 disponibilizam seis modos de condu\u00e7\u00e3o:<\/p>\n\n\n\n<ul>\n<li>Auto, em que o autom\u00f3vel gere, automaticamente, a mudan\u00e7a entre os modos 4&#215;2 e 4&#215;4;<\/li>\n\n\n\n<li>Eco&nbsp;para uma m\u00e1xima economia, mudando para o modo 4&#215;4 em caso de perda de ader\u00eancia;<\/li>\n\n\n\n<li>Neve,&nbsp;para uma condu\u00e7\u00e3o mais segura no modo 4&#215;4, em estradas com pouca ader\u00eancia;<\/li>\n\n\n\n<li>Lama\/areia&nbsp;com a tra\u00e7\u00e3o 4&#215;4 otimizada a tempo inteiro, em superf\u00edcies soltas;<\/li>\n\n\n\n<li>Bloqueio&nbsp;para condu\u00e7\u00e3o fora de estrada, em terrenos acidentados, a baixas velocidades;<\/li>\n\n\n\n<li>Hill Descent Control&nbsp;para controlar a dire\u00e7\u00e3o e estabilizar o ve\u00edculo, ao conduzir em descidas, a uma velocidade entre os 4 e os 30 km\/h.<\/li>\n<\/ul>\n\n\n\n<p>Em suma, o HYBRID-G 150 4&#215;4\u00a0mant\u00e9m as capacidades todo-o-terreno do Duster e do Bigster, enquanto proporciona uma maior facilidade de condu\u00e7\u00e3o com a caixa de velocidades autom\u00e1tica e o motor el\u00e9trico montado na traseira.\u00a0\u00a0<\/p>\n\n\n\n<p><strong>Gama &amp; Pre\u00e7os<\/strong><\/p>\n\n\n\n<figure class=\"wp-block-image size-full\"><img decoding=\"async\" width=\"1000\" height=\"544\" src=\"https:\/\/www.atelierdocaractere.pt\/wp-content\/uploads\/2025\/11\/image-88309187921762964786773-1762964787.png\" alt=\"\" class=\"wp-image-14087\" srcset=\"https:\/\/www.atelierdocaractere.pt\/wp-content\/uploads\/2025\/11\/image-88309187921762964786773-1762964787.png 1000w, https:\/\/www.atelierdocaractere.pt\/wp-content\/uploads\/2025\/11\/image-88309187921762964786773-1762964787-300x163.png 300w, https:\/\/www.atelierdocaractere.pt\/wp-content\/uploads\/2025\/11\/image-88309187921762964786773-1762964787-768x418.png 768w\" sizes=\"(max-width: 1000px) 100vw, 1000px\" \/><\/figure>\n\n\n\n<figure class=\"wp-block-image size-full\"><img decoding=\"async\" width=\"1000\" height=\"565\" src=\"https:\/\/www.atelierdocaractere.pt\/wp-content\/uploads\/2025\/11\/image-96986162531762964792739-1762964793.png\" alt=\"\" class=\"wp-image-14086\" srcset=\"https:\/\/www.atelierdocaractere.pt\/wp-content\/uploads\/2025\/11\/image-96986162531762964792739-1762964793.png 1000w, https:\/\/www.atelierdocaractere.pt\/wp-content\/uploads\/2025\/11\/image-96986162531762964792739-1762964793-300x170.png 300w, https:\/\/www.atelierdocaractere.pt\/wp-content\/uploads\/2025\/11\/image-96986162531762964792739-1762964793-768x434.png 768w\" sizes=\"(max-width: 1000px) 100vw, 1000px\" \/><\/figure>\n","protected":false},"excerpt":{"rendered":"<p>A Dacia anuncia a abertura de encomendas para as vers\u00f5es do Dacia Duster e do Dacia Bigster MY2026 equipados com&#8230;<\/p>\n","protected":false},"author":7,"featured_media":14088,"comment_status":"closed","ping_status":"open","sticky":false,"template":"","format":"standard","meta":[],"categories":[28],"tags":[940,1026,161,1027,351,164],"yoast_head":"<!-- This site is optimized with the Yoast SEO plugin v20.12 - https:\/\/yoast.com\/wordpress\/plugins\/seo\/ -->\n<title>Est\u00e3o abertas as encomendas para o Duster e Bigster HYBRID-G 150 4x4, duas propostas in\u00e9ditas no mercado - Atelier do Caractere<\/title>\n<meta name=\"robots\" content=\"index, follow, max-snippet:-1, max-image-preview:large, max-video-preview:-1\" \/>\n<link rel=\"canonical\" href=\"https:\/\/www.atelierdocaractere.pt\/brevemente\/estao-abertas-as-encomendas-para-o-duster-e-bigster-hybrid-g-150-4x4-duas-propostas-ineditas-no-mercado\/\" \/>\n<meta property=\"og:locale\" content=\"pt_PT\" \/>\n<meta property=\"og:type\" content=\"article\" \/>\n<meta property=\"og:title\" content=\"Est\u00e3o abertas as encomendas para o Duster e Bigster HYBRID-G 150 4x4, duas propostas in\u00e9ditas no mercado - Atelier do Caractere\" \/>\n<meta property=\"og:description\" content=\"A Dacia anuncia a abertura de encomendas para as vers\u00f5es do Dacia Duster e do Dacia Bigster MY2026 equipados com...\" \/>\n<meta property=\"og:url\" content=\"https:\/\/www.atelierdocaractere.pt\/brevemente\/estao-abertas-as-encomendas-para-o-duster-e-bigster-hybrid-g-150-4x4-duas-propostas-ineditas-no-mercado\/\" \/>\n<meta property=\"og:site_name\" content=\"Atelier do Caractere\" \/>\n<meta property=\"article:publisher\" content=\"https:\/\/www.facebook.com\/AtelierdoCaractere\" \/>\n<meta property=\"article:published_time\" content=\"2025-11-12T13:30:17+00:00\" \/>\n<meta property=\"article:modified_time\" content=\"2025-11-21T13:36:07+00:00\" \/>\n<meta property=\"og:image\" content=\"https:\/\/www.atelierdocaractere.pt\/wp-content\/uploads\/2025\/11\/8281224a1747404cb69942f299ed591c-l.jpg.webp\" \/>\n\t<meta property=\"og:image:width\" content=\"2000\" \/>\n\t<meta property=\"og:image:height\" content=\"1125\" \/>\n\t<meta property=\"og:image:type\" content=\"image\/webp\" \/>\n<meta name=\"author\" content=\"Joana Barbosa\" \/>\n<meta name=\"twitter:card\" content=\"summary_large_image\" \/>\n<meta name=\"twitter:label1\" content=\"Escrito por\" \/>\n\t<meta name=\"twitter:data1\" content=\"Joana Barbosa\" \/>\n\t<meta name=\"twitter:label2\" content=\"Tempo estimado de leitura\" \/>\n\t<meta name=\"twitter:data2\" content=\"3 minutos\" \/>\n<script type=\"application\/ld+json\" class=\"yoast-schema-graph\">{\"@context\":\"https:\/\/schema.org\",\"@graph\":[{\"@type\":\"WebPage\",\"@id\":\"https:\/\/www.atelierdocaractere.pt\/brevemente\/estao-abertas-as-encomendas-para-o-duster-e-bigster-hybrid-g-150-4x4-duas-propostas-ineditas-no-mercado\/\",\"url\":\"https:\/\/www.atelierdocaractere.pt\/brevemente\/estao-abertas-as-encomendas-para-o-duster-e-bigster-hybrid-g-150-4x4-duas-propostas-ineditas-no-mercado\/\",\"name\":\"Est\u00e3o abertas as encomendas para o Duster e Bigster HYBRID-G 150 4x4, duas propostas in\u00e9ditas no mercado - Atelier do Caractere\",\"isPartOf\":{\"@id\":\"https:\/\/www.atelierdocaractere.pt\/brevemente\/#website\"},\"datePublished\":\"2025-11-12T13:30:17+00:00\",\"dateModified\":\"2025-11-21T13:36:07+00:00\",\"author\":{\"@id\":\"https:\/\/www.atelierdocaractere.pt\/brevemente\/#\/schema\/person\/f2f096eb0f27d9894725af22cb97c0db\"},\"breadcrumb\":{\"@id\":\"https:\/\/www.atelierdocaractere.pt\/brevemente\/estao-abertas-as-encomendas-para-o-duster-e-bigster-hybrid-g-150-4x4-duas-propostas-ineditas-no-mercado\/#breadcrumb\"},\"inLanguage\":\"pt-PT\",\"potentialAction\":[{\"@type\":\"ReadAction\",\"target\":[\"https:\/\/www.atelierdocaractere.pt\/brevemente\/estao-abertas-as-encomendas-para-o-duster-e-bigster-hybrid-g-150-4x4-duas-propostas-ineditas-no-mercado\/\"]}]},{\"@type\":\"BreadcrumbList\",\"@id\":\"https:\/\/www.atelierdocaractere.pt\/brevemente\/estao-abertas-as-encomendas-para-o-duster-e-bigster-hybrid-g-150-4x4-duas-propostas-ineditas-no-mercado\/#breadcrumb\",\"itemListElement\":[{\"@type\":\"ListItem\",\"position\":1,\"name\":\"In\u00edcio\",\"item\":\"https:\/\/www.atelierdocaractere.pt\/brevemente\/\"},{\"@type\":\"ListItem\",\"position\":2,\"name\":\"Est\u00e3o abertas as encomendas para o Duster e Bigster HYBRID-G 150 4&#215;4, duas propostas in\u00e9ditas no mercado\"}]},{\"@type\":\"WebSite\",\"@id\":\"https:\/\/www.atelierdocaractere.pt\/brevemente\/#website\",\"url\":\"https:\/\/www.atelierdocaractere.pt\/brevemente\/\",\"name\":\"Atelier do Caractere\",\"description\":\"\",\"potentialAction\":[{\"@type\":\"SearchAction\",\"target\":{\"@type\":\"EntryPoint\",\"urlTemplate\":\"https:\/\/www.atelierdocaractere.pt\/brevemente\/?s={search_term_string}\"},\"query-input\":\"required name=search_term_string\"}],\"inLanguage\":\"pt-PT\"},{\"@type\":\"Person\",\"@id\":\"https:\/\/www.atelierdocaractere.pt\/brevemente\/#\/schema\/person\/f2f096eb0f27d9894725af22cb97c0db\",\"name\":\"Joana Barbosa\",\"image\":{\"@type\":\"ImageObject\",\"inLanguage\":\"pt-PT\",\"@id\":\"https:\/\/www.atelierdocaractere.pt\/brevemente\/#\/schema\/person\/image\/\",\"url\":\"https:\/\/secure.gravatar.com\/avatar\/33e8214b45e9d68a3a83008731075979?s=96&d=mm&r=g\",\"contentUrl\":\"https:\/\/secure.gravatar.com\/avatar\/33e8214b45e9d68a3a83008731075979?s=96&d=mm&r=g\",\"caption\":\"Joana Barbosa\"},\"url\":\"https:\/\/www.atelierdocaractere.pt\/brevemente\/author\/joanabarbosa\/\"}]}<\/script>\n<!-- \/ Yoast SEO plugin. -->","yoast_head_json":{"title":"Est\u00e3o abertas as encomendas para o Duster e Bigster HYBRID-G 150 4x4, duas propostas in\u00e9ditas no mercado - Atelier do Caractere","robots":{"index":"index","follow":"follow","max-snippet":"max-snippet:-1","max-image-preview":"max-image-preview:large","max-video-preview":"max-video-preview:-1"},"canonical":"https:\/\/www.atelierdocaractere.pt\/brevemente\/estao-abertas-as-encomendas-para-o-duster-e-bigster-hybrid-g-150-4x4-duas-propostas-ineditas-no-mercado\/","og_locale":"pt_PT","og_type":"article","og_title":"Est\u00e3o abertas as encomendas para o Duster e Bigster HYBRID-G 150 4x4, duas propostas in\u00e9ditas no mercado - Atelier do Caractere","og_description":"A Dacia anuncia a abertura de encomendas para as vers\u00f5es do Dacia Duster e do Dacia Bigster MY2026 equipados com...","og_url":"https:\/\/www.atelierdocaractere.pt\/brevemente\/estao-abertas-as-encomendas-para-o-duster-e-bigster-hybrid-g-150-4x4-duas-propostas-ineditas-no-mercado\/","og_site_name":"Atelier do Caractere","article_publisher":"https:\/\/www.facebook.com\/AtelierdoCaractere","article_published_time":"2025-11-12T13:30:17+00:00","article_modified_time":"2025-11-21T13:36:07+00:00","og_image":[{"width":2000,"height":1125,"url":"https:\/\/www.atelierdocaractere.pt\/wp-content\/uploads\/2025\/11\/8281224a1747404cb69942f299ed591c-l.jpg.webp","type":"image\/webp"}],"author":"Joana Barbosa","twitter_card":"summary_large_image","twitter_misc":{"Escrito por":"Joana Barbosa","Tempo estimado de leitura":"3 minutos"},"schema":{"@context":"https:\/\/schema.org","@graph":[{"@type":"WebPage","@id":"https:\/\/www.atelierdocaractere.pt\/brevemente\/estao-abertas-as-encomendas-para-o-duster-e-bigster-hybrid-g-150-4x4-duas-propostas-ineditas-no-mercado\/","url":"https:\/\/www.atelierdocaractere.pt\/brevemente\/estao-abertas-as-encomendas-para-o-duster-e-bigster-hybrid-g-150-4x4-duas-propostas-ineditas-no-mercado\/","name":"Est\u00e3o abertas as encomendas para o Duster e Bigster HYBRID-G 150 4x4, duas propostas in\u00e9ditas no mercado - Atelier do Caractere","isPartOf":{"@id":"https:\/\/www.atelierdocaractere.pt\/brevemente\/#website"},"datePublished":"2025-11-12T13:30:17+00:00","dateModified":"2025-11-21T13:36:07+00:00","author":{"@id":"https:\/\/www.atelierdocaractere.pt\/brevemente\/#\/schema\/person\/f2f096eb0f27d9894725af22cb97c0db"},"breadcrumb":{"@id":"https:\/\/www.atelierdocaractere.pt\/brevemente\/estao-abertas-as-encomendas-para-o-duster-e-bigster-hybrid-g-150-4x4-duas-propostas-ineditas-no-mercado\/#breadcrumb"},"inLanguage":"pt-PT","potentialAction":[{"@type":"ReadAction","target":["https:\/\/www.atelierdocaractere.pt\/brevemente\/estao-abertas-as-encomendas-para-o-duster-e-bigster-hybrid-g-150-4x4-duas-propostas-ineditas-no-mercado\/"]}]},{"@type":"BreadcrumbList","@id":"https:\/\/www.atelierdocaractere.pt\/brevemente\/estao-abertas-as-encomendas-para-o-duster-e-bigster-hybrid-g-150-4x4-duas-propostas-ineditas-no-mercado\/#breadcrumb","itemListElement":[{"@type":"ListItem","position":1,"name":"In\u00edcio","item":"https:\/\/www.atelierdocaractere.pt\/brevemente\/"},{"@type":"ListItem","position":2,"name":"Est\u00e3o abertas as encomendas para o Duster e Bigster HYBRID-G 150 4&#215;4, duas propostas in\u00e9ditas no mercado"}]},{"@type":"WebSite","@id":"https:\/\/www.atelierdocaractere.pt\/brevemente\/#website","url":"https:\/\/www.atelierdocaractere.pt\/brevemente\/","name":"Atelier do Caractere","description":"","potentialAction":[{"@type":"SearchAction","target":{"@type":"EntryPoint","urlTemplate":"https:\/\/www.atelierdocaractere.pt\/brevemente\/?s={search_term_string}"},"query-input":"required name=search_term_string"}],"inLanguage":"pt-PT"},{"@type":"Person","@id":"https:\/\/www.atelierdocaractere.pt\/brevemente\/#\/schema\/person\/f2f096eb0f27d9894725af22cb97c0db","name":"Joana Barbosa","image":{"@type":"ImageObject","inLanguage":"pt-PT","@id":"https:\/\/www.atelierdocaractere.pt\/brevemente\/#\/schema\/person\/image\/","url":"https:\/\/secure.gravatar.com\/avatar\/33e8214b45e9d68a3a83008731075979?s=96&d=mm&r=g","contentUrl":"https:\/\/secure.gravatar.com\/avatar\/33e8214b45e9d68a3a83008731075979?s=96&d=mm&r=g","caption":"Joana Barbosa"},"url":"https:\/\/www.atelierdocaractere.pt\/brevemente\/author\/joanabarbosa\/"}]}},"_links":{"self":[{"href":"https:\/\/www.atelierdocaractere.pt\/brevemente\/wp-json\/wp\/v2\/posts\/14085"}],"collection":[{"href":"https:\/\/www.atelierdocaractere.pt\/brevemente\/wp-json\/wp\/v2\/posts"}],"about":[{"href":"https:\/\/www.atelierdocaractere.pt\/brevemente\/wp-json\/wp\/v2\/types\/post"}],"author":[{"embeddable":true,"href":"https:\/\/www.atelierdocaractere.pt\/brevemente\/wp-json\/wp\/v2\/users\/7"}],"replies":[{"embeddable":true,"href":"https:\/\/www.atelierdocaractere.pt\/brevemente\/wp-json\/wp\/v2\/comments?post=14085"}],"version-history":[{"count":1,"href":"https:\/\/www.atelierdocaractere.pt\/brevemente\/wp-json\/wp\/v2\/posts\/14085\/revisions"}],"predecessor-version":[{"id":14089,"href":"https:\/\/www.atelierdocaractere.pt\/brevemente\/wp-json\/wp\/v2\/posts\/14085\/revisions\/14089"}],"wp:featuredmedia":[{"embeddable":true,"href":"https:\/\/www.atelierdocaractere.pt\/brevemente\/wp-json\/wp\/v2\/media\/14088"}],"wp:attachment":[{"href":"https:\/\/www.atelierdocaractere.pt\/brevemente\/wp-json\/wp\/v2\/media?parent=14085"}],"wp:term":[{"taxonomy":"category","embeddable":true,"href":"https:\/\/www.atelierdocaractere.pt\/brevemente\/wp-json\/wp\/v2\/categories?post=14085"},{"taxonomy":"post_tag","embeddable":true,"href":"https:\/\/www.atelierdocaractere.pt\/brevemente\/wp-json\/wp\/v2\/tags?post=14085"}],"curies":[{"name":"wp","href":"https:\/\/api.w.org\/{rel}","templated":true}]}}