{"id":14090,"date":"2025-11-20T13:40:36","date_gmt":"2025-11-20T13:40:36","guid":{"rendered":"https:\/\/www.atelierdocaractere.pt\/brevemente\/?p=14090"},"modified":"2025-11-21T13:58:04","modified_gmt":"2025-11-21T13:58:04","slug":"encontro-nacional-urbact-reforcou-o-papel-de-viseu-dao-lafoes-como-territorio-de-boas-praticas-urbanas","status":"publish","type":"post","link":"https:\/\/www.atelierdocaractere.pt\/brevemente\/encontro-nacional-urbact-reforcou-o-papel-de-viseu-dao-lafoes-como-territorio-de-boas-praticas-urbanas\/","title":{"rendered":"Encontro Nacional URBACT refor\u00e7ou o papel de Viseu D\u00e3o Laf\u00f5es como territ\u00f3rio de boas pr\u00e1ticas urbanas"},"content":{"rendered":"\n<p><strong>Termas de S\u00e3o Pedro do Sul acolheram representantes das 53 entidades parceiras portuguesas do programa europeu URBACT. Iniciativa foi organizada pela Dire\u00e7\u00e3o Geral do Territ\u00f3rio em parceria com a CIM Viseu D\u00e3o Laf\u00f5es.<\/strong><\/p>\n\n\n\n<figure class=\"wp-block-image size-large\"><img decoding=\"async\" width=\"1024\" height=\"682\" src=\"https:\/\/www.atelierdocaractere.pt\/wp-content\/uploads\/2025\/11\/4ce37963-56cb-aaa7-bc72-9c24a704a243-1024x682.jpg\" alt=\"\" class=\"wp-image-14091\" srcset=\"https:\/\/www.atelierdocaractere.pt\/wp-content\/uploads\/2025\/11\/4ce37963-56cb-aaa7-bc72-9c24a704a243-1024x682.jpg 1024w, https:\/\/www.atelierdocaractere.pt\/wp-content\/uploads\/2025\/11\/4ce37963-56cb-aaa7-bc72-9c24a704a243-300x200.jpg 300w, https:\/\/www.atelierdocaractere.pt\/wp-content\/uploads\/2025\/11\/4ce37963-56cb-aaa7-bc72-9c24a704a243-768x511.jpg 768w, https:\/\/www.atelierdocaractere.pt\/wp-content\/uploads\/2025\/11\/4ce37963-56cb-aaa7-bc72-9c24a704a243-900x600.jpg 900w, https:\/\/www.atelierdocaractere.pt\/wp-content\/uploads\/2025\/11\/4ce37963-56cb-aaa7-bc72-9c24a704a243-675x450.jpg 675w, https:\/\/www.atelierdocaractere.pt\/wp-content\/uploads\/2025\/11\/4ce37963-56cb-aaa7-bc72-9c24a704a243.jpg 1200w\" sizes=\"(max-width: 1024px) 100vw, 1024px\" \/><\/figure>\n\n\n\n<p>S\u00e3o Pedro do Sul recebeu, nos dias 18 e 19 de novembro, o&nbsp;<strong>Encontro de Parceiros Nacionais URBACT 2025<\/strong>, uma iniciativa promovida pela Dire\u00e7\u00e3o\u2011Geral do Territ\u00f3rio, enquanto Ponto URBACT Nacional, com o apoio da&nbsp;<strong>Comunidade Intermunicipal (CIM) Viseu D\u00e3o Laf\u00f5es<\/strong>&nbsp;e do&nbsp;<strong>Munic\u00edpio de S\u00e3o Pedro do Sul<\/strong>.<br><br>O evento reuniu representantes das 53 entidades urbanas portuguesas atualmente envolvidas nas tr\u00eas redes do programa europeu URBACT: as Redes de Planeamento de A\u00e7\u00e3o, Redes de Transfer\u00eancia de Inova\u00e7\u00e3o e novas Redes de Transfer\u00eancia. Ao longo de dois dias, os participantes tiveram a oportunidade de partilhar experi\u00eancias e projetar o futuro das cidades e regi\u00f5es portuguesas no contexto europeu, al\u00e9m de conhecer boas pr\u00e1ticas em desenvolvimento no territ\u00f3rio da CIM Viseu D\u00e3o Laf\u00f5es, participar em sess\u00f5es de capacita\u00e7\u00e3o orientadas por especialistas e estabelecer contacto direto com entidades financiadoras de projetos de desenvolvimento urbano sustent\u00e1vel.<br><br>No dia 18 de novembro, os participantes visitaram alguns dos projetos emblem\u00e1ticos da regi\u00e3o, como o sistema intermunicipal de transportes&nbsp;<strong>MOBI Viseu D\u00e3o Laf\u00f5es<\/strong>, o servi\u00e7o de transporte flex\u00edvel&nbsp;<strong>Ir e Vir<\/strong>, o sistema de bicicletas partilhadas&nbsp;<strong>bora!<\/strong>, a&nbsp;<strong>Ecopista do D\u00e3o e Vouga<\/strong>, o&nbsp;<strong>Centro Intermodal de Transportes de S\u00e3o Pedro do Sul<\/strong>&nbsp;e o projeto&nbsp;<strong>LIFE Nieblas<\/strong>.<br><br>O segundo dia, centrado nas&nbsp;<strong>Termas de S\u00e3o Pedro do Sul<\/strong>, decorreu no audit\u00f3rio do Balne\u00e1rio Rainha Dona Am\u00e9lia e integrou uma sess\u00e3o de capacita\u00e7\u00e3o dedicada \u00e0 comunica\u00e7\u00e3o de projetos e um painel de encontros com potenciais financiadores. A Dire\u00e7\u00e3o\u2011Geral do Territ\u00f3rio encerrou o programa, com a apresenta\u00e7\u00e3o das pr\u00f3ximas atividades nacionais da rede URBACT.<br><br>Na sess\u00e3o de boas-vindas,&nbsp;<strong>Nuno Martinho<\/strong>,&nbsp;<strong>Secret\u00e1rio Executivo da CIM Viseu D\u00e3o Laf\u00f5es<\/strong>, referiu que&nbsp;<em>\u201cquando recebemos a proposta para acolher o Encontro Nacional URBACT, aceit\u00e1mos de imediato, porque acreditamos que este \u00e9 um programa de refer\u00eancia no dom\u00ednio da inova\u00e7\u00e3o territorial e urbana, fundamental para a dissemina\u00e7\u00e3o de boas pr\u00e1ticas, para o benchmarking e para a coopera\u00e7\u00e3o entre regi\u00f5es. O que este programa representa para a governa\u00e7\u00e3o p\u00fablica local \u00e9 extraordin\u00e1rio, na medida em que se centra no que \u00e9 verdadeiramente transformador e, a partir de uma ideia concreta, procura responder a desafios emergentes e complexos, gerando um efeito multiplicador \u00e0 medida que essas solu\u00e7\u00f5es s\u00e3o disseminadas e adaptadas por outras regi\u00f5es do pa\u00eds e tamb\u00e9m no estrangeiro, promovendo a melhoria da gest\u00e3o p\u00fablica e a partilha de solu\u00e7\u00f5es eficazes.\u201d<\/em><br><br><em>\u201cNo \u00e2mbito do URBACT, entre outros, estamos a participar no projeto Econnecting, que tem sido uma experi\u00eancia extraordin\u00e1ria, centrada na mobilidade urbana sustent\u00e1vel e no seu contributo para a coes\u00e3o social e territorial, bem como para a competitividade dos territ\u00f3rios. Este projeto permitiu-nos desenvolver uma boa pr\u00e1tica europeia, o servi\u00e7o de transporte flex\u00edvel \u2018IR e VIR\u2019, que posicionou a nossa regi\u00e3o como um farol de refer\u00eancia a n\u00edvel europeu. Esta experi\u00eancia soma-se ao trabalho que a CIM tem desenvolvido noutros projetos, refor\u00e7ando a nossa compet\u00eancia e capacidade de inova\u00e7\u00e3o. Para 2026, j\u00e1 estamos a preparar novas iniciativas URBACT, porque queremos que a nossa regi\u00e3o uma refer\u00eancia no \u00e2mbito do programa e um exemplo de boas pr\u00e1ticas. Estamos totalmente empenhados em continuar este caminho, lado a lado com os nossos munic\u00edpios e com os restantes parceiros europeus\u201d, concluiu.<\/em><br><br>Para&nbsp;<strong>Nuno Almeida,<\/strong><strong>Vice-Presidente da C\u00e2mara Municipal de S\u00e3o Pedro do Sul<\/strong>,&nbsp;<em>&#8220;o nosso desafio \u00e9 perceber como, com os nossos condicionalismos e a nossa realidade, conseguimos dar uma resposta em termos de mobilidade e vis\u00e3o territorial equivalente \u00e0 que existe nos grandes centros urbanos. \u00c9 muito importante percebermos quais s\u00e3o os investimentos de que o territ\u00f3rio realmente precisa, e que esses investimentos sejam realiz\u00e1veis e sustent\u00e1veis ao longo do tempo\u201d<\/em>.<\/p>\n\n\n\n<p><em>&#8220;S\u00f3 com interliga\u00e7\u00e3o entre munic\u00edpios, entidades financiadoras e institui\u00e7\u00f5es como a CIM Viseu D\u00e3o Laf\u00f5es e a CCDR do Centro conseguimos encontrar projetos equilibrados, que sejam uma mais-valia para quem vive c\u00e1 e para quem nos visita\u201d<\/em>, acrescenta.<br><br><strong>Ana Seixas<\/strong>,&nbsp;<strong>Sub-Diretora Geral da Direc\u00e7\u00e3o Geral do Territ\u00f3rio<\/strong>, agradeceu &#8220;<em>o privil\u00e9gio que \u00e9 trabalhar com munic\u00edpios, com entidades, com comunidades intermunicipais, como temos feito no URBACT. Participo com muito orgulho no Comit\u00e9 de Monitoriza\u00e7\u00e3o do URBACT e, sempre que estou presente, sinto que Portugal tem um papel muito ativo e relevante neste programa<\/em>\u201d.<br><br><em>\u201cO URBACT \u00e9 um programa com especificidades muito adaptadas \u00e0 nossa realidade e que tem permitido que as comunidades e os munic\u00edpios fa\u00e7am um trabalho extraordin\u00e1rio no terreno. Este evento teve como foco dois aspetos fundamentais: a comunica\u00e7\u00e3o e o financiamento. \u00c9 essencial sabermos comunicar o que fazemos e, tamb\u00e9m, conhecermos os instrumentos de financiamento que tornam os nossos projetos poss\u00edveis\u201d<\/em>, disse ainda.<\/p>\n\n\n\n<p><strong>URBACT: boas pr\u00e1ticas urbanas em toda a Europa<\/strong><br><br>O\u00a0<strong>URBACT<\/strong>\u00a0\u00e9 o principal programa europeu dedicado \u00e0 aprendizagem, interc\u00e2mbio e transfer\u00eancia de boas pr\u00e1ticas urbanas. A CIM Viseu D\u00e3o Laf\u00f5es integra este ecossistema desde 2023, inicialmente atrav\u00e9s da rede europeia Econnecting \u2013 Comunidades Mais Verdes e Mais Pr\u00f3ximas, que re\u00fane cidades e regi\u00f5es de nove pa\u00edses e trabalha temas como mobilidade sustent\u00e1vel, territ\u00f3rios de proximidade e participa\u00e7\u00e3o cidad\u00e3. Desde ent\u00e3o, o territ\u00f3rio tem acolhido encontros internacionais, partilhado o modelo regional de mobilidade e refor\u00e7ado capacidades t\u00e9cnicas das equipas municipais.<br><br>Em 2025, o reconhecimento europeu materializou\u2011se numa nova aprova\u00e7\u00e3o: a CIM passou a liderar uma Transfer Network URBACT IV para disseminar internacionalmente o servi\u00e7o \u201cIr e Vir\u201d, considerado uma boa pr\u00e1tica europeia na mobilidade urbano\u2011rural. Esta rede envolve parceiros de sete pa\u00edses e ir\u00e1 trabalhar at\u00e9 2028 na adapta\u00e7\u00e3o e implementa\u00e7\u00e3o deste modelo em territ\u00f3rios com desafios semelhantes.<br><br>Este percurso confirma o papel crescente de\u00a0<strong>Viseu D\u00e3o Laf\u00f5es<\/strong>\u00a0no contexto europeu do desenvolvimento urbano sustent\u00e1vel, consolidando\u2011o como um territ\u00f3rio que aprende, experimenta, transfere conhecimento e influencia pol\u00edticas p\u00fablicas al\u00e9m\u2011fronteiras.<\/p>\n\n\n\n<p><strong>Sobre a CIM Viseu D\u00e3o Laf\u00f5es:<\/strong><br>A CIM Viseu D\u00e3o Laf\u00f5es \u00e9 uma associa\u00e7\u00e3o de munic\u00edpios, denominada como Comunidade Intermunicipal, sendo constitu\u00edda pelos munic\u00edpios de\u00a0Aguiar da Beira, Carregal do Sal, Castro Daire, Mangualde, Nelas, Oliveira de Frades, Penalva do Castelo, Santa Comba D\u00e3o, S\u00e3o Pedro do Sul, S\u00e1t\u00e3o, Tondela, Vila Nova de Paiva, Viseu e Vouzela.<\/p>\n","protected":false},"excerpt":{"rendered":"<p>Termas de S\u00e3o Pedro do Sul acolheram representantes das 53 entidades parceiras portuguesas do programa europeu URBACT. Iniciativa foi organizada&#8230;<\/p>\n","protected":false},"author":7,"featured_media":14091,"comment_status":"closed","ping_status":"open","sticky":false,"template":"","format":"standard","meta":[],"categories":[67],"tags":[448,1011,636],"yoast_head":"<!-- This site is optimized with the Yoast SEO plugin v20.12 - https:\/\/yoast.com\/wordpress\/plugins\/seo\/ -->\n<title>Encontro Nacional URBACT refor\u00e7ou o papel de Viseu D\u00e3o Laf\u00f5es como territ\u00f3rio de boas pr\u00e1ticas urbanas - Atelier do Caractere<\/title>\n<meta name=\"robots\" content=\"index, follow, max-snippet:-1, max-image-preview:large, max-video-preview:-1\" \/>\n<link rel=\"canonical\" href=\"https:\/\/www.atelierdocaractere.pt\/brevemente\/encontro-nacional-urbact-reforcou-o-papel-de-viseu-dao-lafoes-como-territorio-de-boas-praticas-urbanas\/\" \/>\n<meta property=\"og:locale\" content=\"pt_PT\" \/>\n<meta property=\"og:type\" content=\"article\" \/>\n<meta property=\"og:title\" content=\"Encontro Nacional URBACT refor\u00e7ou o papel de Viseu D\u00e3o Laf\u00f5es como territ\u00f3rio de boas pr\u00e1ticas urbanas - Atelier do Caractere\" \/>\n<meta property=\"og:description\" content=\"Termas de S\u00e3o Pedro do Sul acolheram representantes das 53 entidades parceiras portuguesas do programa europeu URBACT. Iniciativa foi organizada...\" \/>\n<meta property=\"og:url\" content=\"https:\/\/www.atelierdocaractere.pt\/brevemente\/encontro-nacional-urbact-reforcou-o-papel-de-viseu-dao-lafoes-como-territorio-de-boas-praticas-urbanas\/\" \/>\n<meta property=\"og:site_name\" content=\"Atelier do Caractere\" \/>\n<meta property=\"article:publisher\" content=\"https:\/\/www.facebook.com\/AtelierdoCaractere\" \/>\n<meta property=\"article:published_time\" content=\"2025-11-20T13:40:36+00:00\" \/>\n<meta property=\"article:modified_time\" content=\"2025-11-21T13:58:04+00:00\" \/>\n<meta property=\"og:image\" content=\"https:\/\/www.atelierdocaractere.pt\/wp-content\/uploads\/2025\/11\/4ce37963-56cb-aaa7-bc72-9c24a704a243.jpg\" \/>\n\t<meta property=\"og:image:width\" content=\"1200\" \/>\n\t<meta property=\"og:image:height\" content=\"799\" \/>\n\t<meta property=\"og:image:type\" content=\"image\/jpeg\" \/>\n<meta name=\"author\" content=\"Joana Barbosa\" \/>\n<meta name=\"twitter:card\" content=\"summary_large_image\" \/>\n<meta name=\"twitter:label1\" content=\"Escrito por\" \/>\n\t<meta name=\"twitter:data1\" content=\"Joana Barbosa\" \/>\n\t<meta name=\"twitter:label2\" content=\"Tempo estimado de leitura\" \/>\n\t<meta name=\"twitter:data2\" content=\"6 minutos\" \/>\n<script type=\"application\/ld+json\" class=\"yoast-schema-graph\">{\"@context\":\"https:\/\/schema.org\",\"@graph\":[{\"@type\":\"WebPage\",\"@id\":\"https:\/\/www.atelierdocaractere.pt\/brevemente\/encontro-nacional-urbact-reforcou-o-papel-de-viseu-dao-lafoes-como-territorio-de-boas-praticas-urbanas\/\",\"url\":\"https:\/\/www.atelierdocaractere.pt\/brevemente\/encontro-nacional-urbact-reforcou-o-papel-de-viseu-dao-lafoes-como-territorio-de-boas-praticas-urbanas\/\",\"name\":\"Encontro Nacional URBACT refor\u00e7ou o papel de Viseu D\u00e3o Laf\u00f5es como territ\u00f3rio de boas pr\u00e1ticas urbanas - Atelier do Caractere\",\"isPartOf\":{\"@id\":\"https:\/\/www.atelierdocaractere.pt\/brevemente\/#website\"},\"datePublished\":\"2025-11-20T13:40:36+00:00\",\"dateModified\":\"2025-11-21T13:58:04+00:00\",\"author\":{\"@id\":\"https:\/\/www.atelierdocaractere.pt\/brevemente\/#\/schema\/person\/f2f096eb0f27d9894725af22cb97c0db\"},\"breadcrumb\":{\"@id\":\"https:\/\/www.atelierdocaractere.pt\/brevemente\/encontro-nacional-urbact-reforcou-o-papel-de-viseu-dao-lafoes-como-territorio-de-boas-praticas-urbanas\/#breadcrumb\"},\"inLanguage\":\"pt-PT\",\"potentialAction\":[{\"@type\":\"ReadAction\",\"target\":[\"https:\/\/www.atelierdocaractere.pt\/brevemente\/encontro-nacional-urbact-reforcou-o-papel-de-viseu-dao-lafoes-como-territorio-de-boas-praticas-urbanas\/\"]}]},{\"@type\":\"BreadcrumbList\",\"@id\":\"https:\/\/www.atelierdocaractere.pt\/brevemente\/encontro-nacional-urbact-reforcou-o-papel-de-viseu-dao-lafoes-como-territorio-de-boas-praticas-urbanas\/#breadcrumb\",\"itemListElement\":[{\"@type\":\"ListItem\",\"position\":1,\"name\":\"In\u00edcio\",\"item\":\"https:\/\/www.atelierdocaractere.pt\/brevemente\/\"},{\"@type\":\"ListItem\",\"position\":2,\"name\":\"Encontro Nacional URBACT refor\u00e7ou o papel de Viseu D\u00e3o Laf\u00f5es como territ\u00f3rio de boas pr\u00e1ticas urbanas\"}]},{\"@type\":\"WebSite\",\"@id\":\"https:\/\/www.atelierdocaractere.pt\/brevemente\/#website\",\"url\":\"https:\/\/www.atelierdocaractere.pt\/brevemente\/\",\"name\":\"Atelier do Caractere\",\"description\":\"\",\"potentialAction\":[{\"@type\":\"SearchAction\",\"target\":{\"@type\":\"EntryPoint\",\"urlTemplate\":\"https:\/\/www.atelierdocaractere.pt\/brevemente\/?s={search_term_string}\"},\"query-input\":\"required name=search_term_string\"}],\"inLanguage\":\"pt-PT\"},{\"@type\":\"Person\",\"@id\":\"https:\/\/www.atelierdocaractere.pt\/brevemente\/#\/schema\/person\/f2f096eb0f27d9894725af22cb97c0db\",\"name\":\"Joana Barbosa\",\"image\":{\"@type\":\"ImageObject\",\"inLanguage\":\"pt-PT\",\"@id\":\"https:\/\/www.atelierdocaractere.pt\/brevemente\/#\/schema\/person\/image\/\",\"url\":\"https:\/\/secure.gravatar.com\/avatar\/33e8214b45e9d68a3a83008731075979?s=96&d=mm&r=g\",\"contentUrl\":\"https:\/\/secure.gravatar.com\/avatar\/33e8214b45e9d68a3a83008731075979?s=96&d=mm&r=g\",\"caption\":\"Joana Barbosa\"},\"url\":\"https:\/\/www.atelierdocaractere.pt\/brevemente\/author\/joanabarbosa\/\"}]}<\/script>\n<!-- \/ Yoast SEO plugin. -->","yoast_head_json":{"title":"Encontro Nacional URBACT refor\u00e7ou o papel de Viseu D\u00e3o Laf\u00f5es como territ\u00f3rio de boas pr\u00e1ticas urbanas - Atelier do Caractere","robots":{"index":"index","follow":"follow","max-snippet":"max-snippet:-1","max-image-preview":"max-image-preview:large","max-video-preview":"max-video-preview:-1"},"canonical":"https:\/\/www.atelierdocaractere.pt\/brevemente\/encontro-nacional-urbact-reforcou-o-papel-de-viseu-dao-lafoes-como-territorio-de-boas-praticas-urbanas\/","og_locale":"pt_PT","og_type":"article","og_title":"Encontro Nacional URBACT refor\u00e7ou o papel de Viseu D\u00e3o Laf\u00f5es como territ\u00f3rio de boas pr\u00e1ticas urbanas - Atelier do Caractere","og_description":"Termas de S\u00e3o Pedro do Sul acolheram representantes das 53 entidades parceiras portuguesas do programa europeu URBACT. Iniciativa foi organizada...","og_url":"https:\/\/www.atelierdocaractere.pt\/brevemente\/encontro-nacional-urbact-reforcou-o-papel-de-viseu-dao-lafoes-como-territorio-de-boas-praticas-urbanas\/","og_site_name":"Atelier do Caractere","article_publisher":"https:\/\/www.facebook.com\/AtelierdoCaractere","article_published_time":"2025-11-20T13:40:36+00:00","article_modified_time":"2025-11-21T13:58:04+00:00","og_image":[{"width":1200,"height":799,"url":"https:\/\/www.atelierdocaractere.pt\/wp-content\/uploads\/2025\/11\/4ce37963-56cb-aaa7-bc72-9c24a704a243.jpg","type":"image\/jpeg"}],"author":"Joana Barbosa","twitter_card":"summary_large_image","twitter_misc":{"Escrito por":"Joana Barbosa","Tempo estimado de leitura":"6 minutos"},"schema":{"@context":"https:\/\/schema.org","@graph":[{"@type":"WebPage","@id":"https:\/\/www.atelierdocaractere.pt\/brevemente\/encontro-nacional-urbact-reforcou-o-papel-de-viseu-dao-lafoes-como-territorio-de-boas-praticas-urbanas\/","url":"https:\/\/www.atelierdocaractere.pt\/brevemente\/encontro-nacional-urbact-reforcou-o-papel-de-viseu-dao-lafoes-como-territorio-de-boas-praticas-urbanas\/","name":"Encontro Nacional URBACT refor\u00e7ou o papel de Viseu D\u00e3o Laf\u00f5es como territ\u00f3rio de boas pr\u00e1ticas urbanas - Atelier do Caractere","isPartOf":{"@id":"https:\/\/www.atelierdocaractere.pt\/brevemente\/#website"},"datePublished":"2025-11-20T13:40:36+00:00","dateModified":"2025-11-21T13:58:04+00:00","author":{"@id":"https:\/\/www.atelierdocaractere.pt\/brevemente\/#\/schema\/person\/f2f096eb0f27d9894725af22cb97c0db"},"breadcrumb":{"@id":"https:\/\/www.atelierdocaractere.pt\/brevemente\/encontro-nacional-urbact-reforcou-o-papel-de-viseu-dao-lafoes-como-territorio-de-boas-praticas-urbanas\/#breadcrumb"},"inLanguage":"pt-PT","potentialAction":[{"@type":"ReadAction","target":["https:\/\/www.atelierdocaractere.pt\/brevemente\/encontro-nacional-urbact-reforcou-o-papel-de-viseu-dao-lafoes-como-territorio-de-boas-praticas-urbanas\/"]}]},{"@type":"BreadcrumbList","@id":"https:\/\/www.atelierdocaractere.pt\/brevemente\/encontro-nacional-urbact-reforcou-o-papel-de-viseu-dao-lafoes-como-territorio-de-boas-praticas-urbanas\/#breadcrumb","itemListElement":[{"@type":"ListItem","position":1,"name":"In\u00edcio","item":"https:\/\/www.atelierdocaractere.pt\/brevemente\/"},{"@type":"ListItem","position":2,"name":"Encontro Nacional URBACT refor\u00e7ou o papel de Viseu D\u00e3o Laf\u00f5es como territ\u00f3rio de boas pr\u00e1ticas urbanas"}]},{"@type":"WebSite","@id":"https:\/\/www.atelierdocaractere.pt\/brevemente\/#website","url":"https:\/\/www.atelierdocaractere.pt\/brevemente\/","name":"Atelier do Caractere","description":"","potentialAction":[{"@type":"SearchAction","target":{"@type":"EntryPoint","urlTemplate":"https:\/\/www.atelierdocaractere.pt\/brevemente\/?s={search_term_string}"},"query-input":"required name=search_term_string"}],"inLanguage":"pt-PT"},{"@type":"Person","@id":"https:\/\/www.atelierdocaractere.pt\/brevemente\/#\/schema\/person\/f2f096eb0f27d9894725af22cb97c0db","name":"Joana Barbosa","image":{"@type":"ImageObject","inLanguage":"pt-PT","@id":"https:\/\/www.atelierdocaractere.pt\/brevemente\/#\/schema\/person\/image\/","url":"https:\/\/secure.gravatar.com\/avatar\/33e8214b45e9d68a3a83008731075979?s=96&d=mm&r=g","contentUrl":"https:\/\/secure.gravatar.com\/avatar\/33e8214b45e9d68a3a83008731075979?s=96&d=mm&r=g","caption":"Joana Barbosa"},"url":"https:\/\/www.atelierdocaractere.pt\/brevemente\/author\/joanabarbosa\/"}]}},"_links":{"self":[{"href":"https:\/\/www.atelierdocaractere.pt\/brevemente\/wp-json\/wp\/v2\/posts\/14090"}],"collection":[{"href":"https:\/\/www.atelierdocaractere.pt\/brevemente\/wp-json\/wp\/v2\/posts"}],"about":[{"href":"https:\/\/www.atelierdocaractere.pt\/brevemente\/wp-json\/wp\/v2\/types\/post"}],"author":[{"embeddable":true,"href":"https:\/\/www.atelierdocaractere.pt\/brevemente\/wp-json\/wp\/v2\/users\/7"}],"replies":[{"embeddable":true,"href":"https:\/\/www.atelierdocaractere.pt\/brevemente\/wp-json\/wp\/v2\/comments?post=14090"}],"version-history":[{"count":1,"href":"https:\/\/www.atelierdocaractere.pt\/brevemente\/wp-json\/wp\/v2\/posts\/14090\/revisions"}],"predecessor-version":[{"id":14093,"href":"https:\/\/www.atelierdocaractere.pt\/brevemente\/wp-json\/wp\/v2\/posts\/14090\/revisions\/14093"}],"wp:featuredmedia":[{"embeddable":true,"href":"https:\/\/www.atelierdocaractere.pt\/brevemente\/wp-json\/wp\/v2\/media\/14091"}],"wp:attachment":[{"href":"https:\/\/www.atelierdocaractere.pt\/brevemente\/wp-json\/wp\/v2\/media?parent=14090"}],"wp:term":[{"taxonomy":"category","embeddable":true,"href":"https:\/\/www.atelierdocaractere.pt\/brevemente\/wp-json\/wp\/v2\/categories?post=14090"},{"taxonomy":"post_tag","embeddable":true,"href":"https:\/\/www.atelierdocaractere.pt\/brevemente\/wp-json\/wp\/v2\/tags?post=14090"}],"curies":[{"name":"wp","href":"https:\/\/api.w.org\/{rel}","templated":true}]}}