{"id":14094,"date":"2025-11-26T12:53:12","date_gmt":"2025-11-26T12:53:12","guid":{"rendered":"https:\/\/www.atelierdocaractere.pt\/brevemente\/?p=14094"},"modified":"2025-11-27T13:04:22","modified_gmt":"2025-11-27T13:04:22","slug":"rede-mobi-viseu-dao-lafoes-melhora-experiencia-de-utilizacao-com-novos-abrigos-e-melhorias-no-servico","status":"publish","type":"post","link":"https:\/\/www.atelierdocaractere.pt\/brevemente\/rede-mobi-viseu-dao-lafoes-melhora-experiencia-de-utilizacao-com-novos-abrigos-e-melhorias-no-servico\/","title":{"rendered":"Rede Mobi Viseu D\u00e3o Laf\u00f5es melhora experi\u00eancia de utiliza\u00e7\u00e3o com novos abrigos e melhorias no servi\u00e7o"},"content":{"rendered":"\n<p><strong>Com a instala\u00e7\u00e3o de 30 abrigos e centenas de postaletes em toda a regi\u00e3o, a Mobi Viseu D\u00e3o Laf\u00f5es garante paragens mais seguras, identific\u00e1veis e funcionais para os utilizadores<\/strong>.<\/p>\n\n\n\n<figure class=\"wp-block-image size-large\"><img decoding=\"async\" width=\"1024\" height=\"576\" src=\"https:\/\/www.atelierdocaractere.pt\/wp-content\/uploads\/2025\/11\/89a3624d-99a8-2123-fe19-77054f9e9bae-1024x576.png\" alt=\"\" class=\"wp-image-14095\" srcset=\"https:\/\/www.atelierdocaractere.pt\/wp-content\/uploads\/2025\/11\/89a3624d-99a8-2123-fe19-77054f9e9bae-1024x576.png 1024w, https:\/\/www.atelierdocaractere.pt\/wp-content\/uploads\/2025\/11\/89a3624d-99a8-2123-fe19-77054f9e9bae-300x169.png 300w, https:\/\/www.atelierdocaractere.pt\/wp-content\/uploads\/2025\/11\/89a3624d-99a8-2123-fe19-77054f9e9bae-768x432.png 768w, https:\/\/www.atelierdocaractere.pt\/wp-content\/uploads\/2025\/11\/89a3624d-99a8-2123-fe19-77054f9e9bae.png 1200w\" sizes=\"(max-width: 1024px) 100vw, 1024px\" \/><\/figure>\n\n\n\n<p>A\u00a0<strong>Mobi Viseu D\u00e3o Laf\u00f5es<\/strong>, rede intermunicipal de transportes p\u00fablicos da\u00a0<strong>Comunidade Intermunicipal (CIM) Viseu D\u00e3o Laf\u00f5es<\/strong>, operada pela\u00a0<strong>Transdev<\/strong>, deu por conclu\u00edda a instala\u00e7\u00e3o de\u00a0<strong>30 novos abrigos<\/strong>\u00a0de passageiros em todo o territ\u00f3rio abrangido pelo sistema. Esta medida insere-se no esfor\u00e7o cont\u00ednuo de qualifica\u00e7\u00e3o e moderniza\u00e7\u00e3o do servi\u00e7o, que est\u00e1 agora a operar na sua capacidade m\u00e1xima e com cobertura total da regi\u00e3o. \u00a0<br>\u00a0<br>No \u00e2mbito desta estrat\u00e9gia de investimento na melhoria da rede, est\u00e1 tamb\u00e9m prevista a instala\u00e7\u00e3o de\u00a0<strong>centenas de postaletes\u00a0<\/strong>(paragens com sinaliza\u00e7\u00e3o simples), de forma a uniformizar a imagem da rede e refor\u00e7ar a visibilidade das paragens em todo o territ\u00f3rio. \u00a0<br>\u00a0<br>Estes novos equipamentos v\u00e3o permitir uma melhor identifica\u00e7\u00e3o das paragens, maior prote\u00e7\u00e3o contra as condi\u00e7\u00f5es meteorol\u00f3gicas e uma perce\u00e7\u00e3o mais clara e coerente da rede por parte dos utilizadores, aproximando ainda mais a Mobi Viseu D\u00e3o Laf\u00f5es dos padr\u00f5es de qualidade e funcionalidade das grandes redes urbanas.<br>\u00a0<br><br><strong>Um total de 140 autocarros em circula\u00e7\u00e3o di\u00e1ria<\/strong><br>\u00a0<br>Em per\u00edodo escolar, a opera\u00e7\u00e3o da rede\u00a0<strong>Mobi Viseu D\u00e3o Laf\u00f5es<\/strong>\u00a0mobiliza cerca de\u00a0<strong>140 autocarros diariamente<\/strong>, assegurando o transporte regular de milhares de passageiros, incluindo estudantes, professores, trabalhadores e popula\u00e7\u00e3o em geral, entre todas as freguesias e sedes de concelho.<br>\u00a0<br>A rede assegura uma cobertura integral do territ\u00f3rio dos 14 munic\u00edpios da CIM Viseu D\u00e3o Laf\u00f5es, destacando-se as linhas urbanas de Mangualde e de Tondela. Este servi\u00e7o p\u00fablico essencial promove a coes\u00e3o territorial, a mobilidade sustent\u00e1vel e a igualdade de oportunidades no acesso \u00e0 educa\u00e7\u00e3o, ao emprego e aos servi\u00e7os.<br>\u00a0<br>Este esfor\u00e7o operacional \u00e9 complementado por um investimento na digitaliza\u00e7\u00e3o dos servi\u00e7os, que garante uma experi\u00eancia de transporte cada vez mais simples, integrada e acess\u00edvel.<br>\u00a0<br><br><strong>Passes a 20 euros com carregamento digital<\/strong><br>\u00a0<br>Entre as melhorias recentes, destaca-se a possibilidade de carregamento digital do\u00a0<strong>passe mensal<\/strong>, que tem o custo de\u00a0<strong>apenas 20 euros<\/strong>\u00a0e \u00e9 v\u00e1lido para toda a rede Mobi Viseu D\u00e3o Laf\u00f5es.<br><br>O carregamento pode ser feito atrav\u00e9s do\u00a0<strong>MB Way<\/strong>\u00a0ou da rede\u00a0<strong>Pagaqui<\/strong>, sem necessidade de desloca\u00e7\u00f5es e a partir do conforto de casa, num processo r\u00e1pido e intuitivo que refor\u00e7a a conveni\u00eancia dos utilizadores habituais. Para acederem ao carregamento via MB Way, os passageiros apenas precisam de atualizar o seu endere\u00e7o eletr\u00f3nico num dos pontos de venda da rede Mobi Viseu D\u00e3o Laf\u00f5es. Esta funcionalidade est\u00e1 igualmente dispon\u00edvel em Pontos de Venda com Terminal de Pagamento Autom\u00e1tico.<br>\u00a0<br>Outra inova\u00e7\u00e3o \u00e9 a integra\u00e7\u00e3o da Mobi Viseu D\u00e3o Laf\u00f5es no Google Transit, a funcionalidade de transportes p\u00fablicos do\u00a0<strong>Google Maps<\/strong>, que apresenta as linhas dispon\u00edveis, os hor\u00e1rios de partida e chegada e permite visualizar todas as paragens ao longo da linha selecionada.<br>\u00a0<br>Em alternativa, a\u00a0<strong>app Mobi Viseu D\u00e3o Laf\u00f5es<\/strong>, dispon\u00edvel gratuitamente na Google Play Store (Android) e na App Store (iOS), oferece todas as funcionalidades da rede: planeamento de viagens, consulta de hor\u00e1rios e percursos, e visualiza\u00e7\u00e3o, em tempo real, da localiza\u00e7\u00e3o dos autocarros e do tempo estimado de chegada \u00e0s paragens. Tudo para garantir maior previsibilidade e comodidade no dia a dia.<br>\u00a0<br><br><strong>\u201cMobilidade \u00e9 um fator decisivo para a qualidade de vida\u201d \u00a0<\/strong><br>\u00a0<br><strong>Jo\u00e3o Azevedo<\/strong>,\u00a0<strong>Presidente da CIM Viseu D\u00e3o Laf\u00f5e<\/strong>s, destaca a import\u00e2ncia para os utilizadores da melhoria dos servi\u00e7os.\u00a0<em>\u201cA mobilidade \u00e9 um fator decisivo para a qualidade de vida dos cidad\u00e3os de Viseu D\u00e3o Laf\u00f5es. Este investimento da rede intermunicipal de transportes p\u00fablicos, com novos abrigos, melhor sinaliza\u00e7\u00e3o e solu\u00e7\u00f5es digitais mais simples, \u00e9 mais um passo no esfor\u00e7o cont\u00ednuo para colocar este servi\u00e7o no patamar de exig\u00eancia que os utilizadores merecem<\/em>.\u00a0<em>O foco \u00e9 claro: remover barreiras para que o transporte p\u00fablico seja, cada vez mais, a primeira escolha de quem vive, estuda e trabalha na regi\u00e3o\u201d<\/em>.<br>\u00a0<br><em>\u201cA moderniza\u00e7\u00e3o da rede Mobi Viseu D\u00e3o Laf\u00f5es \u00e9 um processo cont\u00ednuo e centrado nas pessoas\u201d<\/em>, sublinha, por sua vez,\u00a0<strong>Nuno Martinho<\/strong>,\u00a0<strong>Secret\u00e1rio Executivo da CIM Viseu D\u00e3o Laf\u00f5es<\/strong>.\u00a0<em>\u201cEstamos a investir em melhores condi\u00e7\u00f5es, tecnologia e conforto, para que cada vez mais cidad\u00e3os reconhe\u00e7am no transporte p\u00fablico uma op\u00e7\u00e3o pr\u00e1tica, eficiente e sustent\u00e1vel. A instala\u00e7\u00e3o de novos abrigos e postaletes, a digitaliza\u00e7\u00e3o dos servi\u00e7os e a cria\u00e7\u00e3o de solu\u00e7\u00f5es simples, como o carregamento digital de passes, demonstram o compromisso da CIM em ouvir os utilizadores e aproximar o transporte p\u00fablico das necessidades reais das popula\u00e7\u00f5es\u201d<\/em>.<br>\u00a0<br>Toda a informa\u00e7\u00e3o sobre percursos, hor\u00e1rios, passes e tarifas est\u00e1 igualmente dispon\u00edvel no site oficial da rede:\u00a0<a href=\"https:\/\/mixlife.us21.list-manage.com\/track\/click?u=6fa784dd5dedbb105dedc3702&amp;id=0e1fb20dad&amp;e=a88eb34a0e\">www.mobiviseudaolafoes.pt<\/a>.<\/p>\n\n\n\n<p><strong>Sobre a CIM Viseu D\u00e3o Laf\u00f5es:<\/strong><br>A CIM Viseu D\u00e3o Laf\u00f5es \u00e9 uma associa\u00e7\u00e3o de munic\u00edpios, denominada como Comunidade Intermunicipal, sendo constitu\u00edda pelos munic\u00edpios de\u00a0Aguiar da Beira, Carregal do Sal, Castro Daire, Mangualde, Nelas, Oliveira de Frades, Penalva do Castelo, Santa Comba D\u00e3o, S\u00e3o Pedro do Sul, S\u00e1t\u00e3o, Tondela, Vila Nova de Paiva, Viseu e Vouzela.<\/p>\n","protected":false},"excerpt":{"rendered":"<p>Com a instala\u00e7\u00e3o de 30 abrigos e centenas de postaletes em toda a regi\u00e3o, a Mobi Viseu D\u00e3o Laf\u00f5es garante&#8230;<\/p>\n","protected":false},"author":7,"featured_media":14095,"comment_status":"closed","ping_status":"open","sticky":false,"template":"","format":"standard","meta":[],"categories":[67],"tags":[448,1029,561,1028,1031],"yoast_head":"<!-- This site is optimized with the Yoast SEO plugin v20.12 - https:\/\/yoast.com\/wordpress\/plugins\/seo\/ -->\n<title>Rede Mobi Viseu D\u00e3o Laf\u00f5es melhora experi\u00eancia de utiliza\u00e7\u00e3o com novos abrigos e melhorias no servi\u00e7o - Atelier do Caractere<\/title>\n<meta name=\"robots\" content=\"index, follow, max-snippet:-1, max-image-preview:large, max-video-preview:-1\" \/>\n<link rel=\"canonical\" href=\"https:\/\/www.atelierdocaractere.pt\/brevemente\/rede-mobi-viseu-dao-lafoes-melhora-experiencia-de-utilizacao-com-novos-abrigos-e-melhorias-no-servico\/\" \/>\n<meta property=\"og:locale\" content=\"pt_PT\" \/>\n<meta property=\"og:type\" content=\"article\" \/>\n<meta property=\"og:title\" content=\"Rede Mobi Viseu D\u00e3o Laf\u00f5es melhora experi\u00eancia de utiliza\u00e7\u00e3o com novos abrigos e melhorias no servi\u00e7o - Atelier do Caractere\" \/>\n<meta property=\"og:description\" content=\"Com a instala\u00e7\u00e3o de 30 abrigos e centenas de postaletes em toda a regi\u00e3o, a Mobi Viseu D\u00e3o Laf\u00f5es garante...\" \/>\n<meta property=\"og:url\" content=\"https:\/\/www.atelierdocaractere.pt\/brevemente\/rede-mobi-viseu-dao-lafoes-melhora-experiencia-de-utilizacao-com-novos-abrigos-e-melhorias-no-servico\/\" \/>\n<meta property=\"og:site_name\" content=\"Atelier do Caractere\" \/>\n<meta property=\"article:publisher\" content=\"https:\/\/www.facebook.com\/AtelierdoCaractere\" \/>\n<meta property=\"article:published_time\" content=\"2025-11-26T12:53:12+00:00\" \/>\n<meta property=\"article:modified_time\" content=\"2025-11-27T13:04:22+00:00\" \/>\n<meta property=\"og:image\" content=\"https:\/\/www.atelierdocaractere.pt\/wp-content\/uploads\/2025\/11\/89a3624d-99a8-2123-fe19-77054f9e9bae.png\" \/>\n\t<meta property=\"og:image:width\" content=\"1200\" \/>\n\t<meta property=\"og:image:height\" content=\"675\" \/>\n\t<meta property=\"og:image:type\" content=\"image\/png\" \/>\n<meta name=\"author\" content=\"Joana Barbosa\" \/>\n<meta name=\"twitter:card\" content=\"summary_large_image\" \/>\n<meta name=\"twitter:label1\" content=\"Escrito por\" \/>\n\t<meta name=\"twitter:data1\" content=\"Joana Barbosa\" \/>\n\t<meta name=\"twitter:label2\" content=\"Tempo estimado de leitura\" \/>\n\t<meta name=\"twitter:data2\" content=\"5 minutos\" \/>\n<script type=\"application\/ld+json\" class=\"yoast-schema-graph\">{\"@context\":\"https:\/\/schema.org\",\"@graph\":[{\"@type\":\"WebPage\",\"@id\":\"https:\/\/www.atelierdocaractere.pt\/brevemente\/rede-mobi-viseu-dao-lafoes-melhora-experiencia-de-utilizacao-com-novos-abrigos-e-melhorias-no-servico\/\",\"url\":\"https:\/\/www.atelierdocaractere.pt\/brevemente\/rede-mobi-viseu-dao-lafoes-melhora-experiencia-de-utilizacao-com-novos-abrigos-e-melhorias-no-servico\/\",\"name\":\"Rede Mobi Viseu D\u00e3o Laf\u00f5es melhora experi\u00eancia de utiliza\u00e7\u00e3o com novos abrigos e melhorias no servi\u00e7o - Atelier do Caractere\",\"isPartOf\":{\"@id\":\"https:\/\/www.atelierdocaractere.pt\/brevemente\/#website\"},\"datePublished\":\"2025-11-26T12:53:12+00:00\",\"dateModified\":\"2025-11-27T13:04:22+00:00\",\"author\":{\"@id\":\"https:\/\/www.atelierdocaractere.pt\/brevemente\/#\/schema\/person\/f2f096eb0f27d9894725af22cb97c0db\"},\"breadcrumb\":{\"@id\":\"https:\/\/www.atelierdocaractere.pt\/brevemente\/rede-mobi-viseu-dao-lafoes-melhora-experiencia-de-utilizacao-com-novos-abrigos-e-melhorias-no-servico\/#breadcrumb\"},\"inLanguage\":\"pt-PT\",\"potentialAction\":[{\"@type\":\"ReadAction\",\"target\":[\"https:\/\/www.atelierdocaractere.pt\/brevemente\/rede-mobi-viseu-dao-lafoes-melhora-experiencia-de-utilizacao-com-novos-abrigos-e-melhorias-no-servico\/\"]}]},{\"@type\":\"BreadcrumbList\",\"@id\":\"https:\/\/www.atelierdocaractere.pt\/brevemente\/rede-mobi-viseu-dao-lafoes-melhora-experiencia-de-utilizacao-com-novos-abrigos-e-melhorias-no-servico\/#breadcrumb\",\"itemListElement\":[{\"@type\":\"ListItem\",\"position\":1,\"name\":\"In\u00edcio\",\"item\":\"https:\/\/www.atelierdocaractere.pt\/brevemente\/\"},{\"@type\":\"ListItem\",\"position\":2,\"name\":\"Rede Mobi Viseu D\u00e3o Laf\u00f5es melhora experi\u00eancia de utiliza\u00e7\u00e3o com novos abrigos e melhorias no servi\u00e7o\"}]},{\"@type\":\"WebSite\",\"@id\":\"https:\/\/www.atelierdocaractere.pt\/brevemente\/#website\",\"url\":\"https:\/\/www.atelierdocaractere.pt\/brevemente\/\",\"name\":\"Atelier do Caractere\",\"description\":\"\",\"potentialAction\":[{\"@type\":\"SearchAction\",\"target\":{\"@type\":\"EntryPoint\",\"urlTemplate\":\"https:\/\/www.atelierdocaractere.pt\/brevemente\/?s={search_term_string}\"},\"query-input\":\"required name=search_term_string\"}],\"inLanguage\":\"pt-PT\"},{\"@type\":\"Person\",\"@id\":\"https:\/\/www.atelierdocaractere.pt\/brevemente\/#\/schema\/person\/f2f096eb0f27d9894725af22cb97c0db\",\"name\":\"Joana Barbosa\",\"image\":{\"@type\":\"ImageObject\",\"inLanguage\":\"pt-PT\",\"@id\":\"https:\/\/www.atelierdocaractere.pt\/brevemente\/#\/schema\/person\/image\/\",\"url\":\"https:\/\/secure.gravatar.com\/avatar\/33e8214b45e9d68a3a83008731075979?s=96&d=mm&r=g\",\"contentUrl\":\"https:\/\/secure.gravatar.com\/avatar\/33e8214b45e9d68a3a83008731075979?s=96&d=mm&r=g\",\"caption\":\"Joana Barbosa\"},\"url\":\"https:\/\/www.atelierdocaractere.pt\/brevemente\/author\/joanabarbosa\/\"}]}<\/script>\n<!-- \/ Yoast SEO plugin. -->","yoast_head_json":{"title":"Rede Mobi Viseu D\u00e3o Laf\u00f5es melhora experi\u00eancia de utiliza\u00e7\u00e3o com novos abrigos e melhorias no servi\u00e7o - Atelier do Caractere","robots":{"index":"index","follow":"follow","max-snippet":"max-snippet:-1","max-image-preview":"max-image-preview:large","max-video-preview":"max-video-preview:-1"},"canonical":"https:\/\/www.atelierdocaractere.pt\/brevemente\/rede-mobi-viseu-dao-lafoes-melhora-experiencia-de-utilizacao-com-novos-abrigos-e-melhorias-no-servico\/","og_locale":"pt_PT","og_type":"article","og_title":"Rede Mobi Viseu D\u00e3o Laf\u00f5es melhora experi\u00eancia de utiliza\u00e7\u00e3o com novos abrigos e melhorias no servi\u00e7o - Atelier do Caractere","og_description":"Com a instala\u00e7\u00e3o de 30 abrigos e centenas de postaletes em toda a regi\u00e3o, a Mobi Viseu D\u00e3o Laf\u00f5es garante...","og_url":"https:\/\/www.atelierdocaractere.pt\/brevemente\/rede-mobi-viseu-dao-lafoes-melhora-experiencia-de-utilizacao-com-novos-abrigos-e-melhorias-no-servico\/","og_site_name":"Atelier do Caractere","article_publisher":"https:\/\/www.facebook.com\/AtelierdoCaractere","article_published_time":"2025-11-26T12:53:12+00:00","article_modified_time":"2025-11-27T13:04:22+00:00","og_image":[{"width":1200,"height":675,"url":"https:\/\/www.atelierdocaractere.pt\/wp-content\/uploads\/2025\/11\/89a3624d-99a8-2123-fe19-77054f9e9bae.png","type":"image\/png"}],"author":"Joana Barbosa","twitter_card":"summary_large_image","twitter_misc":{"Escrito por":"Joana Barbosa","Tempo estimado de leitura":"5 minutos"},"schema":{"@context":"https:\/\/schema.org","@graph":[{"@type":"WebPage","@id":"https:\/\/www.atelierdocaractere.pt\/brevemente\/rede-mobi-viseu-dao-lafoes-melhora-experiencia-de-utilizacao-com-novos-abrigos-e-melhorias-no-servico\/","url":"https:\/\/www.atelierdocaractere.pt\/brevemente\/rede-mobi-viseu-dao-lafoes-melhora-experiencia-de-utilizacao-com-novos-abrigos-e-melhorias-no-servico\/","name":"Rede Mobi Viseu D\u00e3o Laf\u00f5es melhora experi\u00eancia de utiliza\u00e7\u00e3o com novos abrigos e melhorias no servi\u00e7o - Atelier do Caractere","isPartOf":{"@id":"https:\/\/www.atelierdocaractere.pt\/brevemente\/#website"},"datePublished":"2025-11-26T12:53:12+00:00","dateModified":"2025-11-27T13:04:22+00:00","author":{"@id":"https:\/\/www.atelierdocaractere.pt\/brevemente\/#\/schema\/person\/f2f096eb0f27d9894725af22cb97c0db"},"breadcrumb":{"@id":"https:\/\/www.atelierdocaractere.pt\/brevemente\/rede-mobi-viseu-dao-lafoes-melhora-experiencia-de-utilizacao-com-novos-abrigos-e-melhorias-no-servico\/#breadcrumb"},"inLanguage":"pt-PT","potentialAction":[{"@type":"ReadAction","target":["https:\/\/www.atelierdocaractere.pt\/brevemente\/rede-mobi-viseu-dao-lafoes-melhora-experiencia-de-utilizacao-com-novos-abrigos-e-melhorias-no-servico\/"]}]},{"@type":"BreadcrumbList","@id":"https:\/\/www.atelierdocaractere.pt\/brevemente\/rede-mobi-viseu-dao-lafoes-melhora-experiencia-de-utilizacao-com-novos-abrigos-e-melhorias-no-servico\/#breadcrumb","itemListElement":[{"@type":"ListItem","position":1,"name":"In\u00edcio","item":"https:\/\/www.atelierdocaractere.pt\/brevemente\/"},{"@type":"ListItem","position":2,"name":"Rede Mobi Viseu D\u00e3o Laf\u00f5es melhora experi\u00eancia de utiliza\u00e7\u00e3o com novos abrigos e melhorias no servi\u00e7o"}]},{"@type":"WebSite","@id":"https:\/\/www.atelierdocaractere.pt\/brevemente\/#website","url":"https:\/\/www.atelierdocaractere.pt\/brevemente\/","name":"Atelier do Caractere","description":"","potentialAction":[{"@type":"SearchAction","target":{"@type":"EntryPoint","urlTemplate":"https:\/\/www.atelierdocaractere.pt\/brevemente\/?s={search_term_string}"},"query-input":"required name=search_term_string"}],"inLanguage":"pt-PT"},{"@type":"Person","@id":"https:\/\/www.atelierdocaractere.pt\/brevemente\/#\/schema\/person\/f2f096eb0f27d9894725af22cb97c0db","name":"Joana Barbosa","image":{"@type":"ImageObject","inLanguage":"pt-PT","@id":"https:\/\/www.atelierdocaractere.pt\/brevemente\/#\/schema\/person\/image\/","url":"https:\/\/secure.gravatar.com\/avatar\/33e8214b45e9d68a3a83008731075979?s=96&d=mm&r=g","contentUrl":"https:\/\/secure.gravatar.com\/avatar\/33e8214b45e9d68a3a83008731075979?s=96&d=mm&r=g","caption":"Joana Barbosa"},"url":"https:\/\/www.atelierdocaractere.pt\/brevemente\/author\/joanabarbosa\/"}]}},"_links":{"self":[{"href":"https:\/\/www.atelierdocaractere.pt\/brevemente\/wp-json\/wp\/v2\/posts\/14094"}],"collection":[{"href":"https:\/\/www.atelierdocaractere.pt\/brevemente\/wp-json\/wp\/v2\/posts"}],"about":[{"href":"https:\/\/www.atelierdocaractere.pt\/brevemente\/wp-json\/wp\/v2\/types\/post"}],"author":[{"embeddable":true,"href":"https:\/\/www.atelierdocaractere.pt\/brevemente\/wp-json\/wp\/v2\/users\/7"}],"replies":[{"embeddable":true,"href":"https:\/\/www.atelierdocaractere.pt\/brevemente\/wp-json\/wp\/v2\/comments?post=14094"}],"version-history":[{"count":1,"href":"https:\/\/www.atelierdocaractere.pt\/brevemente\/wp-json\/wp\/v2\/posts\/14094\/revisions"}],"predecessor-version":[{"id":14096,"href":"https:\/\/www.atelierdocaractere.pt\/brevemente\/wp-json\/wp\/v2\/posts\/14094\/revisions\/14096"}],"wp:featuredmedia":[{"embeddable":true,"href":"https:\/\/www.atelierdocaractere.pt\/brevemente\/wp-json\/wp\/v2\/media\/14095"}],"wp:attachment":[{"href":"https:\/\/www.atelierdocaractere.pt\/brevemente\/wp-json\/wp\/v2\/media?parent=14094"}],"wp:term":[{"taxonomy":"category","embeddable":true,"href":"https:\/\/www.atelierdocaractere.pt\/brevemente\/wp-json\/wp\/v2\/categories?post=14094"},{"taxonomy":"post_tag","embeddable":true,"href":"https:\/\/www.atelierdocaractere.pt\/brevemente\/wp-json\/wp\/v2\/tags?post=14094"}],"curies":[{"name":"wp","href":"https:\/\/api.w.org\/{rel}","templated":true}]}}