{"id":14098,"date":"2025-12-02T19:23:03","date_gmt":"2025-12-02T19:23:03","guid":{"rendered":"https:\/\/www.atelierdocaractere.pt\/brevemente\/?p=14098"},"modified":"2025-12-02T19:23:08","modified_gmt":"2025-12-02T19:23:08","slug":"cim-viseu-dao-lafoes-lanca-campanha-de-natal-que-promove-os-produtos-e-as-tradicoes-dos-14-municipios-do-territorio","status":"publish","type":"post","link":"https:\/\/www.atelierdocaractere.pt\/brevemente\/cim-viseu-dao-lafoes-lanca-campanha-de-natal-que-promove-os-produtos-e-as-tradicoes-dos-14-municipios-do-territorio\/","title":{"rendered":"CIM Viseu D\u00e3o Laf\u00f5es lan\u00e7a Campanha de Natal que promove os produtos e as tradi\u00e7\u00f5es dos 14 munic\u00edpios do territ\u00f3rio"},"content":{"rendered":"\n<p><strong>Calend\u00e1rio do Advento ser\u00e1 o centro da iniciativa, com 25 dias de partilhas, experi\u00eancias e sorteios de produtos regionais.<\/strong><\/p>\n\n\n\n<figure class=\"wp-block-image size-large\"><img decoding=\"async\" width=\"768\" height=\"1024\" src=\"https:\/\/www.atelierdocaractere.pt\/wp-content\/uploads\/2025\/12\/21adfdf0-54fb-5b12-4199-6fc37a8b3d81-768x1024.jpg\" alt=\"\" class=\"wp-image-14099\" srcset=\"https:\/\/www.atelierdocaractere.pt\/wp-content\/uploads\/2025\/12\/21adfdf0-54fb-5b12-4199-6fc37a8b3d81-768x1024.jpg 768w, https:\/\/www.atelierdocaractere.pt\/wp-content\/uploads\/2025\/12\/21adfdf0-54fb-5b12-4199-6fc37a8b3d81-225x300.jpg 225w, https:\/\/www.atelierdocaractere.pt\/wp-content\/uploads\/2025\/12\/21adfdf0-54fb-5b12-4199-6fc37a8b3d81-450x600.jpg 450w, https:\/\/www.atelierdocaractere.pt\/wp-content\/uploads\/2025\/12\/21adfdf0-54fb-5b12-4199-6fc37a8b3d81-350x467.jpg 350w, https:\/\/www.atelierdocaractere.pt\/wp-content\/uploads\/2025\/12\/21adfdf0-54fb-5b12-4199-6fc37a8b3d81.jpg 900w\" sizes=\"(max-width: 768px) 100vw, 768px\" \/><\/figure>\n\n\n\n<p>A pensar na quadra festiva que se aproxima, a\u00a0<strong>Comunidade Intermunicipal (CIM) Viseu D\u00e3o Laf\u00f5es<\/strong>\u00a0vai lan\u00e7ar uma nova\u00a0<strong>Campanha de Natal<\/strong>, que tem como foco a valoriza\u00e7\u00e3o e a promo\u00e7\u00e3o integrada da regi\u00e3o. A iniciativa assenta num Calend\u00e1rio do Advento interativo, de 1 a 25 de dezembro, que dar\u00e1 a conhecer o melhor que o territ\u00f3rio oferece nesta \u00e9poca: o que se pode fazer, que produtos se podem consumir ou oferecer, as principais tradi\u00e7\u00f5es e as receitas gastron\u00f3micas que comp\u00f5em a mesa de Natal nos 14 munic\u00edpios.<br>\u00a0<br>Com o mote\u00a0<strong>\u201cOnde se vivem as tradi\u00e7\u00f5es \u00e9 onde apetece estar\u201d<\/strong>, a campanha que ir\u00e1 decorrer maioritariamente online, pretende destacar o valor afetivo e identit\u00e1rio do territ\u00f3rio de Viseu D\u00e3o Laf\u00f5es, associando-o a tradi\u00e7\u00f5es e experi\u00eancias com forte liga\u00e7\u00e3o ao imagin\u00e1rio natal\u00edcio.<br>\u00a0<br>A din\u00e2mica da campanha \u00e9 simples. Atrav\u00e9s das redes sociais da CIM Viseu D\u00e3o Laf\u00f5es, ser\u00e1 poss\u00edvel abrir janelas do Calend\u00e1rio do Advento que, dia ap\u00f3s dia, revelam o melhor do territ\u00f3rio. As janelas tanto podem apresentar um sabor t\u00edpico, pe\u00e7as de artesanato local, um mercado de Natal ou um costume gastron\u00f3mico que mant\u00e9m viva a alma deste territ\u00f3rio, por exemplo. Em paralelo, decorrer\u00e3o sorteios de produtos regionais, que culminam com um pr\u00e9mio especial no Dia de Natal.<br>\u00a0<br>\u00c0 semelhan\u00e7a dos anos anteriores, a app e as redes sociais Visit Viseu D\u00e3o Laf\u00f5es continuam a ser uma montra privilegiada para divulgar a programa\u00e7\u00e3o natal\u00edcia preparada pelos 14 munic\u00edpios da CIM. \u00a0Ser\u00e1 lan\u00e7ada uma agenda cultural, com programa\u00e7\u00e3o dedicada exclusivamente ao per\u00edodo natal\u00edcio, reunindo as iniciativas promovidas pelos munic\u00edpios e dando a conhecer uma oferta diversificada, pensada para toda a fam\u00edlia, dos mais pequenos aos adultos, garantindo que cada visitante encontrar\u00e1 atividades \u00e0 sua medida.<br>\u00a0<br>As redes sociais destacar\u00e3o os principais Mercados de Natal da regi\u00e3o, assinalar\u00e3o locais de visita obrigat\u00f3ria e divulgar\u00e3o espet\u00e1culos, c\u00e2nticos, exposi\u00e7\u00f5es, workshops e outras iniciativas t\u00edpicas desta quadra, incluindo festas de rua, m\u00fasica ao vivo, pistas de gelo, comboios tur\u00edsticos, ilumina\u00e7\u00f5es, parques tem\u00e1ticos, sem esquecer a programa\u00e7\u00e3o da Passagem de Ano de cada munic\u00edpio, dando a conhecer as experi\u00eancias memor\u00e1veis.<br>\u00a0<br>Esta campanha \u00e9 promovida pela\u00a0<strong>CIM Viseu D\u00e3o Laf\u00f5es<\/strong>, em articula\u00e7\u00e3o com os seus\u00a0<strong>14 munic\u00edpios<\/strong>, e conta com o envolvimento de operadores tur\u00edsticos, produtores, agentes culturais e demais parceiros locais.<br>\u00a0<br>Para\u00a0<strong>Jo\u00e3o Azevedo, Presidente da CIM Viseu D\u00e3o Laf\u00f5es<\/strong>,\u00a0<em>\u201cesta Campanha de Natal tem como objetivo refor\u00e7ar o orgulho no nosso territ\u00f3rio e valorizar aquilo que nos distingue: as tradi\u00e7\u00f5es vivas, a autenticidade das nossas gentes e a riqueza dos nossos produtos. \u00c9 uma iniciativa que une os 14 munic\u00edpios da CIM Viseu D\u00e3o Laf\u00f5es e que mostra, de forma simples e inovadora, que h\u00e1 muito para descobrir e partilhar na nossa regi\u00e3o. Apostamos num formato digital acess\u00edvel a todos, com o objetivo de aproximar as pessoas, dinamizar o com\u00e9rcio local e afirmar o valor de Viseu D\u00e3o Laf\u00f5es\u201d<\/em>.<br>\u00a0<br><strong>Nuno Martinho, Secret\u00e1rio Executivo da CIM Viseu D\u00e3o Laf\u00f5es<\/strong>, acrescenta:\u00a0<em>\u201cEsta campanha ilustra de forma evidente o trabalho colaborativo que temos desenvolvido em Viseu D\u00e3o Laf\u00f5es, em que envolvemos os catorze munic\u00edpios, os\u00a0empres\u00e1rios da hotelaria, da restaura\u00e7\u00e3o e das atividades tur\u00edsticas e culturais do\u00a0territ\u00f3rio, a Entidade Regional de Turismo do Centro de Portugal, entre outros parceiros\u201d.<\/em><br>\u00a0<br><em>\u201cAtrav\u00e9s de uma estrat\u00e9gia digital e participativa, valorizamos o que \u00e9 nosso e criamos formas de promover o territ\u00f3rio. Esta \u00e9 mais uma a\u00e7\u00e3o que se insere na nossa vis\u00e3o para um territ\u00f3rio coeso, atrativo e com identidade, onde a inova\u00e7\u00e3o e a tradi\u00e7\u00e3o caminham lado a lado\u201d<\/em>, concluiu.<br>\u00a0<br><strong>Crescimento tur\u00edstico refor\u00e7a atratividade da regi\u00e3o<\/strong><br>\u00a0<br>A Campanha de Natal \u00e9 lan\u00e7ada num contexto de crescimento sustentado do turismo em Viseu D\u00e3o Laf\u00f5es. Segundo os dados mais recentes do INE &#8211; Instituto Nacional de Estat\u00edstica, o territ\u00f3rio registou, em setembro de 2025, 67.243 dormidas, que traduzem um\u00a0<strong>crescimento de<\/strong>\u00a0<strong>2,1%<\/strong>\u00a0face ao mesmo m\u00eas do ano anterior.<br>\u00a0<br>No total acumulado entre janeiro e setembro, as dormidas totalizaram 504.653, um<strong>\u00a0aumento de 3,23%<\/strong>\u00a0em rela\u00e7\u00e3o ao mesmo per\u00edodo de 2024, o que confirma a tend\u00eancia positiva e de crescimento da regi\u00e3o no contexto tur\u00edstico nacional.<\/p>\n\n\n\n<p><strong>Sobre a CIM Viseu D\u00e3o Laf\u00f5es:<\/strong><br>A CIM Viseu D\u00e3o Laf\u00f5es \u00e9 uma associa\u00e7\u00e3o de munic\u00edpios, denominada como Comunidade Intermunicipal, sendo constitu\u00edda pelos munic\u00edpios de\u00a0Aguiar da Beira, Carregal do Sal, Castro Daire, Mangualde, Nelas, Oliveira de Frades, Penalva do Castelo, Santa Comba D\u00e3o, S\u00e3o Pedro do Sul, S\u00e1t\u00e3o, Tondela, Vila Nova de Paiva, Viseu e Vouzela.<\/p>\n","protected":false},"excerpt":{"rendered":"<p>Calend\u00e1rio do Advento ser\u00e1 o centro da iniciativa, com 25 dias de partilhas, experi\u00eancias e sorteios de produtos regionais. A&#8230;<\/p>\n","protected":false},"author":7,"featured_media":14100,"comment_status":"closed","ping_status":"open","sticky":false,"template":"","format":"standard","meta":[],"categories":[67],"tags":[448,636],"yoast_head":"<!-- This site is optimized with the Yoast SEO plugin v20.12 - https:\/\/yoast.com\/wordpress\/plugins\/seo\/ -->\n<title>CIM Viseu D\u00e3o Laf\u00f5es lan\u00e7a Campanha de Natal que promove os produtos e as tradi\u00e7\u00f5es dos 14 munic\u00edpios do territ\u00f3rio - Atelier do Caractere<\/title>\n<meta name=\"robots\" content=\"index, follow, max-snippet:-1, max-image-preview:large, max-video-preview:-1\" \/>\n<link rel=\"canonical\" href=\"https:\/\/www.atelierdocaractere.pt\/brevemente\/cim-viseu-dao-lafoes-lanca-campanha-de-natal-que-promove-os-produtos-e-as-tradicoes-dos-14-municipios-do-territorio\/\" \/>\n<meta property=\"og:locale\" content=\"pt_PT\" \/>\n<meta property=\"og:type\" content=\"article\" \/>\n<meta property=\"og:title\" content=\"CIM Viseu D\u00e3o Laf\u00f5es lan\u00e7a Campanha de Natal que promove os produtos e as tradi\u00e7\u00f5es dos 14 munic\u00edpios do territ\u00f3rio - Atelier do Caractere\" \/>\n<meta property=\"og:description\" content=\"Calend\u00e1rio do Advento ser\u00e1 o centro da iniciativa, com 25 dias de partilhas, experi\u00eancias e sorteios de produtos regionais. A...\" \/>\n<meta property=\"og:url\" content=\"https:\/\/www.atelierdocaractere.pt\/brevemente\/cim-viseu-dao-lafoes-lanca-campanha-de-natal-que-promove-os-produtos-e-as-tradicoes-dos-14-municipios-do-territorio\/\" \/>\n<meta property=\"og:site_name\" content=\"Atelier do Caractere\" \/>\n<meta property=\"article:publisher\" content=\"https:\/\/www.facebook.com\/AtelierdoCaractere\" \/>\n<meta property=\"article:published_time\" content=\"2025-12-02T19:23:03+00:00\" \/>\n<meta property=\"article:modified_time\" content=\"2025-12-02T19:23:08+00:00\" \/>\n<meta property=\"og:image\" content=\"https:\/\/www.atelierdocaractere.pt\/wp-content\/uploads\/2025\/12\/21adfdf0-54fb-5b12-4199-6fc37a8b3d811.jpg\" \/>\n\t<meta property=\"og:image:width\" content=\"900\" \/>\n\t<meta property=\"og:image:height\" content=\"600\" \/>\n\t<meta property=\"og:image:type\" content=\"image\/jpeg\" \/>\n<meta name=\"author\" content=\"Joana Barbosa\" \/>\n<meta name=\"twitter:card\" content=\"summary_large_image\" \/>\n<meta name=\"twitter:label1\" content=\"Escrito por\" \/>\n\t<meta name=\"twitter:data1\" content=\"Joana Barbosa\" \/>\n\t<meta name=\"twitter:label2\" content=\"Tempo estimado de leitura\" \/>\n\t<meta name=\"twitter:data2\" content=\"5 minutos\" \/>\n<script type=\"application\/ld+json\" class=\"yoast-schema-graph\">{\"@context\":\"https:\/\/schema.org\",\"@graph\":[{\"@type\":\"WebPage\",\"@id\":\"https:\/\/www.atelierdocaractere.pt\/brevemente\/cim-viseu-dao-lafoes-lanca-campanha-de-natal-que-promove-os-produtos-e-as-tradicoes-dos-14-municipios-do-territorio\/\",\"url\":\"https:\/\/www.atelierdocaractere.pt\/brevemente\/cim-viseu-dao-lafoes-lanca-campanha-de-natal-que-promove-os-produtos-e-as-tradicoes-dos-14-municipios-do-territorio\/\",\"name\":\"CIM Viseu D\u00e3o Laf\u00f5es lan\u00e7a Campanha de Natal que promove os produtos e as tradi\u00e7\u00f5es dos 14 munic\u00edpios do territ\u00f3rio - Atelier do Caractere\",\"isPartOf\":{\"@id\":\"https:\/\/www.atelierdocaractere.pt\/brevemente\/#website\"},\"datePublished\":\"2025-12-02T19:23:03+00:00\",\"dateModified\":\"2025-12-02T19:23:08+00:00\",\"author\":{\"@id\":\"https:\/\/www.atelierdocaractere.pt\/brevemente\/#\/schema\/person\/f2f096eb0f27d9894725af22cb97c0db\"},\"breadcrumb\":{\"@id\":\"https:\/\/www.atelierdocaractere.pt\/brevemente\/cim-viseu-dao-lafoes-lanca-campanha-de-natal-que-promove-os-produtos-e-as-tradicoes-dos-14-municipios-do-territorio\/#breadcrumb\"},\"inLanguage\":\"pt-PT\",\"potentialAction\":[{\"@type\":\"ReadAction\",\"target\":[\"https:\/\/www.atelierdocaractere.pt\/brevemente\/cim-viseu-dao-lafoes-lanca-campanha-de-natal-que-promove-os-produtos-e-as-tradicoes-dos-14-municipios-do-territorio\/\"]}]},{\"@type\":\"BreadcrumbList\",\"@id\":\"https:\/\/www.atelierdocaractere.pt\/brevemente\/cim-viseu-dao-lafoes-lanca-campanha-de-natal-que-promove-os-produtos-e-as-tradicoes-dos-14-municipios-do-territorio\/#breadcrumb\",\"itemListElement\":[{\"@type\":\"ListItem\",\"position\":1,\"name\":\"In\u00edcio\",\"item\":\"https:\/\/www.atelierdocaractere.pt\/brevemente\/\"},{\"@type\":\"ListItem\",\"position\":2,\"name\":\"CIM Viseu D\u00e3o Laf\u00f5es lan\u00e7a Campanha de Natal que promove os produtos e as tradi\u00e7\u00f5es dos 14 munic\u00edpios do territ\u00f3rio\"}]},{\"@type\":\"WebSite\",\"@id\":\"https:\/\/www.atelierdocaractere.pt\/brevemente\/#website\",\"url\":\"https:\/\/www.atelierdocaractere.pt\/brevemente\/\",\"name\":\"Atelier do Caractere\",\"description\":\"\",\"potentialAction\":[{\"@type\":\"SearchAction\",\"target\":{\"@type\":\"EntryPoint\",\"urlTemplate\":\"https:\/\/www.atelierdocaractere.pt\/brevemente\/?s={search_term_string}\"},\"query-input\":\"required name=search_term_string\"}],\"inLanguage\":\"pt-PT\"},{\"@type\":\"Person\",\"@id\":\"https:\/\/www.atelierdocaractere.pt\/brevemente\/#\/schema\/person\/f2f096eb0f27d9894725af22cb97c0db\",\"name\":\"Joana Barbosa\",\"image\":{\"@type\":\"ImageObject\",\"inLanguage\":\"pt-PT\",\"@id\":\"https:\/\/www.atelierdocaractere.pt\/brevemente\/#\/schema\/person\/image\/\",\"url\":\"https:\/\/secure.gravatar.com\/avatar\/33e8214b45e9d68a3a83008731075979?s=96&d=mm&r=g\",\"contentUrl\":\"https:\/\/secure.gravatar.com\/avatar\/33e8214b45e9d68a3a83008731075979?s=96&d=mm&r=g\",\"caption\":\"Joana Barbosa\"},\"url\":\"https:\/\/www.atelierdocaractere.pt\/brevemente\/author\/joanabarbosa\/\"}]}<\/script>\n<!-- \/ Yoast SEO plugin. -->","yoast_head_json":{"title":"CIM Viseu D\u00e3o Laf\u00f5es lan\u00e7a Campanha de Natal que promove os produtos e as tradi\u00e7\u00f5es dos 14 munic\u00edpios do territ\u00f3rio - Atelier do Caractere","robots":{"index":"index","follow":"follow","max-snippet":"max-snippet:-1","max-image-preview":"max-image-preview:large","max-video-preview":"max-video-preview:-1"},"canonical":"https:\/\/www.atelierdocaractere.pt\/brevemente\/cim-viseu-dao-lafoes-lanca-campanha-de-natal-que-promove-os-produtos-e-as-tradicoes-dos-14-municipios-do-territorio\/","og_locale":"pt_PT","og_type":"article","og_title":"CIM Viseu D\u00e3o Laf\u00f5es lan\u00e7a Campanha de Natal que promove os produtos e as tradi\u00e7\u00f5es dos 14 munic\u00edpios do territ\u00f3rio - Atelier do Caractere","og_description":"Calend\u00e1rio do Advento ser\u00e1 o centro da iniciativa, com 25 dias de partilhas, experi\u00eancias e sorteios de produtos regionais. A...","og_url":"https:\/\/www.atelierdocaractere.pt\/brevemente\/cim-viseu-dao-lafoes-lanca-campanha-de-natal-que-promove-os-produtos-e-as-tradicoes-dos-14-municipios-do-territorio\/","og_site_name":"Atelier do Caractere","article_publisher":"https:\/\/www.facebook.com\/AtelierdoCaractere","article_published_time":"2025-12-02T19:23:03+00:00","article_modified_time":"2025-12-02T19:23:08+00:00","og_image":[{"width":900,"height":600,"url":"https:\/\/www.atelierdocaractere.pt\/wp-content\/uploads\/2025\/12\/21adfdf0-54fb-5b12-4199-6fc37a8b3d811.jpg","type":"image\/jpeg"}],"author":"Joana Barbosa","twitter_card":"summary_large_image","twitter_misc":{"Escrito por":"Joana Barbosa","Tempo estimado de leitura":"5 minutos"},"schema":{"@context":"https:\/\/schema.org","@graph":[{"@type":"WebPage","@id":"https:\/\/www.atelierdocaractere.pt\/brevemente\/cim-viseu-dao-lafoes-lanca-campanha-de-natal-que-promove-os-produtos-e-as-tradicoes-dos-14-municipios-do-territorio\/","url":"https:\/\/www.atelierdocaractere.pt\/brevemente\/cim-viseu-dao-lafoes-lanca-campanha-de-natal-que-promove-os-produtos-e-as-tradicoes-dos-14-municipios-do-territorio\/","name":"CIM Viseu D\u00e3o Laf\u00f5es lan\u00e7a Campanha de Natal que promove os produtos e as tradi\u00e7\u00f5es dos 14 munic\u00edpios do territ\u00f3rio - Atelier do Caractere","isPartOf":{"@id":"https:\/\/www.atelierdocaractere.pt\/brevemente\/#website"},"datePublished":"2025-12-02T19:23:03+00:00","dateModified":"2025-12-02T19:23:08+00:00","author":{"@id":"https:\/\/www.atelierdocaractere.pt\/brevemente\/#\/schema\/person\/f2f096eb0f27d9894725af22cb97c0db"},"breadcrumb":{"@id":"https:\/\/www.atelierdocaractere.pt\/brevemente\/cim-viseu-dao-lafoes-lanca-campanha-de-natal-que-promove-os-produtos-e-as-tradicoes-dos-14-municipios-do-territorio\/#breadcrumb"},"inLanguage":"pt-PT","potentialAction":[{"@type":"ReadAction","target":["https:\/\/www.atelierdocaractere.pt\/brevemente\/cim-viseu-dao-lafoes-lanca-campanha-de-natal-que-promove-os-produtos-e-as-tradicoes-dos-14-municipios-do-territorio\/"]}]},{"@type":"BreadcrumbList","@id":"https:\/\/www.atelierdocaractere.pt\/brevemente\/cim-viseu-dao-lafoes-lanca-campanha-de-natal-que-promove-os-produtos-e-as-tradicoes-dos-14-municipios-do-territorio\/#breadcrumb","itemListElement":[{"@type":"ListItem","position":1,"name":"In\u00edcio","item":"https:\/\/www.atelierdocaractere.pt\/brevemente\/"},{"@type":"ListItem","position":2,"name":"CIM Viseu D\u00e3o Laf\u00f5es lan\u00e7a Campanha de Natal que promove os produtos e as tradi\u00e7\u00f5es dos 14 munic\u00edpios do territ\u00f3rio"}]},{"@type":"WebSite","@id":"https:\/\/www.atelierdocaractere.pt\/brevemente\/#website","url":"https:\/\/www.atelierdocaractere.pt\/brevemente\/","name":"Atelier do Caractere","description":"","potentialAction":[{"@type":"SearchAction","target":{"@type":"EntryPoint","urlTemplate":"https:\/\/www.atelierdocaractere.pt\/brevemente\/?s={search_term_string}"},"query-input":"required name=search_term_string"}],"inLanguage":"pt-PT"},{"@type":"Person","@id":"https:\/\/www.atelierdocaractere.pt\/brevemente\/#\/schema\/person\/f2f096eb0f27d9894725af22cb97c0db","name":"Joana Barbosa","image":{"@type":"ImageObject","inLanguage":"pt-PT","@id":"https:\/\/www.atelierdocaractere.pt\/brevemente\/#\/schema\/person\/image\/","url":"https:\/\/secure.gravatar.com\/avatar\/33e8214b45e9d68a3a83008731075979?s=96&d=mm&r=g","contentUrl":"https:\/\/secure.gravatar.com\/avatar\/33e8214b45e9d68a3a83008731075979?s=96&d=mm&r=g","caption":"Joana Barbosa"},"url":"https:\/\/www.atelierdocaractere.pt\/brevemente\/author\/joanabarbosa\/"}]}},"_links":{"self":[{"href":"https:\/\/www.atelierdocaractere.pt\/brevemente\/wp-json\/wp\/v2\/posts\/14098"}],"collection":[{"href":"https:\/\/www.atelierdocaractere.pt\/brevemente\/wp-json\/wp\/v2\/posts"}],"about":[{"href":"https:\/\/www.atelierdocaractere.pt\/brevemente\/wp-json\/wp\/v2\/types\/post"}],"author":[{"embeddable":true,"href":"https:\/\/www.atelierdocaractere.pt\/brevemente\/wp-json\/wp\/v2\/users\/7"}],"replies":[{"embeddable":true,"href":"https:\/\/www.atelierdocaractere.pt\/brevemente\/wp-json\/wp\/v2\/comments?post=14098"}],"version-history":[{"count":1,"href":"https:\/\/www.atelierdocaractere.pt\/brevemente\/wp-json\/wp\/v2\/posts\/14098\/revisions"}],"predecessor-version":[{"id":14101,"href":"https:\/\/www.atelierdocaractere.pt\/brevemente\/wp-json\/wp\/v2\/posts\/14098\/revisions\/14101"}],"wp:featuredmedia":[{"embeddable":true,"href":"https:\/\/www.atelierdocaractere.pt\/brevemente\/wp-json\/wp\/v2\/media\/14100"}],"wp:attachment":[{"href":"https:\/\/www.atelierdocaractere.pt\/brevemente\/wp-json\/wp\/v2\/media?parent=14098"}],"wp:term":[{"taxonomy":"category","embeddable":true,"href":"https:\/\/www.atelierdocaractere.pt\/brevemente\/wp-json\/wp\/v2\/categories?post=14098"},{"taxonomy":"post_tag","embeddable":true,"href":"https:\/\/www.atelierdocaractere.pt\/brevemente\/wp-json\/wp\/v2\/tags?post=14098"}],"curies":[{"name":"wp","href":"https:\/\/api.w.org\/{rel}","templated":true}]}}