{"id":14105,"date":"2025-11-27T19:47:39","date_gmt":"2025-11-27T19:47:39","guid":{"rendered":"https:\/\/www.atelierdocaractere.pt\/brevemente\/?p=14105"},"modified":"2025-12-02T19:51:13","modified_gmt":"2025-12-02T19:51:13","slug":"francisco-fontes-e-a-derradeira-prova-do-fpak-junior-team-ralis","status":"publish","type":"post","link":"https:\/\/www.atelierdocaractere.pt\/brevemente\/francisco-fontes-e-a-derradeira-prova-do-fpak-junior-team-ralis\/","title":{"rendered":"Francisco\u00a0Fontes e a derradeira prova do \u201cFPAK J\u00fanior Team Ralis\u201d"},"content":{"rendered":"\n<p><strong>\u201cConquistar o melhor resultado poss\u00edvel\u201d<\/strong><\/p>\n\n\n\n<p>Com apenas 18 anos,\u00a0Francisco\u00a0Fontes tem sido uma das revela\u00e7\u00f5es da \u00e9poca. Desde a sua estreia, o jovem piloto n\u00e3o s\u00f3 tem estado, regularmente, na luta pelos lugares cimeiros do \u201cFPAK J\u00fanior Team Ralis\u201d, como j\u00e1 conseguiu uma vit\u00f3ria no Rallye Vidreiro Centro de Portugal. Agora, o piloto do Lancia Ypsilon HF Racing Rally6\u00a0prepara-se para encerrar a temporada com a participa\u00e7\u00e3o no \u00c1gueda Rali Travocar, que se disputa este fim de semana.<\/p>\n\n\n\n<p>O jovem piloto<a>&nbsp;da Sports &amp; You&nbsp;<\/a>tem os objetivos bem definidos para aquele que \u00e9 o derradeiro desafio do ano:&nbsp;<strong>\u201cQuero terminar a \u00e9poca bem, sem qualquer problema, e conquistar o melhor resultado poss\u00edvel. Sem d\u00favida, que ainda tenho alguma confian\u00e7a para recuperar, depois da sa\u00edda de estrada no Rally de Lisboa, mas faz parte da aprendizagem\u201d.<\/strong><\/p>\n\n\n\n<p>Depois da estreia com&nbsp;Francisco&nbsp;Fontes na prova de Sever do Vouga do Portugal Rally Series, Marco Macedo volta a sentar-se no bando do lado direito do Lancia Ypsilon HF Racing Rally6.&nbsp;<strong>\u201cAgora num rali tradicional, \u00e9 mais um navegador que vai ajudar-me a aprender e a evoluir\u201d,&nbsp;<\/strong>reconhece o portuense.<strong>&nbsp;\u201cUma prova com tro\u00e7os dif\u00edceis, com previs\u00e3o de chuva para o dia de s\u00e1bado\u201d.<\/strong><\/p>\n\n\n\n<p><strong>O \u00c1gueda Rali Travocar<\/strong><\/p>\n\n\n\n<p>O \u00c1gueda Rali Travocar, organizado pelo Clube Autom\u00f3vel de Santo Tirso, ter\u00e1 um total de 209,22 km, com 82,32 km cronometrados distribu\u00eddos por oito especiais. A a\u00e7\u00e3o arranca no s\u00e1bado (dia 29), com a passagem por Valongo do Vouga (14 km) e a dupla passagem pela Super Especial de \u00c1gueda. O rali prossegue no domingo (dia 30) com a repeti\u00e7\u00e3o de Valongo do Vouga, antes das duplas incurs\u00f5es pelos tro\u00e7os longos de Pr\u00e9stimo (16,61 km) e pelos tro\u00e7os de \u00c1guas Serranas (8,22 km). A chegada \u00e0 Pra\u00e7a Pai Natal, em \u00c1gueda, est\u00e1 marcada para as 16h30.<\/p>\n","protected":false},"excerpt":{"rendered":"<p>\u201cConquistar o melhor resultado poss\u00edvel\u201d Com apenas 18 anos,\u00a0Francisco\u00a0Fontes tem sido uma das revela\u00e7\u00f5es da \u00e9poca. Desde a sua estreia,&#8230;<\/p>\n","protected":false},"author":7,"featured_media":14106,"comment_status":"closed","ping_status":"open","sticky":false,"template":"","format":"standard","meta":[],"categories":[24],"tags":[1010,986,997],"yoast_head":"<!-- This site is optimized with the Yoast SEO plugin v20.12 - https:\/\/yoast.com\/wordpress\/plugins\/seo\/ -->\n<title>Francisco\u00a0Fontes e a derradeira prova do \u201cFPAK J\u00fanior Team Ralis\u201d - Atelier do Caractere<\/title>\n<meta name=\"robots\" content=\"index, follow, max-snippet:-1, max-image-preview:large, max-video-preview:-1\" \/>\n<link rel=\"canonical\" href=\"https:\/\/www.atelierdocaractere.pt\/brevemente\/francisco-fontes-e-a-derradeira-prova-do-fpak-junior-team-ralis\/\" \/>\n<meta property=\"og:locale\" content=\"pt_PT\" \/>\n<meta property=\"og:type\" content=\"article\" \/>\n<meta property=\"og:title\" content=\"Francisco\u00a0Fontes e a derradeira prova do \u201cFPAK J\u00fanior Team Ralis\u201d - Atelier do Caractere\" \/>\n<meta property=\"og:description\" content=\"\u201cConquistar o melhor resultado poss\u00edvel\u201d Com apenas 18 anos,\u00a0Francisco\u00a0Fontes tem sido uma das revela\u00e7\u00f5es da \u00e9poca. Desde a sua estreia,...\" \/>\n<meta property=\"og:url\" content=\"https:\/\/www.atelierdocaractere.pt\/brevemente\/francisco-fontes-e-a-derradeira-prova-do-fpak-junior-team-ralis\/\" \/>\n<meta property=\"og:site_name\" content=\"Atelier do Caractere\" \/>\n<meta property=\"article:publisher\" content=\"https:\/\/www.facebook.com\/AtelierdoCaractere\" \/>\n<meta property=\"article:published_time\" content=\"2025-11-27T19:47:39+00:00\" \/>\n<meta property=\"article:modified_time\" content=\"2025-12-02T19:51:13+00:00\" \/>\n<meta property=\"og:image\" content=\"https:\/\/www.atelierdocaractere.pt\/wp-content\/uploads\/2025\/12\/franciscofontes.jpg\" \/>\n\t<meta property=\"og:image:width\" content=\"1920\" \/>\n\t<meta property=\"og:image:height\" content=\"1282\" \/>\n\t<meta property=\"og:image:type\" content=\"image\/jpeg\" \/>\n<meta name=\"author\" content=\"Joana Barbosa\" \/>\n<meta name=\"twitter:card\" content=\"summary_large_image\" \/>\n<meta name=\"twitter:label1\" content=\"Escrito por\" \/>\n\t<meta name=\"twitter:data1\" content=\"Joana Barbosa\" \/>\n\t<meta name=\"twitter:label2\" content=\"Tempo estimado de leitura\" \/>\n\t<meta name=\"twitter:data2\" content=\"2 minutos\" \/>\n<script type=\"application\/ld+json\" class=\"yoast-schema-graph\">{\"@context\":\"https:\/\/schema.org\",\"@graph\":[{\"@type\":\"WebPage\",\"@id\":\"https:\/\/www.atelierdocaractere.pt\/brevemente\/francisco-fontes-e-a-derradeira-prova-do-fpak-junior-team-ralis\/\",\"url\":\"https:\/\/www.atelierdocaractere.pt\/brevemente\/francisco-fontes-e-a-derradeira-prova-do-fpak-junior-team-ralis\/\",\"name\":\"Francisco\u00a0Fontes e a derradeira prova do \u201cFPAK J\u00fanior Team Ralis\u201d - Atelier do Caractere\",\"isPartOf\":{\"@id\":\"https:\/\/www.atelierdocaractere.pt\/brevemente\/#website\"},\"datePublished\":\"2025-11-27T19:47:39+00:00\",\"dateModified\":\"2025-12-02T19:51:13+00:00\",\"author\":{\"@id\":\"https:\/\/www.atelierdocaractere.pt\/brevemente\/#\/schema\/person\/f2f096eb0f27d9894725af22cb97c0db\"},\"breadcrumb\":{\"@id\":\"https:\/\/www.atelierdocaractere.pt\/brevemente\/francisco-fontes-e-a-derradeira-prova-do-fpak-junior-team-ralis\/#breadcrumb\"},\"inLanguage\":\"pt-PT\",\"potentialAction\":[{\"@type\":\"ReadAction\",\"target\":[\"https:\/\/www.atelierdocaractere.pt\/brevemente\/francisco-fontes-e-a-derradeira-prova-do-fpak-junior-team-ralis\/\"]}]},{\"@type\":\"BreadcrumbList\",\"@id\":\"https:\/\/www.atelierdocaractere.pt\/brevemente\/francisco-fontes-e-a-derradeira-prova-do-fpak-junior-team-ralis\/#breadcrumb\",\"itemListElement\":[{\"@type\":\"ListItem\",\"position\":1,\"name\":\"In\u00edcio\",\"item\":\"https:\/\/www.atelierdocaractere.pt\/brevemente\/\"},{\"@type\":\"ListItem\",\"position\":2,\"name\":\"Francisco\u00a0Fontes e a derradeira prova do \u201cFPAK J\u00fanior Team Ralis\u201d\"}]},{\"@type\":\"WebSite\",\"@id\":\"https:\/\/www.atelierdocaractere.pt\/brevemente\/#website\",\"url\":\"https:\/\/www.atelierdocaractere.pt\/brevemente\/\",\"name\":\"Atelier do Caractere\",\"description\":\"\",\"potentialAction\":[{\"@type\":\"SearchAction\",\"target\":{\"@type\":\"EntryPoint\",\"urlTemplate\":\"https:\/\/www.atelierdocaractere.pt\/brevemente\/?s={search_term_string}\"},\"query-input\":\"required name=search_term_string\"}],\"inLanguage\":\"pt-PT\"},{\"@type\":\"Person\",\"@id\":\"https:\/\/www.atelierdocaractere.pt\/brevemente\/#\/schema\/person\/f2f096eb0f27d9894725af22cb97c0db\",\"name\":\"Joana Barbosa\",\"image\":{\"@type\":\"ImageObject\",\"inLanguage\":\"pt-PT\",\"@id\":\"https:\/\/www.atelierdocaractere.pt\/brevemente\/#\/schema\/person\/image\/\",\"url\":\"https:\/\/secure.gravatar.com\/avatar\/33e8214b45e9d68a3a83008731075979?s=96&d=mm&r=g\",\"contentUrl\":\"https:\/\/secure.gravatar.com\/avatar\/33e8214b45e9d68a3a83008731075979?s=96&d=mm&r=g\",\"caption\":\"Joana Barbosa\"},\"url\":\"https:\/\/www.atelierdocaractere.pt\/brevemente\/author\/joanabarbosa\/\"}]}<\/script>\n<!-- \/ Yoast SEO plugin. -->","yoast_head_json":{"title":"Francisco\u00a0Fontes e a derradeira prova do \u201cFPAK J\u00fanior Team Ralis\u201d - Atelier do Caractere","robots":{"index":"index","follow":"follow","max-snippet":"max-snippet:-1","max-image-preview":"max-image-preview:large","max-video-preview":"max-video-preview:-1"},"canonical":"https:\/\/www.atelierdocaractere.pt\/brevemente\/francisco-fontes-e-a-derradeira-prova-do-fpak-junior-team-ralis\/","og_locale":"pt_PT","og_type":"article","og_title":"Francisco\u00a0Fontes e a derradeira prova do \u201cFPAK J\u00fanior Team Ralis\u201d - Atelier do Caractere","og_description":"\u201cConquistar o melhor resultado poss\u00edvel\u201d Com apenas 18 anos,\u00a0Francisco\u00a0Fontes tem sido uma das revela\u00e7\u00f5es da \u00e9poca. Desde a sua estreia,...","og_url":"https:\/\/www.atelierdocaractere.pt\/brevemente\/francisco-fontes-e-a-derradeira-prova-do-fpak-junior-team-ralis\/","og_site_name":"Atelier do Caractere","article_publisher":"https:\/\/www.facebook.com\/AtelierdoCaractere","article_published_time":"2025-11-27T19:47:39+00:00","article_modified_time":"2025-12-02T19:51:13+00:00","og_image":[{"width":1920,"height":1282,"url":"https:\/\/www.atelierdocaractere.pt\/wp-content\/uploads\/2025\/12\/franciscofontes.jpg","type":"image\/jpeg"}],"author":"Joana Barbosa","twitter_card":"summary_large_image","twitter_misc":{"Escrito por":"Joana Barbosa","Tempo estimado de leitura":"2 minutos"},"schema":{"@context":"https:\/\/schema.org","@graph":[{"@type":"WebPage","@id":"https:\/\/www.atelierdocaractere.pt\/brevemente\/francisco-fontes-e-a-derradeira-prova-do-fpak-junior-team-ralis\/","url":"https:\/\/www.atelierdocaractere.pt\/brevemente\/francisco-fontes-e-a-derradeira-prova-do-fpak-junior-team-ralis\/","name":"Francisco\u00a0Fontes e a derradeira prova do \u201cFPAK J\u00fanior Team Ralis\u201d - Atelier do Caractere","isPartOf":{"@id":"https:\/\/www.atelierdocaractere.pt\/brevemente\/#website"},"datePublished":"2025-11-27T19:47:39+00:00","dateModified":"2025-12-02T19:51:13+00:00","author":{"@id":"https:\/\/www.atelierdocaractere.pt\/brevemente\/#\/schema\/person\/f2f096eb0f27d9894725af22cb97c0db"},"breadcrumb":{"@id":"https:\/\/www.atelierdocaractere.pt\/brevemente\/francisco-fontes-e-a-derradeira-prova-do-fpak-junior-team-ralis\/#breadcrumb"},"inLanguage":"pt-PT","potentialAction":[{"@type":"ReadAction","target":["https:\/\/www.atelierdocaractere.pt\/brevemente\/francisco-fontes-e-a-derradeira-prova-do-fpak-junior-team-ralis\/"]}]},{"@type":"BreadcrumbList","@id":"https:\/\/www.atelierdocaractere.pt\/brevemente\/francisco-fontes-e-a-derradeira-prova-do-fpak-junior-team-ralis\/#breadcrumb","itemListElement":[{"@type":"ListItem","position":1,"name":"In\u00edcio","item":"https:\/\/www.atelierdocaractere.pt\/brevemente\/"},{"@type":"ListItem","position":2,"name":"Francisco\u00a0Fontes e a derradeira prova do \u201cFPAK J\u00fanior Team Ralis\u201d"}]},{"@type":"WebSite","@id":"https:\/\/www.atelierdocaractere.pt\/brevemente\/#website","url":"https:\/\/www.atelierdocaractere.pt\/brevemente\/","name":"Atelier do Caractere","description":"","potentialAction":[{"@type":"SearchAction","target":{"@type":"EntryPoint","urlTemplate":"https:\/\/www.atelierdocaractere.pt\/brevemente\/?s={search_term_string}"},"query-input":"required name=search_term_string"}],"inLanguage":"pt-PT"},{"@type":"Person","@id":"https:\/\/www.atelierdocaractere.pt\/brevemente\/#\/schema\/person\/f2f096eb0f27d9894725af22cb97c0db","name":"Joana Barbosa","image":{"@type":"ImageObject","inLanguage":"pt-PT","@id":"https:\/\/www.atelierdocaractere.pt\/brevemente\/#\/schema\/person\/image\/","url":"https:\/\/secure.gravatar.com\/avatar\/33e8214b45e9d68a3a83008731075979?s=96&d=mm&r=g","contentUrl":"https:\/\/secure.gravatar.com\/avatar\/33e8214b45e9d68a3a83008731075979?s=96&d=mm&r=g","caption":"Joana Barbosa"},"url":"https:\/\/www.atelierdocaractere.pt\/brevemente\/author\/joanabarbosa\/"}]}},"_links":{"self":[{"href":"https:\/\/www.atelierdocaractere.pt\/brevemente\/wp-json\/wp\/v2\/posts\/14105"}],"collection":[{"href":"https:\/\/www.atelierdocaractere.pt\/brevemente\/wp-json\/wp\/v2\/posts"}],"about":[{"href":"https:\/\/www.atelierdocaractere.pt\/brevemente\/wp-json\/wp\/v2\/types\/post"}],"author":[{"embeddable":true,"href":"https:\/\/www.atelierdocaractere.pt\/brevemente\/wp-json\/wp\/v2\/users\/7"}],"replies":[{"embeddable":true,"href":"https:\/\/www.atelierdocaractere.pt\/brevemente\/wp-json\/wp\/v2\/comments?post=14105"}],"version-history":[{"count":1,"href":"https:\/\/www.atelierdocaractere.pt\/brevemente\/wp-json\/wp\/v2\/posts\/14105\/revisions"}],"predecessor-version":[{"id":14107,"href":"https:\/\/www.atelierdocaractere.pt\/brevemente\/wp-json\/wp\/v2\/posts\/14105\/revisions\/14107"}],"wp:featuredmedia":[{"embeddable":true,"href":"https:\/\/www.atelierdocaractere.pt\/brevemente\/wp-json\/wp\/v2\/media\/14106"}],"wp:attachment":[{"href":"https:\/\/www.atelierdocaractere.pt\/brevemente\/wp-json\/wp\/v2\/media?parent=14105"}],"wp:term":[{"taxonomy":"category","embeddable":true,"href":"https:\/\/www.atelierdocaractere.pt\/brevemente\/wp-json\/wp\/v2\/categories?post=14105"},{"taxonomy":"post_tag","embeddable":true,"href":"https:\/\/www.atelierdocaractere.pt\/brevemente\/wp-json\/wp\/v2\/tags?post=14105"}],"curies":[{"name":"wp","href":"https:\/\/api.w.org\/{rel}","templated":true}]}}