{"id":14108,"date":"2025-12-02T19:57:34","date_gmt":"2025-12-02T19:57:34","guid":{"rendered":"https:\/\/www.atelierdocaractere.pt\/brevemente\/?p=14108"},"modified":"2025-12-02T19:57:38","modified_gmt":"2025-12-02T19:57:38","slug":"fronteira-vibra-ao-ritmo-das-24-horas","status":"publish","type":"post","link":"https:\/\/www.atelierdocaractere.pt\/brevemente\/fronteira-vibra-ao-ritmo-das-24-horas\/","title":{"rendered":"Fronteira vibra ao ritmo das 24 horas"},"content":{"rendered":"\n<p><strong>Mais de tr\u00eas centenas de pilotos, de seis nacionalidades, v\u00e3o acelerar na bp Ultimate 24 Horas TT Vila de Fronteira 2025. No espetacular Terr\u00f3dromo da vila alentejana, a corrida vai ser longa e dif\u00edcil, mas tamb\u00e9m espetacular para os muitos milhares de espetadores que s\u00e3o esperados ao longo do percurso. A 27\u00aa edi\u00e7\u00e3o da prova come\u00e7a na pr\u00f3xima quinta-feira com as verifica\u00e7\u00f5es t\u00e9cnicas e documentais das 82 equipas inscritas para a grande festa do todo-o-terreno. No programa, igualmente destaque para a bp Ultimate 4 Horas TT Vila de Fronteira, que vai contar com a participa\u00e7\u00e3o de 31 competitivos e espetaculares SSV.<\/strong><\/p>\n\n\n\n<p>A prova organizada pelo Autom\u00f3vel Club de Portugal (ACP) \u00e9 das mais emblem\u00e1ticas corridas de resist\u00eancia da Europa, devido \u00e0s suas carater\u00edsticas e ao ambiente \u00fanico que se vive ao longo de quatro dias. Vai ser uma maratona de 1.440 minutos ininterruptos, que junta diferentes gera\u00e7\u00f5es de pilotos \u2013 h\u00e1 v\u00e1rias equipas constitu\u00eddas por fam\u00edlias. Entre os participantes, encontramos especialistas de todo-o-terreno nacionais e estrangeiros com grandes m\u00e1quinas, mas tamb\u00e9m pilotos amadores e com menos experi\u00eancia que conduzem simples ve\u00edculos 4&#215;4. Al\u00e9m dos portugueses, est\u00e3o presentes pilotos de Fran\u00e7a, com 22 equipas, It\u00e1lia, Su\u00ed\u00e7a, B\u00e9lgica e Pa\u00edses Baixos.<\/p>\n\n\n\n<p>Durante as 24 horas, os pilotos d\u00e3o o m\u00e1ximo, dia e noite, num percurso desafiante e com v\u00e1rios pontos \u201cquentes\u201d. Para garantir a m\u00e1xima seguran\u00e7a, h\u00e1 47 postos de comiss\u00e1rios ao longo dos 16,2 km do percurso. Fora do circuito, os apaixonados do todo-o-terreno vivem intensamente a prova, pelo que a anima\u00e7\u00e3o e o conv\u00edvio s\u00e3o permanentes. As 24 Horas TT Vila de Fronteira s\u00e3o um verdadeiro fen\u00f3meno desportivo e popular.<\/p>\n\n\n\n<p>A primeira edi\u00e7\u00e3o teve lugar em 1998 e, desde ent\u00e3o, manteve o figurino, o que explica o seu sucesso. A prova desenrola-se num circuito em terra perfeitamente adaptado para corridas de resist\u00eancia. O tra\u00e7ado \u00e9 exigente e pode tornar-se mais desafiante com o aparecimento da chuva, como aconteceu nas \u00faltimas edi\u00e7\u00f5es. A noite \u00e9 um per\u00edodo m\u00e1gico para os pilotos.<\/p>\n\n\n\n<p><strong>Portugueses contra a armada francesa<\/strong><\/p>\n\n\n\n<p>Participam na bp Ultimate 24 Horas TT Vila de Fronteira ve\u00edculos das seguintes categorias FIA: Ultimate, Stock, Challenger e SSV. Existem ainda cinco categorias Promo\u00e7\u00e3o ACP. Cada equipa poder ser composta por 3, 4 ou 5 pilotos, cada turno de condu\u00e7\u00e3o n\u00e3o pode exceder as 3 horas e o tempo m\u00ednimo de descanso entre turnos \u00e9 de 1hora.<\/p>\n\n\n\n<p>Em termos desportivos, h\u00e1 a curiosidade em saber se as equipas portuguesas conseguem destronar as francesas, que ganharam as \u00faltimas dez edi\u00e7\u00f5es, muitas delas com prot\u00f3tipos especificamente concebidos para este tipo de provas. A equipa luso-francesa composta por M\u00e1rio Andrade\/C\u00e9dric Duple\/Yann Morize\/Nicola Cassiede \u00e9 uma das favoritas com o AC Nissan Proto. Venceu o ano passado e \u00e9 recordista de triunfos em Fronteira (9). Tiago Reis, tricampe\u00e3o nacional de todo-o-terreno, vai tripular o MMP Buggy da Laurent Polleti a pensar na vit\u00f3ria \u2013 a equipa francesa j\u00e1 ganhou em 2022. Destaque para a equipa portuguesa Lu\u00eds Cidade\/Jo\u00e3o Monteiro\/M\u00e1rio Franco\/Pedro Santinho Mendes que v\u00e3o lutar pelos primeiros lugares com o Can Am Maverick. Numa prova de 24 horas n\u00e3o basta ser r\u00e1pido, \u00e9 importante poupar a mec\u00e2nica \u00e0 medida que o piso fica degradado, pelo que a estrat\u00e9gia e a gest\u00e3o do risco s\u00e3o igualmente importantes para ganhar a mais famosa prova de resist\u00eancia da Europa.<\/p>\n\n\n\n<p>Refer\u00eancia ainda para a equipa totalmente feminina constitu\u00edda por Beatriz Assun\u00e7\u00e3o\/Carolina Santos\/Bianca Silva\/Paula Moura\/Marina Reisinho, que alinham com o Can Am. Yves Morize, piloto franc\u00eas de 81 anos, est\u00e1 de regresso a Portugal para disputar esta cl\u00e1ssica com o prot\u00f3tipo MMP.<\/p>\n\n\n\n<p>Entre as oito dezenas de carros participantes, h\u00e1 alguns que chamam a aten\u00e7\u00e3o pela curiosidade, caso do Renault 4L, Mercedes 300 D Limousine, Peugeot 504 Pick up e UMM Alter Turbo, que continua a ser um cl\u00e1ssico do todo-o-terreno.<\/p>\n\n\n\n<p>O evento organizado pelo ACP compreende ainda a bp Ultimate 4 Horas SSV Vila de Fronteira, que se realiza sob a \u00e9gide da Federa\u00e7\u00e3o de Motociclismo de Portugal (FMP). Est\u00e3o inscritas 31 equipas e tamb\u00e9m aqui se espera uma corrida emocionante com os espetaculares SSV (Side by Side Vehicle) conduzidos por alguns dos melhores pilotos desta categoria. As equipas s\u00e3o constitu\u00eddas por 1, 2 ou 3 pilotos e os ve\u00edculos est\u00e3o divididos em tr\u00eas categorias: SSV, SSV TT2 e SSV Stock.<\/p>\n\n\n\n<p>Lu\u00eds Cidade (Can Am Maverick) participa a solo com o objetivo de repetir a vit\u00f3ria do ano passado. Entre outros, vai ter a oposi\u00e7\u00e3o da equipa Jo\u00e3o Dias\/Arnaldo Monteiro (Polaris RZR Pro) e de Tiago Pinto (Can Am Maverick). A prova tem lugar no s\u00e1bado e antecede a partida para a grande maratona.<\/p>\n\n\n\n<p>A exemplo de anos anteriores, a 27\u00aa bp Ultimate 24 Horas TT Vila de Fronteira vai ter tr\u00eas Zonas Espet\u00e1culo, onde o publico pode observar em seguran\u00e7a o desenrolar da prova. Esses locais v\u00e3o ter zonas de restaura\u00e7\u00e3o e WC. Existe tamb\u00e9m uma Zona Camping.<\/p>\n\n\n\n<p>Link de acesso para chegar \u00e0s zonas espet\u00e1culo:<\/p>\n\n\n\n<p><a href=\"https:\/\/www.24horastt.com\/content.aspx?menuid=13\">https:\/\/www.24horastt.com\/content.aspx?menuid=13<\/a><\/p>\n\n\n\n<p><\/p>\n\n\n\n<p><strong>Programa<\/strong><\/p>\n\n\n\n<p><strong>Quinta-feira, dia 4 de dezembro<br><\/strong>9h30 \u00e0s 16h00 \u2013 Verifica\u00e7\u00f5es administrativas\u00a0<br>10h30 \u00e0s 17h30 \u2013 Verifica\u00e7\u00f5es t\u00e9cnicas<\/p>\n\n\n\n<p><strong>Sexta-feira, dia 5 de dezembro<br><\/strong>9h30 \u00e0s 11h30 \u2013 Treinos livres de todas as categorias<br>11h45 \u00e0s 13h45 \u2013 Treinos livres e cronometrados 4 Horas SSV<br>14h00 \u00e0s 17h00 \u2013 Treinos cronometrados para as categorias Ultimate, Stock, Challenger, SSV e Promo\u00e7\u00e3o E.<br>15h00 \u00e0s 17h00 \u2013 Treinos cronometrados para as restantes categorias (promo\u00e7\u00e3o A, B, C e D)<br>17h15 \u00e0s 18h30 \u2013 Treinos livres de todas as categorias<\/p>\n\n\n\n<p><strong>S\u00e1bado, dia 6 de dezembro<\/strong><br>9h00 \u00e0s 13h00 \u2013 Corrida bp Ultimate 4 Horas SSV Vila de Fronteira<br>13h15 \u00e0s 13h30 \u2013 Sa\u00edda das boxes e forma\u00e7\u00e3o da grelha de partida<br>15h00 \u2013 Partida bp Ultimate 24 Horas TT Vila de Fronteira<\/p>\n\n\n\n<p><strong>Domingo, dia 7 de dezembro<\/strong><br>15h00 \u2013 Chegada da bp Ultimate 24 Horas TT Vila de Fronteira<br>16h15 \u2013 Cerim\u00f3nia de P\u00f3dio<\/p>\n","protected":false},"excerpt":{"rendered":"<p>Mais de tr\u00eas centenas de pilotos, de seis nacionalidades, v\u00e3o acelerar na bp Ultimate 24 Horas TT Vila de Fronteira&#8230;<\/p>\n","protected":false},"author":7,"featured_media":14109,"comment_status":"closed","ping_status":"open","sticky":false,"template":"","format":"standard","meta":[],"categories":[24],"tags":[1038,433,505,1039],"yoast_head":"<!-- This site is optimized with the Yoast SEO plugin v20.12 - https:\/\/yoast.com\/wordpress\/plugins\/seo\/ -->\n<title>Fronteira vibra ao ritmo das 24 horas - Atelier do Caractere<\/title>\n<meta name=\"robots\" content=\"index, follow, max-snippet:-1, max-image-preview:large, max-video-preview:-1\" \/>\n<link rel=\"canonical\" href=\"https:\/\/www.atelierdocaractere.pt\/brevemente\/fronteira-vibra-ao-ritmo-das-24-horas\/\" \/>\n<meta property=\"og:locale\" content=\"pt_PT\" \/>\n<meta property=\"og:type\" content=\"article\" \/>\n<meta property=\"og:title\" content=\"Fronteira vibra ao ritmo das 24 horas - Atelier do Caractere\" \/>\n<meta property=\"og:description\" content=\"Mais de tr\u00eas centenas de pilotos, de seis nacionalidades, v\u00e3o acelerar na bp Ultimate 24 Horas TT Vila de Fronteira...\" \/>\n<meta property=\"og:url\" content=\"https:\/\/www.atelierdocaractere.pt\/brevemente\/fronteira-vibra-ao-ritmo-das-24-horas\/\" \/>\n<meta property=\"og:site_name\" content=\"Atelier do Caractere\" \/>\n<meta property=\"article:publisher\" content=\"https:\/\/www.facebook.com\/AtelierdoCaractere\" \/>\n<meta property=\"article:published_time\" content=\"2025-12-02T19:57:34+00:00\" \/>\n<meta property=\"article:modified_time\" content=\"2025-12-02T19:57:38+00:00\" \/>\n<meta property=\"og:image\" content=\"https:\/\/www.atelierdocaractere.pt\/wp-content\/uploads\/2025\/12\/copia-de-listagem.jpg\" \/>\n\t<meta property=\"og:image:width\" content=\"640\" \/>\n\t<meta property=\"og:image:height\" content=\"320\" \/>\n\t<meta property=\"og:image:type\" content=\"image\/jpeg\" \/>\n<meta name=\"author\" content=\"Joana Barbosa\" \/>\n<meta name=\"twitter:card\" content=\"summary_large_image\" \/>\n<meta name=\"twitter:label1\" content=\"Escrito por\" \/>\n\t<meta name=\"twitter:data1\" content=\"Joana Barbosa\" \/>\n\t<meta name=\"twitter:label2\" content=\"Tempo estimado de leitura\" \/>\n\t<meta name=\"twitter:data2\" content=\"6 minutos\" \/>\n<script type=\"application\/ld+json\" class=\"yoast-schema-graph\">{\"@context\":\"https:\/\/schema.org\",\"@graph\":[{\"@type\":\"WebPage\",\"@id\":\"https:\/\/www.atelierdocaractere.pt\/brevemente\/fronteira-vibra-ao-ritmo-das-24-horas\/\",\"url\":\"https:\/\/www.atelierdocaractere.pt\/brevemente\/fronteira-vibra-ao-ritmo-das-24-horas\/\",\"name\":\"Fronteira vibra ao ritmo das 24 horas - Atelier do Caractere\",\"isPartOf\":{\"@id\":\"https:\/\/www.atelierdocaractere.pt\/brevemente\/#website\"},\"datePublished\":\"2025-12-02T19:57:34+00:00\",\"dateModified\":\"2025-12-02T19:57:38+00:00\",\"author\":{\"@id\":\"https:\/\/www.atelierdocaractere.pt\/brevemente\/#\/schema\/person\/f2f096eb0f27d9894725af22cb97c0db\"},\"breadcrumb\":{\"@id\":\"https:\/\/www.atelierdocaractere.pt\/brevemente\/fronteira-vibra-ao-ritmo-das-24-horas\/#breadcrumb\"},\"inLanguage\":\"pt-PT\",\"potentialAction\":[{\"@type\":\"ReadAction\",\"target\":[\"https:\/\/www.atelierdocaractere.pt\/brevemente\/fronteira-vibra-ao-ritmo-das-24-horas\/\"]}]},{\"@type\":\"BreadcrumbList\",\"@id\":\"https:\/\/www.atelierdocaractere.pt\/brevemente\/fronteira-vibra-ao-ritmo-das-24-horas\/#breadcrumb\",\"itemListElement\":[{\"@type\":\"ListItem\",\"position\":1,\"name\":\"In\u00edcio\",\"item\":\"https:\/\/www.atelierdocaractere.pt\/brevemente\/\"},{\"@type\":\"ListItem\",\"position\":2,\"name\":\"Fronteira vibra ao ritmo das 24 horas\"}]},{\"@type\":\"WebSite\",\"@id\":\"https:\/\/www.atelierdocaractere.pt\/brevemente\/#website\",\"url\":\"https:\/\/www.atelierdocaractere.pt\/brevemente\/\",\"name\":\"Atelier do Caractere\",\"description\":\"\",\"potentialAction\":[{\"@type\":\"SearchAction\",\"target\":{\"@type\":\"EntryPoint\",\"urlTemplate\":\"https:\/\/www.atelierdocaractere.pt\/brevemente\/?s={search_term_string}\"},\"query-input\":\"required name=search_term_string\"}],\"inLanguage\":\"pt-PT\"},{\"@type\":\"Person\",\"@id\":\"https:\/\/www.atelierdocaractere.pt\/brevemente\/#\/schema\/person\/f2f096eb0f27d9894725af22cb97c0db\",\"name\":\"Joana Barbosa\",\"image\":{\"@type\":\"ImageObject\",\"inLanguage\":\"pt-PT\",\"@id\":\"https:\/\/www.atelierdocaractere.pt\/brevemente\/#\/schema\/person\/image\/\",\"url\":\"https:\/\/secure.gravatar.com\/avatar\/33e8214b45e9d68a3a83008731075979?s=96&d=mm&r=g\",\"contentUrl\":\"https:\/\/secure.gravatar.com\/avatar\/33e8214b45e9d68a3a83008731075979?s=96&d=mm&r=g\",\"caption\":\"Joana Barbosa\"},\"url\":\"https:\/\/www.atelierdocaractere.pt\/brevemente\/author\/joanabarbosa\/\"}]}<\/script>\n<!-- \/ Yoast SEO plugin. -->","yoast_head_json":{"title":"Fronteira vibra ao ritmo das 24 horas - Atelier do Caractere","robots":{"index":"index","follow":"follow","max-snippet":"max-snippet:-1","max-image-preview":"max-image-preview:large","max-video-preview":"max-video-preview:-1"},"canonical":"https:\/\/www.atelierdocaractere.pt\/brevemente\/fronteira-vibra-ao-ritmo-das-24-horas\/","og_locale":"pt_PT","og_type":"article","og_title":"Fronteira vibra ao ritmo das 24 horas - Atelier do Caractere","og_description":"Mais de tr\u00eas centenas de pilotos, de seis nacionalidades, v\u00e3o acelerar na bp Ultimate 24 Horas TT Vila de Fronteira...","og_url":"https:\/\/www.atelierdocaractere.pt\/brevemente\/fronteira-vibra-ao-ritmo-das-24-horas\/","og_site_name":"Atelier do Caractere","article_publisher":"https:\/\/www.facebook.com\/AtelierdoCaractere","article_published_time":"2025-12-02T19:57:34+00:00","article_modified_time":"2025-12-02T19:57:38+00:00","og_image":[{"width":640,"height":320,"url":"https:\/\/www.atelierdocaractere.pt\/wp-content\/uploads\/2025\/12\/copia-de-listagem.jpg","type":"image\/jpeg"}],"author":"Joana Barbosa","twitter_card":"summary_large_image","twitter_misc":{"Escrito por":"Joana Barbosa","Tempo estimado de leitura":"6 minutos"},"schema":{"@context":"https:\/\/schema.org","@graph":[{"@type":"WebPage","@id":"https:\/\/www.atelierdocaractere.pt\/brevemente\/fronteira-vibra-ao-ritmo-das-24-horas\/","url":"https:\/\/www.atelierdocaractere.pt\/brevemente\/fronteira-vibra-ao-ritmo-das-24-horas\/","name":"Fronteira vibra ao ritmo das 24 horas - Atelier do Caractere","isPartOf":{"@id":"https:\/\/www.atelierdocaractere.pt\/brevemente\/#website"},"datePublished":"2025-12-02T19:57:34+00:00","dateModified":"2025-12-02T19:57:38+00:00","author":{"@id":"https:\/\/www.atelierdocaractere.pt\/brevemente\/#\/schema\/person\/f2f096eb0f27d9894725af22cb97c0db"},"breadcrumb":{"@id":"https:\/\/www.atelierdocaractere.pt\/brevemente\/fronteira-vibra-ao-ritmo-das-24-horas\/#breadcrumb"},"inLanguage":"pt-PT","potentialAction":[{"@type":"ReadAction","target":["https:\/\/www.atelierdocaractere.pt\/brevemente\/fronteira-vibra-ao-ritmo-das-24-horas\/"]}]},{"@type":"BreadcrumbList","@id":"https:\/\/www.atelierdocaractere.pt\/brevemente\/fronteira-vibra-ao-ritmo-das-24-horas\/#breadcrumb","itemListElement":[{"@type":"ListItem","position":1,"name":"In\u00edcio","item":"https:\/\/www.atelierdocaractere.pt\/brevemente\/"},{"@type":"ListItem","position":2,"name":"Fronteira vibra ao ritmo das 24 horas"}]},{"@type":"WebSite","@id":"https:\/\/www.atelierdocaractere.pt\/brevemente\/#website","url":"https:\/\/www.atelierdocaractere.pt\/brevemente\/","name":"Atelier do Caractere","description":"","potentialAction":[{"@type":"SearchAction","target":{"@type":"EntryPoint","urlTemplate":"https:\/\/www.atelierdocaractere.pt\/brevemente\/?s={search_term_string}"},"query-input":"required name=search_term_string"}],"inLanguage":"pt-PT"},{"@type":"Person","@id":"https:\/\/www.atelierdocaractere.pt\/brevemente\/#\/schema\/person\/f2f096eb0f27d9894725af22cb97c0db","name":"Joana Barbosa","image":{"@type":"ImageObject","inLanguage":"pt-PT","@id":"https:\/\/www.atelierdocaractere.pt\/brevemente\/#\/schema\/person\/image\/","url":"https:\/\/secure.gravatar.com\/avatar\/33e8214b45e9d68a3a83008731075979?s=96&d=mm&r=g","contentUrl":"https:\/\/secure.gravatar.com\/avatar\/33e8214b45e9d68a3a83008731075979?s=96&d=mm&r=g","caption":"Joana Barbosa"},"url":"https:\/\/www.atelierdocaractere.pt\/brevemente\/author\/joanabarbosa\/"}]}},"_links":{"self":[{"href":"https:\/\/www.atelierdocaractere.pt\/brevemente\/wp-json\/wp\/v2\/posts\/14108"}],"collection":[{"href":"https:\/\/www.atelierdocaractere.pt\/brevemente\/wp-json\/wp\/v2\/posts"}],"about":[{"href":"https:\/\/www.atelierdocaractere.pt\/brevemente\/wp-json\/wp\/v2\/types\/post"}],"author":[{"embeddable":true,"href":"https:\/\/www.atelierdocaractere.pt\/brevemente\/wp-json\/wp\/v2\/users\/7"}],"replies":[{"embeddable":true,"href":"https:\/\/www.atelierdocaractere.pt\/brevemente\/wp-json\/wp\/v2\/comments?post=14108"}],"version-history":[{"count":1,"href":"https:\/\/www.atelierdocaractere.pt\/brevemente\/wp-json\/wp\/v2\/posts\/14108\/revisions"}],"predecessor-version":[{"id":14110,"href":"https:\/\/www.atelierdocaractere.pt\/brevemente\/wp-json\/wp\/v2\/posts\/14108\/revisions\/14110"}],"wp:featuredmedia":[{"embeddable":true,"href":"https:\/\/www.atelierdocaractere.pt\/brevemente\/wp-json\/wp\/v2\/media\/14109"}],"wp:attachment":[{"href":"https:\/\/www.atelierdocaractere.pt\/brevemente\/wp-json\/wp\/v2\/media?parent=14108"}],"wp:term":[{"taxonomy":"category","embeddable":true,"href":"https:\/\/www.atelierdocaractere.pt\/brevemente\/wp-json\/wp\/v2\/categories?post=14108"},{"taxonomy":"post_tag","embeddable":true,"href":"https:\/\/www.atelierdocaractere.pt\/brevemente\/wp-json\/wp\/v2\/tags?post=14108"}],"curies":[{"name":"wp","href":"https:\/\/api.w.org\/{rel}","templated":true}]}}