{"id":14112,"date":"2025-12-10T10:34:30","date_gmt":"2025-12-10T10:34:30","guid":{"rendered":"https:\/\/www.atelierdocaractere.pt\/brevemente\/?p=14112"},"modified":"2025-12-17T10:37:57","modified_gmt":"2025-12-17T10:37:57","slug":"cim-viseu-dao-lafoes-apresentou-novas-iniciativas-da-rota-do-megalitismo","status":"publish","type":"post","link":"https:\/\/www.atelierdocaractere.pt\/brevemente\/cim-viseu-dao-lafoes-apresentou-novas-iniciativas-da-rota-do-megalitismo\/","title":{"rendered":"CIM Viseu D\u00e3o Laf\u00f5es apresentou novas iniciativas da Rota do Megalitismo"},"content":{"rendered":"\n<p><strong>Exposi\u00e7\u00e3o Itinerante refor\u00e7a liga\u00e7\u00e3o entre patrim\u00f3nio megal\u00edtico e p\u00fablico.<\/strong><\/p>\n\n\n\n<p>A\u00a0<strong>Comunidade Intermunicipal (CIM) Viseu D\u00e3o Laf\u00f5es<\/strong>\u00a0apresentou ontem, dia 9 de dezembro, um novo conjunto de iniciativas que refor\u00e7am o papel da\u00a0<strong>Rota do Megalitismo (MEG)<\/strong>\u00a0enquanto eixo estrat\u00e9gico da valoriza\u00e7\u00e3o tur\u00edstica da regi\u00e3o.<br>\u00a0<br>A sess\u00e3o, realizada na Biblioteca Municipal de Oliveira de Frades, juntou investigadores, autarcas e agentes locais numa mesa-redonda dedicada aos desafios da rota e em que foram apresentados os resultados de um estudo de perce\u00e7\u00e3o dos visitantes. O programa incluiu a inaugura\u00e7\u00e3o de uma exposi\u00e7\u00e3o itinerante, que vai circular no pr\u00f3ximo ano pelos 15 munic\u00edpios parceiros do projeto.<br>\u00a0<br>Na base deste trabalho est\u00e1 uma ideia clara: aproximar os habitantes e os visitantes da Rota do Megalitismo, um patrim\u00f3nio com milhares de anos, que distingue Viseu D\u00e3o Laf\u00f5es no panorama nacional e internacional. A regi\u00e3o possui uma das mais relevantes concentra\u00e7\u00f5es de monumentos megal\u00edticos de Portugal, incluindo o maior conjunto conhecido de d\u00f3lmens com pinturas preservadas.<br>\u00a0<br>Ao longo dos \u00faltimos anos, a CIM Viseu D\u00e3o Laf\u00f5es tem investido na investiga\u00e7\u00e3o, qualifica\u00e7\u00e3o da rede patrimonial e cria\u00e7\u00e3o de melhores condi\u00e7\u00f5es de visita\u00e7\u00e3o. As iniciativas agora lan\u00e7adas d\u00e3o continuidade a esse percurso e consolidam a Rota MEG como um dos projetos culturais mais singulares do territ\u00f3rio.<br>\u00a0<br><strong>Patrim\u00f3nio Mundial de Portugal e integra\u00e7\u00e3o na Megalithic Routes<\/strong><br>\u00a0<br>No \u00e2mbito da Rota do Megalitismo, encontra-se em curso o processo de classifica\u00e7\u00e3o nacional do Conjunto de Monumentos Megal\u00edticos do Grupo de Viseu D\u00e3o Laf\u00f5es. \u00a0O procedimento de classifica\u00e7\u00e3o de \u00e2mbito nacional do Conjunto de Monumentos Megal\u00edticos do Grupo de Viseu D\u00e3o Laf\u00f5es permitir\u00e1 que este conjunto de 18 monumentos megal\u00edticos de Viseu D\u00e3o Laf\u00f5es d\u00ea um passo importante na sua prote\u00e7\u00e3o e no seu reconhecimento oficial pelo Estado portugu\u00eas. Esta \u00e9 mais uma etapa no processo de valoriza\u00e7\u00e3o deste patrim\u00f3nio da regi\u00e3o, \u00fanico no pa\u00eds, que tem sido desenvolvido pela CIM Viseu D\u00e3o Laf\u00f5es.<br>\u00a0<br>Paralelamente, a rota integra a Megalithic Routes, rede internacional reconhecida pelo Conselho da Europa e dedicada \u00e0 investiga\u00e7\u00e3o, valoriza\u00e7\u00e3o e promo\u00e7\u00e3o do patrim\u00f3nio megal\u00edtico europeu, que re\u00fane museus, geoparques, investigadores e entidades tur\u00edsticas de diversos pa\u00edses, incluindo Portugal, Espanha, Alemanha, Dinamarca, Inglaterra, Su\u00e9cia, Turquia e Pa\u00edses Baixos.<br>\u00a0<br><strong>Estudo comprova interesse pelos monumentos megal\u00edticos<\/strong><br>\u00a0<br>A sess\u00e3o abriu com a mesa-redonda\u00a0<em>\u201cA Rota MEG como eixo de coes\u00e3o territorial, educa\u00e7\u00e3o patrimonial e recurso tur\u00edstico\u201d<\/em>, moderada por\u00a0<strong>Filipe Soares<\/strong>, Chefe de Equipa da C\u00e2mara Municipal de Oliveira de Frades, e que contou com interven\u00e7\u00f5es de\u00a0<strong>Jo\u00e3o Val\u00e9rio,<\/strong>\u00a0Presidente da C\u00e2mara Municipal de Oliveira de Frades,\u00a0<strong>Nuno Martinho<\/strong>, Secret\u00e1rio Executivo da CIM Viseu D\u00e3o Laf\u00f5es,\u00a0<strong>Ant\u00f3nio Faustino<\/strong>, Professor da Universidade do Algarve e arque\u00f3logo,\u00a0<strong>Pedro Sobral<\/strong>, arque\u00f3logo e autor do \u201cGuia MEG\u201d, e\u00a0<strong>Lana Gunjic<\/strong>, da Opium, entidade respons\u00e1vel pelo estudo de perce\u00e7\u00e3o. O debate destacou o contributo da Rota MEG para a valoriza\u00e7\u00e3o do patrim\u00f3nio arqueol\u00f3gico da regi\u00e3o e a import\u00e2ncia de refor\u00e7ar o conhecimento p\u00fablico sobre esta heran\u00e7a pr\u00e9-hist\u00f3rica.<br>\u00a0<br>Na ocasi\u00e3o, foram apresentados os principais resultados do\u00a0<strong>Estudo de Perce\u00e7\u00e3o da Rota do Megalitismo<\/strong>, que confirma um interesse crescente por este patrim\u00f3nio.<br>\u00a0<br><strong>A rota vai ao encontro das comunidades<\/strong><br>\u00a0<br>Ap\u00f3s o debate, foi inaugurada a\u00a0<strong>Exposi\u00e7\u00e3o Itinerante MEG<\/strong>, instalada at\u00e9 4 de janeiro no Centro Interpretativo da Linha do Vouga (antiga esta\u00e7\u00e3o de Oliveira de Frades). Concebida com o apoio cient\u00edfico do professor Ant\u00f3nio Faustino, a exposi\u00e7\u00e3o procura aproximar os residentes e visitantes das hist\u00f3rias, paisagens e descobertas associadas ao territ\u00f3rio megal\u00edtico. O seu car\u00e1cter itinerante permitir\u00e1 que, ao longo de 2026, circule pelos 15 munic\u00edpios envolvidos \u2013 os 14 da CIM Viseu D\u00e3o Laf\u00f5es e o munic\u00edpio vizinho de Sever do Vouga \u2013 refor\u00e7ando a presen\u00e7a da MEG no quotidiano das comunidades.\u00a0<br>\u00a0<br><strong>Declara\u00e7\u00f5es<\/strong><br>\u00a0<br>Para\u00a0<strong>Marco Almeida<\/strong>,\u00a0<strong>Vice-Presidente da CIM Viseu D\u00e3o Laf\u00f5es<\/strong>, que marcou presen\u00e7a na inaugura\u00e7\u00e3o da Exposi\u00e7\u00e3o Itinerante, \u201c<em>a CIM tem, ao longo dos anos, mostrado que \u00e9 poss\u00edvel valorizar o nosso territ\u00f3rio atrav\u00e9s da inova\u00e7\u00e3o, mas tamb\u00e9m da preserva\u00e7\u00e3o do patrim\u00f3nio. Esta exposi\u00e7\u00e3o representa a hist\u00f3ria dos nossos concelhos e \u00e9 atrav\u00e9s da cultura e da valoriza\u00e7\u00e3o do territ\u00f3rio que nos vamos tornar mais fortes, tamb\u00e9m no plano tur\u00edstico\u201d.<\/em><br>\u00a0<br><em>\u201cAqui foi realizado um trabalho extraordin\u00e1rio e que constitui uma marca poderos\u00edssima do nosso territ\u00f3rio, na qual acreditamos. Foi criado um percurso circular que permite, a quem nos visita, conhecer e apreciar aquilo que de melhor o nosso territ\u00f3rio oferece. Este projeto \u00e9 mais um complemento ao percurso que temos feito na valoriza\u00e7\u00e3o dos nossos produtos e do nosso patrim\u00f3nio, e estamos certos de que dele retiraremos grande proveito em termos tur\u00edsticos\u201d<\/em>, conclui o Vice-Presidente.<br>\u00a0<br><strong>Nuno Martinho<\/strong>,\u00a0<strong>Secret\u00e1rio Executivo da CIM Viseu D\u00e3o Laf\u00f5es,<\/strong>\u00a0defendeu que\u00a0<em>\u201ca Rota do Megalitismo est\u00e1, passo a passo, a ganhar a maturidade necess\u00e1ria para se afirmar como um produto distintivo da nossa regi\u00e3o. O estudo de perce\u00e7\u00e3o dos visitantes confirma que existe curiosidade, procura e vontade de conhecer mais. Cabe-nos agora criar condi\u00e7\u00f5es para transformar esse interesse em visitas reais, experi\u00eancias qualificadas e um sentimento de perten\u00e7a mais forte. Estamos a trabalhar para que o megalitismo seja um patrim\u00f3nio cultural e tur\u00edstico capaz de mobilizar pessoas e dinamizar o territ\u00f3rio\u201d<\/em>.<br>\u00a0<br><em>\u201cO percurso que hoje apresent\u00e1mos \u00e9 a continua\u00e7\u00e3o de um compromisso que temos vindo a assumir com o territ\u00f3rio. A exposi\u00e7\u00e3o itinerante aproxima a rota das pessoas e o estudo d\u00e1-nos informa\u00e7\u00e3o concreta sobre os caminhos a seguir. A promo\u00e7\u00e3o, a interpreta\u00e7\u00e3o no terreno e a liga\u00e7\u00e3o entre patrim\u00f3nio, natureza e comunidades continuam a ser prioridades. A diferen\u00e7a \u00e9 que agora temos dados, aliados e vontade para avan\u00e7ar ainda mais\u201d<\/em>, acrescenta.<br>\u00a0<br>Segundo\u00a0<strong>Jo\u00e3o Val\u00e9rio<\/strong>,\u00a0<strong>Presidente da C\u00e2mara Municipal de Oliveira de Frades<\/strong>,\u00a0<em>\u201co Megalitismo \u00e9 um fator diferenciador do nosso territ\u00f3rio e um patrim\u00f3nio que nos distingue. Todo o trabalho desenvolvido em torno da Rota do Megalitismo refor\u00e7a essa singularidade, aproximando as nossas comunidades e visitantes de monumentos com milhares de anos de hist\u00f3ria. Em Oliveira de Frades temos orgulho em fazer parte desta rota e em contribuir para que o megalitismo continue a ser um ativo de refer\u00eancia e termos tur\u00edsticos e culturais, capaz de dinamizar o territ\u00f3rio, criar oportunidades e refor\u00e7ar o sentimento de perten\u00e7a de todos os que aqui vivem e visitam\u201d<\/em>.<\/p>\n\n\n\n<p><strong>Sobre a CIM Viseu D\u00e3o Laf\u00f5es:<\/strong><br>A CIM Viseu D\u00e3o Laf\u00f5es \u00e9 uma associa\u00e7\u00e3o de munic\u00edpios, denominada como Comunidade Intermunicipal, sendo constitu\u00edda pelos munic\u00edpios de\u00a0Aguiar da Beira, Carregal do Sal, Castro Daire, Mangualde, Nelas, Oliveira de Frades, Penalva do Castelo, Santa Comba D\u00e3o, S\u00e3o Pedro do Sul, S\u00e1t\u00e3o, Tondela, Vila Nova de Paiva, Viseu e Vouzela.<\/p>\n","protected":false},"excerpt":{"rendered":"<p>Exposi\u00e7\u00e3o Itinerante refor\u00e7a liga\u00e7\u00e3o entre patrim\u00f3nio megal\u00edtico e p\u00fablico. A\u00a0Comunidade Intermunicipal (CIM) Viseu D\u00e3o Laf\u00f5es\u00a0apresentou ontem, dia 9 de dezembro,&#8230;<\/p>\n","protected":false},"author":7,"featured_media":14113,"comment_status":"closed","ping_status":"open","sticky":false,"template":"","format":"standard","meta":[],"categories":[39],"tags":[448,738,1040,594,636],"yoast_head":"<!-- This site is optimized with the Yoast SEO plugin v20.12 - https:\/\/yoast.com\/wordpress\/plugins\/seo\/ -->\n<title>CIM Viseu D\u00e3o Laf\u00f5es apresentou novas iniciativas da Rota do Megalitismo - Atelier do Caractere<\/title>\n<meta name=\"robots\" content=\"index, follow, max-snippet:-1, max-image-preview:large, max-video-preview:-1\" \/>\n<link rel=\"canonical\" href=\"https:\/\/www.atelierdocaractere.pt\/brevemente\/cim-viseu-dao-lafoes-apresentou-novas-iniciativas-da-rota-do-megalitismo\/\" \/>\n<meta property=\"og:locale\" content=\"pt_PT\" \/>\n<meta property=\"og:type\" content=\"article\" \/>\n<meta property=\"og:title\" content=\"CIM Viseu D\u00e3o Laf\u00f5es apresentou novas iniciativas da Rota do Megalitismo - Atelier do Caractere\" \/>\n<meta property=\"og:description\" content=\"Exposi\u00e7\u00e3o Itinerante refor\u00e7a liga\u00e7\u00e3o entre patrim\u00f3nio megal\u00edtico e p\u00fablico. A\u00a0Comunidade Intermunicipal (CIM) Viseu D\u00e3o Laf\u00f5es\u00a0apresentou ontem, dia 9 de dezembro,...\" \/>\n<meta property=\"og:url\" content=\"https:\/\/www.atelierdocaractere.pt\/brevemente\/cim-viseu-dao-lafoes-apresentou-novas-iniciativas-da-rota-do-megalitismo\/\" \/>\n<meta property=\"og:site_name\" content=\"Atelier do Caractere\" \/>\n<meta property=\"article:publisher\" content=\"https:\/\/www.facebook.com\/AtelierdoCaractere\" \/>\n<meta property=\"article:published_time\" content=\"2025-12-10T10:34:30+00:00\" \/>\n<meta property=\"article:modified_time\" content=\"2025-12-17T10:37:57+00:00\" \/>\n<meta property=\"og:image\" content=\"https:\/\/www.atelierdocaractere.pt\/wp-content\/uploads\/2025\/12\/f08b8a70-b78f-9784-24a8-05fe8725d7e9.jpg\" \/>\n\t<meta property=\"og:image:width\" content=\"1200\" \/>\n\t<meta property=\"og:image:height\" content=\"900\" \/>\n\t<meta property=\"og:image:type\" content=\"image\/jpeg\" \/>\n<meta name=\"author\" content=\"Joana Barbosa\" \/>\n<meta name=\"twitter:card\" content=\"summary_large_image\" \/>\n<meta name=\"twitter:label1\" content=\"Escrito por\" \/>\n\t<meta name=\"twitter:data1\" content=\"Joana Barbosa\" \/>\n\t<meta name=\"twitter:label2\" content=\"Tempo estimado de leitura\" \/>\n\t<meta name=\"twitter:data2\" content=\"6 minutos\" \/>\n<script type=\"application\/ld+json\" class=\"yoast-schema-graph\">{\"@context\":\"https:\/\/schema.org\",\"@graph\":[{\"@type\":\"WebPage\",\"@id\":\"https:\/\/www.atelierdocaractere.pt\/brevemente\/cim-viseu-dao-lafoes-apresentou-novas-iniciativas-da-rota-do-megalitismo\/\",\"url\":\"https:\/\/www.atelierdocaractere.pt\/brevemente\/cim-viseu-dao-lafoes-apresentou-novas-iniciativas-da-rota-do-megalitismo\/\",\"name\":\"CIM Viseu D\u00e3o Laf\u00f5es apresentou novas iniciativas da Rota do Megalitismo - Atelier do Caractere\",\"isPartOf\":{\"@id\":\"https:\/\/www.atelierdocaractere.pt\/brevemente\/#website\"},\"datePublished\":\"2025-12-10T10:34:30+00:00\",\"dateModified\":\"2025-12-17T10:37:57+00:00\",\"author\":{\"@id\":\"https:\/\/www.atelierdocaractere.pt\/brevemente\/#\/schema\/person\/f2f096eb0f27d9894725af22cb97c0db\"},\"breadcrumb\":{\"@id\":\"https:\/\/www.atelierdocaractere.pt\/brevemente\/cim-viseu-dao-lafoes-apresentou-novas-iniciativas-da-rota-do-megalitismo\/#breadcrumb\"},\"inLanguage\":\"pt-PT\",\"potentialAction\":[{\"@type\":\"ReadAction\",\"target\":[\"https:\/\/www.atelierdocaractere.pt\/brevemente\/cim-viseu-dao-lafoes-apresentou-novas-iniciativas-da-rota-do-megalitismo\/\"]}]},{\"@type\":\"BreadcrumbList\",\"@id\":\"https:\/\/www.atelierdocaractere.pt\/brevemente\/cim-viseu-dao-lafoes-apresentou-novas-iniciativas-da-rota-do-megalitismo\/#breadcrumb\",\"itemListElement\":[{\"@type\":\"ListItem\",\"position\":1,\"name\":\"In\u00edcio\",\"item\":\"https:\/\/www.atelierdocaractere.pt\/brevemente\/\"},{\"@type\":\"ListItem\",\"position\":2,\"name\":\"CIM Viseu D\u00e3o Laf\u00f5es apresentou novas iniciativas da Rota do Megalitismo\"}]},{\"@type\":\"WebSite\",\"@id\":\"https:\/\/www.atelierdocaractere.pt\/brevemente\/#website\",\"url\":\"https:\/\/www.atelierdocaractere.pt\/brevemente\/\",\"name\":\"Atelier do Caractere\",\"description\":\"\",\"potentialAction\":[{\"@type\":\"SearchAction\",\"target\":{\"@type\":\"EntryPoint\",\"urlTemplate\":\"https:\/\/www.atelierdocaractere.pt\/brevemente\/?s={search_term_string}\"},\"query-input\":\"required name=search_term_string\"}],\"inLanguage\":\"pt-PT\"},{\"@type\":\"Person\",\"@id\":\"https:\/\/www.atelierdocaractere.pt\/brevemente\/#\/schema\/person\/f2f096eb0f27d9894725af22cb97c0db\",\"name\":\"Joana Barbosa\",\"image\":{\"@type\":\"ImageObject\",\"inLanguage\":\"pt-PT\",\"@id\":\"https:\/\/www.atelierdocaractere.pt\/brevemente\/#\/schema\/person\/image\/\",\"url\":\"https:\/\/secure.gravatar.com\/avatar\/33e8214b45e9d68a3a83008731075979?s=96&d=mm&r=g\",\"contentUrl\":\"https:\/\/secure.gravatar.com\/avatar\/33e8214b45e9d68a3a83008731075979?s=96&d=mm&r=g\",\"caption\":\"Joana Barbosa\"},\"url\":\"https:\/\/www.atelierdocaractere.pt\/brevemente\/author\/joanabarbosa\/\"}]}<\/script>\n<!-- \/ Yoast SEO plugin. -->","yoast_head_json":{"title":"CIM Viseu D\u00e3o Laf\u00f5es apresentou novas iniciativas da Rota do Megalitismo - Atelier do Caractere","robots":{"index":"index","follow":"follow","max-snippet":"max-snippet:-1","max-image-preview":"max-image-preview:large","max-video-preview":"max-video-preview:-1"},"canonical":"https:\/\/www.atelierdocaractere.pt\/brevemente\/cim-viseu-dao-lafoes-apresentou-novas-iniciativas-da-rota-do-megalitismo\/","og_locale":"pt_PT","og_type":"article","og_title":"CIM Viseu D\u00e3o Laf\u00f5es apresentou novas iniciativas da Rota do Megalitismo - Atelier do Caractere","og_description":"Exposi\u00e7\u00e3o Itinerante refor\u00e7a liga\u00e7\u00e3o entre patrim\u00f3nio megal\u00edtico e p\u00fablico. A\u00a0Comunidade Intermunicipal (CIM) Viseu D\u00e3o Laf\u00f5es\u00a0apresentou ontem, dia 9 de dezembro,...","og_url":"https:\/\/www.atelierdocaractere.pt\/brevemente\/cim-viseu-dao-lafoes-apresentou-novas-iniciativas-da-rota-do-megalitismo\/","og_site_name":"Atelier do Caractere","article_publisher":"https:\/\/www.facebook.com\/AtelierdoCaractere","article_published_time":"2025-12-10T10:34:30+00:00","article_modified_time":"2025-12-17T10:37:57+00:00","og_image":[{"width":1200,"height":900,"url":"https:\/\/www.atelierdocaractere.pt\/wp-content\/uploads\/2025\/12\/f08b8a70-b78f-9784-24a8-05fe8725d7e9.jpg","type":"image\/jpeg"}],"author":"Joana Barbosa","twitter_card":"summary_large_image","twitter_misc":{"Escrito por":"Joana Barbosa","Tempo estimado de leitura":"6 minutos"},"schema":{"@context":"https:\/\/schema.org","@graph":[{"@type":"WebPage","@id":"https:\/\/www.atelierdocaractere.pt\/brevemente\/cim-viseu-dao-lafoes-apresentou-novas-iniciativas-da-rota-do-megalitismo\/","url":"https:\/\/www.atelierdocaractere.pt\/brevemente\/cim-viseu-dao-lafoes-apresentou-novas-iniciativas-da-rota-do-megalitismo\/","name":"CIM Viseu D\u00e3o Laf\u00f5es apresentou novas iniciativas da Rota do Megalitismo - Atelier do Caractere","isPartOf":{"@id":"https:\/\/www.atelierdocaractere.pt\/brevemente\/#website"},"datePublished":"2025-12-10T10:34:30+00:00","dateModified":"2025-12-17T10:37:57+00:00","author":{"@id":"https:\/\/www.atelierdocaractere.pt\/brevemente\/#\/schema\/person\/f2f096eb0f27d9894725af22cb97c0db"},"breadcrumb":{"@id":"https:\/\/www.atelierdocaractere.pt\/brevemente\/cim-viseu-dao-lafoes-apresentou-novas-iniciativas-da-rota-do-megalitismo\/#breadcrumb"},"inLanguage":"pt-PT","potentialAction":[{"@type":"ReadAction","target":["https:\/\/www.atelierdocaractere.pt\/brevemente\/cim-viseu-dao-lafoes-apresentou-novas-iniciativas-da-rota-do-megalitismo\/"]}]},{"@type":"BreadcrumbList","@id":"https:\/\/www.atelierdocaractere.pt\/brevemente\/cim-viseu-dao-lafoes-apresentou-novas-iniciativas-da-rota-do-megalitismo\/#breadcrumb","itemListElement":[{"@type":"ListItem","position":1,"name":"In\u00edcio","item":"https:\/\/www.atelierdocaractere.pt\/brevemente\/"},{"@type":"ListItem","position":2,"name":"CIM Viseu D\u00e3o Laf\u00f5es apresentou novas iniciativas da Rota do Megalitismo"}]},{"@type":"WebSite","@id":"https:\/\/www.atelierdocaractere.pt\/brevemente\/#website","url":"https:\/\/www.atelierdocaractere.pt\/brevemente\/","name":"Atelier do Caractere","description":"","potentialAction":[{"@type":"SearchAction","target":{"@type":"EntryPoint","urlTemplate":"https:\/\/www.atelierdocaractere.pt\/brevemente\/?s={search_term_string}"},"query-input":"required name=search_term_string"}],"inLanguage":"pt-PT"},{"@type":"Person","@id":"https:\/\/www.atelierdocaractere.pt\/brevemente\/#\/schema\/person\/f2f096eb0f27d9894725af22cb97c0db","name":"Joana Barbosa","image":{"@type":"ImageObject","inLanguage":"pt-PT","@id":"https:\/\/www.atelierdocaractere.pt\/brevemente\/#\/schema\/person\/image\/","url":"https:\/\/secure.gravatar.com\/avatar\/33e8214b45e9d68a3a83008731075979?s=96&d=mm&r=g","contentUrl":"https:\/\/secure.gravatar.com\/avatar\/33e8214b45e9d68a3a83008731075979?s=96&d=mm&r=g","caption":"Joana Barbosa"},"url":"https:\/\/www.atelierdocaractere.pt\/brevemente\/author\/joanabarbosa\/"}]}},"_links":{"self":[{"href":"https:\/\/www.atelierdocaractere.pt\/brevemente\/wp-json\/wp\/v2\/posts\/14112"}],"collection":[{"href":"https:\/\/www.atelierdocaractere.pt\/brevemente\/wp-json\/wp\/v2\/posts"}],"about":[{"href":"https:\/\/www.atelierdocaractere.pt\/brevemente\/wp-json\/wp\/v2\/types\/post"}],"author":[{"embeddable":true,"href":"https:\/\/www.atelierdocaractere.pt\/brevemente\/wp-json\/wp\/v2\/users\/7"}],"replies":[{"embeddable":true,"href":"https:\/\/www.atelierdocaractere.pt\/brevemente\/wp-json\/wp\/v2\/comments?post=14112"}],"version-history":[{"count":1,"href":"https:\/\/www.atelierdocaractere.pt\/brevemente\/wp-json\/wp\/v2\/posts\/14112\/revisions"}],"predecessor-version":[{"id":14114,"href":"https:\/\/www.atelierdocaractere.pt\/brevemente\/wp-json\/wp\/v2\/posts\/14112\/revisions\/14114"}],"wp:featuredmedia":[{"embeddable":true,"href":"https:\/\/www.atelierdocaractere.pt\/brevemente\/wp-json\/wp\/v2\/media\/14113"}],"wp:attachment":[{"href":"https:\/\/www.atelierdocaractere.pt\/brevemente\/wp-json\/wp\/v2\/media?parent=14112"}],"wp:term":[{"taxonomy":"category","embeddable":true,"href":"https:\/\/www.atelierdocaractere.pt\/brevemente\/wp-json\/wp\/v2\/categories?post=14112"},{"taxonomy":"post_tag","embeddable":true,"href":"https:\/\/www.atelierdocaractere.pt\/brevemente\/wp-json\/wp\/v2\/tags?post=14112"}],"curies":[{"name":"wp","href":"https:\/\/api.w.org\/{rel}","templated":true}]}}