{"id":14115,"date":"2025-12-10T10:38:26","date_gmt":"2025-12-10T10:38:26","guid":{"rendered":"https:\/\/www.atelierdocaractere.pt\/brevemente\/?p=14115"},"modified":"2025-12-17T10:43:15","modified_gmt":"2025-12-17T10:43:15","slug":"cim-viseu-dao-lafoes-mobilizou-comunidade-e-parceiros-nacionais-em-acao-de-reflorestacao-de-grande-escala","status":"publish","type":"post","link":"https:\/\/www.atelierdocaractere.pt\/brevemente\/cim-viseu-dao-lafoes-mobilizou-comunidade-e-parceiros-nacionais-em-acao-de-reflorestacao-de-grande-escala\/","title":{"rendered":"CIM Viseu D\u00e3o Laf\u00f5es mobilizou comunidade e parceiros nacionais em a\u00e7\u00e3o de refloresta\u00e7\u00e3o de grande escala"},"content":{"rendered":"\n<p><strong>Iniciativa plantou 500 carvalhos-alvarinhos em Vouzela, numa zona devastada pelos inc\u00eandios, com a participa\u00e7\u00e3o de escolas, clubes desportivos, Liga Portugal, sapadores florestais e t\u00e9cnicos da CIM.<\/strong><\/p>\n\n\n\n<p>A\u00a0<strong>Comunidade Intermunicipal (CIM) Viseu D\u00e3o Laf\u00f5es<\/strong>\u00a0organizou hoje, dia 10 de dezembro, em Vouzela, uma a\u00e7\u00e3o de refloresta\u00e7\u00e3o que mobilizou dezenas de participantes \u2013 entre autarcas, associa\u00e7\u00f5es, alunos, clubes desportivos, outros parceiros nacionais, t\u00e9cnicos e sapadores florestais \u2013 num gesto coletivo de regenera\u00e7\u00e3o do territ\u00f3rio e de compromisso com a sustentabilidade ambiental.<br>\u00a0<br>A iniciativa decorreu nas imedia\u00e7\u00f5es do Parque de Campismo de Vouzela, em plena Rede Natura 2000 e no Parque Natural Local Vouga-Caramulo, numa zona fortemente afetada pelos inc\u00eandios de 2017. Foram plantados\u00a0<strong>500 exemplares de carvalho-alvarinho<\/strong>\u00a0(<em>quercus robur<\/em>), uma esp\u00e9cie aut\u00f3ctone, robusta e perfeitamente adaptada \u00e0s condi\u00e7\u00f5es do territ\u00f3rio, essencial para refor\u00e7ar a resili\u00eancia ecol\u00f3gica da regi\u00e3o e restaurar os habitats naturais.<br>\u00a0<br>A a\u00e7\u00e3o contou com a presen\u00e7a de v\u00e1rias entidades, incluindo o Presidente da C\u00e2mara municipal de Vouzela,\u00a0<strong>Carlos Oliveira<\/strong>, o Secret\u00e1rio Executivo da CIM Viseu D\u00e3o Laf\u00f5es,\u00a0<strong>Nuno Martinho<\/strong>, e o Presidente da C\u00e2mara Municipal de Oliveira de Frades,\u00a0<strong>Jo\u00e3o Val\u00e9rio<\/strong>, bem como de representantes de diversas institui\u00e7\u00f5es locais e regionais.<br>\u00a0<br>Na \u00e1rea do desporto, associaram-se \u00e0 iniciativa a\u00a0<strong>Associa\u00e7\u00e3o de Futebol de Viseu<\/strong>, os dois clubes de futebol profissionais da regi\u00e3o \u2013\u00a0<strong>CD<\/strong>\u00a0<strong>Tondela\u00a0<\/strong>e\u00a0<strong>Acad\u00e9mico de Viseu FC,\u00a0Futebol\u00a0SAD\u00a0<\/strong>\u2013, que mobilizaram jogadores e dirigentes, a\u00a0<strong>Funda\u00e7\u00e3o do Futebol\u00a0<\/strong>&#8211;<strong>\u00a0Liga Portugal<\/strong>, e ainda a\u00a0<strong>Hyundai Portugal<\/strong>, atrav\u00e9s do piloto viseense\u00a0<strong>Hugo Lopes,<\/strong>\u00a0representado no evento pelo seu irm\u00e3o,\u00a0<strong>R\u00faben\u00a0Lopes<\/strong>.<br>\u00a0<br>O setor da educa\u00e7\u00e3o marcou tamb\u00e9m presen\u00e7a ativa, com a participa\u00e7\u00e3o entusiasta de dezenas de alunos do\u00a0<strong>Agrupamento de Escolas de Vouzela,<\/strong>\u00a0que contribu\u00edram ativamente para a planta\u00e7\u00e3o e tiveram contacto direto com boas pr\u00e1ticas de preserva\u00e7\u00e3o ambiental.<br>\u00a0<br>A opera\u00e7\u00e3o no terreno foi assegurada por equipas t\u00e9cnicas e sapadores florestais da CIM Viseu D\u00e3o Laf\u00f5es, num esfor\u00e7o articulado e eficaz. No final, a C\u00e2mara Municipal de Vouzela ofereceu um lanche-conv\u00edvio aos participantes.<br>\u00a0<br>A a\u00e7\u00e3o de hoje contribuiu tamb\u00e9m para consolidar os resultados alcan\u00e7ados pelo projeto\u00a0<strong>LIFE Nieblas<\/strong>, que, recorde-se, implementou m\u00e9todos inovadores de capta\u00e7\u00e3o de \u00e1gua da atmosfera, atrav\u00e9s da neblina, e de t\u00e9cnicas sustent\u00e1veis de gest\u00e3o ecol\u00f3gica para regenerar zonas afetadas por inc\u00eandios e desertifica\u00e7\u00e3o. A refloresta\u00e7\u00e3o aconteceu precisamente numa parcela regada pela \u00e1gua extra\u00edda da neblina pelo projeto.<br>\u00a0<br>Reconhecido e premiado a n\u00edvel europeu, o LIFE Nieblas tornou-se uma das iniciativas ambientais de refer\u00eancia da \u00faltima d\u00e9cada em Portugal e projetou a regi\u00e3o de Viseu D\u00e3o Laf\u00f5es no panorama internacional das boas pr\u00e1ticas clim\u00e1ticas.<br><br><br><strong>Declara\u00e7\u00f5es<\/strong>:<br>\u00a0<br><strong>Jo\u00e3o Azevedo<\/strong>, Presidente da CIM Viseu D\u00e3o Laf\u00f5es:\u00a0<em>&#8220;Plantar uma \u00e1rvore pode parecer um gesto simples, mas hoje foi uma a\u00e7\u00e3o plena de significado. Cada carvalho colocado na terra representa um compromisso com o futuro, uma resposta concreta aos desafios ambientais que enfrentamos e uma homenagem ao territ\u00f3rio que resistiu \u00e0s chamas. Esta a\u00e7\u00e3o \u00e9 um s\u00edmbolo da nossa capacidade coletiva de regenerar, de cuidar e de projetar uma regi\u00e3o mais verde, mais resiliente e mais unida. Agrade\u00e7o a todos os que se juntaram a n\u00f3s \u2013 autarquias, escolas, clubes, associa\u00e7\u00f5es e parceiros \u2013 por darem corpo a este esfor\u00e7o de reconstru\u00e7\u00e3o ativa e participada&#8221;.<\/em><br>\u00a0<br><strong>Nuno Martinho<\/strong>, Secret\u00e1rio Executivo da CIM Viseu D\u00e3o Laf\u00f5es:\u00a0<em>&#8220;Esta refloresta\u00e7\u00e3o \u00e9 um sinal de maturidade c\u00edvica e de for\u00e7a coletiva. A refloresta\u00e7\u00e3o \u00e9 mais uma atividade, das muitas que temos realizado, como \u00e9 o caso do fogo controlado ou da silvo pastor\u00edcia, que tem contribu\u00eddo, decisivamente, para uma floresta mais resiliente e mais adaptada \u00e0s altera\u00e7\u00f5es clim\u00e1ticas. Esta \u00e9 uma regi\u00e3o que n\u00e3o se limita a reagir \u00e0s adversidades: antecipa, inova e envolve a comunidade. \u00c9 assim que se constr\u00f3i resili\u00eancia, com a\u00e7\u00e3o no terreno e com pessoas que acreditam no valor do seu territ\u00f3rio&#8221;<\/em>.<br>\u00a0<br><strong>Jos\u00e9 Carlos Lopes<\/strong>, Presidente da Associa\u00e7\u00e3o de Futebol de Viseu:\u00a0<em>\u201cA Associa\u00e7\u00e3o de Futebol de Viseu orgulha-se de se envolver nesta iniciativa de refloresta\u00e7\u00e3o promovida pela CIM Viseu, contribuindo para um territ\u00f3rio mais sustent\u00e1vel e ambientalmente resiliente. A planta\u00e7\u00e3o de 500 carvalhos-alvarinhos numa \u00e1rea afetada pelos inc\u00eandios de 2017 \u00e9 um gesto simb\u00f3lico, mas profundamente significativo, que refor\u00e7a o compromisso de todos na prote\u00e7\u00e3o e recupera\u00e7\u00e3o do patrim\u00f3nio natural da regi\u00e3o. Enquanto institui\u00e7\u00e3o com forte liga\u00e7\u00e3o \u00e0 comunidade, acreditamos que o desporto tamb\u00e9m deve estar ao servi\u00e7o das causas que promovem um futuro melhor. Por isso, continuaremos a participar ativamente em a\u00e7\u00f5es que valorizem o ambiente, a cidadania e o desenvolvimento sustent\u00e1vel em Viseu\u00a0D\u00e3o\u00a0Laf\u00f5es\u201d.<\/em><br>\u00a0<br><strong>Bebeto,\u00a0<\/strong>Capit\u00e3o do CD Tondela<strong>:<\/strong>\u00a0<em>\u201cJogo no CD Tondela desde 2020 e tenho assistido de perto ao flagelo dos inc\u00eandios todos os ver\u00f5es e \u00e9 com muito gosto que hoje estou aqui, juntamente com o meu Clube, a ajudar do renascimento florestal desta Regi\u00e3o que j\u00e1 sinto como se fosse a minha casa\u201d.<\/em><br>\u00a0<br><strong>Miguel Vasconcelos de Sousa<\/strong>, Administrador Executivo do Acad\u00e9mico de Viseu FC, Futebol SAD:\u00a0<em>\u201cA refloresta\u00e7\u00e3o \u00e9 um gesto de futuro, sobretudo em \u00e1reas fustigadas pelos inc\u00eandios. Enquanto emblema nuclear desta regi\u00e3o, \u00e9 uma honra para o Acad\u00e9mico contribuir para a recupera\u00e7\u00e3o da nossa casa comum e refor\u00e7ar o la\u00e7o que nos une \u00e0 comunidade. Esta \u00e9 mais uma iniciativa que se enquadra no projeto de responsabilidade social da nossa estrutura, que visa abranger as mais diferentes \u00e1reas de a\u00e7\u00e3o\u00a0e\u00a0contributo\u201d.<\/em><br>\u00a0<br><strong>Susana da Silva Curto<\/strong>, Diretora Executiva da Liga Portugal:\u00a0<em>\u201cA Funda\u00e7\u00e3o do Futebol &#8211; Liga Portugal orgulha-se de se associar a esta a\u00e7\u00e3o de refloresta\u00e7\u00e3o, promovida pela Comunidade Intermunicipal Viseu D\u00e3o Laf\u00f5es e realizada com o apoio dos Sapadores Florestais, dos seus t\u00e9cnicos e do Munic\u00edpio de Vouzela. Este \u00e9 um gesto simples, mas profundamente simb\u00f3lico: refor\u00e7a o compromisso coletivo de deixar um territ\u00f3rio mais resiliente e sustent\u00e1vel para as pr\u00f3ximas gera\u00e7\u00f5es. \u00c9 inspirador ver Clubes, escolas, parceiros locais e regionais, desde a Associa\u00e7\u00e3o de Futebol de Viseu ao Acad\u00e9mico de Viseu e ao CD Tondela, assim como o Agrupamento de Escolas de Vouzela, lado a lado em torno de um prop\u00f3sito maior. A Liga Portugal estar\u00e1 sempre dispon\u00edvel para iniciativas que acrescentem valor \u00e0 Sociedade, sempre com o intuito de aproximar o Futebol das comunidades\u201d.<\/em><br>\u00a0<br><strong>Hugo Lopes<\/strong>, piloto da Hyundai Portugal:\u00a0<em>\u201cParab\u00e9ns \u00e0 CIM Viseu D\u00e3o Laf\u00f5es por esta excelente iniciativa. Depois da trag\u00e9dia vivida pela nossa regi\u00e3o, no \u00faltimo ver\u00e3o, \u00e9 preciso toda a comunidade meter m\u00e3os \u00e0 obra e meter as m\u00e3os na terra em todas as a\u00e7\u00f5es de refloresta\u00e7\u00e3o e outras iniciativas que sejam desenvolvidas. A minha miss\u00e3o nos ralis com a Hyundai \u00e9 ser r\u00e1pido e vencer. Neste caso, vamos unir-nos, ser fortes e lutar por um futuro sustent\u00e1vel para a nossa fant\u00e1stica\u00a0regi\u00e3o\u201d.<\/em><br><br><strong>Catarina Br\u00e1s<\/strong>, Diretora de Comunica\u00e7\u00e3o da Hyundai Portugal: \u201c<em>A Hyundai Portugal orgulha-se de se associar a uma iniciativa que reafirma o compromisso que partilhamos com as gera\u00e7\u00f5es presentes e futuras: proteger o territ\u00f3rio, regenerar a natureza e promover um futuro verdadeiramente sustent\u00e1vel. Numa regi\u00e3o t\u00e3o marcada pelos inc\u00eandios, acreditamos que a\u00e7\u00f5es de refloresta\u00e7\u00e3o com esp\u00e9cies aut\u00f3ctones, como esta promovida pela CIM Viseu D\u00e3o Laf\u00f5es, s\u00e3o essenciais para fortalecer a resili\u00eancia das comunidades e renovar paisagens que pertencem a todos. A participa\u00e7\u00e3o da HYUNDAI reflete a nossa vis\u00e3o de mobilidade respons\u00e1vel, inclusiva e de proximidade \u00e0s pessoas, contribuindo ativamente para solu\u00e7\u00f5es que cuidam do planeta e da vida que nele se constr\u00f3i, em linha com a nossa vis\u00e3o de Progresso pela Humanidade\u201d.<\/em><\/p>\n\n\n\n<p><strong>Sobre a CIM Viseu D\u00e3o Laf\u00f5es:<\/strong><br>A CIM Viseu D\u00e3o Laf\u00f5es \u00e9 uma associa\u00e7\u00e3o de munic\u00edpios, denominada como Comunidade Intermunicipal, sendo constitu\u00edda pelos munic\u00edpios de\u00a0Aguiar da Beira, Carregal do Sal, Castro Daire, Mangualde, Nelas, Oliveira de Frades, Penalva do Castelo, Santa Comba D\u00e3o, S\u00e3o Pedro do Sul, S\u00e1t\u00e3o, Tondela, Vila Nova de Paiva, Viseu e Vouzela.<\/p>\n","protected":false},"excerpt":{"rendered":"<p>Iniciativa plantou 500 carvalhos-alvarinhos em Vouzela, numa zona devastada pelos inc\u00eandios, com a participa\u00e7\u00e3o de escolas, clubes desportivos, Liga Portugal,&#8230;<\/p>\n","protected":false},"author":7,"featured_media":14116,"comment_status":"closed","ping_status":"open","sticky":false,"template":"","format":"standard","meta":[],"categories":[38],"tags":[448,738,1041,636],"yoast_head":"<!-- This site is optimized with the Yoast SEO plugin v20.12 - https:\/\/yoast.com\/wordpress\/plugins\/seo\/ -->\n<title>CIM Viseu D\u00e3o Laf\u00f5es mobilizou comunidade e parceiros nacionais em a\u00e7\u00e3o de refloresta\u00e7\u00e3o de grande escala - Atelier do Caractere<\/title>\n<meta name=\"robots\" content=\"index, follow, max-snippet:-1, max-image-preview:large, max-video-preview:-1\" \/>\n<link rel=\"canonical\" href=\"https:\/\/www.atelierdocaractere.pt\/brevemente\/cim-viseu-dao-lafoes-mobilizou-comunidade-e-parceiros-nacionais-em-acao-de-reflorestacao-de-grande-escala\/\" \/>\n<meta property=\"og:locale\" content=\"pt_PT\" \/>\n<meta property=\"og:type\" content=\"article\" \/>\n<meta property=\"og:title\" content=\"CIM Viseu D\u00e3o Laf\u00f5es mobilizou comunidade e parceiros nacionais em a\u00e7\u00e3o de refloresta\u00e7\u00e3o de grande escala - Atelier do Caractere\" \/>\n<meta property=\"og:description\" content=\"Iniciativa plantou 500 carvalhos-alvarinhos em Vouzela, numa zona devastada pelos inc\u00eandios, com a participa\u00e7\u00e3o de escolas, clubes desportivos, Liga Portugal,...\" \/>\n<meta property=\"og:url\" content=\"https:\/\/www.atelierdocaractere.pt\/brevemente\/cim-viseu-dao-lafoes-mobilizou-comunidade-e-parceiros-nacionais-em-acao-de-reflorestacao-de-grande-escala\/\" \/>\n<meta property=\"og:site_name\" content=\"Atelier do Caractere\" \/>\n<meta property=\"article:publisher\" content=\"https:\/\/www.facebook.com\/AtelierdoCaractere\" \/>\n<meta property=\"article:published_time\" content=\"2025-12-10T10:38:26+00:00\" \/>\n<meta property=\"article:modified_time\" content=\"2025-12-17T10:43:15+00:00\" \/>\n<meta property=\"og:image\" content=\"https:\/\/www.atelierdocaractere.pt\/wp-content\/uploads\/2025\/12\/333255cd-1e22-05f6-9f82-e31901f44c7d.jpg\" \/>\n\t<meta property=\"og:image:width\" content=\"1200\" \/>\n\t<meta property=\"og:image:height\" content=\"798\" \/>\n\t<meta property=\"og:image:type\" content=\"image\/jpeg\" \/>\n<meta name=\"author\" content=\"Joana Barbosa\" \/>\n<meta name=\"twitter:card\" content=\"summary_large_image\" \/>\n<meta name=\"twitter:label1\" content=\"Escrito por\" \/>\n\t<meta name=\"twitter:data1\" content=\"Joana Barbosa\" \/>\n\t<meta name=\"twitter:label2\" content=\"Tempo estimado de leitura\" \/>\n\t<meta name=\"twitter:data2\" content=\"7 minutos\" \/>\n<script type=\"application\/ld+json\" class=\"yoast-schema-graph\">{\"@context\":\"https:\/\/schema.org\",\"@graph\":[{\"@type\":\"WebPage\",\"@id\":\"https:\/\/www.atelierdocaractere.pt\/brevemente\/cim-viseu-dao-lafoes-mobilizou-comunidade-e-parceiros-nacionais-em-acao-de-reflorestacao-de-grande-escala\/\",\"url\":\"https:\/\/www.atelierdocaractere.pt\/brevemente\/cim-viseu-dao-lafoes-mobilizou-comunidade-e-parceiros-nacionais-em-acao-de-reflorestacao-de-grande-escala\/\",\"name\":\"CIM Viseu D\u00e3o Laf\u00f5es mobilizou comunidade e parceiros nacionais em a\u00e7\u00e3o de refloresta\u00e7\u00e3o de grande escala - Atelier do Caractere\",\"isPartOf\":{\"@id\":\"https:\/\/www.atelierdocaractere.pt\/brevemente\/#website\"},\"datePublished\":\"2025-12-10T10:38:26+00:00\",\"dateModified\":\"2025-12-17T10:43:15+00:00\",\"author\":{\"@id\":\"https:\/\/www.atelierdocaractere.pt\/brevemente\/#\/schema\/person\/f2f096eb0f27d9894725af22cb97c0db\"},\"breadcrumb\":{\"@id\":\"https:\/\/www.atelierdocaractere.pt\/brevemente\/cim-viseu-dao-lafoes-mobilizou-comunidade-e-parceiros-nacionais-em-acao-de-reflorestacao-de-grande-escala\/#breadcrumb\"},\"inLanguage\":\"pt-PT\",\"potentialAction\":[{\"@type\":\"ReadAction\",\"target\":[\"https:\/\/www.atelierdocaractere.pt\/brevemente\/cim-viseu-dao-lafoes-mobilizou-comunidade-e-parceiros-nacionais-em-acao-de-reflorestacao-de-grande-escala\/\"]}]},{\"@type\":\"BreadcrumbList\",\"@id\":\"https:\/\/www.atelierdocaractere.pt\/brevemente\/cim-viseu-dao-lafoes-mobilizou-comunidade-e-parceiros-nacionais-em-acao-de-reflorestacao-de-grande-escala\/#breadcrumb\",\"itemListElement\":[{\"@type\":\"ListItem\",\"position\":1,\"name\":\"In\u00edcio\",\"item\":\"https:\/\/www.atelierdocaractere.pt\/brevemente\/\"},{\"@type\":\"ListItem\",\"position\":2,\"name\":\"CIM Viseu D\u00e3o Laf\u00f5es mobilizou comunidade e parceiros nacionais em a\u00e7\u00e3o de refloresta\u00e7\u00e3o de grande escala\"}]},{\"@type\":\"WebSite\",\"@id\":\"https:\/\/www.atelierdocaractere.pt\/brevemente\/#website\",\"url\":\"https:\/\/www.atelierdocaractere.pt\/brevemente\/\",\"name\":\"Atelier do Caractere\",\"description\":\"\",\"potentialAction\":[{\"@type\":\"SearchAction\",\"target\":{\"@type\":\"EntryPoint\",\"urlTemplate\":\"https:\/\/www.atelierdocaractere.pt\/brevemente\/?s={search_term_string}\"},\"query-input\":\"required name=search_term_string\"}],\"inLanguage\":\"pt-PT\"},{\"@type\":\"Person\",\"@id\":\"https:\/\/www.atelierdocaractere.pt\/brevemente\/#\/schema\/person\/f2f096eb0f27d9894725af22cb97c0db\",\"name\":\"Joana Barbosa\",\"image\":{\"@type\":\"ImageObject\",\"inLanguage\":\"pt-PT\",\"@id\":\"https:\/\/www.atelierdocaractere.pt\/brevemente\/#\/schema\/person\/image\/\",\"url\":\"https:\/\/secure.gravatar.com\/avatar\/33e8214b45e9d68a3a83008731075979?s=96&d=mm&r=g\",\"contentUrl\":\"https:\/\/secure.gravatar.com\/avatar\/33e8214b45e9d68a3a83008731075979?s=96&d=mm&r=g\",\"caption\":\"Joana Barbosa\"},\"url\":\"https:\/\/www.atelierdocaractere.pt\/brevemente\/author\/joanabarbosa\/\"}]}<\/script>\n<!-- \/ Yoast SEO plugin. -->","yoast_head_json":{"title":"CIM Viseu D\u00e3o Laf\u00f5es mobilizou comunidade e parceiros nacionais em a\u00e7\u00e3o de refloresta\u00e7\u00e3o de grande escala - Atelier do Caractere","robots":{"index":"index","follow":"follow","max-snippet":"max-snippet:-1","max-image-preview":"max-image-preview:large","max-video-preview":"max-video-preview:-1"},"canonical":"https:\/\/www.atelierdocaractere.pt\/brevemente\/cim-viseu-dao-lafoes-mobilizou-comunidade-e-parceiros-nacionais-em-acao-de-reflorestacao-de-grande-escala\/","og_locale":"pt_PT","og_type":"article","og_title":"CIM Viseu D\u00e3o Laf\u00f5es mobilizou comunidade e parceiros nacionais em a\u00e7\u00e3o de refloresta\u00e7\u00e3o de grande escala - Atelier do Caractere","og_description":"Iniciativa plantou 500 carvalhos-alvarinhos em Vouzela, numa zona devastada pelos inc\u00eandios, com a participa\u00e7\u00e3o de escolas, clubes desportivos, Liga Portugal,...","og_url":"https:\/\/www.atelierdocaractere.pt\/brevemente\/cim-viseu-dao-lafoes-mobilizou-comunidade-e-parceiros-nacionais-em-acao-de-reflorestacao-de-grande-escala\/","og_site_name":"Atelier do Caractere","article_publisher":"https:\/\/www.facebook.com\/AtelierdoCaractere","article_published_time":"2025-12-10T10:38:26+00:00","article_modified_time":"2025-12-17T10:43:15+00:00","og_image":[{"width":1200,"height":798,"url":"https:\/\/www.atelierdocaractere.pt\/wp-content\/uploads\/2025\/12\/333255cd-1e22-05f6-9f82-e31901f44c7d.jpg","type":"image\/jpeg"}],"author":"Joana Barbosa","twitter_card":"summary_large_image","twitter_misc":{"Escrito por":"Joana Barbosa","Tempo estimado de leitura":"7 minutos"},"schema":{"@context":"https:\/\/schema.org","@graph":[{"@type":"WebPage","@id":"https:\/\/www.atelierdocaractere.pt\/brevemente\/cim-viseu-dao-lafoes-mobilizou-comunidade-e-parceiros-nacionais-em-acao-de-reflorestacao-de-grande-escala\/","url":"https:\/\/www.atelierdocaractere.pt\/brevemente\/cim-viseu-dao-lafoes-mobilizou-comunidade-e-parceiros-nacionais-em-acao-de-reflorestacao-de-grande-escala\/","name":"CIM Viseu D\u00e3o Laf\u00f5es mobilizou comunidade e parceiros nacionais em a\u00e7\u00e3o de refloresta\u00e7\u00e3o de grande escala - Atelier do Caractere","isPartOf":{"@id":"https:\/\/www.atelierdocaractere.pt\/brevemente\/#website"},"datePublished":"2025-12-10T10:38:26+00:00","dateModified":"2025-12-17T10:43:15+00:00","author":{"@id":"https:\/\/www.atelierdocaractere.pt\/brevemente\/#\/schema\/person\/f2f096eb0f27d9894725af22cb97c0db"},"breadcrumb":{"@id":"https:\/\/www.atelierdocaractere.pt\/brevemente\/cim-viseu-dao-lafoes-mobilizou-comunidade-e-parceiros-nacionais-em-acao-de-reflorestacao-de-grande-escala\/#breadcrumb"},"inLanguage":"pt-PT","potentialAction":[{"@type":"ReadAction","target":["https:\/\/www.atelierdocaractere.pt\/brevemente\/cim-viseu-dao-lafoes-mobilizou-comunidade-e-parceiros-nacionais-em-acao-de-reflorestacao-de-grande-escala\/"]}]},{"@type":"BreadcrumbList","@id":"https:\/\/www.atelierdocaractere.pt\/brevemente\/cim-viseu-dao-lafoes-mobilizou-comunidade-e-parceiros-nacionais-em-acao-de-reflorestacao-de-grande-escala\/#breadcrumb","itemListElement":[{"@type":"ListItem","position":1,"name":"In\u00edcio","item":"https:\/\/www.atelierdocaractere.pt\/brevemente\/"},{"@type":"ListItem","position":2,"name":"CIM Viseu D\u00e3o Laf\u00f5es mobilizou comunidade e parceiros nacionais em a\u00e7\u00e3o de refloresta\u00e7\u00e3o de grande escala"}]},{"@type":"WebSite","@id":"https:\/\/www.atelierdocaractere.pt\/brevemente\/#website","url":"https:\/\/www.atelierdocaractere.pt\/brevemente\/","name":"Atelier do Caractere","description":"","potentialAction":[{"@type":"SearchAction","target":{"@type":"EntryPoint","urlTemplate":"https:\/\/www.atelierdocaractere.pt\/brevemente\/?s={search_term_string}"},"query-input":"required name=search_term_string"}],"inLanguage":"pt-PT"},{"@type":"Person","@id":"https:\/\/www.atelierdocaractere.pt\/brevemente\/#\/schema\/person\/f2f096eb0f27d9894725af22cb97c0db","name":"Joana Barbosa","image":{"@type":"ImageObject","inLanguage":"pt-PT","@id":"https:\/\/www.atelierdocaractere.pt\/brevemente\/#\/schema\/person\/image\/","url":"https:\/\/secure.gravatar.com\/avatar\/33e8214b45e9d68a3a83008731075979?s=96&d=mm&r=g","contentUrl":"https:\/\/secure.gravatar.com\/avatar\/33e8214b45e9d68a3a83008731075979?s=96&d=mm&r=g","caption":"Joana Barbosa"},"url":"https:\/\/www.atelierdocaractere.pt\/brevemente\/author\/joanabarbosa\/"}]}},"_links":{"self":[{"href":"https:\/\/www.atelierdocaractere.pt\/brevemente\/wp-json\/wp\/v2\/posts\/14115"}],"collection":[{"href":"https:\/\/www.atelierdocaractere.pt\/brevemente\/wp-json\/wp\/v2\/posts"}],"about":[{"href":"https:\/\/www.atelierdocaractere.pt\/brevemente\/wp-json\/wp\/v2\/types\/post"}],"author":[{"embeddable":true,"href":"https:\/\/www.atelierdocaractere.pt\/brevemente\/wp-json\/wp\/v2\/users\/7"}],"replies":[{"embeddable":true,"href":"https:\/\/www.atelierdocaractere.pt\/brevemente\/wp-json\/wp\/v2\/comments?post=14115"}],"version-history":[{"count":1,"href":"https:\/\/www.atelierdocaractere.pt\/brevemente\/wp-json\/wp\/v2\/posts\/14115\/revisions"}],"predecessor-version":[{"id":14117,"href":"https:\/\/www.atelierdocaractere.pt\/brevemente\/wp-json\/wp\/v2\/posts\/14115\/revisions\/14117"}],"wp:featuredmedia":[{"embeddable":true,"href":"https:\/\/www.atelierdocaractere.pt\/brevemente\/wp-json\/wp\/v2\/media\/14116"}],"wp:attachment":[{"href":"https:\/\/www.atelierdocaractere.pt\/brevemente\/wp-json\/wp\/v2\/media?parent=14115"}],"wp:term":[{"taxonomy":"category","embeddable":true,"href":"https:\/\/www.atelierdocaractere.pt\/brevemente\/wp-json\/wp\/v2\/categories?post=14115"},{"taxonomy":"post_tag","embeddable":true,"href":"https:\/\/www.atelierdocaractere.pt\/brevemente\/wp-json\/wp\/v2\/tags?post=14115"}],"curies":[{"name":"wp","href":"https:\/\/api.w.org\/{rel}","templated":true}]}}