{"id":14118,"date":"2025-12-15T10:44:14","date_gmt":"2025-12-15T10:44:14","guid":{"rendered":"https:\/\/www.atelierdocaractere.pt\/brevemente\/?p=14118"},"modified":"2025-12-17T10:49:20","modified_gmt":"2025-12-17T10:49:20","slug":"cim-viseu-dao-lafoes-toma-posicao-sobre-o-tracado-do-ip3-e-propoe-aceleracao-imediata-da-execucao-da-obra","status":"publish","type":"post","link":"https:\/\/www.atelierdocaractere.pt\/brevemente\/cim-viseu-dao-lafoes-toma-posicao-sobre-o-tracado-do-ip3-e-propoe-aceleracao-imediata-da-execucao-da-obra\/","title":{"rendered":"CIM Viseu D\u00e3o Laf\u00f5es toma posi\u00e7\u00e3o sobre o tra\u00e7ado do IP3 e prop\u00f5e acelera\u00e7\u00e3o imediata da execu\u00e7\u00e3o da obra"},"content":{"rendered":"\n<p><strong>Posi\u00e7\u00e3o do Conselho Intermunicipal, deliberada hoje, ser\u00e1 enviada ao Governo. CIM defende solu\u00e7\u00e3o r\u00e1pida, que responda \u00e0s necessidades dos territ\u00f3rios servidos pelo corredor rodovi\u00e1rio.<\/strong><\/p>\n\n\n\n<p>A\u00a0<strong>Comunidade Intermunicipal (CIM) Viseu D\u00e3o Laf\u00f5es\u00a0<\/strong>aprovou hoje, 15 de dezembro, em reuni\u00e3o do seu Conselho Intermunicipal realizada no Sal\u00e3o Nobre da C\u00e2mara Municipal de Viseu, o parecer solicitado pelo Governo sobre o tra\u00e7ado do IP3 que dever\u00e1 garantir o perfil de autoestrada em toda a liga\u00e7\u00e3o entre Viseu e Coimbra.<br>\u00a0<br>A delibera\u00e7\u00e3o ser\u00e1 enviada ao Governo, ainda hoje, cumprindo o prazo definido pelo Ministro das Infraestruturas e da Habita\u00e7\u00e3o. A decis\u00e3o confirma a posi\u00e7\u00e3o firme da CIM em defesa de uma solu\u00e7\u00e3o r\u00e1pida, coerente e execut\u00e1vel, capaz de responder \u00e0s necessidades de seguran\u00e7a, competitividade e coes\u00e3o territorial dos territ\u00f3rios servidos por aquele que \u00e9 um dos mais importantes corredores rodovi\u00e1rios da regi\u00e3o.<br>\u00a0<br>No seguimento da proposta apresentada pelo Governo da Rep\u00fablica, no decurso da RCM 69\/2025, para a liga\u00e7\u00e3o rodovi\u00e1ria em tra\u00e7ado duplo (quatro vias) entre Souselas e Santa Comba D\u00e3o, a CIM Viseu D\u00e3o Laf\u00f5es vem indicar que a solu\u00e7\u00e3o 2A \u00e9 a que deve ser adotada. Esta op\u00e7\u00e3o \u00e9 a escolhida tendo em conta a maturidade dos processos em curso que, de acordo com o cronograma apresentado, permite uma requalifica\u00e7\u00e3o mais c\u00e9lere do atual IP3 aumentando a seguran\u00e7a e diminuindo a sinistralidade.<br>\u00a0<br>Recorde-se que a 24 de novembro, o Ministro das Infraestruturas e da Habita\u00e7\u00e3o, Miguel Pinto Luz, tinha anunciado que em dezembro haveria uma decis\u00e3o final sobre o tra\u00e7ado do IP3, tendo pedido o contributo das Comunidades Intermunicipais envolvidas, a de Viseu D\u00e3o Laf\u00f5es e da Regi\u00e3o de Coimbra.<br>\u00a0<br>\u00c0 sa\u00edda da reuni\u00e3o,\u00a0<strong>Jo\u00e3o Azevedo, Presidente da CIM Viseu D\u00e3o Laf\u00f5es<\/strong>, declarou:\u00a0<em>&#8220;O Conselho Intermunicipal de Viseu D\u00e3o Laf\u00f5es tomou uma decis\u00e3o relativamente \u00e0 posi\u00e7\u00e3o da CIM sobre o tra\u00e7ado do IP3. Decidimos, por unanimidade, propor o cen\u00e1rio 2A, que representa a execu\u00e7\u00e3o do tra\u00e7ado que estava definido desde 2018, e que aponta como prioridade a duplica\u00e7\u00e3o de todo o trajeto entre a Viseu e Coimbra<\/em>\u201d.<br>\u00a0<br><em>\u201cEsta decis\u00e3o deve-se \u00e0 maturidade dos projetos que j\u00e1 existem, que permite que esta obra seja executada o mais rapidamente poss\u00edvel. H\u00e1 muito que esta regi\u00e3o espera por esta obra, que sabermos que vai resolver a quest\u00e3o da sinistralidade. S\u00e3o argumentos muito fortes, que s\u00e3o sustentados atrav\u00e9s de acompanhamento t\u00e9cnico e que, naturalmente, os 14 presidentes das c\u00e2maras municipais que fazem parte deste \u00f3rg\u00e3o assumiram. \u00c9 uma decis\u00e3o de grande responsabilidade, que defende os interesses desta regi\u00e3o\u201d<\/em>, acrescentou.<\/p>\n\n\n\n<p><strong>Sobre a CIM Viseu D\u00e3o Laf\u00f5es:<\/strong><br>A CIM Viseu D\u00e3o Laf\u00f5es \u00e9 uma associa\u00e7\u00e3o de munic\u00edpios, denominada como Comunidade Intermunicipal, sendo constitu\u00edda pelos munic\u00edpios de\u00a0Aguiar da Beira, Carregal do Sal, Castro Daire, Mangualde, Nelas, Oliveira de Frades, Penalva do Castelo, Santa Comba D\u00e3o, S\u00e3o Pedro do Sul, S\u00e1t\u00e3o, Tondela, Vila Nova de Paiva, Viseu e Vouzela.<\/p>\n","protected":false},"excerpt":{"rendered":"<p>Posi\u00e7\u00e3o do Conselho Intermunicipal, deliberada hoje, ser\u00e1 enviada ao Governo. CIM defende solu\u00e7\u00e3o r\u00e1pida, que responda \u00e0s necessidades dos territ\u00f3rios&#8230;<\/p>\n","protected":false},"author":7,"featured_media":14119,"comment_status":"closed","ping_status":"open","sticky":false,"template":"","format":"standard","meta":[],"categories":[67],"tags":[448,738],"yoast_head":"<!-- This site is optimized with the Yoast SEO plugin v20.12 - https:\/\/yoast.com\/wordpress\/plugins\/seo\/ -->\n<title>CIM Viseu D\u00e3o Laf\u00f5es toma posi\u00e7\u00e3o sobre o tra\u00e7ado do IP3 e prop\u00f5e acelera\u00e7\u00e3o imediata da execu\u00e7\u00e3o da obra - Atelier do Caractere<\/title>\n<meta name=\"robots\" content=\"index, follow, max-snippet:-1, max-image-preview:large, max-video-preview:-1\" \/>\n<link rel=\"canonical\" href=\"https:\/\/www.atelierdocaractere.pt\/brevemente\/cim-viseu-dao-lafoes-toma-posicao-sobre-o-tracado-do-ip3-e-propoe-aceleracao-imediata-da-execucao-da-obra\/\" \/>\n<meta property=\"og:locale\" content=\"pt_PT\" \/>\n<meta property=\"og:type\" content=\"article\" \/>\n<meta property=\"og:title\" content=\"CIM Viseu D\u00e3o Laf\u00f5es toma posi\u00e7\u00e3o sobre o tra\u00e7ado do IP3 e prop\u00f5e acelera\u00e7\u00e3o imediata da execu\u00e7\u00e3o da obra - Atelier do Caractere\" \/>\n<meta property=\"og:description\" content=\"Posi\u00e7\u00e3o do Conselho Intermunicipal, deliberada hoje, ser\u00e1 enviada ao Governo. CIM defende solu\u00e7\u00e3o r\u00e1pida, que responda \u00e0s necessidades dos territ\u00f3rios...\" \/>\n<meta property=\"og:url\" content=\"https:\/\/www.atelierdocaractere.pt\/brevemente\/cim-viseu-dao-lafoes-toma-posicao-sobre-o-tracado-do-ip3-e-propoe-aceleracao-imediata-da-execucao-da-obra\/\" \/>\n<meta property=\"og:site_name\" content=\"Atelier do Caractere\" \/>\n<meta property=\"article:publisher\" content=\"https:\/\/www.facebook.com\/AtelierdoCaractere\" \/>\n<meta property=\"article:published_time\" content=\"2025-12-15T10:44:14+00:00\" \/>\n<meta property=\"article:modified_time\" content=\"2025-12-17T10:49:20+00:00\" \/>\n<meta property=\"og:image\" content=\"https:\/\/www.atelierdocaractere.pt\/wp-content\/uploads\/2025\/12\/b1202152-a7b5-40e9-41c5-31edd8ef0140.jpg\" \/>\n\t<meta property=\"og:image:width\" content=\"1200\" \/>\n\t<meta property=\"og:image:height\" content=\"798\" \/>\n\t<meta property=\"og:image:type\" content=\"image\/jpeg\" \/>\n<meta name=\"author\" content=\"Joana Barbosa\" \/>\n<meta name=\"twitter:card\" content=\"summary_large_image\" \/>\n<meta name=\"twitter:label1\" content=\"Escrito por\" \/>\n\t<meta name=\"twitter:data1\" content=\"Joana Barbosa\" \/>\n\t<meta name=\"twitter:label2\" content=\"Tempo estimado de leitura\" \/>\n\t<meta name=\"twitter:data2\" content=\"3 minutos\" \/>\n<script type=\"application\/ld+json\" class=\"yoast-schema-graph\">{\"@context\":\"https:\/\/schema.org\",\"@graph\":[{\"@type\":\"WebPage\",\"@id\":\"https:\/\/www.atelierdocaractere.pt\/brevemente\/cim-viseu-dao-lafoes-toma-posicao-sobre-o-tracado-do-ip3-e-propoe-aceleracao-imediata-da-execucao-da-obra\/\",\"url\":\"https:\/\/www.atelierdocaractere.pt\/brevemente\/cim-viseu-dao-lafoes-toma-posicao-sobre-o-tracado-do-ip3-e-propoe-aceleracao-imediata-da-execucao-da-obra\/\",\"name\":\"CIM Viseu D\u00e3o Laf\u00f5es toma posi\u00e7\u00e3o sobre o tra\u00e7ado do IP3 e prop\u00f5e acelera\u00e7\u00e3o imediata da execu\u00e7\u00e3o da obra - Atelier do Caractere\",\"isPartOf\":{\"@id\":\"https:\/\/www.atelierdocaractere.pt\/brevemente\/#website\"},\"datePublished\":\"2025-12-15T10:44:14+00:00\",\"dateModified\":\"2025-12-17T10:49:20+00:00\",\"author\":{\"@id\":\"https:\/\/www.atelierdocaractere.pt\/brevemente\/#\/schema\/person\/f2f096eb0f27d9894725af22cb97c0db\"},\"breadcrumb\":{\"@id\":\"https:\/\/www.atelierdocaractere.pt\/brevemente\/cim-viseu-dao-lafoes-toma-posicao-sobre-o-tracado-do-ip3-e-propoe-aceleracao-imediata-da-execucao-da-obra\/#breadcrumb\"},\"inLanguage\":\"pt-PT\",\"potentialAction\":[{\"@type\":\"ReadAction\",\"target\":[\"https:\/\/www.atelierdocaractere.pt\/brevemente\/cim-viseu-dao-lafoes-toma-posicao-sobre-o-tracado-do-ip3-e-propoe-aceleracao-imediata-da-execucao-da-obra\/\"]}]},{\"@type\":\"BreadcrumbList\",\"@id\":\"https:\/\/www.atelierdocaractere.pt\/brevemente\/cim-viseu-dao-lafoes-toma-posicao-sobre-o-tracado-do-ip3-e-propoe-aceleracao-imediata-da-execucao-da-obra\/#breadcrumb\",\"itemListElement\":[{\"@type\":\"ListItem\",\"position\":1,\"name\":\"In\u00edcio\",\"item\":\"https:\/\/www.atelierdocaractere.pt\/brevemente\/\"},{\"@type\":\"ListItem\",\"position\":2,\"name\":\"CIM Viseu D\u00e3o Laf\u00f5es toma posi\u00e7\u00e3o sobre o tra\u00e7ado do IP3 e prop\u00f5e acelera\u00e7\u00e3o imediata da execu\u00e7\u00e3o da obra\"}]},{\"@type\":\"WebSite\",\"@id\":\"https:\/\/www.atelierdocaractere.pt\/brevemente\/#website\",\"url\":\"https:\/\/www.atelierdocaractere.pt\/brevemente\/\",\"name\":\"Atelier do Caractere\",\"description\":\"\",\"potentialAction\":[{\"@type\":\"SearchAction\",\"target\":{\"@type\":\"EntryPoint\",\"urlTemplate\":\"https:\/\/www.atelierdocaractere.pt\/brevemente\/?s={search_term_string}\"},\"query-input\":\"required name=search_term_string\"}],\"inLanguage\":\"pt-PT\"},{\"@type\":\"Person\",\"@id\":\"https:\/\/www.atelierdocaractere.pt\/brevemente\/#\/schema\/person\/f2f096eb0f27d9894725af22cb97c0db\",\"name\":\"Joana Barbosa\",\"image\":{\"@type\":\"ImageObject\",\"inLanguage\":\"pt-PT\",\"@id\":\"https:\/\/www.atelierdocaractere.pt\/brevemente\/#\/schema\/person\/image\/\",\"url\":\"https:\/\/secure.gravatar.com\/avatar\/33e8214b45e9d68a3a83008731075979?s=96&d=mm&r=g\",\"contentUrl\":\"https:\/\/secure.gravatar.com\/avatar\/33e8214b45e9d68a3a83008731075979?s=96&d=mm&r=g\",\"caption\":\"Joana Barbosa\"},\"url\":\"https:\/\/www.atelierdocaractere.pt\/brevemente\/author\/joanabarbosa\/\"}]}<\/script>\n<!-- \/ Yoast SEO plugin. -->","yoast_head_json":{"title":"CIM Viseu D\u00e3o Laf\u00f5es toma posi\u00e7\u00e3o sobre o tra\u00e7ado do IP3 e prop\u00f5e acelera\u00e7\u00e3o imediata da execu\u00e7\u00e3o da obra - Atelier do Caractere","robots":{"index":"index","follow":"follow","max-snippet":"max-snippet:-1","max-image-preview":"max-image-preview:large","max-video-preview":"max-video-preview:-1"},"canonical":"https:\/\/www.atelierdocaractere.pt\/brevemente\/cim-viseu-dao-lafoes-toma-posicao-sobre-o-tracado-do-ip3-e-propoe-aceleracao-imediata-da-execucao-da-obra\/","og_locale":"pt_PT","og_type":"article","og_title":"CIM Viseu D\u00e3o Laf\u00f5es toma posi\u00e7\u00e3o sobre o tra\u00e7ado do IP3 e prop\u00f5e acelera\u00e7\u00e3o imediata da execu\u00e7\u00e3o da obra - Atelier do Caractere","og_description":"Posi\u00e7\u00e3o do Conselho Intermunicipal, deliberada hoje, ser\u00e1 enviada ao Governo. CIM defende solu\u00e7\u00e3o r\u00e1pida, que responda \u00e0s necessidades dos territ\u00f3rios...","og_url":"https:\/\/www.atelierdocaractere.pt\/brevemente\/cim-viseu-dao-lafoes-toma-posicao-sobre-o-tracado-do-ip3-e-propoe-aceleracao-imediata-da-execucao-da-obra\/","og_site_name":"Atelier do Caractere","article_publisher":"https:\/\/www.facebook.com\/AtelierdoCaractere","article_published_time":"2025-12-15T10:44:14+00:00","article_modified_time":"2025-12-17T10:49:20+00:00","og_image":[{"width":1200,"height":798,"url":"https:\/\/www.atelierdocaractere.pt\/wp-content\/uploads\/2025\/12\/b1202152-a7b5-40e9-41c5-31edd8ef0140.jpg","type":"image\/jpeg"}],"author":"Joana Barbosa","twitter_card":"summary_large_image","twitter_misc":{"Escrito por":"Joana Barbosa","Tempo estimado de leitura":"3 minutos"},"schema":{"@context":"https:\/\/schema.org","@graph":[{"@type":"WebPage","@id":"https:\/\/www.atelierdocaractere.pt\/brevemente\/cim-viseu-dao-lafoes-toma-posicao-sobre-o-tracado-do-ip3-e-propoe-aceleracao-imediata-da-execucao-da-obra\/","url":"https:\/\/www.atelierdocaractere.pt\/brevemente\/cim-viseu-dao-lafoes-toma-posicao-sobre-o-tracado-do-ip3-e-propoe-aceleracao-imediata-da-execucao-da-obra\/","name":"CIM Viseu D\u00e3o Laf\u00f5es toma posi\u00e7\u00e3o sobre o tra\u00e7ado do IP3 e prop\u00f5e acelera\u00e7\u00e3o imediata da execu\u00e7\u00e3o da obra - Atelier do Caractere","isPartOf":{"@id":"https:\/\/www.atelierdocaractere.pt\/brevemente\/#website"},"datePublished":"2025-12-15T10:44:14+00:00","dateModified":"2025-12-17T10:49:20+00:00","author":{"@id":"https:\/\/www.atelierdocaractere.pt\/brevemente\/#\/schema\/person\/f2f096eb0f27d9894725af22cb97c0db"},"breadcrumb":{"@id":"https:\/\/www.atelierdocaractere.pt\/brevemente\/cim-viseu-dao-lafoes-toma-posicao-sobre-o-tracado-do-ip3-e-propoe-aceleracao-imediata-da-execucao-da-obra\/#breadcrumb"},"inLanguage":"pt-PT","potentialAction":[{"@type":"ReadAction","target":["https:\/\/www.atelierdocaractere.pt\/brevemente\/cim-viseu-dao-lafoes-toma-posicao-sobre-o-tracado-do-ip3-e-propoe-aceleracao-imediata-da-execucao-da-obra\/"]}]},{"@type":"BreadcrumbList","@id":"https:\/\/www.atelierdocaractere.pt\/brevemente\/cim-viseu-dao-lafoes-toma-posicao-sobre-o-tracado-do-ip3-e-propoe-aceleracao-imediata-da-execucao-da-obra\/#breadcrumb","itemListElement":[{"@type":"ListItem","position":1,"name":"In\u00edcio","item":"https:\/\/www.atelierdocaractere.pt\/brevemente\/"},{"@type":"ListItem","position":2,"name":"CIM Viseu D\u00e3o Laf\u00f5es toma posi\u00e7\u00e3o sobre o tra\u00e7ado do IP3 e prop\u00f5e acelera\u00e7\u00e3o imediata da execu\u00e7\u00e3o da obra"}]},{"@type":"WebSite","@id":"https:\/\/www.atelierdocaractere.pt\/brevemente\/#website","url":"https:\/\/www.atelierdocaractere.pt\/brevemente\/","name":"Atelier do Caractere","description":"","potentialAction":[{"@type":"SearchAction","target":{"@type":"EntryPoint","urlTemplate":"https:\/\/www.atelierdocaractere.pt\/brevemente\/?s={search_term_string}"},"query-input":"required name=search_term_string"}],"inLanguage":"pt-PT"},{"@type":"Person","@id":"https:\/\/www.atelierdocaractere.pt\/brevemente\/#\/schema\/person\/f2f096eb0f27d9894725af22cb97c0db","name":"Joana Barbosa","image":{"@type":"ImageObject","inLanguage":"pt-PT","@id":"https:\/\/www.atelierdocaractere.pt\/brevemente\/#\/schema\/person\/image\/","url":"https:\/\/secure.gravatar.com\/avatar\/33e8214b45e9d68a3a83008731075979?s=96&d=mm&r=g","contentUrl":"https:\/\/secure.gravatar.com\/avatar\/33e8214b45e9d68a3a83008731075979?s=96&d=mm&r=g","caption":"Joana Barbosa"},"url":"https:\/\/www.atelierdocaractere.pt\/brevemente\/author\/joanabarbosa\/"}]}},"_links":{"self":[{"href":"https:\/\/www.atelierdocaractere.pt\/brevemente\/wp-json\/wp\/v2\/posts\/14118"}],"collection":[{"href":"https:\/\/www.atelierdocaractere.pt\/brevemente\/wp-json\/wp\/v2\/posts"}],"about":[{"href":"https:\/\/www.atelierdocaractere.pt\/brevemente\/wp-json\/wp\/v2\/types\/post"}],"author":[{"embeddable":true,"href":"https:\/\/www.atelierdocaractere.pt\/brevemente\/wp-json\/wp\/v2\/users\/7"}],"replies":[{"embeddable":true,"href":"https:\/\/www.atelierdocaractere.pt\/brevemente\/wp-json\/wp\/v2\/comments?post=14118"}],"version-history":[{"count":1,"href":"https:\/\/www.atelierdocaractere.pt\/brevemente\/wp-json\/wp\/v2\/posts\/14118\/revisions"}],"predecessor-version":[{"id":14120,"href":"https:\/\/www.atelierdocaractere.pt\/brevemente\/wp-json\/wp\/v2\/posts\/14118\/revisions\/14120"}],"wp:featuredmedia":[{"embeddable":true,"href":"https:\/\/www.atelierdocaractere.pt\/brevemente\/wp-json\/wp\/v2\/media\/14119"}],"wp:attachment":[{"href":"https:\/\/www.atelierdocaractere.pt\/brevemente\/wp-json\/wp\/v2\/media?parent=14118"}],"wp:term":[{"taxonomy":"category","embeddable":true,"href":"https:\/\/www.atelierdocaractere.pt\/brevemente\/wp-json\/wp\/v2\/categories?post=14118"},{"taxonomy":"post_tag","embeddable":true,"href":"https:\/\/www.atelierdocaractere.pt\/brevemente\/wp-json\/wp\/v2\/tags?post=14118"}],"curies":[{"name":"wp","href":"https:\/\/api.w.org\/{rel}","templated":true}]}}