{"id":14121,"date":"2025-12-16T10:49:36","date_gmt":"2025-12-16T10:49:36","guid":{"rendered":"https:\/\/www.atelierdocaractere.pt\/brevemente\/?p=14121"},"modified":"2025-12-17T10:55:02","modified_gmt":"2025-12-17T10:55:02","slug":"cim-viseu-dao-lafoes-reelege-nuno-martinho-como-primeiro-secretario-executivo-intermunicipal-e-aprova-orcamento-e-plano-de-atividades-para-2026","status":"publish","type":"post","link":"https:\/\/www.atelierdocaractere.pt\/brevemente\/cim-viseu-dao-lafoes-reelege-nuno-martinho-como-primeiro-secretario-executivo-intermunicipal-e-aprova-orcamento-e-plano-de-atividades-para-2026\/","title":{"rendered":"CIM Viseu D\u00e3o Laf\u00f5es reelege Nuno Martinho como Primeiro Secret\u00e1rio Executivo Intermunicipal e aprova Or\u00e7amento e Plano de Atividades para 2026"},"content":{"rendered":"\n<ul>\n<li>Nuno Martinho reconduzido no cargo de Primeiro Secret\u00e1rio Executivo Intermunicipal da Comunidade Intermunicipal Viseu D\u00e3o Laf\u00f5es.<\/li>\n\n\n\n<li>Or\u00e7amento ascende a cerca de 30 milh\u00f5es de euros. Foco, entre outros dom\u00ednios tem\u00e1ticos, incide na mobilidade e nos transportes e tem impacto direto nos 14 munic\u00edpios da regi\u00e3o.<\/li>\n<\/ul>\n\n\n\n<p><strong>Nuno Martinho<\/strong>\u00a0foi reeleito por maioria para o cargo de Primeiro Secret\u00e1rio Executivo Intermunicipal, na sess\u00e3o ordin\u00e1ria da Assembleia Intermunicipal da\u00a0<strong>Comunidade Intermunicipal (CIM) Viseu D\u00e3o Laf\u00f5es<\/strong>, que teve lugar ontem, dia 15 de dezembro, no Solar dos Peixotos, em Viseu.<br>\u00a0<br>A reelei\u00e7\u00e3o refor\u00e7a a confian\u00e7a no trabalho desenvolvido ao longo dos \u00faltimos anos. Recorde-se que a proposta de continuidade de Nuno Martinho tinha sido aprovada por unanimidade pelo Conselho Intermunicipal, que a submeteu \u00e0 Assembleia.<br>\u00a0<br>A sess\u00e3o da Assembleia Intermunicipal aprovou, tamb\u00e9m, o\u00a0<strong>Or\u00e7amento e Plano de Atividades para 2026<\/strong>, documento que estabelece as prioridades e os investimentos previstos para o pr\u00f3ximo ano. O or\u00e7amento ascende a cerca de 30 milh\u00f5es de euros e mant\u00e9m o foco\u00a0na\u00a0<strong>mobilidade e nos transportes<\/strong>, \u00e1rea em que a CIM Viseu D\u00e3o Laf\u00f5es tem investido de forma estruturada, com projetos como a rede intermunicipal de transportes p\u00fablicos Mobi Viseu D\u00e3o Laf\u00f5es e o servi\u00e7o de transporte flex\u00edvel Ir e Vir.<br>\u00a0<br>O Plano de Atividades contempla, igualmente, setores com impacto direto nos 14 munic\u00edpios da regi\u00e3o, abrangendo dom\u00ednios como prote\u00e7\u00e3o civil, educa\u00e7\u00e3o, a\u00e7\u00e3o social, ambiente, defesa da floresta, promo\u00e7\u00e3o tur\u00edstica, cultura, transforma\u00e7\u00e3o digital, intelig\u00eancia territorial e execu\u00e7\u00e3o de projetos financiados. A execu\u00e7\u00e3o da ITI, no \u00e2mbito do PT 2030, tamb\u00e9m est\u00e1 nas principais preocupa\u00e7\u00f5es da CIM para o pr\u00f3ximo ano.<br>\u00a0<br>A proposta de Or\u00e7amento e Plano de Atividades tinha sido aprovada, previamente, em reuni\u00e3o extraordin\u00e1ria do Conselho Intermunicipal, realizada no passado dia 28 de novembro.<br>\u00a0<br>Relativamente ao Or\u00e7amento e Plano de Atividades, o\u00a0<strong>Presidente da CIM Viseu D\u00e3o Laf\u00f5es<\/strong>,\u00a0<strong>Jo\u00e3o Azevedo,<\/strong>\u00a0considerou que\u00a0<em>\u201ceste documento responde \u00e0 necessidade de manter um trabalho s\u00f3lido e permanente, que permita aos munic\u00edpios atuar com mais efici\u00eancia e coordenar projetos decisivos para o territ\u00f3rio. Continuamos focados em garantir melhores servi\u00e7os, maior coes\u00e3o e resultados concretos para as popula\u00e7\u00f5es<\/em>.\u00a0<em>\u00c9 um or\u00e7amento que d\u00e1 continuidade e coloca a institui\u00e7\u00e3o preparada para novos desafios\u201d<\/em>.<br>\u00a0<br>Referiu, ainda, o\u00a0<strong>Presidente da CIM Viseu D\u00e3o Laf\u00f5es<\/strong>, relativamente \u00e0 elei\u00e7\u00e3o do Secret\u00e1rio Executivo, que\u00a0<em>&#8220;Nuno Martinho \u00e9 uma pessoa que tem uma longa experi\u00eancia na fun\u00e7\u00e3o, \u00e9 uma pessoa que nos d\u00e1 garantias de qualidade, de sucesso, de experi\u00eancia e de responsabilidade e de grande compet\u00eancia no cargo que vai representar&#8221;<\/em>.<br>\u00a0<br>No final da sess\u00e3o,\u00a0<strong>Nuno Martinho<\/strong>\u00a0agradeceu a confian\u00e7a renovada e destacou o compromisso com a regi\u00e3o:\u00a0<em>\u201c\u00c9 uma honra continuar a servir os 14 munic\u00edpios da CIM Viseu D\u00e3o Laf\u00f5es e a nossa regi\u00e3o. Nos pr\u00f3ximos 4 anos, manteremos o foco na execu\u00e7\u00e3o dos projetos estrat\u00e9gicos, nos mais variados dom\u00ednios de interven\u00e7\u00e3o, que sejam indutores de maior competitividade e coes\u00e3o para o nosso territ\u00f3rio. Continuaremos a trabalhar com rigor, proximidade e sentido de miss\u00e3o, envolvendo, sempre, o tecido institucional da regi\u00e3o, seja ele p\u00fablico ou privado, garantido a necess\u00e1ria alavancagem e complementaridade das interven\u00e7\u00f5es\u201d.<\/em><\/p>\n\n\n\n<p><strong>Sobre a CIM Viseu D\u00e3o Laf\u00f5es:<\/strong><br>A CIM Viseu D\u00e3o Laf\u00f5es \u00e9 uma associa\u00e7\u00e3o de munic\u00edpios, denominada como Comunidade Intermunicipal, sendo constitu\u00edda pelos munic\u00edpios de\u00a0Aguiar da Beira, Carregal do Sal, Castro Daire, Mangualde, Nelas, Oliveira de Frades, Penalva do Castelo, Santa Comba D\u00e3o, S\u00e3o Pedro do Sul, S\u00e1t\u00e3o, Tondela, Vila Nova de Paiva, Viseu e Vouzela.<\/p>\n","protected":false},"excerpt":{"rendered":"<p>Nuno Martinho\u00a0foi reeleito por maioria para o cargo de Primeiro Secret\u00e1rio Executivo Intermunicipal, na sess\u00e3o ordin\u00e1ria da Assembleia Intermunicipal da\u00a0Comunidade&#8230;<\/p>\n","protected":false},"author":7,"featured_media":14122,"comment_status":"closed","ping_status":"open","sticky":false,"template":"","format":"standard","meta":[],"categories":[67],"tags":[448,738,636],"yoast_head":"<!-- This site is optimized with the Yoast SEO plugin v20.12 - https:\/\/yoast.com\/wordpress\/plugins\/seo\/ -->\n<title>CIM Viseu D\u00e3o Laf\u00f5es reelege Nuno Martinho como Primeiro Secret\u00e1rio Executivo Intermunicipal e aprova Or\u00e7amento e Plano de Atividades para 2026 - Atelier do Caractere<\/title>\n<meta name=\"robots\" content=\"index, follow, max-snippet:-1, max-image-preview:large, max-video-preview:-1\" \/>\n<link rel=\"canonical\" href=\"https:\/\/www.atelierdocaractere.pt\/brevemente\/cim-viseu-dao-lafoes-reelege-nuno-martinho-como-primeiro-secretario-executivo-intermunicipal-e-aprova-orcamento-e-plano-de-atividades-para-2026\/\" \/>\n<meta property=\"og:locale\" content=\"pt_PT\" \/>\n<meta property=\"og:type\" content=\"article\" \/>\n<meta property=\"og:title\" content=\"CIM Viseu D\u00e3o Laf\u00f5es reelege Nuno Martinho como Primeiro Secret\u00e1rio Executivo Intermunicipal e aprova Or\u00e7amento e Plano de Atividades para 2026 - Atelier do Caractere\" \/>\n<meta property=\"og:description\" content=\"Nuno Martinho\u00a0foi reeleito por maioria para o cargo de Primeiro Secret\u00e1rio Executivo Intermunicipal, na sess\u00e3o ordin\u00e1ria da Assembleia Intermunicipal da\u00a0Comunidade...\" \/>\n<meta property=\"og:url\" content=\"https:\/\/www.atelierdocaractere.pt\/brevemente\/cim-viseu-dao-lafoes-reelege-nuno-martinho-como-primeiro-secretario-executivo-intermunicipal-e-aprova-orcamento-e-plano-de-atividades-para-2026\/\" \/>\n<meta property=\"og:site_name\" content=\"Atelier do Caractere\" \/>\n<meta property=\"article:publisher\" content=\"https:\/\/www.facebook.com\/AtelierdoCaractere\" \/>\n<meta property=\"article:published_time\" content=\"2025-12-16T10:49:36+00:00\" \/>\n<meta property=\"article:modified_time\" content=\"2025-12-17T10:55:02+00:00\" \/>\n<meta property=\"og:image\" content=\"https:\/\/www.atelierdocaractere.pt\/wp-content\/uploads\/2025\/12\/d9691b36-7add-901f-6a39-09887cd7ff89.jpg\" \/>\n\t<meta property=\"og:image:width\" content=\"1200\" \/>\n\t<meta property=\"og:image:height\" content=\"798\" \/>\n\t<meta property=\"og:image:type\" content=\"image\/jpeg\" \/>\n<meta name=\"author\" content=\"Joana Barbosa\" \/>\n<meta name=\"twitter:card\" content=\"summary_large_image\" \/>\n<meta name=\"twitter:label1\" content=\"Escrito por\" \/>\n\t<meta name=\"twitter:data1\" content=\"Joana Barbosa\" \/>\n\t<meta name=\"twitter:label2\" content=\"Tempo estimado de leitura\" \/>\n\t<meta name=\"twitter:data2\" content=\"4 minutos\" \/>\n<script type=\"application\/ld+json\" class=\"yoast-schema-graph\">{\"@context\":\"https:\/\/schema.org\",\"@graph\":[{\"@type\":\"WebPage\",\"@id\":\"https:\/\/www.atelierdocaractere.pt\/brevemente\/cim-viseu-dao-lafoes-reelege-nuno-martinho-como-primeiro-secretario-executivo-intermunicipal-e-aprova-orcamento-e-plano-de-atividades-para-2026\/\",\"url\":\"https:\/\/www.atelierdocaractere.pt\/brevemente\/cim-viseu-dao-lafoes-reelege-nuno-martinho-como-primeiro-secretario-executivo-intermunicipal-e-aprova-orcamento-e-plano-de-atividades-para-2026\/\",\"name\":\"CIM Viseu D\u00e3o Laf\u00f5es reelege Nuno Martinho como Primeiro Secret\u00e1rio Executivo Intermunicipal e aprova Or\u00e7amento e Plano de Atividades para 2026 - Atelier do Caractere\",\"isPartOf\":{\"@id\":\"https:\/\/www.atelierdocaractere.pt\/brevemente\/#website\"},\"datePublished\":\"2025-12-16T10:49:36+00:00\",\"dateModified\":\"2025-12-17T10:55:02+00:00\",\"author\":{\"@id\":\"https:\/\/www.atelierdocaractere.pt\/brevemente\/#\/schema\/person\/f2f096eb0f27d9894725af22cb97c0db\"},\"breadcrumb\":{\"@id\":\"https:\/\/www.atelierdocaractere.pt\/brevemente\/cim-viseu-dao-lafoes-reelege-nuno-martinho-como-primeiro-secretario-executivo-intermunicipal-e-aprova-orcamento-e-plano-de-atividades-para-2026\/#breadcrumb\"},\"inLanguage\":\"pt-PT\",\"potentialAction\":[{\"@type\":\"ReadAction\",\"target\":[\"https:\/\/www.atelierdocaractere.pt\/brevemente\/cim-viseu-dao-lafoes-reelege-nuno-martinho-como-primeiro-secretario-executivo-intermunicipal-e-aprova-orcamento-e-plano-de-atividades-para-2026\/\"]}]},{\"@type\":\"BreadcrumbList\",\"@id\":\"https:\/\/www.atelierdocaractere.pt\/brevemente\/cim-viseu-dao-lafoes-reelege-nuno-martinho-como-primeiro-secretario-executivo-intermunicipal-e-aprova-orcamento-e-plano-de-atividades-para-2026\/#breadcrumb\",\"itemListElement\":[{\"@type\":\"ListItem\",\"position\":1,\"name\":\"In\u00edcio\",\"item\":\"https:\/\/www.atelierdocaractere.pt\/brevemente\/\"},{\"@type\":\"ListItem\",\"position\":2,\"name\":\"CIM Viseu D\u00e3o Laf\u00f5es reelege Nuno Martinho como Primeiro Secret\u00e1rio Executivo Intermunicipal e aprova Or\u00e7amento e Plano de Atividades para 2026\"}]},{\"@type\":\"WebSite\",\"@id\":\"https:\/\/www.atelierdocaractere.pt\/brevemente\/#website\",\"url\":\"https:\/\/www.atelierdocaractere.pt\/brevemente\/\",\"name\":\"Atelier do Caractere\",\"description\":\"\",\"potentialAction\":[{\"@type\":\"SearchAction\",\"target\":{\"@type\":\"EntryPoint\",\"urlTemplate\":\"https:\/\/www.atelierdocaractere.pt\/brevemente\/?s={search_term_string}\"},\"query-input\":\"required name=search_term_string\"}],\"inLanguage\":\"pt-PT\"},{\"@type\":\"Person\",\"@id\":\"https:\/\/www.atelierdocaractere.pt\/brevemente\/#\/schema\/person\/f2f096eb0f27d9894725af22cb97c0db\",\"name\":\"Joana Barbosa\",\"image\":{\"@type\":\"ImageObject\",\"inLanguage\":\"pt-PT\",\"@id\":\"https:\/\/www.atelierdocaractere.pt\/brevemente\/#\/schema\/person\/image\/\",\"url\":\"https:\/\/secure.gravatar.com\/avatar\/33e8214b45e9d68a3a83008731075979?s=96&d=mm&r=g\",\"contentUrl\":\"https:\/\/secure.gravatar.com\/avatar\/33e8214b45e9d68a3a83008731075979?s=96&d=mm&r=g\",\"caption\":\"Joana Barbosa\"},\"url\":\"https:\/\/www.atelierdocaractere.pt\/brevemente\/author\/joanabarbosa\/\"}]}<\/script>\n<!-- \/ Yoast SEO plugin. -->","yoast_head_json":{"title":"CIM Viseu D\u00e3o Laf\u00f5es reelege Nuno Martinho como Primeiro Secret\u00e1rio Executivo Intermunicipal e aprova Or\u00e7amento e Plano de Atividades para 2026 - Atelier do Caractere","robots":{"index":"index","follow":"follow","max-snippet":"max-snippet:-1","max-image-preview":"max-image-preview:large","max-video-preview":"max-video-preview:-1"},"canonical":"https:\/\/www.atelierdocaractere.pt\/brevemente\/cim-viseu-dao-lafoes-reelege-nuno-martinho-como-primeiro-secretario-executivo-intermunicipal-e-aprova-orcamento-e-plano-de-atividades-para-2026\/","og_locale":"pt_PT","og_type":"article","og_title":"CIM Viseu D\u00e3o Laf\u00f5es reelege Nuno Martinho como Primeiro Secret\u00e1rio Executivo Intermunicipal e aprova Or\u00e7amento e Plano de Atividades para 2026 - Atelier do Caractere","og_description":"Nuno Martinho\u00a0foi reeleito por maioria para o cargo de Primeiro Secret\u00e1rio Executivo Intermunicipal, na sess\u00e3o ordin\u00e1ria da Assembleia Intermunicipal da\u00a0Comunidade...","og_url":"https:\/\/www.atelierdocaractere.pt\/brevemente\/cim-viseu-dao-lafoes-reelege-nuno-martinho-como-primeiro-secretario-executivo-intermunicipal-e-aprova-orcamento-e-plano-de-atividades-para-2026\/","og_site_name":"Atelier do Caractere","article_publisher":"https:\/\/www.facebook.com\/AtelierdoCaractere","article_published_time":"2025-12-16T10:49:36+00:00","article_modified_time":"2025-12-17T10:55:02+00:00","og_image":[{"width":1200,"height":798,"url":"https:\/\/www.atelierdocaractere.pt\/wp-content\/uploads\/2025\/12\/d9691b36-7add-901f-6a39-09887cd7ff89.jpg","type":"image\/jpeg"}],"author":"Joana Barbosa","twitter_card":"summary_large_image","twitter_misc":{"Escrito por":"Joana Barbosa","Tempo estimado de leitura":"4 minutos"},"schema":{"@context":"https:\/\/schema.org","@graph":[{"@type":"WebPage","@id":"https:\/\/www.atelierdocaractere.pt\/brevemente\/cim-viseu-dao-lafoes-reelege-nuno-martinho-como-primeiro-secretario-executivo-intermunicipal-e-aprova-orcamento-e-plano-de-atividades-para-2026\/","url":"https:\/\/www.atelierdocaractere.pt\/brevemente\/cim-viseu-dao-lafoes-reelege-nuno-martinho-como-primeiro-secretario-executivo-intermunicipal-e-aprova-orcamento-e-plano-de-atividades-para-2026\/","name":"CIM Viseu D\u00e3o Laf\u00f5es reelege Nuno Martinho como Primeiro Secret\u00e1rio Executivo Intermunicipal e aprova Or\u00e7amento e Plano de Atividades para 2026 - Atelier do Caractere","isPartOf":{"@id":"https:\/\/www.atelierdocaractere.pt\/brevemente\/#website"},"datePublished":"2025-12-16T10:49:36+00:00","dateModified":"2025-12-17T10:55:02+00:00","author":{"@id":"https:\/\/www.atelierdocaractere.pt\/brevemente\/#\/schema\/person\/f2f096eb0f27d9894725af22cb97c0db"},"breadcrumb":{"@id":"https:\/\/www.atelierdocaractere.pt\/brevemente\/cim-viseu-dao-lafoes-reelege-nuno-martinho-como-primeiro-secretario-executivo-intermunicipal-e-aprova-orcamento-e-plano-de-atividades-para-2026\/#breadcrumb"},"inLanguage":"pt-PT","potentialAction":[{"@type":"ReadAction","target":["https:\/\/www.atelierdocaractere.pt\/brevemente\/cim-viseu-dao-lafoes-reelege-nuno-martinho-como-primeiro-secretario-executivo-intermunicipal-e-aprova-orcamento-e-plano-de-atividades-para-2026\/"]}]},{"@type":"BreadcrumbList","@id":"https:\/\/www.atelierdocaractere.pt\/brevemente\/cim-viseu-dao-lafoes-reelege-nuno-martinho-como-primeiro-secretario-executivo-intermunicipal-e-aprova-orcamento-e-plano-de-atividades-para-2026\/#breadcrumb","itemListElement":[{"@type":"ListItem","position":1,"name":"In\u00edcio","item":"https:\/\/www.atelierdocaractere.pt\/brevemente\/"},{"@type":"ListItem","position":2,"name":"CIM Viseu D\u00e3o Laf\u00f5es reelege Nuno Martinho como Primeiro Secret\u00e1rio Executivo Intermunicipal e aprova Or\u00e7amento e Plano de Atividades para 2026"}]},{"@type":"WebSite","@id":"https:\/\/www.atelierdocaractere.pt\/brevemente\/#website","url":"https:\/\/www.atelierdocaractere.pt\/brevemente\/","name":"Atelier do Caractere","description":"","potentialAction":[{"@type":"SearchAction","target":{"@type":"EntryPoint","urlTemplate":"https:\/\/www.atelierdocaractere.pt\/brevemente\/?s={search_term_string}"},"query-input":"required name=search_term_string"}],"inLanguage":"pt-PT"},{"@type":"Person","@id":"https:\/\/www.atelierdocaractere.pt\/brevemente\/#\/schema\/person\/f2f096eb0f27d9894725af22cb97c0db","name":"Joana Barbosa","image":{"@type":"ImageObject","inLanguage":"pt-PT","@id":"https:\/\/www.atelierdocaractere.pt\/brevemente\/#\/schema\/person\/image\/","url":"https:\/\/secure.gravatar.com\/avatar\/33e8214b45e9d68a3a83008731075979?s=96&d=mm&r=g","contentUrl":"https:\/\/secure.gravatar.com\/avatar\/33e8214b45e9d68a3a83008731075979?s=96&d=mm&r=g","caption":"Joana Barbosa"},"url":"https:\/\/www.atelierdocaractere.pt\/brevemente\/author\/joanabarbosa\/"}]}},"_links":{"self":[{"href":"https:\/\/www.atelierdocaractere.pt\/brevemente\/wp-json\/wp\/v2\/posts\/14121"}],"collection":[{"href":"https:\/\/www.atelierdocaractere.pt\/brevemente\/wp-json\/wp\/v2\/posts"}],"about":[{"href":"https:\/\/www.atelierdocaractere.pt\/brevemente\/wp-json\/wp\/v2\/types\/post"}],"author":[{"embeddable":true,"href":"https:\/\/www.atelierdocaractere.pt\/brevemente\/wp-json\/wp\/v2\/users\/7"}],"replies":[{"embeddable":true,"href":"https:\/\/www.atelierdocaractere.pt\/brevemente\/wp-json\/wp\/v2\/comments?post=14121"}],"version-history":[{"count":1,"href":"https:\/\/www.atelierdocaractere.pt\/brevemente\/wp-json\/wp\/v2\/posts\/14121\/revisions"}],"predecessor-version":[{"id":14123,"href":"https:\/\/www.atelierdocaractere.pt\/brevemente\/wp-json\/wp\/v2\/posts\/14121\/revisions\/14123"}],"wp:featuredmedia":[{"embeddable":true,"href":"https:\/\/www.atelierdocaractere.pt\/brevemente\/wp-json\/wp\/v2\/media\/14122"}],"wp:attachment":[{"href":"https:\/\/www.atelierdocaractere.pt\/brevemente\/wp-json\/wp\/v2\/media?parent=14121"}],"wp:term":[{"taxonomy":"category","embeddable":true,"href":"https:\/\/www.atelierdocaractere.pt\/brevemente\/wp-json\/wp\/v2\/categories?post=14121"},{"taxonomy":"post_tag","embeddable":true,"href":"https:\/\/www.atelierdocaractere.pt\/brevemente\/wp-json\/wp\/v2\/tags?post=14121"}],"curies":[{"name":"wp","href":"https:\/\/api.w.org\/{rel}","templated":true}]}}