{"id":14129,"date":"2026-01-06T12:29:53","date_gmt":"2026-01-06T12:29:53","guid":{"rendered":"https:\/\/www.atelierdocaractere.pt\/brevemente\/?p=14129"},"modified":"2026-01-08T12:36:18","modified_gmt":"2026-01-08T12:36:18","slug":"antiga-escola-de-alhais-da-lugar-a-novo-espaco-de-coworking-em-vila-nova-de-paiva","status":"publish","type":"post","link":"https:\/\/www.atelierdocaractere.pt\/brevemente\/antiga-escola-de-alhais-da-lugar-a-novo-espaco-de-coworking-em-vila-nova-de-paiva\/","title":{"rendered":"Antiga escola de Alhais d\u00e1 lugar a novo espa\u00e7o de coworking em Vila Nova de Paiva"},"content":{"rendered":"\n<p><strong>Projeto da CIM Viseu D\u00e3o Laf\u00f5es, em parceria com o Munic\u00edpio de Vila Nova de Paiva, foi inaugurado esta ter\u00e7a-feira.<\/strong><\/p>\n\n\n\n<p>A antiga Escola Prim\u00e1ria de Alhais, em\u00a0<strong>Vila Nova de Paiva<\/strong>, ganhou uma nova vida com a inaugura\u00e7\u00e3o do\u00a0<strong>Espa\u00e7o Coworking de Vila Nova de Paiva<\/strong>, um projeto da\u00a0<strong>Comunidade Intermunicipal (CIM) Viseu D\u00e3o Laf\u00f5es<\/strong>, em parceria com o Munic\u00edpio.<br>\u00a0<br>A cerim\u00f3nia de inaugura\u00e7\u00e3o decorreu esta ter\u00e7a-feira, dia 6 de janeiro, e assinalou a conclus\u00e3o de uma interven\u00e7\u00e3o que transformou um edif\u00edcio que estava sem uso num espa\u00e7o moderno, funcional e preparado para responder \u00e0s novas formas de trabalho.<br>\u00a0<br>Entre outros, a sess\u00e3o contou com a presen\u00e7a do\u00a0<strong>Presidente da CIM Viseu D\u00e3o Laf\u00f5es<\/strong>,\u00a0<strong>Jo\u00e3o Azevedo<\/strong>, do\u00a0<strong>Presidente do Munic\u00edpio de Vila Nova de Paiva<\/strong>,\u00a0<strong>Paulo Marques<\/strong>,<strong>\u00a0e do Secret\u00e1rio Executivo da CIM Viseu D\u00e3o Laf\u00f5es<\/strong>,\u00a0<strong>Nuno Martinho<\/strong>, assim como de diversos Presidentes dos Munic\u00edpios da regi\u00e3o.<br>\u00a0<br>O novo espa\u00e7o de\u00a0<em>coworking<\/em>\u00a0foi concebido como uma incubadora flex\u00edvel, equipada com infraestruturas tecnol\u00f3gicas e ambientes de trabalho colaborativos. \u00c9 destinado a empres\u00e1rios, empreendedores,\u00a0<em>startups<\/em>, trabalhadores remotos e n\u00f3madas digitais que pretendam desenvolver a sua atividade profissional a partir de Vila Nova de Paiva.<br>\u00a0<br>O projeto resulta de uma candidatura conjunta ao Plano de Recupera\u00e7\u00e3o e Resili\u00eancia (PRR), no \u00e2mbito do Programa 6, dedicado \u00e0 promo\u00e7\u00e3o do teletrabalho, e representou um investimento de cerca de 133 mil euros.<br>\u00a0<br>Para\u00a0<strong>Jo\u00e3o Azevedo<\/strong>,\u00a0<strong>Presidente da CIM Viseu D\u00e3o Laf\u00f5es<\/strong>,\u00a0<em>\u201ceste espa\u00e7o de coworking \u00e9 um exemplo concreto da forma como podemos criar oportunidades no interior, valorizando os edif\u00edcios p\u00fablicos e colocando-os ao servi\u00e7o das pessoas e da economia local. O nosso objetivo \u00e9 que os territ\u00f3rios de Viseu D\u00e3o Laf\u00f5es sejam cada vez mais atrativos, capazes de acolher quem aqui vive e quem escolhe trabalhar a partir da nossa regi\u00e3o\u201d<\/em>.<br>\u00a0<br>Por sua vez,\u00a0<strong>Paulo Marques<\/strong>,\u00a0<strong>Presidente do Munic\u00edpio de Vila Nova de Paiva<\/strong>, destaca que\u00a0<em>\u201ccom o apoio da CIM, finalmente, temos o espa\u00e7o de cowork em Vila Nova de Paiva. N\u00f3s, aproveit\u00e1mos esta oportunidade, juntamente com a C\u00e2mara de Castro Daire, que tamb\u00e9m tem o seu espa\u00e7o de cowork para ser inaugurado. Como veem, \u00e9 um espa\u00e7o aberto a toda a comunidade, que esperemos que seja muito utilizado por todos e que seja um contributo \u00e0 atra\u00e7\u00e3o de empreendedores e de talento, muito importante para a competitividade do nosso territ\u00f3rio\u201d.<\/em><br>\u00a0<br><strong>Nuno Martinho<\/strong>,\u00a0<strong>Secret\u00e1rio Executivo da CIM<\/strong>, sublinha que\u00a0<em>&#8220;este projeto traduz uma vis\u00e3o estrat\u00e9gica de desenvolvimento territorial. Com esta inaugura\u00e7\u00e3o, Vila Nova de Paiva passa a integrar a rede de espa\u00e7os de coworking promovidos pela CIM Viseu D\u00e3o Laf\u00f5es. \u00c9 um refor\u00e7o da aposta conjunta da CIM e dos munic\u00edpios na inova\u00e7\u00e3o, na coes\u00e3o territorial, na cria\u00e7\u00e3o de oportunidades e na capta\u00e7\u00e3o e reten\u00e7\u00e3o de talento. Este projeto integra-se numa estrat\u00e9gia intermunicipal que estamos a trilhar, com v\u00e1rias iniciativas de efici\u00eancia coletiva, que junta, tamb\u00e9m, as Associa\u00e7\u00f5es empresariais e o sistema cientifico e tecnol\u00f3gico&#8221;<\/em>.<\/p>\n\n\n\n<p><strong>Sobre a CIM Viseu D\u00e3o Laf\u00f5es:<\/strong><br>A CIM Viseu D\u00e3o Laf\u00f5es \u00e9 uma associa\u00e7\u00e3o de munic\u00edpios, denominada como Comunidade Intermunicipal, sendo constitu\u00edda pelos munic\u00edpios de\u00a0Aguiar da Beira, Carregal do Sal, Castro Daire, Mangualde, Nelas, Oliveira de Frades, Penalva do Castelo, Santa Comba D\u00e3o, S\u00e3o Pedro do Sul, S\u00e1t\u00e3o, Tondela, Vila Nova de Paiva, Viseu e Vouzela.<\/p>\n","protected":false},"excerpt":{"rendered":"<p>Projeto da CIM Viseu D\u00e3o Laf\u00f5es, em parceria com o Munic\u00edpio de Vila Nova de Paiva, foi inaugurado esta ter\u00e7a-feira&#8230;.<\/p>\n","protected":false},"author":7,"featured_media":14130,"comment_status":"closed","ping_status":"open","sticky":false,"template":"","format":"standard","meta":[],"categories":[67],"tags":[448,738,792,922],"yoast_head":"<!-- This site is optimized with the Yoast SEO plugin v20.12 - https:\/\/yoast.com\/wordpress\/plugins\/seo\/ -->\n<title>Antiga escola de Alhais d\u00e1 lugar a novo espa\u00e7o de coworking em Vila Nova de Paiva - Atelier do Caractere<\/title>\n<meta name=\"robots\" content=\"index, follow, max-snippet:-1, max-image-preview:large, max-video-preview:-1\" \/>\n<link rel=\"canonical\" href=\"https:\/\/www.atelierdocaractere.pt\/brevemente\/antiga-escola-de-alhais-da-lugar-a-novo-espaco-de-coworking-em-vila-nova-de-paiva\/\" \/>\n<meta property=\"og:locale\" content=\"pt_PT\" \/>\n<meta property=\"og:type\" content=\"article\" \/>\n<meta property=\"og:title\" content=\"Antiga escola de Alhais d\u00e1 lugar a novo espa\u00e7o de coworking em Vila Nova de Paiva - Atelier do Caractere\" \/>\n<meta property=\"og:description\" content=\"Projeto da CIM Viseu D\u00e3o Laf\u00f5es, em parceria com o Munic\u00edpio de Vila Nova de Paiva, foi inaugurado esta ter\u00e7a-feira....\" \/>\n<meta property=\"og:url\" content=\"https:\/\/www.atelierdocaractere.pt\/brevemente\/antiga-escola-de-alhais-da-lugar-a-novo-espaco-de-coworking-em-vila-nova-de-paiva\/\" \/>\n<meta property=\"og:site_name\" content=\"Atelier do Caractere\" \/>\n<meta property=\"article:publisher\" content=\"https:\/\/www.facebook.com\/AtelierdoCaractere\" \/>\n<meta property=\"article:published_time\" content=\"2026-01-06T12:29:53+00:00\" \/>\n<meta property=\"article:modified_time\" content=\"2026-01-08T12:36:18+00:00\" \/>\n<meta property=\"og:image\" content=\"https:\/\/www.atelierdocaractere.pt\/wp-content\/uploads\/2026\/01\/c5052569-83ed-68cd-c7f3-21d694986cd1.jpeg\" \/>\n\t<meta property=\"og:image:width\" content=\"1200\" \/>\n\t<meta property=\"og:image:height\" content=\"800\" \/>\n\t<meta property=\"og:image:type\" content=\"image\/jpeg\" \/>\n<meta name=\"author\" content=\"Joana Barbosa\" \/>\n<meta name=\"twitter:card\" content=\"summary_large_image\" \/>\n<meta name=\"twitter:label1\" content=\"Escrito por\" \/>\n\t<meta name=\"twitter:data1\" content=\"Joana Barbosa\" \/>\n\t<meta name=\"twitter:label2\" content=\"Tempo estimado de leitura\" \/>\n\t<meta name=\"twitter:data2\" content=\"3 minutos\" \/>\n<script type=\"application\/ld+json\" class=\"yoast-schema-graph\">{\"@context\":\"https:\/\/schema.org\",\"@graph\":[{\"@type\":\"WebPage\",\"@id\":\"https:\/\/www.atelierdocaractere.pt\/brevemente\/antiga-escola-de-alhais-da-lugar-a-novo-espaco-de-coworking-em-vila-nova-de-paiva\/\",\"url\":\"https:\/\/www.atelierdocaractere.pt\/brevemente\/antiga-escola-de-alhais-da-lugar-a-novo-espaco-de-coworking-em-vila-nova-de-paiva\/\",\"name\":\"Antiga escola de Alhais d\u00e1 lugar a novo espa\u00e7o de coworking em Vila Nova de Paiva - Atelier do Caractere\",\"isPartOf\":{\"@id\":\"https:\/\/www.atelierdocaractere.pt\/brevemente\/#website\"},\"datePublished\":\"2026-01-06T12:29:53+00:00\",\"dateModified\":\"2026-01-08T12:36:18+00:00\",\"author\":{\"@id\":\"https:\/\/www.atelierdocaractere.pt\/brevemente\/#\/schema\/person\/f2f096eb0f27d9894725af22cb97c0db\"},\"breadcrumb\":{\"@id\":\"https:\/\/www.atelierdocaractere.pt\/brevemente\/antiga-escola-de-alhais-da-lugar-a-novo-espaco-de-coworking-em-vila-nova-de-paiva\/#breadcrumb\"},\"inLanguage\":\"pt-PT\",\"potentialAction\":[{\"@type\":\"ReadAction\",\"target\":[\"https:\/\/www.atelierdocaractere.pt\/brevemente\/antiga-escola-de-alhais-da-lugar-a-novo-espaco-de-coworking-em-vila-nova-de-paiva\/\"]}]},{\"@type\":\"BreadcrumbList\",\"@id\":\"https:\/\/www.atelierdocaractere.pt\/brevemente\/antiga-escola-de-alhais-da-lugar-a-novo-espaco-de-coworking-em-vila-nova-de-paiva\/#breadcrumb\",\"itemListElement\":[{\"@type\":\"ListItem\",\"position\":1,\"name\":\"In\u00edcio\",\"item\":\"https:\/\/www.atelierdocaractere.pt\/brevemente\/\"},{\"@type\":\"ListItem\",\"position\":2,\"name\":\"Antiga escola de Alhais d\u00e1 lugar a novo espa\u00e7o de coworking em Vila Nova de Paiva\"}]},{\"@type\":\"WebSite\",\"@id\":\"https:\/\/www.atelierdocaractere.pt\/brevemente\/#website\",\"url\":\"https:\/\/www.atelierdocaractere.pt\/brevemente\/\",\"name\":\"Atelier do Caractere\",\"description\":\"\",\"potentialAction\":[{\"@type\":\"SearchAction\",\"target\":{\"@type\":\"EntryPoint\",\"urlTemplate\":\"https:\/\/www.atelierdocaractere.pt\/brevemente\/?s={search_term_string}\"},\"query-input\":\"required name=search_term_string\"}],\"inLanguage\":\"pt-PT\"},{\"@type\":\"Person\",\"@id\":\"https:\/\/www.atelierdocaractere.pt\/brevemente\/#\/schema\/person\/f2f096eb0f27d9894725af22cb97c0db\",\"name\":\"Joana Barbosa\",\"image\":{\"@type\":\"ImageObject\",\"inLanguage\":\"pt-PT\",\"@id\":\"https:\/\/www.atelierdocaractere.pt\/brevemente\/#\/schema\/person\/image\/\",\"url\":\"https:\/\/secure.gravatar.com\/avatar\/33e8214b45e9d68a3a83008731075979?s=96&d=mm&r=g\",\"contentUrl\":\"https:\/\/secure.gravatar.com\/avatar\/33e8214b45e9d68a3a83008731075979?s=96&d=mm&r=g\",\"caption\":\"Joana Barbosa\"},\"url\":\"https:\/\/www.atelierdocaractere.pt\/brevemente\/author\/joanabarbosa\/\"}]}<\/script>\n<!-- \/ Yoast SEO plugin. -->","yoast_head_json":{"title":"Antiga escola de Alhais d\u00e1 lugar a novo espa\u00e7o de coworking em Vila Nova de Paiva - Atelier do Caractere","robots":{"index":"index","follow":"follow","max-snippet":"max-snippet:-1","max-image-preview":"max-image-preview:large","max-video-preview":"max-video-preview:-1"},"canonical":"https:\/\/www.atelierdocaractere.pt\/brevemente\/antiga-escola-de-alhais-da-lugar-a-novo-espaco-de-coworking-em-vila-nova-de-paiva\/","og_locale":"pt_PT","og_type":"article","og_title":"Antiga escola de Alhais d\u00e1 lugar a novo espa\u00e7o de coworking em Vila Nova de Paiva - Atelier do Caractere","og_description":"Projeto da CIM Viseu D\u00e3o Laf\u00f5es, em parceria com o Munic\u00edpio de Vila Nova de Paiva, foi inaugurado esta ter\u00e7a-feira....","og_url":"https:\/\/www.atelierdocaractere.pt\/brevemente\/antiga-escola-de-alhais-da-lugar-a-novo-espaco-de-coworking-em-vila-nova-de-paiva\/","og_site_name":"Atelier do Caractere","article_publisher":"https:\/\/www.facebook.com\/AtelierdoCaractere","article_published_time":"2026-01-06T12:29:53+00:00","article_modified_time":"2026-01-08T12:36:18+00:00","og_image":[{"width":1200,"height":800,"url":"https:\/\/www.atelierdocaractere.pt\/wp-content\/uploads\/2026\/01\/c5052569-83ed-68cd-c7f3-21d694986cd1.jpeg","type":"image\/jpeg"}],"author":"Joana Barbosa","twitter_card":"summary_large_image","twitter_misc":{"Escrito por":"Joana Barbosa","Tempo estimado de leitura":"3 minutos"},"schema":{"@context":"https:\/\/schema.org","@graph":[{"@type":"WebPage","@id":"https:\/\/www.atelierdocaractere.pt\/brevemente\/antiga-escola-de-alhais-da-lugar-a-novo-espaco-de-coworking-em-vila-nova-de-paiva\/","url":"https:\/\/www.atelierdocaractere.pt\/brevemente\/antiga-escola-de-alhais-da-lugar-a-novo-espaco-de-coworking-em-vila-nova-de-paiva\/","name":"Antiga escola de Alhais d\u00e1 lugar a novo espa\u00e7o de coworking em Vila Nova de Paiva - Atelier do Caractere","isPartOf":{"@id":"https:\/\/www.atelierdocaractere.pt\/brevemente\/#website"},"datePublished":"2026-01-06T12:29:53+00:00","dateModified":"2026-01-08T12:36:18+00:00","author":{"@id":"https:\/\/www.atelierdocaractere.pt\/brevemente\/#\/schema\/person\/f2f096eb0f27d9894725af22cb97c0db"},"breadcrumb":{"@id":"https:\/\/www.atelierdocaractere.pt\/brevemente\/antiga-escola-de-alhais-da-lugar-a-novo-espaco-de-coworking-em-vila-nova-de-paiva\/#breadcrumb"},"inLanguage":"pt-PT","potentialAction":[{"@type":"ReadAction","target":["https:\/\/www.atelierdocaractere.pt\/brevemente\/antiga-escola-de-alhais-da-lugar-a-novo-espaco-de-coworking-em-vila-nova-de-paiva\/"]}]},{"@type":"BreadcrumbList","@id":"https:\/\/www.atelierdocaractere.pt\/brevemente\/antiga-escola-de-alhais-da-lugar-a-novo-espaco-de-coworking-em-vila-nova-de-paiva\/#breadcrumb","itemListElement":[{"@type":"ListItem","position":1,"name":"In\u00edcio","item":"https:\/\/www.atelierdocaractere.pt\/brevemente\/"},{"@type":"ListItem","position":2,"name":"Antiga escola de Alhais d\u00e1 lugar a novo espa\u00e7o de coworking em Vila Nova de Paiva"}]},{"@type":"WebSite","@id":"https:\/\/www.atelierdocaractere.pt\/brevemente\/#website","url":"https:\/\/www.atelierdocaractere.pt\/brevemente\/","name":"Atelier do Caractere","description":"","potentialAction":[{"@type":"SearchAction","target":{"@type":"EntryPoint","urlTemplate":"https:\/\/www.atelierdocaractere.pt\/brevemente\/?s={search_term_string}"},"query-input":"required name=search_term_string"}],"inLanguage":"pt-PT"},{"@type":"Person","@id":"https:\/\/www.atelierdocaractere.pt\/brevemente\/#\/schema\/person\/f2f096eb0f27d9894725af22cb97c0db","name":"Joana Barbosa","image":{"@type":"ImageObject","inLanguage":"pt-PT","@id":"https:\/\/www.atelierdocaractere.pt\/brevemente\/#\/schema\/person\/image\/","url":"https:\/\/secure.gravatar.com\/avatar\/33e8214b45e9d68a3a83008731075979?s=96&d=mm&r=g","contentUrl":"https:\/\/secure.gravatar.com\/avatar\/33e8214b45e9d68a3a83008731075979?s=96&d=mm&r=g","caption":"Joana Barbosa"},"url":"https:\/\/www.atelierdocaractere.pt\/brevemente\/author\/joanabarbosa\/"}]}},"_links":{"self":[{"href":"https:\/\/www.atelierdocaractere.pt\/brevemente\/wp-json\/wp\/v2\/posts\/14129"}],"collection":[{"href":"https:\/\/www.atelierdocaractere.pt\/brevemente\/wp-json\/wp\/v2\/posts"}],"about":[{"href":"https:\/\/www.atelierdocaractere.pt\/brevemente\/wp-json\/wp\/v2\/types\/post"}],"author":[{"embeddable":true,"href":"https:\/\/www.atelierdocaractere.pt\/brevemente\/wp-json\/wp\/v2\/users\/7"}],"replies":[{"embeddable":true,"href":"https:\/\/www.atelierdocaractere.pt\/brevemente\/wp-json\/wp\/v2\/comments?post=14129"}],"version-history":[{"count":1,"href":"https:\/\/www.atelierdocaractere.pt\/brevemente\/wp-json\/wp\/v2\/posts\/14129\/revisions"}],"predecessor-version":[{"id":14131,"href":"https:\/\/www.atelierdocaractere.pt\/brevemente\/wp-json\/wp\/v2\/posts\/14129\/revisions\/14131"}],"wp:featuredmedia":[{"embeddable":true,"href":"https:\/\/www.atelierdocaractere.pt\/brevemente\/wp-json\/wp\/v2\/media\/14130"}],"wp:attachment":[{"href":"https:\/\/www.atelierdocaractere.pt\/brevemente\/wp-json\/wp\/v2\/media?parent=14129"}],"wp:term":[{"taxonomy":"category","embeddable":true,"href":"https:\/\/www.atelierdocaractere.pt\/brevemente\/wp-json\/wp\/v2\/categories?post=14129"},{"taxonomy":"post_tag","embeddable":true,"href":"https:\/\/www.atelierdocaractere.pt\/brevemente\/wp-json\/wp\/v2\/tags?post=14129"}],"curies":[{"name":"wp","href":"https:\/\/api.w.org\/{rel}","templated":true}]}}