{"id":14138,"date":"2026-01-13T11:40:48","date_gmt":"2026-01-13T11:40:48","guid":{"rendered":"https:\/\/www.atelierdocaractere.pt\/brevemente\/?p=14138"},"modified":"2026-01-13T11:40:53","modified_gmt":"2026-01-13T11:40:53","slug":"liga-portugal-e-wisem-estrearam-canal-whatsapp-como-centro-da-experiencia-do-adepto-na-final-four","status":"publish","type":"post","link":"https:\/\/www.atelierdocaractere.pt\/brevemente\/liga-portugal-e-wisem-estrearam-canal-whatsapp-como-centro-da-experiencia-do-adepto-na-final-four\/","title":{"rendered":"Liga Portugal e Wisem estrearam canal WhatsApp como centro da experi\u00eancia do adepto na Final Four"},"content":{"rendered":"\n<ul>\n<li><strong>Tecnologia portuguesa in\u00e9dita colocou o WhatsApp como canal \u00fanico para servi\u00e7os, estat\u00edsticas em tempo real e pedidos de restaura\u00e7\u00e3o no Est\u00e1dio Dr. Magalh\u00e3es Pessoa, em Leiria.<\/strong><\/li>\n\n\n\n<li><strong>Adeptos j\u00e1 pediram comida e bebidas via WhatsApp (solu\u00e7\u00e3o WatzEat) para evitar filas.<\/strong><\/li>\n<\/ul>\n\n\n\n<p>A Liga Portugal posicionou-se na linha da frente da inova\u00e7\u00e3o desportiva ao estrear, na edi\u00e7\u00e3o deste ano da Final Four Allianz Cup, uma plataforma oficial integrada de WhatsApp, desenvolvida em parceria com a tecnol\u00f3gica portuguesa&nbsp;<a href=\"https:\/\/wisem.app\/\">Wisem<\/a>. No fundo, num \u00fanico canal, passou a estar concentrada toda a jornada digital do adepto \u2013 antes, durante e ap\u00f3s o jogo.<\/p>\n\n\n\n<p>O canal estreou na meia-final disputada na \u00faltima quarta-feira e mant\u00e9m-se ativo na final agendada para as 20h00 deste s\u00e1bado, refor\u00e7ando o compromisso da Liga Portugal com uma experi\u00eancia mais fluida, acess\u00edvel e digital.<\/p>\n\n\n\n<p>Um projeto que rompe com as barreiras tradicionais da tecnologia, ao utilizar o WhatsApp \u2014 ferramenta usada por mais de 2 mil milh\u00f5es de pessoas em todo o mundo \u2014 para centralizar servi\u00e7os, sem que o adepto tenha de instalar aplica\u00e7\u00f5es adicionais ou navegar em sistemas complexos.<\/p>\n\n\n\n<p><strong>Uma experi\u00eancia 360\u2070 na palma da m\u00e3o<\/strong><\/p>\n\n\n\n<p>Atrav\u00e9s do n\u00famero oficial +351 965 759 841, os adeptos passaram a ter acesso a um ecossistema completo de servi\u00e7os, entre os quais:<\/p>\n\n\n\n<ul>\n<li>Guia do adepto digital: informa\u00e7\u00f5es essenciais sobre o evento.<\/li>\n\n\n\n<li>Mobilidade personalizada: indica\u00e7\u00f5es de acesso e estacionamento com base no bilhete, porta de entrada ou origem do adepto.<\/li>\n\n\n\n<li>Meeting points: localiza\u00e7\u00e3o das zonas de anima\u00e7\u00e3o e entretenimento dedicadas a cada equipa.<\/li>\n\n\n\n<li>Dados em tempo real: acesso imediato a onzes iniciais, equipas de arbitragem, decis\u00f5es do VAR e estat\u00edsticas oficiais.<\/li>\n\n\n\n<li>Apoio direto: canal de esclarecimento de d\u00favidas sobre bilhetes e servi\u00e7os.<\/li>\n<\/ul>\n\n\n\n<p><strong>WatzEat: o fim das filas nos est\u00e1dios<\/strong><\/p>\n\n\n\n<p>Uma das maiores inova\u00e7\u00f5es integradas na plataforma foi a solu\u00e7\u00e3o WatzEat, desenvolvida pela Wisem. Esta funcionalidade permitiu aos adeptos consultar o menu, fazer pedidos de comida e bebidas e efetuar o pagamento digital diretamente pelo WhatsApp, a partir da bancada ou a caminho do est\u00e1dio.<\/p>\n\n\n\n<p>No momento pretendido, o levantamento foi feito em filas exclusivas \u201cWhatsApp\u201d, garantindo maior rapidez e eliminando o tempo de espera convencional nos bares.<\/p>\n\n\n\n<p>Para os operadores de restaura\u00e7\u00e3o, a tecnologia traduziu-se numa maior efici\u00eancia operacional, redu\u00e7\u00e3o de aglomerados nos pontos de venda e num potencial aumento de fatura\u00e7\u00e3o atrav\u00e9s da antecipa\u00e7\u00e3o de pedidos.<\/p>\n\n\n\n<p><strong>Tecnologia portuguesa com vis\u00e3o global<\/strong><\/p>\n\n\n\n<p>A&nbsp;<a href=\"https:\/\/wisem.app\/\">Wisem<\/a>, parceira tecnol\u00f3gica da Liga Portugal nesta opera\u00e7\u00e3o, consolidou a sua posi\u00e7\u00e3o como especialista em interfaces operacionais via WhatsApp. A empresa conta j\u00e1 com solu\u00e7\u00f5es ativas em \u00e1reas como mobilidade \u2013 presente em mais de 15 cidades portuguesas \u2013 recursos humanos, com\u00e9rcio online e avia\u00e7\u00e3o.<\/p>\n\n\n\n<p>A estreia na Final Four Allianz Cup representa apenas o ponto de partida de uma solu\u00e7\u00e3o com uma forte perspetiva de continuidade. A ambi\u00e7\u00e3o passa por fazer evoluir esta plataforma para que se consolide como um dos meios de contacto mais diretos e privilegiados entre o adepto e o futebol profissional, abrindo caminho para futuras din\u00e2micas de intera\u00e7\u00e3o, como inqu\u00e9ritos de satisfa\u00e7\u00e3o ou ativa\u00e7\u00f5es exclusivas de marca.<\/p>\n\n\n\n<p>Os adeptos podem interagir com a plataforma enviando uma mensagem para o n\u00famero: +351 965 759 841<\/p>\n\n\n\n<p>O acesso \u00e9 tamb\u00e9m promovido atrav\u00e9s de QR Codes espalhados pelo est\u00e1dio, bem como no site oficial e nas redes sociais da Liga Portugal.<\/p>\n","protected":false},"excerpt":{"rendered":"<p>A Liga Portugal posicionou-se na linha da frente da inova\u00e7\u00e3o desportiva ao estrear, na edi\u00e7\u00e3o deste ano da Final Four&#8230;<\/p>\n","protected":false},"author":7,"featured_media":14139,"comment_status":"closed","ping_status":"open","sticky":false,"template":"","format":"standard","meta":[],"categories":[34],"tags":[1093,1090,1092,1091],"yoast_head":"<!-- This site is optimized with the Yoast SEO plugin v20.12 - https:\/\/yoast.com\/wordpress\/plugins\/seo\/ -->\n<title>Liga Portugal e Wisem estrearam canal WhatsApp como centro da experi\u00eancia do adepto na Final Four - Atelier do Caractere<\/title>\n<meta name=\"robots\" content=\"index, follow, max-snippet:-1, max-image-preview:large, max-video-preview:-1\" \/>\n<link rel=\"canonical\" href=\"https:\/\/www.atelierdocaractere.pt\/brevemente\/liga-portugal-e-wisem-estrearam-canal-whatsapp-como-centro-da-experiencia-do-adepto-na-final-four\/\" \/>\n<meta property=\"og:locale\" content=\"pt_PT\" \/>\n<meta property=\"og:type\" content=\"article\" \/>\n<meta property=\"og:title\" content=\"Liga Portugal e Wisem estrearam canal WhatsApp como centro da experi\u00eancia do adepto na Final Four - Atelier do Caractere\" \/>\n<meta property=\"og:description\" content=\"A Liga Portugal posicionou-se na linha da frente da inova\u00e7\u00e3o desportiva ao estrear, na edi\u00e7\u00e3o deste ano da Final Four...\" \/>\n<meta property=\"og:url\" content=\"https:\/\/www.atelierdocaractere.pt\/brevemente\/liga-portugal-e-wisem-estrearam-canal-whatsapp-como-centro-da-experiencia-do-adepto-na-final-four\/\" \/>\n<meta property=\"og:site_name\" content=\"Atelier do Caractere\" \/>\n<meta property=\"article:publisher\" content=\"https:\/\/www.facebook.com\/AtelierdoCaractere\" \/>\n<meta property=\"article:published_time\" content=\"2026-01-13T11:40:48+00:00\" \/>\n<meta property=\"article:modified_time\" content=\"2026-01-13T11:40:53+00:00\" \/>\n<meta property=\"og:image\" content=\"https:\/\/www.atelierdocaractere.pt\/wp-content\/uploads\/2026\/01\/thumbnail-image011.png\" \/>\n\t<meta property=\"og:image:width\" content=\"786\" \/>\n\t<meta property=\"og:image:height\" content=\"143\" \/>\n\t<meta property=\"og:image:type\" content=\"image\/png\" \/>\n<meta name=\"author\" content=\"Joana Barbosa\" \/>\n<meta name=\"twitter:card\" content=\"summary_large_image\" \/>\n<meta name=\"twitter:label1\" content=\"Escrito por\" \/>\n\t<meta name=\"twitter:data1\" content=\"Joana Barbosa\" \/>\n\t<meta name=\"twitter:label2\" content=\"Tempo estimado de leitura\" \/>\n\t<meta name=\"twitter:data2\" content=\"3 minutos\" \/>\n<script type=\"application\/ld+json\" class=\"yoast-schema-graph\">{\"@context\":\"https:\/\/schema.org\",\"@graph\":[{\"@type\":\"WebPage\",\"@id\":\"https:\/\/www.atelierdocaractere.pt\/brevemente\/liga-portugal-e-wisem-estrearam-canal-whatsapp-como-centro-da-experiencia-do-adepto-na-final-four\/\",\"url\":\"https:\/\/www.atelierdocaractere.pt\/brevemente\/liga-portugal-e-wisem-estrearam-canal-whatsapp-como-centro-da-experiencia-do-adepto-na-final-four\/\",\"name\":\"Liga Portugal e Wisem estrearam canal WhatsApp como centro da experi\u00eancia do adepto na Final Four - Atelier do Caractere\",\"isPartOf\":{\"@id\":\"https:\/\/www.atelierdocaractere.pt\/brevemente\/#website\"},\"datePublished\":\"2026-01-13T11:40:48+00:00\",\"dateModified\":\"2026-01-13T11:40:53+00:00\",\"author\":{\"@id\":\"https:\/\/www.atelierdocaractere.pt\/brevemente\/#\/schema\/person\/f2f096eb0f27d9894725af22cb97c0db\"},\"breadcrumb\":{\"@id\":\"https:\/\/www.atelierdocaractere.pt\/brevemente\/liga-portugal-e-wisem-estrearam-canal-whatsapp-como-centro-da-experiencia-do-adepto-na-final-four\/#breadcrumb\"},\"inLanguage\":\"pt-PT\",\"potentialAction\":[{\"@type\":\"ReadAction\",\"target\":[\"https:\/\/www.atelierdocaractere.pt\/brevemente\/liga-portugal-e-wisem-estrearam-canal-whatsapp-como-centro-da-experiencia-do-adepto-na-final-four\/\"]}]},{\"@type\":\"BreadcrumbList\",\"@id\":\"https:\/\/www.atelierdocaractere.pt\/brevemente\/liga-portugal-e-wisem-estrearam-canal-whatsapp-como-centro-da-experiencia-do-adepto-na-final-four\/#breadcrumb\",\"itemListElement\":[{\"@type\":\"ListItem\",\"position\":1,\"name\":\"In\u00edcio\",\"item\":\"https:\/\/www.atelierdocaractere.pt\/brevemente\/\"},{\"@type\":\"ListItem\",\"position\":2,\"name\":\"Liga Portugal e Wisem estrearam canal WhatsApp como centro da experi\u00eancia do adepto na Final Four\"}]},{\"@type\":\"WebSite\",\"@id\":\"https:\/\/www.atelierdocaractere.pt\/brevemente\/#website\",\"url\":\"https:\/\/www.atelierdocaractere.pt\/brevemente\/\",\"name\":\"Atelier do Caractere\",\"description\":\"\",\"potentialAction\":[{\"@type\":\"SearchAction\",\"target\":{\"@type\":\"EntryPoint\",\"urlTemplate\":\"https:\/\/www.atelierdocaractere.pt\/brevemente\/?s={search_term_string}\"},\"query-input\":\"required name=search_term_string\"}],\"inLanguage\":\"pt-PT\"},{\"@type\":\"Person\",\"@id\":\"https:\/\/www.atelierdocaractere.pt\/brevemente\/#\/schema\/person\/f2f096eb0f27d9894725af22cb97c0db\",\"name\":\"Joana Barbosa\",\"image\":{\"@type\":\"ImageObject\",\"inLanguage\":\"pt-PT\",\"@id\":\"https:\/\/www.atelierdocaractere.pt\/brevemente\/#\/schema\/person\/image\/\",\"url\":\"https:\/\/secure.gravatar.com\/avatar\/33e8214b45e9d68a3a83008731075979?s=96&d=mm&r=g\",\"contentUrl\":\"https:\/\/secure.gravatar.com\/avatar\/33e8214b45e9d68a3a83008731075979?s=96&d=mm&r=g\",\"caption\":\"Joana Barbosa\"},\"url\":\"https:\/\/www.atelierdocaractere.pt\/brevemente\/author\/joanabarbosa\/\"}]}<\/script>\n<!-- \/ Yoast SEO plugin. -->","yoast_head_json":{"title":"Liga Portugal e Wisem estrearam canal WhatsApp como centro da experi\u00eancia do adepto na Final Four - Atelier do Caractere","robots":{"index":"index","follow":"follow","max-snippet":"max-snippet:-1","max-image-preview":"max-image-preview:large","max-video-preview":"max-video-preview:-1"},"canonical":"https:\/\/www.atelierdocaractere.pt\/brevemente\/liga-portugal-e-wisem-estrearam-canal-whatsapp-como-centro-da-experiencia-do-adepto-na-final-four\/","og_locale":"pt_PT","og_type":"article","og_title":"Liga Portugal e Wisem estrearam canal WhatsApp como centro da experi\u00eancia do adepto na Final Four - Atelier do Caractere","og_description":"A Liga Portugal posicionou-se na linha da frente da inova\u00e7\u00e3o desportiva ao estrear, na edi\u00e7\u00e3o deste ano da Final Four...","og_url":"https:\/\/www.atelierdocaractere.pt\/brevemente\/liga-portugal-e-wisem-estrearam-canal-whatsapp-como-centro-da-experiencia-do-adepto-na-final-four\/","og_site_name":"Atelier do Caractere","article_publisher":"https:\/\/www.facebook.com\/AtelierdoCaractere","article_published_time":"2026-01-13T11:40:48+00:00","article_modified_time":"2026-01-13T11:40:53+00:00","og_image":[{"width":786,"height":143,"url":"https:\/\/www.atelierdocaractere.pt\/wp-content\/uploads\/2026\/01\/thumbnail-image011.png","type":"image\/png"}],"author":"Joana Barbosa","twitter_card":"summary_large_image","twitter_misc":{"Escrito por":"Joana Barbosa","Tempo estimado de leitura":"3 minutos"},"schema":{"@context":"https:\/\/schema.org","@graph":[{"@type":"WebPage","@id":"https:\/\/www.atelierdocaractere.pt\/brevemente\/liga-portugal-e-wisem-estrearam-canal-whatsapp-como-centro-da-experiencia-do-adepto-na-final-four\/","url":"https:\/\/www.atelierdocaractere.pt\/brevemente\/liga-portugal-e-wisem-estrearam-canal-whatsapp-como-centro-da-experiencia-do-adepto-na-final-four\/","name":"Liga Portugal e Wisem estrearam canal WhatsApp como centro da experi\u00eancia do adepto na Final Four - Atelier do Caractere","isPartOf":{"@id":"https:\/\/www.atelierdocaractere.pt\/brevemente\/#website"},"datePublished":"2026-01-13T11:40:48+00:00","dateModified":"2026-01-13T11:40:53+00:00","author":{"@id":"https:\/\/www.atelierdocaractere.pt\/brevemente\/#\/schema\/person\/f2f096eb0f27d9894725af22cb97c0db"},"breadcrumb":{"@id":"https:\/\/www.atelierdocaractere.pt\/brevemente\/liga-portugal-e-wisem-estrearam-canal-whatsapp-como-centro-da-experiencia-do-adepto-na-final-four\/#breadcrumb"},"inLanguage":"pt-PT","potentialAction":[{"@type":"ReadAction","target":["https:\/\/www.atelierdocaractere.pt\/brevemente\/liga-portugal-e-wisem-estrearam-canal-whatsapp-como-centro-da-experiencia-do-adepto-na-final-four\/"]}]},{"@type":"BreadcrumbList","@id":"https:\/\/www.atelierdocaractere.pt\/brevemente\/liga-portugal-e-wisem-estrearam-canal-whatsapp-como-centro-da-experiencia-do-adepto-na-final-four\/#breadcrumb","itemListElement":[{"@type":"ListItem","position":1,"name":"In\u00edcio","item":"https:\/\/www.atelierdocaractere.pt\/brevemente\/"},{"@type":"ListItem","position":2,"name":"Liga Portugal e Wisem estrearam canal WhatsApp como centro da experi\u00eancia do adepto na Final Four"}]},{"@type":"WebSite","@id":"https:\/\/www.atelierdocaractere.pt\/brevemente\/#website","url":"https:\/\/www.atelierdocaractere.pt\/brevemente\/","name":"Atelier do Caractere","description":"","potentialAction":[{"@type":"SearchAction","target":{"@type":"EntryPoint","urlTemplate":"https:\/\/www.atelierdocaractere.pt\/brevemente\/?s={search_term_string}"},"query-input":"required name=search_term_string"}],"inLanguage":"pt-PT"},{"@type":"Person","@id":"https:\/\/www.atelierdocaractere.pt\/brevemente\/#\/schema\/person\/f2f096eb0f27d9894725af22cb97c0db","name":"Joana Barbosa","image":{"@type":"ImageObject","inLanguage":"pt-PT","@id":"https:\/\/www.atelierdocaractere.pt\/brevemente\/#\/schema\/person\/image\/","url":"https:\/\/secure.gravatar.com\/avatar\/33e8214b45e9d68a3a83008731075979?s=96&d=mm&r=g","contentUrl":"https:\/\/secure.gravatar.com\/avatar\/33e8214b45e9d68a3a83008731075979?s=96&d=mm&r=g","caption":"Joana Barbosa"},"url":"https:\/\/www.atelierdocaractere.pt\/brevemente\/author\/joanabarbosa\/"}]}},"_links":{"self":[{"href":"https:\/\/www.atelierdocaractere.pt\/brevemente\/wp-json\/wp\/v2\/posts\/14138"}],"collection":[{"href":"https:\/\/www.atelierdocaractere.pt\/brevemente\/wp-json\/wp\/v2\/posts"}],"about":[{"href":"https:\/\/www.atelierdocaractere.pt\/brevemente\/wp-json\/wp\/v2\/types\/post"}],"author":[{"embeddable":true,"href":"https:\/\/www.atelierdocaractere.pt\/brevemente\/wp-json\/wp\/v2\/users\/7"}],"replies":[{"embeddable":true,"href":"https:\/\/www.atelierdocaractere.pt\/brevemente\/wp-json\/wp\/v2\/comments?post=14138"}],"version-history":[{"count":1,"href":"https:\/\/www.atelierdocaractere.pt\/brevemente\/wp-json\/wp\/v2\/posts\/14138\/revisions"}],"predecessor-version":[{"id":14140,"href":"https:\/\/www.atelierdocaractere.pt\/brevemente\/wp-json\/wp\/v2\/posts\/14138\/revisions\/14140"}],"wp:featuredmedia":[{"embeddable":true,"href":"https:\/\/www.atelierdocaractere.pt\/brevemente\/wp-json\/wp\/v2\/media\/14139"}],"wp:attachment":[{"href":"https:\/\/www.atelierdocaractere.pt\/brevemente\/wp-json\/wp\/v2\/media?parent=14138"}],"wp:term":[{"taxonomy":"category","embeddable":true,"href":"https:\/\/www.atelierdocaractere.pt\/brevemente\/wp-json\/wp\/v2\/categories?post=14138"},{"taxonomy":"post_tag","embeddable":true,"href":"https:\/\/www.atelierdocaractere.pt\/brevemente\/wp-json\/wp\/v2\/tags?post=14138"}],"curies":[{"name":"wp","href":"https:\/\/api.w.org\/{rel}","templated":true}]}}