{"id":14143,"date":"2026-01-19T10:48:07","date_gmt":"2026-01-19T10:48:07","guid":{"rendered":"https:\/\/www.atelierdocaractere.pt\/brevemente\/?p=14143"},"modified":"2026-01-20T11:05:10","modified_gmt":"2026-01-20T11:05:10","slug":"viseu-dao-lafoes-reforca-aposta-no-seu-principal-mercado-internacional-com-presenca-na-fitur-madrid","status":"publish","type":"post","link":"https:\/\/www.atelierdocaractere.pt\/brevemente\/viseu-dao-lafoes-reforca-aposta-no-seu-principal-mercado-internacional-com-presenca-na-fitur-madrid\/","title":{"rendered":"Viseu D\u00e3o Laf\u00f5es refor\u00e7a aposta no seu principal mercado internacional com presen\u00e7a na FITUR Madrid"},"content":{"rendered":"\n<ul>\n<li>Regi\u00e3o participa pelo terceiro ano consecutivo na Feira Internacional de Turismo com stand pr\u00f3prio e aposta refor\u00e7ada na natureza, gastronomia e vinhos e na sa\u00fade e bem-estar.<\/li>\n\n\n\n<li>Mercado espanhol \u00e9 o mais importante para o territ\u00f3rio, representando um quarto dos visitantes estrangeiros.<\/li>\n<\/ul>\n\n\n<div class=\"wp-block-image\">\n<figure class=\"aligncenter size-large\"><img decoding=\"async\" width=\"796\" height=\"1024\" src=\"https:\/\/www.atelierdocaractere.pt\/wp-content\/uploads\/2026\/01\/d7b839c4-896c-9fea-15e8-82e2c302085e-796x1024.jpg\" alt=\"\" class=\"wp-image-14145\" srcset=\"https:\/\/www.atelierdocaractere.pt\/wp-content\/uploads\/2026\/01\/d7b839c4-896c-9fea-15e8-82e2c302085e-796x1024.jpg 796w, https:\/\/www.atelierdocaractere.pt\/wp-content\/uploads\/2026\/01\/d7b839c4-896c-9fea-15e8-82e2c302085e-233x300.jpg 233w, https:\/\/www.atelierdocaractere.pt\/wp-content\/uploads\/2026\/01\/d7b839c4-896c-9fea-15e8-82e2c302085e-768x988.jpg 768w, https:\/\/www.atelierdocaractere.pt\/wp-content\/uploads\/2026\/01\/d7b839c4-896c-9fea-15e8-82e2c302085e.jpg 933w\" sizes=\"(max-width: 796px) 100vw, 796px\" \/><\/figure><\/div>\n\n\n<p>A&nbsp;<strong>Comunidade Intermunicipal (CIM) Viseu D\u00e3o Laf\u00f5es<\/strong>&nbsp;vai marcar presen\u00e7a na&nbsp;<strong>FITUR \u2013 Feira Internacional de Turismo<\/strong>, em Madrid, pelo terceiro ano consecutivo. Entre 21 e 25 de janeiro, a CIM participa com um stand pr\u00f3prio, que refor\u00e7a a afirma\u00e7\u00e3o do territ\u00f3rio junto do seu principal mercado emissor de turistas internacionais.<\/p>\n\n\n\n<p>O stand da CIM Viseu D\u00e3o Laf\u00f5es foi concebido para transmitir uma liga\u00e7\u00e3o pr\u00f3xima \u00e0 natureza, \u00e0 paisagem e \u00e0 identidade do territ\u00f3rio. A op\u00e7\u00e3o est\u00e9tica e conceptual reflete o posicionamento da regi\u00e3o enquanto destino sustent\u00e1vel, aut\u00eantico e orientado para as experi\u00eancias de qualidade que se podem desfrutar em Viseu D\u00e3o Laf\u00f5es.<\/p>\n\n\n\n<p><strong>Um programa rico e diversificado<\/strong><\/p>\n\n\n\n<p>Ao longo dos cinco dias do certame, o stand acolhe um programa diversificado, que cruza promo\u00e7\u00e3o institucional, contacto direto com profissionais do setor do turismo e experi\u00eancias sensoriais para os visitantes.<\/p>\n\n\n\n<p>A inaugura\u00e7\u00e3o oficial do stand, \u00e0s 15h00 do dia 21 de janeiro, contar\u00e1 com a presen\u00e7a do&nbsp;<strong>Secret\u00e1rio de Estado do Turismo, Pedro Machado<\/strong>, o que real\u00e7a a import\u00e2ncia institucional desta participa\u00e7\u00e3o e o reconhecimento da estrat\u00e9gia de promo\u00e7\u00e3o tur\u00edstica desenvolvida pela CIM.<\/p>\n\n\n\n<p>Os munic\u00edpios de Viseu D\u00e3o Laf\u00f5es estar\u00e3o representados em todos os dias da programa\u00e7\u00e3o, com apresenta\u00e7\u00f5es dedicadas \u00e0 sua&nbsp;<strong>oferta tur\u00edstica, gastronomia, eventos e experi\u00eancias<\/strong>, evidenciando a diversidade e complementaridade do territ\u00f3rio numa l\u00f3gica de promo\u00e7\u00e3o integrada.<\/p>\n\n\n\n<p>A CIM Viseu D\u00e3o Laf\u00f5es dinamiza v\u00e1rias&nbsp;<strong>iniciativas pr\u00f3prias<\/strong>, que incluem momentos de degusta\u00e7\u00e3o dos sabores da regi\u00e3o e a apresenta\u00e7\u00e3o da oferta tur\u00edstica, bem como projetos estrat\u00e9gicos como o AgroTour, o GreenSPAS e a Rota de Megalitismo, que evidenciam a liga\u00e7\u00e3o entre turismo, territ\u00f3rio, sustentabilidade e bem-estar.<\/p>\n\n\n\n<p>O&nbsp;<strong>Vinho do D\u00e3o<\/strong>&nbsp;assume um papel central na estrat\u00e9gia do stand, com um conjunto de provas comentadas promovidas pela Comiss\u00e3o Vitivin\u00edcola Regional do D\u00e3o. Entre os momentos em destaque est\u00e3o as sess\u00f5es dedicadas \u00e0 Touriga Nacional \u2013 \u201cA Rainha do D\u00e3o\u201d, ao Encruzado \u2013 \u201cA Joia Branca do D\u00e3o\u201d, aos Tintos do D\u00e3o \u2013 \u201cO Sabor da Tradi\u00e7\u00e3o\u201d, e ainda \u00e0 eleg\u00e2ncia dos Brancos do D\u00e3o.<\/p>\n\n\n\n<p>O programa integra ainda apresenta\u00e7\u00f5es de entidades parceiras, como a Associa\u00e7\u00e3o Europeia de Vias Verdes, com uma sess\u00e3o dedicada \u00e0s&nbsp;<strong>Ecopistas do D\u00e3o e do Vouga<\/strong>&nbsp;enquanto exemplo de turismo ativo em estado puro, a Inova Termas, com a apresenta\u00e7\u00e3o \u201cTermas Centro de Portugal: A Origem do Bem-Estar\u201d, e a Inovcluster \u2013 Provere Queijos Centro de Portugal, que promove a Rota Tur\u00edstica e Gastron\u00f3mica dos Queijos do Centro de Portugal.<\/p>\n\n\n\n<p>O termalismo ter\u00e1 tamb\u00e9m forte destaque ao longo da feira, com a presen\u00e7a das&nbsp;<strong>Termas de S\u00e3o Pedro do Sul<\/strong>, que levam \u00e0 FITUR uma experi\u00eancia direta de bem-estar, e da apresenta\u00e7\u00e3o de produtos dermocosm\u00e9ticos, refor\u00e7ando o posicionamento de Viseu D\u00e3o Laf\u00f5es como destino de sa\u00fade e bem-estar.<\/p>\n\n\n\n<p>Tamb\u00e9m no stand da regi\u00e3o Viseu D\u00e3o Laf\u00f5es, v\u00e3o passar operadores tur\u00edsticos da regi\u00e3o que v\u00e3o apresentar as suas ofertas tur\u00edsticas.&nbsp;&nbsp;<\/p>\n\n\n\n<p>O stand da CIM Viseu D\u00e3o Laf\u00f5es&nbsp;na FITUR est\u00e1 localizado no Pavilh\u00e3o 4, na \u00e1rea reservada a Portugal (Visit Portugal).&nbsp;&nbsp;<\/p>\n\n\n\n<p><strong>Mercado espanhol \u00e9 o mais importante para Viseu D\u00e3o Laf\u00f5es<\/strong><\/p>\n\n\n\n<p>A participa\u00e7\u00e3o de Viseu D\u00e3o Laf\u00f5es na FITUR est\u00e1 alinhada com a estrat\u00e9gia de promo\u00e7\u00e3o internacional da CIM, que tem como um dos principais objetivos aumentar a notoriedade e a procura tur\u00edstica da regi\u00e3o, em particular junto do mercado espanhol, o maior mercado emissor estrangeiro de turistas para o territ\u00f3rio.<\/p>\n\n\n\n<p>Em 2024,&nbsp;<strong>os cidad\u00e3os espanh\u00f3is representaram 4,78% do total dos h\u00f3spedes registados na regi\u00e3o, correspondendo a um quarto (25,69%) do total de h\u00f3spedes estrangeiros<\/strong>, confirmando o pa\u00eds vizinho como o mercado externo mais relevante para Viseu D\u00e3o Laf\u00f5es.<\/p>\n\n\n\n<p>Os dados mais recentes disponibilizados pelo Instituto Nacional de Estat\u00edstica (INE) evidenciam igualmente um&nbsp;<strong>crescimento sustentado da atividade tur\u00edstica<\/strong>&nbsp;em Viseu D\u00e3o Laf\u00f5es. Entre janeiro e novembro de 2025, a regi\u00e3o registou 611.961 dormidas nos estabelecimentos de alojamento tur\u00edstico, mais 3,18% do que no per\u00edodo hom\u00f3logo de 2024 \u2013 um crescimento superior \u00e0 m\u00e9dia nacional, que no mesmo per\u00edodo se fixou em 2,13%.<\/p>\n\n\n\n<p>No mesmo intervalo temporal, o n\u00famero de h\u00f3spedes tamb\u00e9m aumentou de forma expressiva, passando de 323.507 em 2024 para 337.104 em 2025, o que representa um crescimento de 4,20%, novamente acima da m\u00e9dia nacional, que se situou nos 2,88%.<\/p>\n\n\n\n<p>No&nbsp;<strong>indicador das receitas<\/strong>, particularmente relevante para os empres\u00e1rios do setor, os proveitos totais nos estabelecimentos de alojamento tur\u00edstico de Viseu D\u00e3o Laf\u00f5es atingiram os 38,9 milh\u00f5es de euros em 2024, um aumento de 21,4% face a 2023, enquanto a m\u00e9dia nacional cresceu 10,9% no mesmo per\u00edodo. Os dados relativos a 2025 neste indicador ainda n\u00e3o se encontram dispon\u00edveis.<\/p>\n\n\n\n<p>De notar ainda que, entre 2023 e 2024, a oferta tur\u00edstica da regi\u00e3o aumentou de 6.665 para 6.897 camas dispon\u00edveis nos estabelecimentos de alojamento tur\u00edstico. A taxa l\u00edquida de ocupa\u00e7\u00e3o por cama situou-se, em 2024, nos 26,8%, acima dos 24,9% registados em 2023.<\/p>\n\n\n\n<p>A estadia m\u00e9dia dos h\u00f3spedes, com valores de 1,8 noites em 2024, reflete a atratividade da regi\u00e3o para o turismo de proximidade, importante no contexto do mercado ib\u00e9rico.<\/p>\n\n\n\n<p><strong>\u201cPresen\u00e7a na FITUR \u00e9 pe\u00e7a-chave para consolidar crescimento\u201d<\/strong><\/p>\n\n\n\n<p>Para&nbsp;<strong>Jo\u00e3o Azevedo<\/strong>,&nbsp;<strong>Presidente da CIM Viseu D\u00e3o Laf\u00f5es<\/strong>,&nbsp;<em>\u201ca presen\u00e7a da CIM na FITUR, pelo terceiro ano consecutivo, traduz a consist\u00eancia da nossa estrat\u00e9gia de promo\u00e7\u00e3o tur\u00edstica e a aposta clara no mercado espanhol, que \u00e9 priorit\u00e1rio para o territ\u00f3rio. Regressamos com um stand pr\u00f3prio e com uma proposta integrada, que valoriza os nossos principais ativos \u2013 natureza, vinho, patrim\u00f3nio e bem-estar \u2013 e afirma Viseu D\u00e3o Laf\u00f5es como um destino sustent\u00e1vel, aut\u00eantico e competitivo no contexto ib\u00e9rico\u201d<\/em>.<\/p>\n\n\n\n<p><em>\u201cOs resultados da atividade tur\u00edstica na regi\u00e3o, superiores \u00e0 m\u00e9dia nacional, demonstram que a estrat\u00e9gia de promo\u00e7\u00e3o do territ\u00f3rio est\u00e1 a produzir efeitos concretos. A presen\u00e7a na FITUR \u00e9 uma pe\u00e7a-chave para consolidar este crescimento e refor\u00e7ar a capta\u00e7\u00e3o de novos fluxos tur\u00edsticos, em especial do mercado espanhol\u201d<\/em>, acrescenta.<\/p>\n\n\n\n<p><strong>Nuno Martinho<\/strong>,&nbsp;<strong>Secret\u00e1rio Executivo da CIM<\/strong>, sublinha o car\u00e1cter experiencial da participa\u00e7\u00e3o:&nbsp;<em>\u201cA FITUR \u00e9 uma oportunidade para criar proximidade com os p\u00fablicos e gerar liga\u00e7\u00e3o ao territ\u00f3rio de Viseu D\u00e3o Laf\u00f5es. O programa que apresentamos aposta em experi\u00eancias concretas, das provas de vinho ao termalismo, da gastronomia ao patrim\u00f3nio, e reflete uma estrat\u00e9gia de promo\u00e7\u00e3o coerente, focada na qualidade, na diferencia\u00e7\u00e3o e na valoriza\u00e7\u00e3o do territ\u00f3rio como destino tur\u00edstico de refer\u00eancia. Estou convicto de que esta presen\u00e7a na FITUR contribuir\u00e1 para refor\u00e7ar ainda mais a notoriedade da regi\u00e3o no mercado espanhol\u201d<\/em>.<\/p>\n\n\n\n<p><strong>A maior feira ib\u00e9rica de turismo<\/strong><\/p>\n\n\n\n<p>A&nbsp;<strong>FITUR \u2013 Feira Internacional de Turismo<\/strong>&nbsp;decorre de 21 a 25 de janeiro, no recinto de feiras e exposi\u00e7\u00f5es IFEMA MADRID. \u00c9 o evento l\u00edder para os mercados ibero-americanos e uma refer\u00eancia global para o setor tur\u00edstico, reunindo uma ampla diversidade de propostas. A edi\u00e7\u00e3o de 2026 contar\u00e1 com representa\u00e7\u00f5es de 156 pa\u00edses, estimando-se a presen\u00e7a de&nbsp;<strong>mais de 255.000 participantes<\/strong>, entre 155.000 profissionais do setor e 100.000 visitantes do p\u00fablico em geral.<\/p>\n\n\n\n<p>De 21 a 23 de janeiro, a feira \u00e9 exclusiva a profissionais e convidados, entre as 10h00 e as 19h00. O p\u00fablico em geral pode visitar a feira no dia 24, at\u00e9 \u00e0s 20h00, e no dia 25, at\u00e9 \u00e0s 18h00.<\/p>\n\n\n\n<p><strong>Sobre a CIM Viseu D\u00e3o Laf\u00f5es:<\/strong><br>A CIM Viseu D\u00e3o Laf\u00f5es \u00e9 uma associa\u00e7\u00e3o de munic\u00edpios, denominada como Comunidade Intermunicipal, sendo constitu\u00edda pelos munic\u00edpios de\u00a0Aguiar da Beira, Carregal do Sal, Castro Daire, Mangualde, Nelas, Oliveira de Frades, Penalva do Castelo, Santa Comba D\u00e3o, S\u00e3o Pedro do Sul, S\u00e1t\u00e3o, Tondela, Vila Nova de Paiva, Viseu e Vouzela.<\/p>\n","protected":false},"excerpt":{"rendered":"<p>A&nbsp;Comunidade Intermunicipal (CIM) Viseu D\u00e3o Laf\u00f5es&nbsp;vai marcar presen\u00e7a na&nbsp;FITUR \u2013 Feira Internacional de Turismo, em Madrid, pelo terceiro ano consecutivo&#8230;.<\/p>\n","protected":false},"author":7,"featured_media":14144,"comment_status":"closed","ping_status":"open","sticky":false,"template":"","format":"standard","meta":[],"categories":[33],"tags":[448,738,373,1094,349],"yoast_head":"<!-- This site is optimized with the Yoast SEO plugin v20.12 - https:\/\/yoast.com\/wordpress\/plugins\/seo\/ -->\n<title>Viseu D\u00e3o Laf\u00f5es refor\u00e7a aposta no seu principal mercado internacional com presen\u00e7a na FITUR Madrid - Atelier do Caractere<\/title>\n<meta name=\"robots\" content=\"index, follow, max-snippet:-1, max-image-preview:large, max-video-preview:-1\" \/>\n<link rel=\"canonical\" href=\"https:\/\/www.atelierdocaractere.pt\/brevemente\/viseu-dao-lafoes-reforca-aposta-no-seu-principal-mercado-internacional-com-presenca-na-fitur-madrid\/\" \/>\n<meta property=\"og:locale\" content=\"pt_PT\" \/>\n<meta property=\"og:type\" content=\"article\" \/>\n<meta property=\"og:title\" content=\"Viseu D\u00e3o Laf\u00f5es refor\u00e7a aposta no seu principal mercado internacional com presen\u00e7a na FITUR Madrid - Atelier do Caractere\" \/>\n<meta property=\"og:description\" content=\"A&nbsp;Comunidade Intermunicipal (CIM) Viseu D\u00e3o Laf\u00f5es&nbsp;vai marcar presen\u00e7a na&nbsp;FITUR \u2013 Feira Internacional de Turismo, em Madrid, pelo terceiro ano consecutivo....\" \/>\n<meta property=\"og:url\" content=\"https:\/\/www.atelierdocaractere.pt\/brevemente\/viseu-dao-lafoes-reforca-aposta-no-seu-principal-mercado-internacional-com-presenca-na-fitur-madrid\/\" \/>\n<meta property=\"og:site_name\" content=\"Atelier do Caractere\" \/>\n<meta property=\"article:publisher\" content=\"https:\/\/www.facebook.com\/AtelierdoCaractere\" \/>\n<meta property=\"article:published_time\" content=\"2026-01-19T10:48:07+00:00\" \/>\n<meta property=\"article:modified_time\" content=\"2026-01-20T11:05:10+00:00\" \/>\n<meta property=\"og:image\" content=\"https:\/\/www.atelierdocaractere.pt\/wp-content\/uploads\/2026\/01\/d7b839c4-896c-9fea-15e8-82e2c302085ei.jpg\" \/>\n\t<meta property=\"og:image:width\" content=\"933\" \/>\n\t<meta property=\"og:image:height\" content=\"746\" \/>\n\t<meta property=\"og:image:type\" content=\"image\/jpeg\" \/>\n<meta name=\"author\" content=\"Joana Barbosa\" \/>\n<meta name=\"twitter:card\" content=\"summary_large_image\" \/>\n<meta name=\"twitter:label1\" content=\"Escrito por\" \/>\n\t<meta name=\"twitter:data1\" content=\"Joana Barbosa\" \/>\n\t<meta name=\"twitter:label2\" content=\"Tempo estimado de leitura\" \/>\n\t<meta name=\"twitter:data2\" content=\"8 minutos\" \/>\n<script type=\"application\/ld+json\" class=\"yoast-schema-graph\">{\"@context\":\"https:\/\/schema.org\",\"@graph\":[{\"@type\":\"WebPage\",\"@id\":\"https:\/\/www.atelierdocaractere.pt\/brevemente\/viseu-dao-lafoes-reforca-aposta-no-seu-principal-mercado-internacional-com-presenca-na-fitur-madrid\/\",\"url\":\"https:\/\/www.atelierdocaractere.pt\/brevemente\/viseu-dao-lafoes-reforca-aposta-no-seu-principal-mercado-internacional-com-presenca-na-fitur-madrid\/\",\"name\":\"Viseu D\u00e3o Laf\u00f5es refor\u00e7a aposta no seu principal mercado internacional com presen\u00e7a na FITUR Madrid - Atelier do Caractere\",\"isPartOf\":{\"@id\":\"https:\/\/www.atelierdocaractere.pt\/brevemente\/#website\"},\"datePublished\":\"2026-01-19T10:48:07+00:00\",\"dateModified\":\"2026-01-20T11:05:10+00:00\",\"author\":{\"@id\":\"https:\/\/www.atelierdocaractere.pt\/brevemente\/#\/schema\/person\/f2f096eb0f27d9894725af22cb97c0db\"},\"breadcrumb\":{\"@id\":\"https:\/\/www.atelierdocaractere.pt\/brevemente\/viseu-dao-lafoes-reforca-aposta-no-seu-principal-mercado-internacional-com-presenca-na-fitur-madrid\/#breadcrumb\"},\"inLanguage\":\"pt-PT\",\"potentialAction\":[{\"@type\":\"ReadAction\",\"target\":[\"https:\/\/www.atelierdocaractere.pt\/brevemente\/viseu-dao-lafoes-reforca-aposta-no-seu-principal-mercado-internacional-com-presenca-na-fitur-madrid\/\"]}]},{\"@type\":\"BreadcrumbList\",\"@id\":\"https:\/\/www.atelierdocaractere.pt\/brevemente\/viseu-dao-lafoes-reforca-aposta-no-seu-principal-mercado-internacional-com-presenca-na-fitur-madrid\/#breadcrumb\",\"itemListElement\":[{\"@type\":\"ListItem\",\"position\":1,\"name\":\"In\u00edcio\",\"item\":\"https:\/\/www.atelierdocaractere.pt\/brevemente\/\"},{\"@type\":\"ListItem\",\"position\":2,\"name\":\"Viseu D\u00e3o Laf\u00f5es refor\u00e7a aposta no seu principal mercado internacional com presen\u00e7a na FITUR Madrid\"}]},{\"@type\":\"WebSite\",\"@id\":\"https:\/\/www.atelierdocaractere.pt\/brevemente\/#website\",\"url\":\"https:\/\/www.atelierdocaractere.pt\/brevemente\/\",\"name\":\"Atelier do Caractere\",\"description\":\"\",\"potentialAction\":[{\"@type\":\"SearchAction\",\"target\":{\"@type\":\"EntryPoint\",\"urlTemplate\":\"https:\/\/www.atelierdocaractere.pt\/brevemente\/?s={search_term_string}\"},\"query-input\":\"required name=search_term_string\"}],\"inLanguage\":\"pt-PT\"},{\"@type\":\"Person\",\"@id\":\"https:\/\/www.atelierdocaractere.pt\/brevemente\/#\/schema\/person\/f2f096eb0f27d9894725af22cb97c0db\",\"name\":\"Joana Barbosa\",\"image\":{\"@type\":\"ImageObject\",\"inLanguage\":\"pt-PT\",\"@id\":\"https:\/\/www.atelierdocaractere.pt\/brevemente\/#\/schema\/person\/image\/\",\"url\":\"https:\/\/secure.gravatar.com\/avatar\/33e8214b45e9d68a3a83008731075979?s=96&d=mm&r=g\",\"contentUrl\":\"https:\/\/secure.gravatar.com\/avatar\/33e8214b45e9d68a3a83008731075979?s=96&d=mm&r=g\",\"caption\":\"Joana Barbosa\"},\"url\":\"https:\/\/www.atelierdocaractere.pt\/brevemente\/author\/joanabarbosa\/\"}]}<\/script>\n<!-- \/ Yoast SEO plugin. -->","yoast_head_json":{"title":"Viseu D\u00e3o Laf\u00f5es refor\u00e7a aposta no seu principal mercado internacional com presen\u00e7a na FITUR Madrid - Atelier do Caractere","robots":{"index":"index","follow":"follow","max-snippet":"max-snippet:-1","max-image-preview":"max-image-preview:large","max-video-preview":"max-video-preview:-1"},"canonical":"https:\/\/www.atelierdocaractere.pt\/brevemente\/viseu-dao-lafoes-reforca-aposta-no-seu-principal-mercado-internacional-com-presenca-na-fitur-madrid\/","og_locale":"pt_PT","og_type":"article","og_title":"Viseu D\u00e3o Laf\u00f5es refor\u00e7a aposta no seu principal mercado internacional com presen\u00e7a na FITUR Madrid - Atelier do Caractere","og_description":"A&nbsp;Comunidade Intermunicipal (CIM) Viseu D\u00e3o Laf\u00f5es&nbsp;vai marcar presen\u00e7a na&nbsp;FITUR \u2013 Feira Internacional de Turismo, em Madrid, pelo terceiro ano consecutivo....","og_url":"https:\/\/www.atelierdocaractere.pt\/brevemente\/viseu-dao-lafoes-reforca-aposta-no-seu-principal-mercado-internacional-com-presenca-na-fitur-madrid\/","og_site_name":"Atelier do Caractere","article_publisher":"https:\/\/www.facebook.com\/AtelierdoCaractere","article_published_time":"2026-01-19T10:48:07+00:00","article_modified_time":"2026-01-20T11:05:10+00:00","og_image":[{"width":933,"height":746,"url":"https:\/\/www.atelierdocaractere.pt\/wp-content\/uploads\/2026\/01\/d7b839c4-896c-9fea-15e8-82e2c302085ei.jpg","type":"image\/jpeg"}],"author":"Joana Barbosa","twitter_card":"summary_large_image","twitter_misc":{"Escrito por":"Joana Barbosa","Tempo estimado de leitura":"8 minutos"},"schema":{"@context":"https:\/\/schema.org","@graph":[{"@type":"WebPage","@id":"https:\/\/www.atelierdocaractere.pt\/brevemente\/viseu-dao-lafoes-reforca-aposta-no-seu-principal-mercado-internacional-com-presenca-na-fitur-madrid\/","url":"https:\/\/www.atelierdocaractere.pt\/brevemente\/viseu-dao-lafoes-reforca-aposta-no-seu-principal-mercado-internacional-com-presenca-na-fitur-madrid\/","name":"Viseu D\u00e3o Laf\u00f5es refor\u00e7a aposta no seu principal mercado internacional com presen\u00e7a na FITUR Madrid - Atelier do Caractere","isPartOf":{"@id":"https:\/\/www.atelierdocaractere.pt\/brevemente\/#website"},"datePublished":"2026-01-19T10:48:07+00:00","dateModified":"2026-01-20T11:05:10+00:00","author":{"@id":"https:\/\/www.atelierdocaractere.pt\/brevemente\/#\/schema\/person\/f2f096eb0f27d9894725af22cb97c0db"},"breadcrumb":{"@id":"https:\/\/www.atelierdocaractere.pt\/brevemente\/viseu-dao-lafoes-reforca-aposta-no-seu-principal-mercado-internacional-com-presenca-na-fitur-madrid\/#breadcrumb"},"inLanguage":"pt-PT","potentialAction":[{"@type":"ReadAction","target":["https:\/\/www.atelierdocaractere.pt\/brevemente\/viseu-dao-lafoes-reforca-aposta-no-seu-principal-mercado-internacional-com-presenca-na-fitur-madrid\/"]}]},{"@type":"BreadcrumbList","@id":"https:\/\/www.atelierdocaractere.pt\/brevemente\/viseu-dao-lafoes-reforca-aposta-no-seu-principal-mercado-internacional-com-presenca-na-fitur-madrid\/#breadcrumb","itemListElement":[{"@type":"ListItem","position":1,"name":"In\u00edcio","item":"https:\/\/www.atelierdocaractere.pt\/brevemente\/"},{"@type":"ListItem","position":2,"name":"Viseu D\u00e3o Laf\u00f5es refor\u00e7a aposta no seu principal mercado internacional com presen\u00e7a na FITUR Madrid"}]},{"@type":"WebSite","@id":"https:\/\/www.atelierdocaractere.pt\/brevemente\/#website","url":"https:\/\/www.atelierdocaractere.pt\/brevemente\/","name":"Atelier do Caractere","description":"","potentialAction":[{"@type":"SearchAction","target":{"@type":"EntryPoint","urlTemplate":"https:\/\/www.atelierdocaractere.pt\/brevemente\/?s={search_term_string}"},"query-input":"required name=search_term_string"}],"inLanguage":"pt-PT"},{"@type":"Person","@id":"https:\/\/www.atelierdocaractere.pt\/brevemente\/#\/schema\/person\/f2f096eb0f27d9894725af22cb97c0db","name":"Joana Barbosa","image":{"@type":"ImageObject","inLanguage":"pt-PT","@id":"https:\/\/www.atelierdocaractere.pt\/brevemente\/#\/schema\/person\/image\/","url":"https:\/\/secure.gravatar.com\/avatar\/33e8214b45e9d68a3a83008731075979?s=96&d=mm&r=g","contentUrl":"https:\/\/secure.gravatar.com\/avatar\/33e8214b45e9d68a3a83008731075979?s=96&d=mm&r=g","caption":"Joana Barbosa"},"url":"https:\/\/www.atelierdocaractere.pt\/brevemente\/author\/joanabarbosa\/"}]}},"_links":{"self":[{"href":"https:\/\/www.atelierdocaractere.pt\/brevemente\/wp-json\/wp\/v2\/posts\/14143"}],"collection":[{"href":"https:\/\/www.atelierdocaractere.pt\/brevemente\/wp-json\/wp\/v2\/posts"}],"about":[{"href":"https:\/\/www.atelierdocaractere.pt\/brevemente\/wp-json\/wp\/v2\/types\/post"}],"author":[{"embeddable":true,"href":"https:\/\/www.atelierdocaractere.pt\/brevemente\/wp-json\/wp\/v2\/users\/7"}],"replies":[{"embeddable":true,"href":"https:\/\/www.atelierdocaractere.pt\/brevemente\/wp-json\/wp\/v2\/comments?post=14143"}],"version-history":[{"count":1,"href":"https:\/\/www.atelierdocaractere.pt\/brevemente\/wp-json\/wp\/v2\/posts\/14143\/revisions"}],"predecessor-version":[{"id":14146,"href":"https:\/\/www.atelierdocaractere.pt\/brevemente\/wp-json\/wp\/v2\/posts\/14143\/revisions\/14146"}],"wp:featuredmedia":[{"embeddable":true,"href":"https:\/\/www.atelierdocaractere.pt\/brevemente\/wp-json\/wp\/v2\/media\/14144"}],"wp:attachment":[{"href":"https:\/\/www.atelierdocaractere.pt\/brevemente\/wp-json\/wp\/v2\/media?parent=14143"}],"wp:term":[{"taxonomy":"category","embeddable":true,"href":"https:\/\/www.atelierdocaractere.pt\/brevemente\/wp-json\/wp\/v2\/categories?post=14143"},{"taxonomy":"post_tag","embeddable":true,"href":"https:\/\/www.atelierdocaractere.pt\/brevemente\/wp-json\/wp\/v2\/tags?post=14143"}],"curies":[{"name":"wp","href":"https:\/\/api.w.org\/{rel}","templated":true}]}}