{"id":14153,"date":"2026-01-23T16:43:17","date_gmt":"2026-01-23T16:43:17","guid":{"rendered":"https:\/\/www.atelierdocaractere.pt\/brevemente\/?p=14153"},"modified":"2026-01-26T16:46:42","modified_gmt":"2026-01-26T16:46:42","slug":"aldeias-historicas-de-portugal-entre-os-projetos-europeus-de-referencia-no-dia-europeu-do-turismo-2026","status":"publish","type":"post","link":"https:\/\/www.atelierdocaractere.pt\/brevemente\/aldeias-historicas-de-portugal-entre-os-projetos-europeus-de-referencia-no-dia-europeu-do-turismo-2026\/","title":{"rendered":"Aldeias Hist\u00f3ricas de Portugal entre os projetos europeus de refer\u00eancia no Dia Europeu do Turismo 2026"},"content":{"rendered":"\n<p><strong>As Aldeias Hist\u00f3ricas de Portugal foram convidadas pela Comiss\u00e3o Europeia a participar no Dia Europeu do Turismo 2026, que se assinala na pr\u00f3xima segunda-feira, dia 26 de janeiro, em Bruxelas. Este convite integra a rede num conjunto restrito de projetos europeus selecionados para as&nbsp;<em>Side Exhibitions<\/em>&nbsp;do evento \u2013 espa\u00e7os de elevada visibilidade dedicados \u00e0 apresenta\u00e7\u00e3o de boas pr\u00e1ticas e iniciativas de refer\u00eancia no setor do turismo.<br><\/strong><br>Este ano, as Aldeias Hist\u00f3ricas de Portugal v\u00e3o participar nas celebra\u00e7\u00f5es do Dia Europeu do Turismo, a convite da Comiss\u00e3o Europeia. Este \u00e9 um evento que re\u00fane decisores pol\u00edticos, representantes das institui\u00e7\u00f5es europeias e os principais&nbsp;<em>stakeholders<\/em>&nbsp;do setor, constituindo uma oportunidade estrat\u00e9gica para dar visibilidade ao trabalho desenvolvido pelas Aldeias Hist\u00f3ricas de Portugal na promo\u00e7\u00e3o de um modelo de desenvolvimento tur\u00edstico sustent\u00e1vel, integrado e centrado nos territ\u00f3rios e nas comunidades.<br><br><strong>Um modelo de refer\u00eancia no centro das decis\u00f5es europeias<br><\/strong>A sele\u00e7\u00e3o das Aldeias Hist\u00f3ricas de Portugal para integrar as&nbsp;<em>Side Exhibitions<\/em>, que decorrem no Charlemagne Building, em Bruxelas, reflete o reconhecimento europeu do percurso da rede enquanto exemplo de boas pr\u00e1ticas no turismo cultural e sustent\u00e1vel.<br><br>A presen\u00e7a neste contexto estrat\u00e9gico permite posicionar as Aldeias Hist\u00f3ricas de Portugal como um verdadeiro laborat\u00f3rio vivo de inova\u00e7\u00e3o tur\u00edstica no interior, demonstrando como \u00e9 poss\u00edvel articular patrim\u00f3nio, turismo, sustentabilidade ambiental, coes\u00e3o territorial e envolvimento ativo das comunidades locais.<br><br><strong>Sustentabilidade como eixo estrat\u00e9gico do territ\u00f3rio<br><\/strong>A sustentabilidade \u00e9 um dos pilares estruturantes da atua\u00e7\u00e3o das Aldeias Hist\u00f3ricas de Portugal e um dos temas centrais do ciclo de debates do Dia Europeu do Turismo 2026. Neste contexto, a rede poder\u00e1 apresentar a sua estrat\u00e9gia integrada, assente no reequil\u00edbrio territorial e sazonal, na mobilidade sustent\u00e1vel, na regenera\u00e7\u00e3o territorial e numa governa\u00e7\u00e3o colaborativa.Entre as principais apostas destacam-se a valoriza\u00e7\u00e3o das Aldeias Hist\u00f3ricas de Portugal como territ\u00f3rios rurais de interior e de fronteira, o desenvolvimento de produtos tur\u00edsticos associados \u00e0 cultura, ao patrim\u00f3nio, \u00e0 natureza e aos produtos locais, bem como a cria\u00e7\u00e3o de ofertas de baixa sazonalidade que promovem uma utiliza\u00e7\u00e3o mais equilibrada do territ\u00f3rio ao longo do ano.<br><br><strong>Mobilidade sustent\u00e1vel, conectividade e inclus\u00e3o<br><\/strong>No dom\u00ednio da mobilidade, as Aldeias Hist\u00f3ricas de Portugal t\u00eam vindo a afirmar solu\u00e7\u00f5es de conectividade territorial e descarboniza\u00e7\u00e3o, atrav\u00e9s da promo\u00e7\u00e3o de percursos pedestres e cicl\u00e1veis, da mobilidade suave e de projetos estruturantes como a GR22 \u2013 Aldeias Hist\u00f3ricas, uma rota transfronteiri\u00e7a com cerca de 900 km que liga 12 aldeias portuguesas \u00e0 regi\u00e3o espanhola de C\u00e1ceres.<br><br>A estrat\u00e9gia inclui ainda iniciativas de mobilidade local sustent\u00e1vel e inclusiva, com frotas 100% el\u00e9tricas, pontos de carregamento, comunidades de autoconsumo coletivo e solu\u00e7\u00f5es adaptadas a territ\u00f3rios de baixa densidade, promovendo inclus\u00e3o social, acesso a servi\u00e7os e redu\u00e7\u00e3o da pegada carb\u00f3nica.<br><br><strong>Regenera\u00e7\u00e3o territorial e inova\u00e7\u00e3o sustent\u00e1vel<br><\/strong>A regenera\u00e7\u00e3o territorial \u00e9 outro eixo fundamental da estrat\u00e9gia, assente no refor\u00e7o da identidade local, na valoriza\u00e7\u00e3o do patrim\u00f3nio cultural e natural, na ativa\u00e7\u00e3o das ind\u00fastrias culturais e criativas, na promo\u00e7\u00e3o da agricultura sustent\u00e1vel e da biodiversidade e na reabilita\u00e7\u00e3o e constru\u00e7\u00e3o sustent\u00e1veis, alinhadas com a efici\u00eancia energ\u00e9tica e a adapta\u00e7\u00e3o clim\u00e1tica.<br><br>Esta abordagem est\u00e1 em conson\u00e2ncia com o Pacto Ecol\u00f3gico Europeu, os Planos de A\u00e7\u00e3o de Energia Sustent\u00e1vel e Clima e os princ\u00edpios da Nova Bauhaus Europeia.<br><br><strong>Governa\u00e7\u00e3o colaborativa e alinhamento com os ODS<br><\/strong>O modelo das Aldeias Hist\u00f3ricas de Portugal assenta numa governa\u00e7\u00e3o colaborativa e multin\u00edvel, envolvendo munic\u00edpios, comunidades locais, PME, empreendedores, entidades regionais, nacionais e europeias, bem como o sistema cient\u00edfico e tecnol\u00f3gico. A Associa\u00e7\u00e3o atua como estrutura de coordena\u00e7\u00e3o da rede, facilitadora de investimento e inova\u00e7\u00e3o, interface entre pol\u00edticas p\u00fablicas e territ\u00f3rio e plataforma de capacita\u00e7\u00e3o e qualifica\u00e7\u00e3o.<br><br>A Estrat\u00e9gia de Efici\u00eancia Coletiva da rede encontra-se alinhada com a Agenda 2030 das Na\u00e7\u00f5es Unidas, contribuindo de forma integrada para v\u00e1rios Objetivos de Desenvolvimento Sustent\u00e1vel (ODS), nas dimens\u00f5es econ\u00f3mica, social, ambiental e institucional.<br><br><strong>Reconhecimento europeu de um percurso consolidado<br><\/strong>O convite da Comiss\u00e3o Europeia para integrar o Dia Europeu do Turismo 2026 representa um reconhecimento relevante do percurso consolidado das Aldeias Hist\u00f3ricas de Portugal no dom\u00ednio do turismo sustent\u00e1vel e do desenvolvimento territorial. Este reconhecimento soma-se a distin\u00e7\u00f5es internacionais atribu\u00eddas pela Organiza\u00e7\u00e3o Mundial do Turismo (OMT), que distinguiu Castelo Rodrigo (2021), Castelo Novo (2022) e Sortelha (2023) como&nbsp;<em>Best Tourism Villages<\/em>.<br><br>A participa\u00e7\u00e3o neste evento refor\u00e7a o posicionamento das Aldeias Hist\u00f3ricas de Portugal no debate europeu sobre o futuro do turismo, afirmando a rede como uma refer\u00eancia na constru\u00e7\u00e3o de destinos sustent\u00e1veis, resilientes e de elevada qualidade, com capacidade de inspirar pol\u00edticas p\u00fablicas e projetos semelhantes \u00e0 escala europeia.<br><br>A sess\u00e3o plen\u00e1ria da Comiss\u00e3o Europeia do Dia Europeu do Turismo ser\u00e1 transmitida em&nbsp;<em>streaming<\/em>&nbsp;e contar\u00e1 com tradu\u00e7\u00e3o simult\u00e2nea em seis l\u00ednguas.<br><br><strong>Sobre as Aldeias Hist\u00f3ricas de Portugal<br><\/strong>Entre montes e vales da verdejante paisagem do interior de Portugal, repletas de lendas e castelos, sabores e tradi\u00e7\u00f5es, encontram-se 12 singelas aldeias onde apetece perdermo-nos: Almeida, Belmonte, Castelo Mendo, Castelo Novo, Castelo Rodrigo, Idanha-a-Velha, Linhares da Beira, Marialva, Monsanto, Pi\u00f3d\u00e3o, Sortelha e Trancoso. As Aldeias Hist\u00f3ricas de Portugal, um destino que s\u00e3o 12.<\/p>\n\n\n\n<p>Tr\u00eas destas aldeias \u2013 Castelo Rodrigo (2021), Castelo Novo (2022) e Sortelha (2023) \u2013 foram distinguidas pela Organiza\u00e7\u00e3o Mundial do Turismo (OMT) como \u201cBest Tourism Villages\u201d, galard\u00f5es que refor\u00e7am as Aldeias Hist\u00f3ricas de Portugal como um destino (tamb\u00e9m) refer\u00eancia mundial em sustentabilidade, inova\u00e7\u00e3o e valoriza\u00e7\u00e3o do territ\u00f3rio.<br><br>O territ\u00f3rio oferece ainda um vasto conjunto de percursos pedestres e cicl\u00e1veis, entre os quais se destaca a GR22 \u2013 Aldeias Hist\u00f3ricas, uma das maiores rotas de Walking &amp; Cycling da Europa. Com 656 km de extens\u00e3o, distribu\u00eddos por 20 munic\u00edpios e com um percurso circular que une as 12 Aldeias Hist\u00f3ricas de Portugal, a GR22 foi recentemente alargada, passando a integrar 13 munic\u00edpios da Deputa\u00e7\u00e3o de C\u00e1ceres. Com os 222 km de territ\u00f3rio espanhol, a rota totaliza agora 878 km.<\/p>\n","protected":false},"excerpt":{"rendered":"<p>As Aldeias Hist\u00f3ricas de Portugal foram convidadas pela Comiss\u00e3o Europeia a participar no Dia Europeu do Turismo 2026, que se&#8230;<\/p>\n","protected":false},"author":7,"featured_media":14154,"comment_status":"closed","ping_status":"open","sticky":false,"template":"","format":"standard","meta":[],"categories":[39],"tags":[973,819,371],"yoast_head":"<!-- This site is optimized with the Yoast SEO plugin v20.12 - https:\/\/yoast.com\/wordpress\/plugins\/seo\/ -->\n<title>Aldeias Hist\u00f3ricas de Portugal entre os projetos europeus de refer\u00eancia no Dia Europeu do Turismo 2026 - Atelier do Caractere<\/title>\n<meta name=\"robots\" content=\"index, follow, max-snippet:-1, max-image-preview:large, max-video-preview:-1\" \/>\n<link rel=\"canonical\" href=\"https:\/\/www.atelierdocaractere.pt\/brevemente\/aldeias-historicas-de-portugal-entre-os-projetos-europeus-de-referencia-no-dia-europeu-do-turismo-2026\/\" \/>\n<meta property=\"og:locale\" content=\"pt_PT\" \/>\n<meta property=\"og:type\" content=\"article\" \/>\n<meta property=\"og:title\" content=\"Aldeias Hist\u00f3ricas de Portugal entre os projetos europeus de refer\u00eancia no Dia Europeu do Turismo 2026 - Atelier do Caractere\" \/>\n<meta property=\"og:description\" content=\"As Aldeias Hist\u00f3ricas de Portugal foram convidadas pela Comiss\u00e3o Europeia a participar no Dia Europeu do Turismo 2026, que se...\" \/>\n<meta property=\"og:url\" content=\"https:\/\/www.atelierdocaractere.pt\/brevemente\/aldeias-historicas-de-portugal-entre-os-projetos-europeus-de-referencia-no-dia-europeu-do-turismo-2026\/\" \/>\n<meta property=\"og:site_name\" content=\"Atelier do Caractere\" \/>\n<meta property=\"article:publisher\" content=\"https:\/\/www.facebook.com\/AtelierdoCaractere\" \/>\n<meta property=\"article:published_time\" content=\"2026-01-23T16:43:17+00:00\" \/>\n<meta property=\"article:modified_time\" content=\"2026-01-26T16:46:42+00:00\" \/>\n<meta property=\"og:image\" content=\"https:\/\/www.atelierdocaractere.pt\/wp-content\/uploads\/2026\/01\/ahp1.jpg\" \/>\n\t<meta property=\"og:image:width\" content=\"2489\" \/>\n\t<meta property=\"og:image:height\" content=\"1660\" \/>\n\t<meta property=\"og:image:type\" content=\"image\/jpeg\" \/>\n<meta name=\"author\" content=\"Joana Barbosa\" \/>\n<meta name=\"twitter:card\" content=\"summary_large_image\" \/>\n<meta name=\"twitter:label1\" content=\"Escrito por\" \/>\n\t<meta name=\"twitter:data1\" content=\"Joana Barbosa\" \/>\n\t<meta name=\"twitter:label2\" content=\"Tempo estimado de leitura\" \/>\n\t<meta name=\"twitter:data2\" content=\"6 minutos\" \/>\n<script type=\"application\/ld+json\" class=\"yoast-schema-graph\">{\"@context\":\"https:\/\/schema.org\",\"@graph\":[{\"@type\":\"WebPage\",\"@id\":\"https:\/\/www.atelierdocaractere.pt\/brevemente\/aldeias-historicas-de-portugal-entre-os-projetos-europeus-de-referencia-no-dia-europeu-do-turismo-2026\/\",\"url\":\"https:\/\/www.atelierdocaractere.pt\/brevemente\/aldeias-historicas-de-portugal-entre-os-projetos-europeus-de-referencia-no-dia-europeu-do-turismo-2026\/\",\"name\":\"Aldeias Hist\u00f3ricas de Portugal entre os projetos europeus de refer\u00eancia no Dia Europeu do Turismo 2026 - Atelier do Caractere\",\"isPartOf\":{\"@id\":\"https:\/\/www.atelierdocaractere.pt\/brevemente\/#website\"},\"datePublished\":\"2026-01-23T16:43:17+00:00\",\"dateModified\":\"2026-01-26T16:46:42+00:00\",\"author\":{\"@id\":\"https:\/\/www.atelierdocaractere.pt\/brevemente\/#\/schema\/person\/f2f096eb0f27d9894725af22cb97c0db\"},\"breadcrumb\":{\"@id\":\"https:\/\/www.atelierdocaractere.pt\/brevemente\/aldeias-historicas-de-portugal-entre-os-projetos-europeus-de-referencia-no-dia-europeu-do-turismo-2026\/#breadcrumb\"},\"inLanguage\":\"pt-PT\",\"potentialAction\":[{\"@type\":\"ReadAction\",\"target\":[\"https:\/\/www.atelierdocaractere.pt\/brevemente\/aldeias-historicas-de-portugal-entre-os-projetos-europeus-de-referencia-no-dia-europeu-do-turismo-2026\/\"]}]},{\"@type\":\"BreadcrumbList\",\"@id\":\"https:\/\/www.atelierdocaractere.pt\/brevemente\/aldeias-historicas-de-portugal-entre-os-projetos-europeus-de-referencia-no-dia-europeu-do-turismo-2026\/#breadcrumb\",\"itemListElement\":[{\"@type\":\"ListItem\",\"position\":1,\"name\":\"In\u00edcio\",\"item\":\"https:\/\/www.atelierdocaractere.pt\/brevemente\/\"},{\"@type\":\"ListItem\",\"position\":2,\"name\":\"Aldeias Hist\u00f3ricas de Portugal entre os projetos europeus de refer\u00eancia no Dia Europeu do Turismo 2026\"}]},{\"@type\":\"WebSite\",\"@id\":\"https:\/\/www.atelierdocaractere.pt\/brevemente\/#website\",\"url\":\"https:\/\/www.atelierdocaractere.pt\/brevemente\/\",\"name\":\"Atelier do Caractere\",\"description\":\"\",\"potentialAction\":[{\"@type\":\"SearchAction\",\"target\":{\"@type\":\"EntryPoint\",\"urlTemplate\":\"https:\/\/www.atelierdocaractere.pt\/brevemente\/?s={search_term_string}\"},\"query-input\":\"required name=search_term_string\"}],\"inLanguage\":\"pt-PT\"},{\"@type\":\"Person\",\"@id\":\"https:\/\/www.atelierdocaractere.pt\/brevemente\/#\/schema\/person\/f2f096eb0f27d9894725af22cb97c0db\",\"name\":\"Joana Barbosa\",\"image\":{\"@type\":\"ImageObject\",\"inLanguage\":\"pt-PT\",\"@id\":\"https:\/\/www.atelierdocaractere.pt\/brevemente\/#\/schema\/person\/image\/\",\"url\":\"https:\/\/secure.gravatar.com\/avatar\/33e8214b45e9d68a3a83008731075979?s=96&d=mm&r=g\",\"contentUrl\":\"https:\/\/secure.gravatar.com\/avatar\/33e8214b45e9d68a3a83008731075979?s=96&d=mm&r=g\",\"caption\":\"Joana Barbosa\"},\"url\":\"https:\/\/www.atelierdocaractere.pt\/brevemente\/author\/joanabarbosa\/\"}]}<\/script>\n<!-- \/ Yoast SEO plugin. -->","yoast_head_json":{"title":"Aldeias Hist\u00f3ricas de Portugal entre os projetos europeus de refer\u00eancia no Dia Europeu do Turismo 2026 - Atelier do Caractere","robots":{"index":"index","follow":"follow","max-snippet":"max-snippet:-1","max-image-preview":"max-image-preview:large","max-video-preview":"max-video-preview:-1"},"canonical":"https:\/\/www.atelierdocaractere.pt\/brevemente\/aldeias-historicas-de-portugal-entre-os-projetos-europeus-de-referencia-no-dia-europeu-do-turismo-2026\/","og_locale":"pt_PT","og_type":"article","og_title":"Aldeias Hist\u00f3ricas de Portugal entre os projetos europeus de refer\u00eancia no Dia Europeu do Turismo 2026 - Atelier do Caractere","og_description":"As Aldeias Hist\u00f3ricas de Portugal foram convidadas pela Comiss\u00e3o Europeia a participar no Dia Europeu do Turismo 2026, que se...","og_url":"https:\/\/www.atelierdocaractere.pt\/brevemente\/aldeias-historicas-de-portugal-entre-os-projetos-europeus-de-referencia-no-dia-europeu-do-turismo-2026\/","og_site_name":"Atelier do Caractere","article_publisher":"https:\/\/www.facebook.com\/AtelierdoCaractere","article_published_time":"2026-01-23T16:43:17+00:00","article_modified_time":"2026-01-26T16:46:42+00:00","og_image":[{"width":2489,"height":1660,"url":"https:\/\/www.atelierdocaractere.pt\/wp-content\/uploads\/2026\/01\/ahp1.jpg","type":"image\/jpeg"}],"author":"Joana Barbosa","twitter_card":"summary_large_image","twitter_misc":{"Escrito por":"Joana Barbosa","Tempo estimado de leitura":"6 minutos"},"schema":{"@context":"https:\/\/schema.org","@graph":[{"@type":"WebPage","@id":"https:\/\/www.atelierdocaractere.pt\/brevemente\/aldeias-historicas-de-portugal-entre-os-projetos-europeus-de-referencia-no-dia-europeu-do-turismo-2026\/","url":"https:\/\/www.atelierdocaractere.pt\/brevemente\/aldeias-historicas-de-portugal-entre-os-projetos-europeus-de-referencia-no-dia-europeu-do-turismo-2026\/","name":"Aldeias Hist\u00f3ricas de Portugal entre os projetos europeus de refer\u00eancia no Dia Europeu do Turismo 2026 - Atelier do Caractere","isPartOf":{"@id":"https:\/\/www.atelierdocaractere.pt\/brevemente\/#website"},"datePublished":"2026-01-23T16:43:17+00:00","dateModified":"2026-01-26T16:46:42+00:00","author":{"@id":"https:\/\/www.atelierdocaractere.pt\/brevemente\/#\/schema\/person\/f2f096eb0f27d9894725af22cb97c0db"},"breadcrumb":{"@id":"https:\/\/www.atelierdocaractere.pt\/brevemente\/aldeias-historicas-de-portugal-entre-os-projetos-europeus-de-referencia-no-dia-europeu-do-turismo-2026\/#breadcrumb"},"inLanguage":"pt-PT","potentialAction":[{"@type":"ReadAction","target":["https:\/\/www.atelierdocaractere.pt\/brevemente\/aldeias-historicas-de-portugal-entre-os-projetos-europeus-de-referencia-no-dia-europeu-do-turismo-2026\/"]}]},{"@type":"BreadcrumbList","@id":"https:\/\/www.atelierdocaractere.pt\/brevemente\/aldeias-historicas-de-portugal-entre-os-projetos-europeus-de-referencia-no-dia-europeu-do-turismo-2026\/#breadcrumb","itemListElement":[{"@type":"ListItem","position":1,"name":"In\u00edcio","item":"https:\/\/www.atelierdocaractere.pt\/brevemente\/"},{"@type":"ListItem","position":2,"name":"Aldeias Hist\u00f3ricas de Portugal entre os projetos europeus de refer\u00eancia no Dia Europeu do Turismo 2026"}]},{"@type":"WebSite","@id":"https:\/\/www.atelierdocaractere.pt\/brevemente\/#website","url":"https:\/\/www.atelierdocaractere.pt\/brevemente\/","name":"Atelier do Caractere","description":"","potentialAction":[{"@type":"SearchAction","target":{"@type":"EntryPoint","urlTemplate":"https:\/\/www.atelierdocaractere.pt\/brevemente\/?s={search_term_string}"},"query-input":"required name=search_term_string"}],"inLanguage":"pt-PT"},{"@type":"Person","@id":"https:\/\/www.atelierdocaractere.pt\/brevemente\/#\/schema\/person\/f2f096eb0f27d9894725af22cb97c0db","name":"Joana Barbosa","image":{"@type":"ImageObject","inLanguage":"pt-PT","@id":"https:\/\/www.atelierdocaractere.pt\/brevemente\/#\/schema\/person\/image\/","url":"https:\/\/secure.gravatar.com\/avatar\/33e8214b45e9d68a3a83008731075979?s=96&d=mm&r=g","contentUrl":"https:\/\/secure.gravatar.com\/avatar\/33e8214b45e9d68a3a83008731075979?s=96&d=mm&r=g","caption":"Joana Barbosa"},"url":"https:\/\/www.atelierdocaractere.pt\/brevemente\/author\/joanabarbosa\/"}]}},"_links":{"self":[{"href":"https:\/\/www.atelierdocaractere.pt\/brevemente\/wp-json\/wp\/v2\/posts\/14153"}],"collection":[{"href":"https:\/\/www.atelierdocaractere.pt\/brevemente\/wp-json\/wp\/v2\/posts"}],"about":[{"href":"https:\/\/www.atelierdocaractere.pt\/brevemente\/wp-json\/wp\/v2\/types\/post"}],"author":[{"embeddable":true,"href":"https:\/\/www.atelierdocaractere.pt\/brevemente\/wp-json\/wp\/v2\/users\/7"}],"replies":[{"embeddable":true,"href":"https:\/\/www.atelierdocaractere.pt\/brevemente\/wp-json\/wp\/v2\/comments?post=14153"}],"version-history":[{"count":1,"href":"https:\/\/www.atelierdocaractere.pt\/brevemente\/wp-json\/wp\/v2\/posts\/14153\/revisions"}],"predecessor-version":[{"id":14155,"href":"https:\/\/www.atelierdocaractere.pt\/brevemente\/wp-json\/wp\/v2\/posts\/14153\/revisions\/14155"}],"wp:featuredmedia":[{"embeddable":true,"href":"https:\/\/www.atelierdocaractere.pt\/brevemente\/wp-json\/wp\/v2\/media\/14154"}],"wp:attachment":[{"href":"https:\/\/www.atelierdocaractere.pt\/brevemente\/wp-json\/wp\/v2\/media?parent=14153"}],"wp:term":[{"taxonomy":"category","embeddable":true,"href":"https:\/\/www.atelierdocaractere.pt\/brevemente\/wp-json\/wp\/v2\/categories?post=14153"},{"taxonomy":"post_tag","embeddable":true,"href":"https:\/\/www.atelierdocaractere.pt\/brevemente\/wp-json\/wp\/v2\/tags?post=14153"}],"curies":[{"name":"wp","href":"https:\/\/api.w.org\/{rel}","templated":true}]}}