{"id":14159,"date":"2026-01-26T16:54:40","date_gmt":"2026-01-26T16:54:40","guid":{"rendered":"https:\/\/www.atelierdocaractere.pt\/brevemente\/?p=14159"},"modified":"2026-01-26T16:54:44","modified_gmt":"2026-01-26T16:54:44","slug":"participacao-da-cim-viseu-dao-lafoes-na-fitur-reforcou-notoriedade-da-regiao-no-mercado-espanhol","status":"publish","type":"post","link":"https:\/\/www.atelierdocaractere.pt\/brevemente\/participacao-da-cim-viseu-dao-lafoes-na-fitur-reforcou-notoriedade-da-regiao-no-mercado-espanhol\/","title":{"rendered":"Participa\u00e7\u00e3o da CIM Viseu D\u00e3o Laf\u00f5es na FITUR refor\u00e7ou notoriedade da regi\u00e3o no mercado espanhol"},"content":{"rendered":"\n<p><strong>Programa\u00e7\u00e3o diversificada e forte ades\u00e3o do p\u00fablico confirmaram aposta estrat\u00e9gica no principal mercado estrangeiro. Gastronomia, vinhos, turismo de natureza e bem-estar estiveram em destaque ao longo dos cinco dias da feira.<\/strong><\/p>\n\n\n\n<p>A participa\u00e7\u00e3o da&nbsp;<strong>Comunidade Intermunicipal (CIM) Viseu D\u00e3o Laf\u00f5es<\/strong>&nbsp;na&nbsp;<strong>FITUR \u2013 Feira Internacional de Turismo<\/strong>, em Madrid, terminou com um balan\u00e7o muito positivo, confirmando a import\u00e2ncia estrat\u00e9gica da presen\u00e7a da regi\u00e3o naquele que \u00e9 o seu principal mercado estrangeiro de turistas.<br><br>De 21 a 25 de janeiro, a CIM marcou presen\u00e7a na maior feira ib\u00e9rica de turismo pelo terceiro ano consecutivo, em stand pr\u00f3prio, integrado no espa\u00e7o Visit Portugal. A programa\u00e7\u00e3o foi intensa e diversificada durante os cinco dias da feira, tendo dado a conhecer aos profissionais do setor e ao p\u00fablico em geral o melhor da oferta tur\u00edstica de Viseu D\u00e3o Laf\u00f5es.<br><br>A forte aflu\u00eancia ao stand e a recetividade demonstrada \u00e0s iniciativas promovidas evidenciaram a atratividade da regi\u00e3o junto do mercado espanhol, que representa cerca de um quarto dos h\u00f3spedes estrangeiros registados no territ\u00f3rio. A FITUR voltou assim a afirmar-se como um palco privilegiado para a promo\u00e7\u00e3o internacional da regi\u00e3o e para o refor\u00e7o de contactos profissionais e oportunidades futuras de coopera\u00e7\u00e3o.<\/p>\n\n\n\n<p><strong>Gastronomia, vinhos, natureza e bem-estar em destaque<\/strong><br><br>Ao longo dos cinco dias do certame, os munic\u00edpios de Viseu D\u00e3o Laf\u00f5es estiveram representados diariamente, com apresenta\u00e7\u00f5es dedicadas \u00e0 oferta tur\u00edstica, eventos, gastronomia e experi\u00eancias diferenciadoras do territ\u00f3rio, numa estrat\u00e9gia de promo\u00e7\u00e3o integrada da regi\u00e3o.<br><br>A gastronomia assumiu um papel de protagonismo, com v\u00e1rios momentos de degusta\u00e7\u00e3o de produtos regionais, que despertaram grande interesse junto do p\u00fablico e da comunica\u00e7\u00e3o social internacional. Tamb\u00e9m os vinhos do D\u00e3o estiveram em evid\u00eancia, atrav\u00e9s de provas comentadas promovidas pela Comiss\u00e3o Vitivin\u00edcola Regional do D\u00e3o, que deram a conhecer as castas mais emblem\u00e1ticas deste&nbsp;<em>terroir<\/em>, como a Touriga Nacional e o Encruzado.<br><br>O turismo de natureza e ativo, com destaque para as Ecopistas do D\u00e3o e do Vouga, as rotas pedestres e de BTT da Serra do Caramulo e a Rota do Megalitismo, bem como o turismo de sa\u00fade e bem-estar, com a presen\u00e7a das Termas de S\u00e3o Pedro do Sul, refor\u00e7aram a imagem de Viseu D\u00e3o Laf\u00f5es como um destino diversificado, sustent\u00e1vel e orientado para experi\u00eancias de excel\u00eancia.<\/p>\n\n\n\n<p><strong>Balan\u00e7o institucional positivo<\/strong><br><br>Para&nbsp;<strong>Jo\u00e3o Azevedo<\/strong>,&nbsp;<strong>Presidente da CIM Viseu D\u00e3o Laf\u00f5es<\/strong>,&nbsp;<em>\u201co balan\u00e7o da participa\u00e7\u00e3o na FITUR \u00e9 claramente positivo. A forte ades\u00e3o ao stand, o interesse demonstrado pela oferta da regi\u00e3o e os contactos profissionais estabelecidos confirmam que a estrat\u00e9gia de promo\u00e7\u00e3o internacional da CIM \u00e9 a mais adequada. O mercado espanhol \u00e9 fundamental para o refor\u00e7o do crescimento tur\u00edstico de Viseu D\u00e3o Laf\u00f5es e estou convicto que esta participa\u00e7\u00e3o na feira de turismo ib\u00e9rica mais importante potenciou ainda mais a notoriedade da regi\u00e3o\u201d<\/em>.<br><br>J\u00e1&nbsp;<strong>Nuno Martinho<\/strong>,&nbsp;<strong>Secret\u00e1rio Executivo da CIM Viseu D\u00e3o Laf\u00f5es<\/strong>, destaca&nbsp;<em>\u201ca import\u00e2ncia de uma presen\u00e7a pr\u00f3pria e afirmativa da regi\u00e3o num evento desta dimens\u00e3o, que permitiu mostrar, de forma integrada, a diversidade do territ\u00f3rio e refor\u00e7ar rela\u00e7\u00f5es com operadores, entidades e p\u00fablico especializado\u201d<\/em>.&nbsp;<\/p>\n\n\n\n<p><em>\u201cA programa\u00e7\u00e3o desenvolvida ao longo dos cinco dias permitiu criar experi\u00eancias concretas e memor\u00e1veis, refor\u00e7ou a visibilidade da regi\u00e3o e consolidou o posicionamento de Viseu D\u00e3o Laf\u00f5es como um destino diferenciado, competitivo e alinhado com as tend\u00eancias do turismo contempor\u00e2neo\u201d<\/em>, concluiu<\/p>\n\n\n\n<p>Segundo dados do organizador, a FITUR 2026 recebeu mais de 255 mil visitantes, entre profissionais e p\u00fablico em geral, consolidando-se como uma das maiores feiras de turismo do mundo.<\/p>\n\n\n\n<p><strong>Sobre a CIM Viseu D\u00e3o Laf\u00f5es:<\/strong><br>A CIM Viseu D\u00e3o Laf\u00f5es \u00e9 uma associa\u00e7\u00e3o de munic\u00edpios, denominada como Comunidade Intermunicipal, sendo constitu\u00edda pelos munic\u00edpios de\u00a0Aguiar da Beira, Carregal do Sal, Castro Daire, Mangualde, Nelas, Oliveira de Frades, Penalva do Castelo, Santa Comba D\u00e3o, S\u00e3o Pedro do Sul, S\u00e1t\u00e3o, Tondela, Vila Nova de Paiva, Viseu e Vouzela.<\/p>\n","protected":false},"excerpt":{"rendered":"<p>Programa\u00e7\u00e3o diversificada e forte ades\u00e3o do p\u00fablico confirmaram aposta estrat\u00e9gica no principal mercado estrangeiro. Gastronomia, vinhos, turismo de natureza e&#8230;<\/p>\n","protected":false},"author":7,"featured_media":14160,"comment_status":"closed","ping_status":"open","sticky":false,"template":"","format":"standard","meta":[],"categories":[39],"tags":[448,738,1105,373,349],"yoast_head":"<!-- This site is optimized with the Yoast SEO plugin v20.12 - https:\/\/yoast.com\/wordpress\/plugins\/seo\/ -->\n<title>Participa\u00e7\u00e3o da CIM Viseu D\u00e3o Laf\u00f5es na FITUR refor\u00e7ou notoriedade da regi\u00e3o no mercado espanhol - Atelier do Caractere<\/title>\n<meta name=\"robots\" content=\"index, follow, max-snippet:-1, max-image-preview:large, max-video-preview:-1\" \/>\n<link rel=\"canonical\" href=\"https:\/\/www.atelierdocaractere.pt\/brevemente\/participacao-da-cim-viseu-dao-lafoes-na-fitur-reforcou-notoriedade-da-regiao-no-mercado-espanhol\/\" \/>\n<meta property=\"og:locale\" content=\"pt_PT\" \/>\n<meta property=\"og:type\" content=\"article\" \/>\n<meta property=\"og:title\" content=\"Participa\u00e7\u00e3o da CIM Viseu D\u00e3o Laf\u00f5es na FITUR refor\u00e7ou notoriedade da regi\u00e3o no mercado espanhol - Atelier do Caractere\" \/>\n<meta property=\"og:description\" content=\"Programa\u00e7\u00e3o diversificada e forte ades\u00e3o do p\u00fablico confirmaram aposta estrat\u00e9gica no principal mercado estrangeiro. Gastronomia, vinhos, turismo de natureza e...\" \/>\n<meta property=\"og:url\" content=\"https:\/\/www.atelierdocaractere.pt\/brevemente\/participacao-da-cim-viseu-dao-lafoes-na-fitur-reforcou-notoriedade-da-regiao-no-mercado-espanhol\/\" \/>\n<meta property=\"og:site_name\" content=\"Atelier do Caractere\" \/>\n<meta property=\"article:publisher\" content=\"https:\/\/www.facebook.com\/AtelierdoCaractere\" \/>\n<meta property=\"article:published_time\" content=\"2026-01-26T16:54:40+00:00\" \/>\n<meta property=\"article:modified_time\" content=\"2026-01-26T16:54:44+00:00\" \/>\n<meta property=\"og:image\" content=\"https:\/\/www.atelierdocaractere.pt\/wp-content\/uploads\/2026\/01\/fitur-dia-1.jpg\" \/>\n\t<meta property=\"og:image:width\" content=\"1536\" \/>\n\t<meta property=\"og:image:height\" content=\"1229\" \/>\n\t<meta property=\"og:image:type\" content=\"image\/jpeg\" \/>\n<meta name=\"author\" content=\"Joana Barbosa\" \/>\n<meta name=\"twitter:card\" content=\"summary_large_image\" \/>\n<meta name=\"twitter:label1\" content=\"Escrito por\" \/>\n\t<meta name=\"twitter:data1\" content=\"Joana Barbosa\" \/>\n\t<meta name=\"twitter:label2\" content=\"Tempo estimado de leitura\" \/>\n\t<meta name=\"twitter:data2\" content=\"4 minutos\" \/>\n<script type=\"application\/ld+json\" class=\"yoast-schema-graph\">{\"@context\":\"https:\/\/schema.org\",\"@graph\":[{\"@type\":\"WebPage\",\"@id\":\"https:\/\/www.atelierdocaractere.pt\/brevemente\/participacao-da-cim-viseu-dao-lafoes-na-fitur-reforcou-notoriedade-da-regiao-no-mercado-espanhol\/\",\"url\":\"https:\/\/www.atelierdocaractere.pt\/brevemente\/participacao-da-cim-viseu-dao-lafoes-na-fitur-reforcou-notoriedade-da-regiao-no-mercado-espanhol\/\",\"name\":\"Participa\u00e7\u00e3o da CIM Viseu D\u00e3o Laf\u00f5es na FITUR refor\u00e7ou notoriedade da regi\u00e3o no mercado espanhol - Atelier do Caractere\",\"isPartOf\":{\"@id\":\"https:\/\/www.atelierdocaractere.pt\/brevemente\/#website\"},\"datePublished\":\"2026-01-26T16:54:40+00:00\",\"dateModified\":\"2026-01-26T16:54:44+00:00\",\"author\":{\"@id\":\"https:\/\/www.atelierdocaractere.pt\/brevemente\/#\/schema\/person\/f2f096eb0f27d9894725af22cb97c0db\"},\"breadcrumb\":{\"@id\":\"https:\/\/www.atelierdocaractere.pt\/brevemente\/participacao-da-cim-viseu-dao-lafoes-na-fitur-reforcou-notoriedade-da-regiao-no-mercado-espanhol\/#breadcrumb\"},\"inLanguage\":\"pt-PT\",\"potentialAction\":[{\"@type\":\"ReadAction\",\"target\":[\"https:\/\/www.atelierdocaractere.pt\/brevemente\/participacao-da-cim-viseu-dao-lafoes-na-fitur-reforcou-notoriedade-da-regiao-no-mercado-espanhol\/\"]}]},{\"@type\":\"BreadcrumbList\",\"@id\":\"https:\/\/www.atelierdocaractere.pt\/brevemente\/participacao-da-cim-viseu-dao-lafoes-na-fitur-reforcou-notoriedade-da-regiao-no-mercado-espanhol\/#breadcrumb\",\"itemListElement\":[{\"@type\":\"ListItem\",\"position\":1,\"name\":\"In\u00edcio\",\"item\":\"https:\/\/www.atelierdocaractere.pt\/brevemente\/\"},{\"@type\":\"ListItem\",\"position\":2,\"name\":\"Participa\u00e7\u00e3o da CIM Viseu D\u00e3o Laf\u00f5es na FITUR refor\u00e7ou notoriedade da regi\u00e3o no mercado espanhol\"}]},{\"@type\":\"WebSite\",\"@id\":\"https:\/\/www.atelierdocaractere.pt\/brevemente\/#website\",\"url\":\"https:\/\/www.atelierdocaractere.pt\/brevemente\/\",\"name\":\"Atelier do Caractere\",\"description\":\"\",\"potentialAction\":[{\"@type\":\"SearchAction\",\"target\":{\"@type\":\"EntryPoint\",\"urlTemplate\":\"https:\/\/www.atelierdocaractere.pt\/brevemente\/?s={search_term_string}\"},\"query-input\":\"required name=search_term_string\"}],\"inLanguage\":\"pt-PT\"},{\"@type\":\"Person\",\"@id\":\"https:\/\/www.atelierdocaractere.pt\/brevemente\/#\/schema\/person\/f2f096eb0f27d9894725af22cb97c0db\",\"name\":\"Joana Barbosa\",\"image\":{\"@type\":\"ImageObject\",\"inLanguage\":\"pt-PT\",\"@id\":\"https:\/\/www.atelierdocaractere.pt\/brevemente\/#\/schema\/person\/image\/\",\"url\":\"https:\/\/secure.gravatar.com\/avatar\/33e8214b45e9d68a3a83008731075979?s=96&d=mm&r=g\",\"contentUrl\":\"https:\/\/secure.gravatar.com\/avatar\/33e8214b45e9d68a3a83008731075979?s=96&d=mm&r=g\",\"caption\":\"Joana Barbosa\"},\"url\":\"https:\/\/www.atelierdocaractere.pt\/brevemente\/author\/joanabarbosa\/\"}]}<\/script>\n<!-- \/ Yoast SEO plugin. -->","yoast_head_json":{"title":"Participa\u00e7\u00e3o da CIM Viseu D\u00e3o Laf\u00f5es na FITUR refor\u00e7ou notoriedade da regi\u00e3o no mercado espanhol - Atelier do Caractere","robots":{"index":"index","follow":"follow","max-snippet":"max-snippet:-1","max-image-preview":"max-image-preview:large","max-video-preview":"max-video-preview:-1"},"canonical":"https:\/\/www.atelierdocaractere.pt\/brevemente\/participacao-da-cim-viseu-dao-lafoes-na-fitur-reforcou-notoriedade-da-regiao-no-mercado-espanhol\/","og_locale":"pt_PT","og_type":"article","og_title":"Participa\u00e7\u00e3o da CIM Viseu D\u00e3o Laf\u00f5es na FITUR refor\u00e7ou notoriedade da regi\u00e3o no mercado espanhol - Atelier do Caractere","og_description":"Programa\u00e7\u00e3o diversificada e forte ades\u00e3o do p\u00fablico confirmaram aposta estrat\u00e9gica no principal mercado estrangeiro. Gastronomia, vinhos, turismo de natureza e...","og_url":"https:\/\/www.atelierdocaractere.pt\/brevemente\/participacao-da-cim-viseu-dao-lafoes-na-fitur-reforcou-notoriedade-da-regiao-no-mercado-espanhol\/","og_site_name":"Atelier do Caractere","article_publisher":"https:\/\/www.facebook.com\/AtelierdoCaractere","article_published_time":"2026-01-26T16:54:40+00:00","article_modified_time":"2026-01-26T16:54:44+00:00","og_image":[{"width":1536,"height":1229,"url":"https:\/\/www.atelierdocaractere.pt\/wp-content\/uploads\/2026\/01\/fitur-dia-1.jpg","type":"image\/jpeg"}],"author":"Joana Barbosa","twitter_card":"summary_large_image","twitter_misc":{"Escrito por":"Joana Barbosa","Tempo estimado de leitura":"4 minutos"},"schema":{"@context":"https:\/\/schema.org","@graph":[{"@type":"WebPage","@id":"https:\/\/www.atelierdocaractere.pt\/brevemente\/participacao-da-cim-viseu-dao-lafoes-na-fitur-reforcou-notoriedade-da-regiao-no-mercado-espanhol\/","url":"https:\/\/www.atelierdocaractere.pt\/brevemente\/participacao-da-cim-viseu-dao-lafoes-na-fitur-reforcou-notoriedade-da-regiao-no-mercado-espanhol\/","name":"Participa\u00e7\u00e3o da CIM Viseu D\u00e3o Laf\u00f5es na FITUR refor\u00e7ou notoriedade da regi\u00e3o no mercado espanhol - Atelier do Caractere","isPartOf":{"@id":"https:\/\/www.atelierdocaractere.pt\/brevemente\/#website"},"datePublished":"2026-01-26T16:54:40+00:00","dateModified":"2026-01-26T16:54:44+00:00","author":{"@id":"https:\/\/www.atelierdocaractere.pt\/brevemente\/#\/schema\/person\/f2f096eb0f27d9894725af22cb97c0db"},"breadcrumb":{"@id":"https:\/\/www.atelierdocaractere.pt\/brevemente\/participacao-da-cim-viseu-dao-lafoes-na-fitur-reforcou-notoriedade-da-regiao-no-mercado-espanhol\/#breadcrumb"},"inLanguage":"pt-PT","potentialAction":[{"@type":"ReadAction","target":["https:\/\/www.atelierdocaractere.pt\/brevemente\/participacao-da-cim-viseu-dao-lafoes-na-fitur-reforcou-notoriedade-da-regiao-no-mercado-espanhol\/"]}]},{"@type":"BreadcrumbList","@id":"https:\/\/www.atelierdocaractere.pt\/brevemente\/participacao-da-cim-viseu-dao-lafoes-na-fitur-reforcou-notoriedade-da-regiao-no-mercado-espanhol\/#breadcrumb","itemListElement":[{"@type":"ListItem","position":1,"name":"In\u00edcio","item":"https:\/\/www.atelierdocaractere.pt\/brevemente\/"},{"@type":"ListItem","position":2,"name":"Participa\u00e7\u00e3o da CIM Viseu D\u00e3o Laf\u00f5es na FITUR refor\u00e7ou notoriedade da regi\u00e3o no mercado espanhol"}]},{"@type":"WebSite","@id":"https:\/\/www.atelierdocaractere.pt\/brevemente\/#website","url":"https:\/\/www.atelierdocaractere.pt\/brevemente\/","name":"Atelier do Caractere","description":"","potentialAction":[{"@type":"SearchAction","target":{"@type":"EntryPoint","urlTemplate":"https:\/\/www.atelierdocaractere.pt\/brevemente\/?s={search_term_string}"},"query-input":"required name=search_term_string"}],"inLanguage":"pt-PT"},{"@type":"Person","@id":"https:\/\/www.atelierdocaractere.pt\/brevemente\/#\/schema\/person\/f2f096eb0f27d9894725af22cb97c0db","name":"Joana Barbosa","image":{"@type":"ImageObject","inLanguage":"pt-PT","@id":"https:\/\/www.atelierdocaractere.pt\/brevemente\/#\/schema\/person\/image\/","url":"https:\/\/secure.gravatar.com\/avatar\/33e8214b45e9d68a3a83008731075979?s=96&d=mm&r=g","contentUrl":"https:\/\/secure.gravatar.com\/avatar\/33e8214b45e9d68a3a83008731075979?s=96&d=mm&r=g","caption":"Joana Barbosa"},"url":"https:\/\/www.atelierdocaractere.pt\/brevemente\/author\/joanabarbosa\/"}]}},"_links":{"self":[{"href":"https:\/\/www.atelierdocaractere.pt\/brevemente\/wp-json\/wp\/v2\/posts\/14159"}],"collection":[{"href":"https:\/\/www.atelierdocaractere.pt\/brevemente\/wp-json\/wp\/v2\/posts"}],"about":[{"href":"https:\/\/www.atelierdocaractere.pt\/brevemente\/wp-json\/wp\/v2\/types\/post"}],"author":[{"embeddable":true,"href":"https:\/\/www.atelierdocaractere.pt\/brevemente\/wp-json\/wp\/v2\/users\/7"}],"replies":[{"embeddable":true,"href":"https:\/\/www.atelierdocaractere.pt\/brevemente\/wp-json\/wp\/v2\/comments?post=14159"}],"version-history":[{"count":1,"href":"https:\/\/www.atelierdocaractere.pt\/brevemente\/wp-json\/wp\/v2\/posts\/14159\/revisions"}],"predecessor-version":[{"id":14161,"href":"https:\/\/www.atelierdocaractere.pt\/brevemente\/wp-json\/wp\/v2\/posts\/14159\/revisions\/14161"}],"wp:featuredmedia":[{"embeddable":true,"href":"https:\/\/www.atelierdocaractere.pt\/brevemente\/wp-json\/wp\/v2\/media\/14160"}],"wp:attachment":[{"href":"https:\/\/www.atelierdocaractere.pt\/brevemente\/wp-json\/wp\/v2\/media?parent=14159"}],"wp:term":[{"taxonomy":"category","embeddable":true,"href":"https:\/\/www.atelierdocaractere.pt\/brevemente\/wp-json\/wp\/v2\/categories?post=14159"},{"taxonomy":"post_tag","embeddable":true,"href":"https:\/\/www.atelierdocaractere.pt\/brevemente\/wp-json\/wp\/v2\/tags?post=14159"}],"curies":[{"name":"wp","href":"https:\/\/api.w.org\/{rel}","templated":true}]}}