{"id":14163,"date":"2026-02-03T15:47:09","date_gmt":"2026-02-03T15:47:09","guid":{"rendered":"https:\/\/www.atelierdocaractere.pt\/brevemente\/?p=14163"},"modified":"2026-02-04T16:32:28","modified_gmt":"2026-02-04T16:32:28","slug":"cim-viseu-dao-lafoes-aprova-por-unanimidade-instalacao-de-centro-de-emergencia-e-protecao-civil-na-regiao","status":"publish","type":"post","link":"https:\/\/www.atelierdocaractere.pt\/brevemente\/cim-viseu-dao-lafoes-aprova-por-unanimidade-instalacao-de-centro-de-emergencia-e-protecao-civil-na-regiao\/","title":{"rendered":"CIM Viseu D\u00e3o Laf\u00f5es aprova por unanimidade instala\u00e7\u00e3o de Centro de Emerg\u00eancia e Prote\u00e7\u00e3o Civil na regi\u00e3o"},"content":{"rendered":"\n<p><strong>\u201cOs acontecimentos recentes demonstram de forma clara a import\u00e2ncia de refor\u00e7ar a capacidade instalada do sistema de prote\u00e7\u00e3o civil a n\u00edvel nacional. Ao instalar-se este centro em Viseu, ser\u00e1 melhorada a prepara\u00e7\u00e3o e a resposta em cen\u00e1rios de crise\u201d, considera o Presidente da CIM.<\/strong><\/p>\n\n\n\n<p>O\u00a0<strong>Conselho Intermunicipal da CIM Viseu D\u00e3o Laf\u00f5es\u00a0<\/strong>aprovou hoje, por unanimidade, o projeto para a instala\u00e7\u00e3o de um\u00a0<strong>Centro de Emerg\u00eancia e Prote\u00e7\u00e3o Civil<\/strong>\u00a0na regi\u00e3o. A CIM considera este projeto de inequ\u00edvoco interesse nacional, que refor\u00e7a a capacidade de resposta a eventos extremos, como foi exemplo a tempestade Kristin.<br>\u00a0<br>O projeto visa dotar a regi\u00e3o de um Centro de Emerg\u00eancia e Prote\u00e7\u00e3o Civil alternativo e redundante ao situado em Lisboa, e que seja capaz de refor\u00e7ar a capacidade de preven\u00e7\u00e3o, planeamento e resposta a situa\u00e7\u00f5es de emerg\u00eancia, num contexto de crescente exig\u00eancia operacional associada a fen\u00f3menos meteorol\u00f3gicos extremos e outros riscos naturais.<br>\u00a0<br>A CIM considera que o futuro centro dever\u00e1 ser instalado no Aer\u00f3dromo Municipal de Viseu \u2013 Gon\u00e7alves Lobato, em terreno pertencente ao Munic\u00edpio de Viseu, destinado \u00e0 instala\u00e7\u00e3o de infraestruturas estrat\u00e9gicas da Autoridade Nacional de Emerg\u00eancia e Prote\u00e7\u00e3o Civil (ANEPC). Entre estas, incluem-se um Comando Nacional de Emerg\u00eancia e Prote\u00e7\u00e3o Civil alternativo, um Centro de Meios A\u00e9reos, o Comando Sub-Regional de Emerg\u00eancia e Prote\u00e7\u00e3o Civil e tr\u00eas hangares para fins gerais de prote\u00e7\u00e3o civil.<br>\u00a0<br>A decis\u00e3o foi aprovada na reuni\u00e3o ordin\u00e1ria do Conselho Intermunicipal, que deliberou ainda que\u00a0<strong>ser\u00e1 a CIM Viseu D\u00e3o Laf\u00f5es a assumir a lideran\u00e7a do processo<\/strong>\u00a0de concretiza\u00e7\u00e3o do projeto, incluindo a elabora\u00e7\u00e3o dos estudos pr\u00e9vios, do projeto de execu\u00e7\u00e3o e das respetivas especialidades, bem como o papel de dono de obra. Est\u00e1 igualmente prevista a formaliza\u00e7\u00e3o de um protocolo entre a CIM, a ANEPC, o Munic\u00edpio de Viseu e o Governo, com vista \u00e0 defini\u00e7\u00e3o do modelo de implementa\u00e7\u00e3o do investimento, bem como a celebra\u00e7\u00e3o de um contrato interadministrativo entre a CIM e o Munic\u00edpio de Viseu.<br>\u00a0<br>Para\u00a0<strong>Jo\u00e3o Azevedo,<\/strong>\u00a0<strong>Presidente da CIM Viseu D\u00e3o Laf\u00f5es<\/strong>,\u00a0<em>\u201cos acontecimentos recentes demonstram de forma clara a import\u00e2ncia de refor\u00e7ar a capacidade instalada do sistema de prote\u00e7\u00e3o civil a n\u00edvel nacional<\/em>.\u00a0<em>Ao instalar-se este centro em Viseu, ser\u00e1 melhorada a prepara\u00e7\u00e3o e a resposta em cen\u00e1rios de crise, com ganhos diretos para a seguran\u00e7a das popula\u00e7\u00f5es e para a resili\u00eancia do territ\u00f3rio&#8221;. &#8220;A aprova\u00e7\u00e3o un\u00e2nime deste projeto por parte do Conselho Intermunicipal da CIM demonstra a vis\u00e3o estrat\u00e9gica e o grande sentido de responsabilidade coletiva dos munic\u00edpios da regi\u00e3o; \u00e9 um exemplo claro de coopera\u00e7\u00e3o institucional entre o poder local, a administra\u00e7\u00e3o central e as estruturas nacionais de prote\u00e7\u00e3o civil. Este \u00e9 um compromisso firme e concreto, que marca a passagem das inten\u00e7\u00f5es para a concretiza\u00e7\u00e3o efetiva de uma resposta estruturante ao servi\u00e7o das popula\u00e7\u00f5es e da seguran\u00e7a do territ\u00f3rio<\/em>\u201d, acrescenta.<\/p>\n\n\n\n<p><strong>Sobre a CIM Viseu D\u00e3o Laf\u00f5es:<\/strong><br>A CIM Viseu D\u00e3o Laf\u00f5es \u00e9 uma associa\u00e7\u00e3o de munic\u00edpios, denominada como Comunidade Intermunicipal, sendo constitu\u00edda pelos munic\u00edpios de\u00a0Aguiar da Beira, Carregal do Sal, Castro Daire, Mangualde, Nelas, Oliveira de Frades, Penalva do Castelo, Santa Comba D\u00e3o, S\u00e3o Pedro do Sul, S\u00e1t\u00e3o, Tondela, Vila Nova de Paiva, Viseu e Vouzela.<\/p>\n","protected":false},"excerpt":{"rendered":"<p>\u201cOs acontecimentos recentes demonstram de forma clara a import\u00e2ncia de refor\u00e7ar a capacidade instalada do sistema de prote\u00e7\u00e3o civil a&#8230;<\/p>\n","protected":false},"author":7,"featured_media":14164,"comment_status":"closed","ping_status":"open","sticky":false,"template":"","format":"standard","meta":[],"categories":[67],"tags":[448,1106],"yoast_head":"<!-- This site is optimized with the Yoast SEO plugin v20.12 - https:\/\/yoast.com\/wordpress\/plugins\/seo\/ -->\n<title>CIM Viseu D\u00e3o Laf\u00f5es aprova por unanimidade instala\u00e7\u00e3o de Centro de Emerg\u00eancia e Prote\u00e7\u00e3o Civil na regi\u00e3o - Atelier do Caractere<\/title>\n<meta name=\"robots\" content=\"index, follow, max-snippet:-1, max-image-preview:large, max-video-preview:-1\" \/>\n<link rel=\"canonical\" href=\"https:\/\/www.atelierdocaractere.pt\/brevemente\/cim-viseu-dao-lafoes-aprova-por-unanimidade-instalacao-de-centro-de-emergencia-e-protecao-civil-na-regiao\/\" \/>\n<meta property=\"og:locale\" content=\"pt_PT\" \/>\n<meta property=\"og:type\" content=\"article\" \/>\n<meta property=\"og:title\" content=\"CIM Viseu D\u00e3o Laf\u00f5es aprova por unanimidade instala\u00e7\u00e3o de Centro de Emerg\u00eancia e Prote\u00e7\u00e3o Civil na regi\u00e3o - Atelier do Caractere\" \/>\n<meta property=\"og:description\" content=\"\u201cOs acontecimentos recentes demonstram de forma clara a import\u00e2ncia de refor\u00e7ar a capacidade instalada do sistema de prote\u00e7\u00e3o civil a...\" \/>\n<meta property=\"og:url\" content=\"https:\/\/www.atelierdocaractere.pt\/brevemente\/cim-viseu-dao-lafoes-aprova-por-unanimidade-instalacao-de-centro-de-emergencia-e-protecao-civil-na-regiao\/\" \/>\n<meta property=\"og:site_name\" content=\"Atelier do Caractere\" \/>\n<meta property=\"article:publisher\" content=\"https:\/\/www.facebook.com\/AtelierdoCaractere\" \/>\n<meta property=\"article:published_time\" content=\"2026-02-03T15:47:09+00:00\" \/>\n<meta property=\"article:modified_time\" content=\"2026-02-04T16:32:28+00:00\" \/>\n<meta property=\"og:image\" content=\"https:\/\/www.atelierdocaractere.pt\/wp-content\/uploads\/2026\/02\/0c5eaea9-dc91-8596-315f-d1ab5ff2d2dc.png\" \/>\n\t<meta property=\"og:image:width\" content=\"1200\" \/>\n\t<meta property=\"og:image:height\" content=\"900\" \/>\n\t<meta property=\"og:image:type\" content=\"image\/png\" \/>\n<meta name=\"author\" content=\"Joana Barbosa\" \/>\n<meta name=\"twitter:card\" content=\"summary_large_image\" \/>\n<meta name=\"twitter:label1\" content=\"Escrito por\" \/>\n\t<meta name=\"twitter:data1\" content=\"Joana Barbosa\" \/>\n\t<meta name=\"twitter:label2\" content=\"Tempo estimado de leitura\" \/>\n\t<meta name=\"twitter:data2\" content=\"3 minutos\" \/>\n<script type=\"application\/ld+json\" class=\"yoast-schema-graph\">{\"@context\":\"https:\/\/schema.org\",\"@graph\":[{\"@type\":\"WebPage\",\"@id\":\"https:\/\/www.atelierdocaractere.pt\/brevemente\/cim-viseu-dao-lafoes-aprova-por-unanimidade-instalacao-de-centro-de-emergencia-e-protecao-civil-na-regiao\/\",\"url\":\"https:\/\/www.atelierdocaractere.pt\/brevemente\/cim-viseu-dao-lafoes-aprova-por-unanimidade-instalacao-de-centro-de-emergencia-e-protecao-civil-na-regiao\/\",\"name\":\"CIM Viseu D\u00e3o Laf\u00f5es aprova por unanimidade instala\u00e7\u00e3o de Centro de Emerg\u00eancia e Prote\u00e7\u00e3o Civil na regi\u00e3o - Atelier do Caractere\",\"isPartOf\":{\"@id\":\"https:\/\/www.atelierdocaractere.pt\/brevemente\/#website\"},\"datePublished\":\"2026-02-03T15:47:09+00:00\",\"dateModified\":\"2026-02-04T16:32:28+00:00\",\"author\":{\"@id\":\"https:\/\/www.atelierdocaractere.pt\/brevemente\/#\/schema\/person\/f2f096eb0f27d9894725af22cb97c0db\"},\"breadcrumb\":{\"@id\":\"https:\/\/www.atelierdocaractere.pt\/brevemente\/cim-viseu-dao-lafoes-aprova-por-unanimidade-instalacao-de-centro-de-emergencia-e-protecao-civil-na-regiao\/#breadcrumb\"},\"inLanguage\":\"pt-PT\",\"potentialAction\":[{\"@type\":\"ReadAction\",\"target\":[\"https:\/\/www.atelierdocaractere.pt\/brevemente\/cim-viseu-dao-lafoes-aprova-por-unanimidade-instalacao-de-centro-de-emergencia-e-protecao-civil-na-regiao\/\"]}]},{\"@type\":\"BreadcrumbList\",\"@id\":\"https:\/\/www.atelierdocaractere.pt\/brevemente\/cim-viseu-dao-lafoes-aprova-por-unanimidade-instalacao-de-centro-de-emergencia-e-protecao-civil-na-regiao\/#breadcrumb\",\"itemListElement\":[{\"@type\":\"ListItem\",\"position\":1,\"name\":\"In\u00edcio\",\"item\":\"https:\/\/www.atelierdocaractere.pt\/brevemente\/\"},{\"@type\":\"ListItem\",\"position\":2,\"name\":\"CIM Viseu D\u00e3o Laf\u00f5es aprova por unanimidade instala\u00e7\u00e3o de Centro de Emerg\u00eancia e Prote\u00e7\u00e3o Civil na regi\u00e3o\"}]},{\"@type\":\"WebSite\",\"@id\":\"https:\/\/www.atelierdocaractere.pt\/brevemente\/#website\",\"url\":\"https:\/\/www.atelierdocaractere.pt\/brevemente\/\",\"name\":\"Atelier do Caractere\",\"description\":\"\",\"potentialAction\":[{\"@type\":\"SearchAction\",\"target\":{\"@type\":\"EntryPoint\",\"urlTemplate\":\"https:\/\/www.atelierdocaractere.pt\/brevemente\/?s={search_term_string}\"},\"query-input\":\"required name=search_term_string\"}],\"inLanguage\":\"pt-PT\"},{\"@type\":\"Person\",\"@id\":\"https:\/\/www.atelierdocaractere.pt\/brevemente\/#\/schema\/person\/f2f096eb0f27d9894725af22cb97c0db\",\"name\":\"Joana Barbosa\",\"image\":{\"@type\":\"ImageObject\",\"inLanguage\":\"pt-PT\",\"@id\":\"https:\/\/www.atelierdocaractere.pt\/brevemente\/#\/schema\/person\/image\/\",\"url\":\"https:\/\/secure.gravatar.com\/avatar\/33e8214b45e9d68a3a83008731075979?s=96&d=mm&r=g\",\"contentUrl\":\"https:\/\/secure.gravatar.com\/avatar\/33e8214b45e9d68a3a83008731075979?s=96&d=mm&r=g\",\"caption\":\"Joana Barbosa\"},\"url\":\"https:\/\/www.atelierdocaractere.pt\/brevemente\/author\/joanabarbosa\/\"}]}<\/script>\n<!-- \/ Yoast SEO plugin. -->","yoast_head_json":{"title":"CIM Viseu D\u00e3o Laf\u00f5es aprova por unanimidade instala\u00e7\u00e3o de Centro de Emerg\u00eancia e Prote\u00e7\u00e3o Civil na regi\u00e3o - Atelier do Caractere","robots":{"index":"index","follow":"follow","max-snippet":"max-snippet:-1","max-image-preview":"max-image-preview:large","max-video-preview":"max-video-preview:-1"},"canonical":"https:\/\/www.atelierdocaractere.pt\/brevemente\/cim-viseu-dao-lafoes-aprova-por-unanimidade-instalacao-de-centro-de-emergencia-e-protecao-civil-na-regiao\/","og_locale":"pt_PT","og_type":"article","og_title":"CIM Viseu D\u00e3o Laf\u00f5es aprova por unanimidade instala\u00e7\u00e3o de Centro de Emerg\u00eancia e Prote\u00e7\u00e3o Civil na regi\u00e3o - Atelier do Caractere","og_description":"\u201cOs acontecimentos recentes demonstram de forma clara a import\u00e2ncia de refor\u00e7ar a capacidade instalada do sistema de prote\u00e7\u00e3o civil a...","og_url":"https:\/\/www.atelierdocaractere.pt\/brevemente\/cim-viseu-dao-lafoes-aprova-por-unanimidade-instalacao-de-centro-de-emergencia-e-protecao-civil-na-regiao\/","og_site_name":"Atelier do Caractere","article_publisher":"https:\/\/www.facebook.com\/AtelierdoCaractere","article_published_time":"2026-02-03T15:47:09+00:00","article_modified_time":"2026-02-04T16:32:28+00:00","og_image":[{"width":1200,"height":900,"url":"https:\/\/www.atelierdocaractere.pt\/wp-content\/uploads\/2026\/02\/0c5eaea9-dc91-8596-315f-d1ab5ff2d2dc.png","type":"image\/png"}],"author":"Joana Barbosa","twitter_card":"summary_large_image","twitter_misc":{"Escrito por":"Joana Barbosa","Tempo estimado de leitura":"3 minutos"},"schema":{"@context":"https:\/\/schema.org","@graph":[{"@type":"WebPage","@id":"https:\/\/www.atelierdocaractere.pt\/brevemente\/cim-viseu-dao-lafoes-aprova-por-unanimidade-instalacao-de-centro-de-emergencia-e-protecao-civil-na-regiao\/","url":"https:\/\/www.atelierdocaractere.pt\/brevemente\/cim-viseu-dao-lafoes-aprova-por-unanimidade-instalacao-de-centro-de-emergencia-e-protecao-civil-na-regiao\/","name":"CIM Viseu D\u00e3o Laf\u00f5es aprova por unanimidade instala\u00e7\u00e3o de Centro de Emerg\u00eancia e Prote\u00e7\u00e3o Civil na regi\u00e3o - Atelier do Caractere","isPartOf":{"@id":"https:\/\/www.atelierdocaractere.pt\/brevemente\/#website"},"datePublished":"2026-02-03T15:47:09+00:00","dateModified":"2026-02-04T16:32:28+00:00","author":{"@id":"https:\/\/www.atelierdocaractere.pt\/brevemente\/#\/schema\/person\/f2f096eb0f27d9894725af22cb97c0db"},"breadcrumb":{"@id":"https:\/\/www.atelierdocaractere.pt\/brevemente\/cim-viseu-dao-lafoes-aprova-por-unanimidade-instalacao-de-centro-de-emergencia-e-protecao-civil-na-regiao\/#breadcrumb"},"inLanguage":"pt-PT","potentialAction":[{"@type":"ReadAction","target":["https:\/\/www.atelierdocaractere.pt\/brevemente\/cim-viseu-dao-lafoes-aprova-por-unanimidade-instalacao-de-centro-de-emergencia-e-protecao-civil-na-regiao\/"]}]},{"@type":"BreadcrumbList","@id":"https:\/\/www.atelierdocaractere.pt\/brevemente\/cim-viseu-dao-lafoes-aprova-por-unanimidade-instalacao-de-centro-de-emergencia-e-protecao-civil-na-regiao\/#breadcrumb","itemListElement":[{"@type":"ListItem","position":1,"name":"In\u00edcio","item":"https:\/\/www.atelierdocaractere.pt\/brevemente\/"},{"@type":"ListItem","position":2,"name":"CIM Viseu D\u00e3o Laf\u00f5es aprova por unanimidade instala\u00e7\u00e3o de Centro de Emerg\u00eancia e Prote\u00e7\u00e3o Civil na regi\u00e3o"}]},{"@type":"WebSite","@id":"https:\/\/www.atelierdocaractere.pt\/brevemente\/#website","url":"https:\/\/www.atelierdocaractere.pt\/brevemente\/","name":"Atelier do Caractere","description":"","potentialAction":[{"@type":"SearchAction","target":{"@type":"EntryPoint","urlTemplate":"https:\/\/www.atelierdocaractere.pt\/brevemente\/?s={search_term_string}"},"query-input":"required name=search_term_string"}],"inLanguage":"pt-PT"},{"@type":"Person","@id":"https:\/\/www.atelierdocaractere.pt\/brevemente\/#\/schema\/person\/f2f096eb0f27d9894725af22cb97c0db","name":"Joana Barbosa","image":{"@type":"ImageObject","inLanguage":"pt-PT","@id":"https:\/\/www.atelierdocaractere.pt\/brevemente\/#\/schema\/person\/image\/","url":"https:\/\/secure.gravatar.com\/avatar\/33e8214b45e9d68a3a83008731075979?s=96&d=mm&r=g","contentUrl":"https:\/\/secure.gravatar.com\/avatar\/33e8214b45e9d68a3a83008731075979?s=96&d=mm&r=g","caption":"Joana Barbosa"},"url":"https:\/\/www.atelierdocaractere.pt\/brevemente\/author\/joanabarbosa\/"}]}},"_links":{"self":[{"href":"https:\/\/www.atelierdocaractere.pt\/brevemente\/wp-json\/wp\/v2\/posts\/14163"}],"collection":[{"href":"https:\/\/www.atelierdocaractere.pt\/brevemente\/wp-json\/wp\/v2\/posts"}],"about":[{"href":"https:\/\/www.atelierdocaractere.pt\/brevemente\/wp-json\/wp\/v2\/types\/post"}],"author":[{"embeddable":true,"href":"https:\/\/www.atelierdocaractere.pt\/brevemente\/wp-json\/wp\/v2\/users\/7"}],"replies":[{"embeddable":true,"href":"https:\/\/www.atelierdocaractere.pt\/brevemente\/wp-json\/wp\/v2\/comments?post=14163"}],"version-history":[{"count":1,"href":"https:\/\/www.atelierdocaractere.pt\/brevemente\/wp-json\/wp\/v2\/posts\/14163\/revisions"}],"predecessor-version":[{"id":14165,"href":"https:\/\/www.atelierdocaractere.pt\/brevemente\/wp-json\/wp\/v2\/posts\/14163\/revisions\/14165"}],"wp:featuredmedia":[{"embeddable":true,"href":"https:\/\/www.atelierdocaractere.pt\/brevemente\/wp-json\/wp\/v2\/media\/14164"}],"wp:attachment":[{"href":"https:\/\/www.atelierdocaractere.pt\/brevemente\/wp-json\/wp\/v2\/media?parent=14163"}],"wp:term":[{"taxonomy":"category","embeddable":true,"href":"https:\/\/www.atelierdocaractere.pt\/brevemente\/wp-json\/wp\/v2\/categories?post=14163"},{"taxonomy":"post_tag","embeddable":true,"href":"https:\/\/www.atelierdocaractere.pt\/brevemente\/wp-json\/wp\/v2\/tags?post=14163"}],"curies":[{"name":"wp","href":"https:\/\/api.w.org\/{rel}","templated":true}]}}