{"id":14170,"date":"2026-02-10T17:43:26","date_gmt":"2026-02-10T17:43:26","guid":{"rendered":"https:\/\/www.atelierdocaractere.pt\/brevemente\/?p=14170"},"modified":"2026-02-10T17:43:30","modified_gmt":"2026-02-10T17:43:30","slug":"grupo-versa-e-patrocinador-principal-de-guimaraes-capital-verde-europeia-2026","status":"publish","type":"post","link":"https:\/\/www.atelierdocaractere.pt\/brevemente\/grupo-versa-e-patrocinador-principal-de-guimaraes-capital-verde-europeia-2026\/","title":{"rendered":"Grupo Versa \u00e9 patrocinador principal de Guimar\u00e3es Capital Verde Europeia 2026"},"content":{"rendered":"\n<ul>\n<li>Parceria estrat\u00e9gica foi selada em cerim\u00f3nia oficial com a C\u00e2mara Municipal de Guimar\u00e3es.<\/li>\n\n\n\n<li>Este patroc\u00ednio marca um cap\u00edtulo importante na hist\u00f3ria do Grupo Versa.<\/li>\n\n\n\n<li>Presidente do grupo, Daniel Carvalho, sublinha: \u201ca sustentabilidade \u00e9 o motor da competitividade das economias do futuro\u201d.<\/li>\n<\/ul>\n\n\n\n<p>O Grupo Versa \u00e9 o patrocinador principal de Guimar\u00e3es Capital Verde Europeia 2026. A parceria foi oficializada, ontem (segunda-feira), numa cerim\u00f3nia realizada na cidade, no Laborat\u00f3rio da Paisagem, que contou com a presen\u00e7a do Presidente do Grupo Versa, Daniel Carvalho, do Presidente da C\u00e2mara Municipal de Guimar\u00e3es, Ricardo Ara\u00fajo, e da Dire\u00e7\u00e3o Guimar\u00e3es 2026.<\/p>\n\n\n\n<p>Este patroc\u00ednio marca um cap\u00edtulo importante na hist\u00f3ria do Grupo Versa, que tem vindo a consolidar o seu crescimento de forma sustentada, beneficiando da experi\u00eancia e compet\u00eancias dos seus respons\u00e1veis para apostar em projetos que definem a competitividade e a resili\u00eancia dos territ\u00f3rios.<\/p>\n\n\n\n<p>Com este acordo, o Grupo Versa \u2013 com atividade nos setores da sa\u00fade e bem-estar, ind\u00fastria e novas tecnologias e imobili\u00e1rio e requalifica\u00e7\u00e3o \u2013 associa-se a um dos mais relevantes projetos europeus no dom\u00ednio da sustentabilidade urbana, refor\u00e7ando o seu compromisso com a inova\u00e7\u00e3o territorial, a transi\u00e7\u00e3o ambiental e o desenvolvimento econ\u00f3mico respons\u00e1vel.<\/p>\n\n\n\n<p><strong>Sustentabilidade como fator de competitividade<\/strong><\/p>\n\n\n\n<p>Para o Grupo Versa, o patroc\u00ednio de Guimar\u00e3es Capital Verde Europeia 2026 representa uma escolha estrat\u00e9gica, alinhada com a sua vis\u00e3o de longo prazo. Durante a cerim\u00f3nia, Daniel Carvalho sublinhou que a sustentabilidade deixou de ser um tema perif\u00e9rico para se afirmar como um verdadeiro motor de competitividade.<\/p>\n\n\n\n<p><em>\u201cEscolhemos estar presentes onde se testam novos modelos de desenvolvimento \u2013 mais equilibrados, mais eficientes na utiliza\u00e7\u00e3o de recursos e mais preparados para os desafios econ\u00f3micos e ambientais que j\u00e1 est\u00e3o a redefinir a competitividade dos territ\u00f3rios\u201d<\/em>, afirmou o Presidente do Grupo Versa.<\/p>\n\n\n\n<p>O respons\u00e1vel destacou, ainda, a necessidade de uma mudan\u00e7a de paradigma na gest\u00e3o empresarial:&nbsp;<em>\u201cDurante muito tempo falou-se da sustentabilidade como um custo. Hoje, a realidade demonstra exatamente o contr\u00e1rio: quando bem integrada, gera resili\u00eancia, atrai investimento, estimula a inova\u00e7\u00e3o e cria valor duradouro. As economias mais fortes da pr\u00f3xima d\u00e9cada n\u00e3o ser\u00e3o apenas as que mais crescerem, mas as que melhor souberem crescer com responsabilidade.\u201d<\/em><\/p>\n\n\n\n<p>J\u00e1 Ricardo Ara\u00fajo, presidente da C\u00e2mara Municipal de Magalh\u00e3es afirmou:<em>&nbsp;\u201cFormalizar e apresentar um Main Sponsor da CVE 26, que \u00e9 um grupo vimaranense, \u00e9 afirmar, com clareza, que este projeto n\u00e3o \u00e9 apenas da C\u00e2mara Municipal, nem apenas das institui\u00e7\u00f5es, mas \u00e9 um projeto do territ\u00f3rio, das empresas e das pessoas. Este \u00e9 um gesto de apoio, sim, mas \u00e9, acima de tudo, um sinal de confian\u00e7a na capacidade de Guimar\u00e3es e uma responsabilidade partilhada.\u201d<\/em><\/p>\n\n\n\n<p><strong>Um legado com impacto no territ\u00f3rio<\/strong><\/p>\n\n\n\n<p>O envolvimento do Grupo Versa em Guimar\u00e3es Capital Verde Europeia 2026 est\u00e1 orientado para a cria\u00e7\u00e3o de resultados concretos e mensur\u00e1veis, com impacto direto na comunidade local, no tecido empresarial e na qualidade de vida dos vimaranenses.<\/p>\n\n\n\n<p>O objetivo passa por garantir que o t\u00edtulo de Capital Verde Europeia 2026 ultrapassa a dimens\u00e3o simb\u00f3lica e se afirma como um verdadeiro marco no posicionamento europeu de Guimar\u00e3es e no futuro sustent\u00e1vel da cidade.<\/p>\n\n\n\n<p><em>\u201cAquilo que verdadeiramente nos mobiliza \u00e9 o impacto. Queremos que esta parceria contribua para um legado com efeitos reais nas pr\u00f3ximas gera\u00e7\u00f5es. O futuro n\u00e3o se espera \u2013 constr\u00f3i-se. E, hoje, escolhemos constru\u00ed-lo em conjunto\u201d<\/em>, concluiu Daniel Carvalho.<\/p>\n\n\n\n<p><strong>Sobre o Grupo Versa<\/strong><\/p>\n\n\n\n<p>O Grupo Versa \u00e9 uma holding portuguesa que investe e desenvolve projetos em setores estrat\u00e9gicos como sa\u00fade, imobili\u00e1rio, energia, mobilidade, sustentabilidade e servi\u00e7os. Com uma vis\u00e3o orientada para o longo prazo e para o impacto real nos territ\u00f3rios, o Grupo distingue-se por transformar desafios complexos em solu\u00e7\u00f5es inovadoras e sustent\u00e1veis. Como Main Sponsor de Guimar\u00e3es Capital Verde Europeia 2026, o Grupo Versa reafirma o seu compromisso de colocar a economia ao servi\u00e7o das pessoas e do futuro das cidades, promovendo um modelo de desenvolvimento mais resiliente e inclusivo.<\/p>\n","protected":false},"excerpt":{"rendered":"<p>O Grupo Versa \u00e9 o patrocinador principal de Guimar\u00e3es Capital Verde Europeia 2026. A parceria foi oficializada, ontem (segunda-feira), numa&#8230;<\/p>\n","protected":false},"author":7,"featured_media":14171,"comment_status":"closed","ping_status":"open","sticky":false,"template":"","format":"standard","meta":[],"categories":[67],"tags":[1107],"yoast_head":"<!-- This site is optimized with the Yoast SEO plugin v20.12 - https:\/\/yoast.com\/wordpress\/plugins\/seo\/ -->\n<title>Grupo Versa \u00e9 patrocinador principal de Guimar\u00e3es Capital Verde Europeia 2026 - Atelier do Caractere<\/title>\n<meta name=\"robots\" content=\"index, follow, max-snippet:-1, max-image-preview:large, max-video-preview:-1\" \/>\n<link rel=\"canonical\" href=\"https:\/\/www.atelierdocaractere.pt\/brevemente\/grupo-versa-e-patrocinador-principal-de-guimaraes-capital-verde-europeia-2026\/\" \/>\n<meta property=\"og:locale\" content=\"pt_PT\" \/>\n<meta property=\"og:type\" content=\"article\" \/>\n<meta property=\"og:title\" content=\"Grupo Versa \u00e9 patrocinador principal de Guimar\u00e3es Capital Verde Europeia 2026 - Atelier do Caractere\" \/>\n<meta property=\"og:description\" content=\"O Grupo Versa \u00e9 o patrocinador principal de Guimar\u00e3es Capital Verde Europeia 2026. A parceria foi oficializada, ontem (segunda-feira), numa...\" \/>\n<meta property=\"og:url\" content=\"https:\/\/www.atelierdocaractere.pt\/brevemente\/grupo-versa-e-patrocinador-principal-de-guimaraes-capital-verde-europeia-2026\/\" \/>\n<meta property=\"og:site_name\" content=\"Atelier do Caractere\" \/>\n<meta property=\"article:publisher\" content=\"https:\/\/www.facebook.com\/AtelierdoCaractere\" \/>\n<meta property=\"article:published_time\" content=\"2026-02-10T17:43:26+00:00\" \/>\n<meta property=\"article:modified_time\" content=\"2026-02-10T17:43:30+00:00\" \/>\n<meta property=\"og:image\" content=\"https:\/\/www.atelierdocaractere.pt\/wp-content\/uploads\/2026\/02\/grupo-versa-patrocinador-principal-guimaraes-capital-verde-europeia-2026.jpg\" \/>\n\t<meta property=\"og:image:width\" content=\"3600\" \/>\n\t<meta property=\"og:image:height\" content=\"2400\" \/>\n\t<meta property=\"og:image:type\" content=\"image\/jpeg\" \/>\n<meta name=\"author\" content=\"Joana Barbosa\" \/>\n<meta name=\"twitter:card\" content=\"summary_large_image\" \/>\n<meta name=\"twitter:label1\" content=\"Escrito por\" \/>\n\t<meta name=\"twitter:data1\" content=\"Joana Barbosa\" \/>\n\t<meta name=\"twitter:label2\" content=\"Tempo estimado de leitura\" \/>\n\t<meta name=\"twitter:data2\" content=\"4 minutos\" \/>\n<script type=\"application\/ld+json\" class=\"yoast-schema-graph\">{\"@context\":\"https:\/\/schema.org\",\"@graph\":[{\"@type\":\"WebPage\",\"@id\":\"https:\/\/www.atelierdocaractere.pt\/brevemente\/grupo-versa-e-patrocinador-principal-de-guimaraes-capital-verde-europeia-2026\/\",\"url\":\"https:\/\/www.atelierdocaractere.pt\/brevemente\/grupo-versa-e-patrocinador-principal-de-guimaraes-capital-verde-europeia-2026\/\",\"name\":\"Grupo Versa \u00e9 patrocinador principal de Guimar\u00e3es Capital Verde Europeia 2026 - Atelier do Caractere\",\"isPartOf\":{\"@id\":\"https:\/\/www.atelierdocaractere.pt\/brevemente\/#website\"},\"datePublished\":\"2026-02-10T17:43:26+00:00\",\"dateModified\":\"2026-02-10T17:43:30+00:00\",\"author\":{\"@id\":\"https:\/\/www.atelierdocaractere.pt\/brevemente\/#\/schema\/person\/f2f096eb0f27d9894725af22cb97c0db\"},\"breadcrumb\":{\"@id\":\"https:\/\/www.atelierdocaractere.pt\/brevemente\/grupo-versa-e-patrocinador-principal-de-guimaraes-capital-verde-europeia-2026\/#breadcrumb\"},\"inLanguage\":\"pt-PT\",\"potentialAction\":[{\"@type\":\"ReadAction\",\"target\":[\"https:\/\/www.atelierdocaractere.pt\/brevemente\/grupo-versa-e-patrocinador-principal-de-guimaraes-capital-verde-europeia-2026\/\"]}]},{\"@type\":\"BreadcrumbList\",\"@id\":\"https:\/\/www.atelierdocaractere.pt\/brevemente\/grupo-versa-e-patrocinador-principal-de-guimaraes-capital-verde-europeia-2026\/#breadcrumb\",\"itemListElement\":[{\"@type\":\"ListItem\",\"position\":1,\"name\":\"In\u00edcio\",\"item\":\"https:\/\/www.atelierdocaractere.pt\/brevemente\/\"},{\"@type\":\"ListItem\",\"position\":2,\"name\":\"Grupo Versa \u00e9 patrocinador principal de Guimar\u00e3es Capital Verde Europeia 2026\"}]},{\"@type\":\"WebSite\",\"@id\":\"https:\/\/www.atelierdocaractere.pt\/brevemente\/#website\",\"url\":\"https:\/\/www.atelierdocaractere.pt\/brevemente\/\",\"name\":\"Atelier do Caractere\",\"description\":\"\",\"potentialAction\":[{\"@type\":\"SearchAction\",\"target\":{\"@type\":\"EntryPoint\",\"urlTemplate\":\"https:\/\/www.atelierdocaractere.pt\/brevemente\/?s={search_term_string}\"},\"query-input\":\"required name=search_term_string\"}],\"inLanguage\":\"pt-PT\"},{\"@type\":\"Person\",\"@id\":\"https:\/\/www.atelierdocaractere.pt\/brevemente\/#\/schema\/person\/f2f096eb0f27d9894725af22cb97c0db\",\"name\":\"Joana Barbosa\",\"image\":{\"@type\":\"ImageObject\",\"inLanguage\":\"pt-PT\",\"@id\":\"https:\/\/www.atelierdocaractere.pt\/brevemente\/#\/schema\/person\/image\/\",\"url\":\"https:\/\/secure.gravatar.com\/avatar\/33e8214b45e9d68a3a83008731075979?s=96&d=mm&r=g\",\"contentUrl\":\"https:\/\/secure.gravatar.com\/avatar\/33e8214b45e9d68a3a83008731075979?s=96&d=mm&r=g\",\"caption\":\"Joana Barbosa\"},\"url\":\"https:\/\/www.atelierdocaractere.pt\/brevemente\/author\/joanabarbosa\/\"}]}<\/script>\n<!-- \/ Yoast SEO plugin. -->","yoast_head_json":{"title":"Grupo Versa \u00e9 patrocinador principal de Guimar\u00e3es Capital Verde Europeia 2026 - Atelier do Caractere","robots":{"index":"index","follow":"follow","max-snippet":"max-snippet:-1","max-image-preview":"max-image-preview:large","max-video-preview":"max-video-preview:-1"},"canonical":"https:\/\/www.atelierdocaractere.pt\/brevemente\/grupo-versa-e-patrocinador-principal-de-guimaraes-capital-verde-europeia-2026\/","og_locale":"pt_PT","og_type":"article","og_title":"Grupo Versa \u00e9 patrocinador principal de Guimar\u00e3es Capital Verde Europeia 2026 - Atelier do Caractere","og_description":"O Grupo Versa \u00e9 o patrocinador principal de Guimar\u00e3es Capital Verde Europeia 2026. A parceria foi oficializada, ontem (segunda-feira), numa...","og_url":"https:\/\/www.atelierdocaractere.pt\/brevemente\/grupo-versa-e-patrocinador-principal-de-guimaraes-capital-verde-europeia-2026\/","og_site_name":"Atelier do Caractere","article_publisher":"https:\/\/www.facebook.com\/AtelierdoCaractere","article_published_time":"2026-02-10T17:43:26+00:00","article_modified_time":"2026-02-10T17:43:30+00:00","og_image":[{"width":3600,"height":2400,"url":"https:\/\/www.atelierdocaractere.pt\/wp-content\/uploads\/2026\/02\/grupo-versa-patrocinador-principal-guimaraes-capital-verde-europeia-2026.jpg","type":"image\/jpeg"}],"author":"Joana Barbosa","twitter_card":"summary_large_image","twitter_misc":{"Escrito por":"Joana Barbosa","Tempo estimado de leitura":"4 minutos"},"schema":{"@context":"https:\/\/schema.org","@graph":[{"@type":"WebPage","@id":"https:\/\/www.atelierdocaractere.pt\/brevemente\/grupo-versa-e-patrocinador-principal-de-guimaraes-capital-verde-europeia-2026\/","url":"https:\/\/www.atelierdocaractere.pt\/brevemente\/grupo-versa-e-patrocinador-principal-de-guimaraes-capital-verde-europeia-2026\/","name":"Grupo Versa \u00e9 patrocinador principal de Guimar\u00e3es Capital Verde Europeia 2026 - Atelier do Caractere","isPartOf":{"@id":"https:\/\/www.atelierdocaractere.pt\/brevemente\/#website"},"datePublished":"2026-02-10T17:43:26+00:00","dateModified":"2026-02-10T17:43:30+00:00","author":{"@id":"https:\/\/www.atelierdocaractere.pt\/brevemente\/#\/schema\/person\/f2f096eb0f27d9894725af22cb97c0db"},"breadcrumb":{"@id":"https:\/\/www.atelierdocaractere.pt\/brevemente\/grupo-versa-e-patrocinador-principal-de-guimaraes-capital-verde-europeia-2026\/#breadcrumb"},"inLanguage":"pt-PT","potentialAction":[{"@type":"ReadAction","target":["https:\/\/www.atelierdocaractere.pt\/brevemente\/grupo-versa-e-patrocinador-principal-de-guimaraes-capital-verde-europeia-2026\/"]}]},{"@type":"BreadcrumbList","@id":"https:\/\/www.atelierdocaractere.pt\/brevemente\/grupo-versa-e-patrocinador-principal-de-guimaraes-capital-verde-europeia-2026\/#breadcrumb","itemListElement":[{"@type":"ListItem","position":1,"name":"In\u00edcio","item":"https:\/\/www.atelierdocaractere.pt\/brevemente\/"},{"@type":"ListItem","position":2,"name":"Grupo Versa \u00e9 patrocinador principal de Guimar\u00e3es Capital Verde Europeia 2026"}]},{"@type":"WebSite","@id":"https:\/\/www.atelierdocaractere.pt\/brevemente\/#website","url":"https:\/\/www.atelierdocaractere.pt\/brevemente\/","name":"Atelier do Caractere","description":"","potentialAction":[{"@type":"SearchAction","target":{"@type":"EntryPoint","urlTemplate":"https:\/\/www.atelierdocaractere.pt\/brevemente\/?s={search_term_string}"},"query-input":"required name=search_term_string"}],"inLanguage":"pt-PT"},{"@type":"Person","@id":"https:\/\/www.atelierdocaractere.pt\/brevemente\/#\/schema\/person\/f2f096eb0f27d9894725af22cb97c0db","name":"Joana Barbosa","image":{"@type":"ImageObject","inLanguage":"pt-PT","@id":"https:\/\/www.atelierdocaractere.pt\/brevemente\/#\/schema\/person\/image\/","url":"https:\/\/secure.gravatar.com\/avatar\/33e8214b45e9d68a3a83008731075979?s=96&d=mm&r=g","contentUrl":"https:\/\/secure.gravatar.com\/avatar\/33e8214b45e9d68a3a83008731075979?s=96&d=mm&r=g","caption":"Joana Barbosa"},"url":"https:\/\/www.atelierdocaractere.pt\/brevemente\/author\/joanabarbosa\/"}]}},"_links":{"self":[{"href":"https:\/\/www.atelierdocaractere.pt\/brevemente\/wp-json\/wp\/v2\/posts\/14170"}],"collection":[{"href":"https:\/\/www.atelierdocaractere.pt\/brevemente\/wp-json\/wp\/v2\/posts"}],"about":[{"href":"https:\/\/www.atelierdocaractere.pt\/brevemente\/wp-json\/wp\/v2\/types\/post"}],"author":[{"embeddable":true,"href":"https:\/\/www.atelierdocaractere.pt\/brevemente\/wp-json\/wp\/v2\/users\/7"}],"replies":[{"embeddable":true,"href":"https:\/\/www.atelierdocaractere.pt\/brevemente\/wp-json\/wp\/v2\/comments?post=14170"}],"version-history":[{"count":1,"href":"https:\/\/www.atelierdocaractere.pt\/brevemente\/wp-json\/wp\/v2\/posts\/14170\/revisions"}],"predecessor-version":[{"id":14172,"href":"https:\/\/www.atelierdocaractere.pt\/brevemente\/wp-json\/wp\/v2\/posts\/14170\/revisions\/14172"}],"wp:featuredmedia":[{"embeddable":true,"href":"https:\/\/www.atelierdocaractere.pt\/brevemente\/wp-json\/wp\/v2\/media\/14171"}],"wp:attachment":[{"href":"https:\/\/www.atelierdocaractere.pt\/brevemente\/wp-json\/wp\/v2\/media?parent=14170"}],"wp:term":[{"taxonomy":"category","embeddable":true,"href":"https:\/\/www.atelierdocaractere.pt\/brevemente\/wp-json\/wp\/v2\/categories?post=14170"},{"taxonomy":"post_tag","embeddable":true,"href":"https:\/\/www.atelierdocaractere.pt\/brevemente\/wp-json\/wp\/v2\/tags?post=14170"}],"curies":[{"name":"wp","href":"https:\/\/api.w.org\/{rel}","templated":true}]}}