{"id":14174,"date":"2026-02-11T11:21:28","date_gmt":"2026-02-11T11:21:28","guid":{"rendered":"https:\/\/www.atelierdocaractere.pt\/brevemente\/?p=14174"},"modified":"2026-02-12T11:25:46","modified_gmt":"2026-02-12T11:25:46","slug":"rotulo-de-tributo-a-mulher-alentejana-conquista-premio-de-design-internacional","status":"publish","type":"post","link":"https:\/\/www.atelierdocaractere.pt\/brevemente\/rotulo-de-tributo-a-mulher-alentejana-conquista-premio-de-design-internacional\/","title":{"rendered":"R\u00f3tulo de tributo \u00e0 mulher alentejana conquista pr\u00e9mio de design internacional"},"content":{"rendered":"\n<p><strong>A Herdade Grande foi distinguida nos German Design Awards, uma das mais relevantes competi\u00e7\u00f5es internacionais de design, com o pr\u00e9mio\u00a0<em>Winner<\/em>, atribu\u00eddo \u00e0 imagem e r\u00f3tulo do Azeite Herdade Grande Virgem Extra.<\/strong><\/p>\n\n\n\n<figure class=\"wp-block-image size-large\"><img decoding=\"async\" width=\"1024\" height=\"640\" src=\"https:\/\/www.atelierdocaractere.pt\/wp-content\/uploads\/2026\/02\/macr-herdadegrande-1-1024x640.jpg\" alt=\"\" class=\"wp-image-14175\" srcset=\"https:\/\/www.atelierdocaractere.pt\/wp-content\/uploads\/2026\/02\/macr-herdadegrande-1-1024x640.jpg 1024w, https:\/\/www.atelierdocaractere.pt\/wp-content\/uploads\/2026\/02\/macr-herdadegrande-1-300x188.jpg 300w, https:\/\/www.atelierdocaractere.pt\/wp-content\/uploads\/2026\/02\/macr-herdadegrande-1-768x480.jpg 768w, https:\/\/www.atelierdocaractere.pt\/wp-content\/uploads\/2026\/02\/macr-herdadegrande-1-1536x960.jpg 1536w, https:\/\/www.atelierdocaractere.pt\/wp-content\/uploads\/2026\/02\/macr-herdadegrande-1.jpg 1920w\" sizes=\"(max-width: 1024px) 100vw, 1024px\" \/><\/figure>\n\n\n\n<p>O reconhecimento distingue o trabalho criativo desenvolvido pela ag\u00eancia M&amp;A Creative, respons\u00e1vel pela conce\u00e7\u00e3o de um r\u00f3tulo profundamente enraizado na identidade cultural do Alentejo. Inspirado no tradicional len\u00e7o feminino alentejano, o design concretiza um objetivo de tributo \u00e0 mulher alentejana, s\u00edmbolo de for\u00e7a, resili\u00eancia, saber e liga\u00e7\u00e3o \u00e0 terra.<\/p>\n\n\n\n<p><em>\u201cA Herdade Grande, casa centen\u00e1ria sediada na Vidigueira, tem vindo a procurar perpetuar o patrim\u00f3nio hist\u00f3rico, cultural e identit\u00e1rio do Alentejo, valorizando as suas gentes, tradi\u00e7\u00f5es e modos de vida, atrav\u00e9s de diversos produtos, em particular o vinho, mas tamb\u00e9m o azeite. Este pr\u00e9mio, que nos enche de orgulho e satisfa\u00e7\u00e3o, \u00e9 resultado da colabora\u00e7\u00e3o com a M&amp;A, ag\u00eancia que tem vindo a acompanhar-nos com a sua criatividade\u201d<\/em>, afirma Mariana Lan\u00e7a, diretora-geral da Herdade Grande.&nbsp;<em>\u201cA imagem do r\u00f3tulo \u00e9 inspirada num verdadeiro len\u00e7o tradicional alentejano, gentilmente cedido pela nossa querida Teresa, uma das mais antigas colaboradoras da Herdade Grande, que alinhou prontamente na ideia e nos deu a escolher uma s\u00e9rie de len\u00e7os antigos que tinha guardados\u201d<\/em>, termina.<\/p>\n\n\n\n<p>O r\u00f3tulo Herdade Grande foi premiado entre mais de 3.900 projetos provenientes de 57 pa\u00edses, com o j\u00fari internacional independente dos German Design Awards a destacar a originalidade, coer\u00eancia conceptual e qualidade est\u00e9tica do r\u00f3tulo.<\/p>\n\n\n\n<p><strong>Sobre a Herdade Grande<\/strong><\/p>\n\n\n\n<p>A Herdade Grande \u00e9 uma das mais emblem\u00e1ticas propriedades alentejanas. Sediada no Alentejo, a 5 Km da Vidigueira, e ber\u00e7o centen\u00e1rio da fam\u00edlia Lan\u00e7a, que ali se instalou em 1920, a Herdade Grande tem uma forte tradi\u00e7\u00e3o no sector agr\u00edcola e na viticultura. A aposta na produ\u00e7\u00e3o de vinho foi acentuada de forma estrat\u00e9gica, desde 1980, pelo atual propriet\u00e1rio, Ant\u00f3nio Lan\u00e7a, carism\u00e1tico agr\u00f3nomo que restruturou as vinhas existentes e desenhou o patrim\u00f3nio de castas que hoje evolui no&nbsp;<em>terroir<\/em>&nbsp;Herdade Grande, ao longo de 60 hectares (capacidade de produ\u00e7\u00e3o para 400.000 garrafas). A vis\u00e3o inovadora e experimentalista levou \u00e0 conjuga\u00e7\u00e3o das variedades emblem\u00e1ticas da regi\u00e3o com as grandes castas nacionais e internacionais que, pela adaptabilidade e originalidade, melhor contribuem para a express\u00e3o genu\u00edna dos vinhos alentejanos. Em 1997, a Herdade Grande come\u00e7ou a engarrafar os pr\u00f3prios vinhos, assumindo-se como um dos mais antigos e reputados projetos familiares da regi\u00e3o. Propriedade centen\u00e1ria, a Herdade Grande celebra tamb\u00e9m a quarta gera\u00e7\u00e3o da fam\u00edlia Lan\u00e7a presente, gra\u00e7as ao contributo de Mariana Lan\u00e7a, filha de Ant\u00f3nio Lan\u00e7a, tamb\u00e9m ela agr\u00f3noma, com mestrado em Viticultura e Enologia, e uma apaixonada pela herdade que o seu bisav\u00f4 descobriu em 1920.<\/p>\n","protected":false},"excerpt":{"rendered":"<p>A Herdade Grande foi distinguida nos German Design Awards, uma das mais relevantes competi\u00e7\u00f5es internacionais de design, com o pr\u00e9mio\u00a0Winner,&#8230;<\/p>\n","protected":false},"author":7,"featured_media":14175,"comment_status":"closed","ping_status":"open","sticky":false,"template":"","format":"standard","meta":[],"categories":[41],"tags":[1109,1108,423],"yoast_head":"<!-- This site is optimized with the Yoast SEO plugin v20.12 - https:\/\/yoast.com\/wordpress\/plugins\/seo\/ -->\n<title>R\u00f3tulo de tributo \u00e0 mulher alentejana conquista pr\u00e9mio de design internacional - Atelier do Caractere<\/title>\n<meta name=\"robots\" content=\"index, follow, max-snippet:-1, max-image-preview:large, max-video-preview:-1\" \/>\n<link rel=\"canonical\" href=\"https:\/\/www.atelierdocaractere.pt\/brevemente\/rotulo-de-tributo-a-mulher-alentejana-conquista-premio-de-design-internacional\/\" \/>\n<meta property=\"og:locale\" content=\"pt_PT\" \/>\n<meta property=\"og:type\" content=\"article\" \/>\n<meta property=\"og:title\" content=\"R\u00f3tulo de tributo \u00e0 mulher alentejana conquista pr\u00e9mio de design internacional - Atelier do Caractere\" \/>\n<meta property=\"og:description\" content=\"A Herdade Grande foi distinguida nos German Design Awards, uma das mais relevantes competi\u00e7\u00f5es internacionais de design, com o pr\u00e9mio\u00a0Winner,...\" \/>\n<meta property=\"og:url\" content=\"https:\/\/www.atelierdocaractere.pt\/brevemente\/rotulo-de-tributo-a-mulher-alentejana-conquista-premio-de-design-internacional\/\" \/>\n<meta property=\"og:site_name\" content=\"Atelier do Caractere\" \/>\n<meta property=\"article:publisher\" content=\"https:\/\/www.facebook.com\/AtelierdoCaractere\" \/>\n<meta property=\"article:published_time\" content=\"2026-02-11T11:21:28+00:00\" \/>\n<meta property=\"article:modified_time\" content=\"2026-02-12T11:25:46+00:00\" \/>\n<meta property=\"og:image\" content=\"https:\/\/www.atelierdocaractere.pt\/wp-content\/uploads\/2026\/02\/macr-herdadegrande-1.jpg\" \/>\n\t<meta property=\"og:image:width\" content=\"1920\" \/>\n\t<meta property=\"og:image:height\" content=\"1200\" \/>\n\t<meta property=\"og:image:type\" content=\"image\/jpeg\" \/>\n<meta name=\"author\" content=\"Joana Barbosa\" \/>\n<meta name=\"twitter:card\" content=\"summary_large_image\" \/>\n<meta name=\"twitter:label1\" content=\"Escrito por\" \/>\n\t<meta name=\"twitter:data1\" content=\"Joana Barbosa\" \/>\n\t<meta name=\"twitter:label2\" content=\"Tempo estimado de leitura\" \/>\n\t<meta name=\"twitter:data2\" content=\"3 minutos\" \/>\n<script type=\"application\/ld+json\" class=\"yoast-schema-graph\">{\"@context\":\"https:\/\/schema.org\",\"@graph\":[{\"@type\":\"WebPage\",\"@id\":\"https:\/\/www.atelierdocaractere.pt\/brevemente\/rotulo-de-tributo-a-mulher-alentejana-conquista-premio-de-design-internacional\/\",\"url\":\"https:\/\/www.atelierdocaractere.pt\/brevemente\/rotulo-de-tributo-a-mulher-alentejana-conquista-premio-de-design-internacional\/\",\"name\":\"R\u00f3tulo de tributo \u00e0 mulher alentejana conquista pr\u00e9mio de design internacional - Atelier do Caractere\",\"isPartOf\":{\"@id\":\"https:\/\/www.atelierdocaractere.pt\/brevemente\/#website\"},\"datePublished\":\"2026-02-11T11:21:28+00:00\",\"dateModified\":\"2026-02-12T11:25:46+00:00\",\"author\":{\"@id\":\"https:\/\/www.atelierdocaractere.pt\/brevemente\/#\/schema\/person\/f2f096eb0f27d9894725af22cb97c0db\"},\"breadcrumb\":{\"@id\":\"https:\/\/www.atelierdocaractere.pt\/brevemente\/rotulo-de-tributo-a-mulher-alentejana-conquista-premio-de-design-internacional\/#breadcrumb\"},\"inLanguage\":\"pt-PT\",\"potentialAction\":[{\"@type\":\"ReadAction\",\"target\":[\"https:\/\/www.atelierdocaractere.pt\/brevemente\/rotulo-de-tributo-a-mulher-alentejana-conquista-premio-de-design-internacional\/\"]}]},{\"@type\":\"BreadcrumbList\",\"@id\":\"https:\/\/www.atelierdocaractere.pt\/brevemente\/rotulo-de-tributo-a-mulher-alentejana-conquista-premio-de-design-internacional\/#breadcrumb\",\"itemListElement\":[{\"@type\":\"ListItem\",\"position\":1,\"name\":\"In\u00edcio\",\"item\":\"https:\/\/www.atelierdocaractere.pt\/brevemente\/\"},{\"@type\":\"ListItem\",\"position\":2,\"name\":\"R\u00f3tulo de tributo \u00e0 mulher alentejana conquista pr\u00e9mio de design internacional\"}]},{\"@type\":\"WebSite\",\"@id\":\"https:\/\/www.atelierdocaractere.pt\/brevemente\/#website\",\"url\":\"https:\/\/www.atelierdocaractere.pt\/brevemente\/\",\"name\":\"Atelier do Caractere\",\"description\":\"\",\"potentialAction\":[{\"@type\":\"SearchAction\",\"target\":{\"@type\":\"EntryPoint\",\"urlTemplate\":\"https:\/\/www.atelierdocaractere.pt\/brevemente\/?s={search_term_string}\"},\"query-input\":\"required name=search_term_string\"}],\"inLanguage\":\"pt-PT\"},{\"@type\":\"Person\",\"@id\":\"https:\/\/www.atelierdocaractere.pt\/brevemente\/#\/schema\/person\/f2f096eb0f27d9894725af22cb97c0db\",\"name\":\"Joana Barbosa\",\"image\":{\"@type\":\"ImageObject\",\"inLanguage\":\"pt-PT\",\"@id\":\"https:\/\/www.atelierdocaractere.pt\/brevemente\/#\/schema\/person\/image\/\",\"url\":\"https:\/\/secure.gravatar.com\/avatar\/33e8214b45e9d68a3a83008731075979?s=96&d=mm&r=g\",\"contentUrl\":\"https:\/\/secure.gravatar.com\/avatar\/33e8214b45e9d68a3a83008731075979?s=96&d=mm&r=g\",\"caption\":\"Joana Barbosa\"},\"url\":\"https:\/\/www.atelierdocaractere.pt\/brevemente\/author\/joanabarbosa\/\"}]}<\/script>\n<!-- \/ Yoast SEO plugin. -->","yoast_head_json":{"title":"R\u00f3tulo de tributo \u00e0 mulher alentejana conquista pr\u00e9mio de design internacional - Atelier do Caractere","robots":{"index":"index","follow":"follow","max-snippet":"max-snippet:-1","max-image-preview":"max-image-preview:large","max-video-preview":"max-video-preview:-1"},"canonical":"https:\/\/www.atelierdocaractere.pt\/brevemente\/rotulo-de-tributo-a-mulher-alentejana-conquista-premio-de-design-internacional\/","og_locale":"pt_PT","og_type":"article","og_title":"R\u00f3tulo de tributo \u00e0 mulher alentejana conquista pr\u00e9mio de design internacional - Atelier do Caractere","og_description":"A Herdade Grande foi distinguida nos German Design Awards, uma das mais relevantes competi\u00e7\u00f5es internacionais de design, com o pr\u00e9mio\u00a0Winner,...","og_url":"https:\/\/www.atelierdocaractere.pt\/brevemente\/rotulo-de-tributo-a-mulher-alentejana-conquista-premio-de-design-internacional\/","og_site_name":"Atelier do Caractere","article_publisher":"https:\/\/www.facebook.com\/AtelierdoCaractere","article_published_time":"2026-02-11T11:21:28+00:00","article_modified_time":"2026-02-12T11:25:46+00:00","og_image":[{"width":1920,"height":1200,"url":"https:\/\/www.atelierdocaractere.pt\/wp-content\/uploads\/2026\/02\/macr-herdadegrande-1.jpg","type":"image\/jpeg"}],"author":"Joana Barbosa","twitter_card":"summary_large_image","twitter_misc":{"Escrito por":"Joana Barbosa","Tempo estimado de leitura":"3 minutos"},"schema":{"@context":"https:\/\/schema.org","@graph":[{"@type":"WebPage","@id":"https:\/\/www.atelierdocaractere.pt\/brevemente\/rotulo-de-tributo-a-mulher-alentejana-conquista-premio-de-design-internacional\/","url":"https:\/\/www.atelierdocaractere.pt\/brevemente\/rotulo-de-tributo-a-mulher-alentejana-conquista-premio-de-design-internacional\/","name":"R\u00f3tulo de tributo \u00e0 mulher alentejana conquista pr\u00e9mio de design internacional - Atelier do Caractere","isPartOf":{"@id":"https:\/\/www.atelierdocaractere.pt\/brevemente\/#website"},"datePublished":"2026-02-11T11:21:28+00:00","dateModified":"2026-02-12T11:25:46+00:00","author":{"@id":"https:\/\/www.atelierdocaractere.pt\/brevemente\/#\/schema\/person\/f2f096eb0f27d9894725af22cb97c0db"},"breadcrumb":{"@id":"https:\/\/www.atelierdocaractere.pt\/brevemente\/rotulo-de-tributo-a-mulher-alentejana-conquista-premio-de-design-internacional\/#breadcrumb"},"inLanguage":"pt-PT","potentialAction":[{"@type":"ReadAction","target":["https:\/\/www.atelierdocaractere.pt\/brevemente\/rotulo-de-tributo-a-mulher-alentejana-conquista-premio-de-design-internacional\/"]}]},{"@type":"BreadcrumbList","@id":"https:\/\/www.atelierdocaractere.pt\/brevemente\/rotulo-de-tributo-a-mulher-alentejana-conquista-premio-de-design-internacional\/#breadcrumb","itemListElement":[{"@type":"ListItem","position":1,"name":"In\u00edcio","item":"https:\/\/www.atelierdocaractere.pt\/brevemente\/"},{"@type":"ListItem","position":2,"name":"R\u00f3tulo de tributo \u00e0 mulher alentejana conquista pr\u00e9mio de design internacional"}]},{"@type":"WebSite","@id":"https:\/\/www.atelierdocaractere.pt\/brevemente\/#website","url":"https:\/\/www.atelierdocaractere.pt\/brevemente\/","name":"Atelier do Caractere","description":"","potentialAction":[{"@type":"SearchAction","target":{"@type":"EntryPoint","urlTemplate":"https:\/\/www.atelierdocaractere.pt\/brevemente\/?s={search_term_string}"},"query-input":"required name=search_term_string"}],"inLanguage":"pt-PT"},{"@type":"Person","@id":"https:\/\/www.atelierdocaractere.pt\/brevemente\/#\/schema\/person\/f2f096eb0f27d9894725af22cb97c0db","name":"Joana Barbosa","image":{"@type":"ImageObject","inLanguage":"pt-PT","@id":"https:\/\/www.atelierdocaractere.pt\/brevemente\/#\/schema\/person\/image\/","url":"https:\/\/secure.gravatar.com\/avatar\/33e8214b45e9d68a3a83008731075979?s=96&d=mm&r=g","contentUrl":"https:\/\/secure.gravatar.com\/avatar\/33e8214b45e9d68a3a83008731075979?s=96&d=mm&r=g","caption":"Joana Barbosa"},"url":"https:\/\/www.atelierdocaractere.pt\/brevemente\/author\/joanabarbosa\/"}]}},"_links":{"self":[{"href":"https:\/\/www.atelierdocaractere.pt\/brevemente\/wp-json\/wp\/v2\/posts\/14174"}],"collection":[{"href":"https:\/\/www.atelierdocaractere.pt\/brevemente\/wp-json\/wp\/v2\/posts"}],"about":[{"href":"https:\/\/www.atelierdocaractere.pt\/brevemente\/wp-json\/wp\/v2\/types\/post"}],"author":[{"embeddable":true,"href":"https:\/\/www.atelierdocaractere.pt\/brevemente\/wp-json\/wp\/v2\/users\/7"}],"replies":[{"embeddable":true,"href":"https:\/\/www.atelierdocaractere.pt\/brevemente\/wp-json\/wp\/v2\/comments?post=14174"}],"version-history":[{"count":1,"href":"https:\/\/www.atelierdocaractere.pt\/brevemente\/wp-json\/wp\/v2\/posts\/14174\/revisions"}],"predecessor-version":[{"id":14176,"href":"https:\/\/www.atelierdocaractere.pt\/brevemente\/wp-json\/wp\/v2\/posts\/14174\/revisions\/14176"}],"wp:featuredmedia":[{"embeddable":true,"href":"https:\/\/www.atelierdocaractere.pt\/brevemente\/wp-json\/wp\/v2\/media\/14175"}],"wp:attachment":[{"href":"https:\/\/www.atelierdocaractere.pt\/brevemente\/wp-json\/wp\/v2\/media?parent=14174"}],"wp:term":[{"taxonomy":"category","embeddable":true,"href":"https:\/\/www.atelierdocaractere.pt\/brevemente\/wp-json\/wp\/v2\/categories?post=14174"},{"taxonomy":"post_tag","embeddable":true,"href":"https:\/\/www.atelierdocaractere.pt\/brevemente\/wp-json\/wp\/v2\/tags?post=14174"}],"curies":[{"name":"wp","href":"https:\/\/api.w.org\/{rel}","templated":true}]}}