{"id":14184,"date":"2026-02-20T14:38:19","date_gmt":"2026-02-20T14:38:19","guid":{"rendered":"https:\/\/www.atelierdocaractere.pt\/brevemente\/?p=14184"},"modified":"2026-02-20T14:38:22","modified_gmt":"2026-02-20T14:38:22","slug":"apdca-defende-dua-digital-e-dinamico-para-os-veiculos-face-as-novas-regras-de-reprovacao-nas-ipo-por-falta-de-cumprimento-de-recalls","status":"publish","type":"post","link":"https:\/\/www.atelierdocaractere.pt\/brevemente\/apdca-defende-dua-digital-e-dinamico-para-os-veiculos-face-as-novas-regras-de-reprovacao-nas-ipo-por-falta-de-cumprimento-de-recalls\/","title":{"rendered":"APDCA defende DUA Digital e Din\u00e2mico para os ve\u00edculos face \u00e0s novas regras de reprova\u00e7\u00e3o nas IPO por falta de cumprimento de &#8220;Recalls&#8221;"},"content":{"rendered":"\n<p>A partir de 1 de mar\u00e7o de 2026, os ve\u00edculos com a\u00e7\u00f5es de recolha das marcas (recalls) pendentes poder\u00e3o reprovar na Inspe\u00e7\u00e3o Peri\u00f3dica Obrigat\u00f3ria (IPO). A APDCA \u2013 Associa\u00e7\u00e3o Portuguesa do Com\u00e9rcio Autom\u00f3vel sublinha a import\u00e2ncia da seguran\u00e7a rodovi\u00e1ria, mas defende que esta medida exige uma moderniza\u00e7\u00e3o urgente do Documento \u00danico Autom\u00f3vel (DUA), transformando-o num registo digital, \u00fanico e din\u00e2mico.<\/p>\n\n\n<div class=\"wp-block-image\">\n<figure class=\"aligncenter size-full\"><img decoding=\"async\" width=\"624\" height=\"396\" src=\"https:\/\/www.atelierdocaractere.pt\/wp-content\/uploads\/2026\/02\/apdca.jpg\" alt=\"\" class=\"wp-image-14186\" srcset=\"https:\/\/www.atelierdocaractere.pt\/wp-content\/uploads\/2026\/02\/apdca.jpg 624w, https:\/\/www.atelierdocaractere.pt\/wp-content\/uploads\/2026\/02\/apdca-300x190.jpg 300w\" sizes=\"(max-width: 624px) 100vw, 624px\" \/><\/figure><\/div>\n\n\n<p>Para a APDCA, a nova orienta\u00e7\u00e3o do IMT \u2013 quando&nbsp;exista um recall sinalizado como&nbsp;n\u00e3o realizado, o ve\u00edculo poder\u00e1 ser&nbsp;reprovado, com o enquadramento em&nbsp;defici\u00eancia grave (tipo 2)&nbsp;ou&nbsp;muito grave (tipo 3), consoante a gravidade indicada pelo fabricante &#8211;&nbsp;exp\u00f5e a necessidade de um sistema de informa\u00e7\u00e3o mais transparente. Muitos propriet\u00e1rios n\u00e3o s\u00e3o informados dos recalls por mudan\u00e7as de morada ou falhas no contacto. A solu\u00e7\u00e3o passa por integrar o estado dos recalls diretamente no DUA atrav\u00e9s do QR Code, defende a associa\u00e7\u00e3o.<\/p>\n\n\n\n<p><strong>O novo papel dos Centros de Inspe\u00e7\u00e3o (CITV)<\/strong><\/p>\n\n\n\n<p>Com o novo procedimento, os CITV passar\u00e3o a verificar formalmente se existem recalls pendentes. Caso a ocorr\u00eancia seja classificada como muito grave, a circula\u00e7\u00e3o do ve\u00edculo ficar\u00e1 fortemente condicionada, permitindo apenas a desloca\u00e7\u00e3o para repara\u00e7\u00e3o e respetiva reinspec\u00e7\u00e3o.<\/p>\n\n\n\n<p><strong>A Proposta da APDCA: DUA \u00danico e Digital<\/strong><\/p>\n\n\n\n<p>A Associa\u00e7\u00e3o defende que o DUA deve assumir uma natureza din\u00e2mica, sendo atualizado informaticamente e consult\u00e1vel em tempo real. Este documento, que seria &#8220;para toda a vida&#8221; do ve\u00edculo, deve incluir:<\/p>\n\n\n\n<p>\u00b7&nbsp;&nbsp;&nbsp;&nbsp;&nbsp;&nbsp;&nbsp;Estado dos recalls (pend\u00eancia ou regulariza\u00e7\u00e3o);<\/p>\n\n\n\n<p>\u00b7&nbsp;&nbsp;&nbsp;&nbsp;&nbsp;&nbsp;&nbsp;Averbamentos t\u00e9cnicos (pel\u00edculas, jantes, etc.);<\/p>\n\n\n\n<p>\u00b7&nbsp;&nbsp;&nbsp;&nbsp;&nbsp;&nbsp;&nbsp;Altera\u00e7\u00f5es de titularidade.<\/p>\n\n\n\n<p><strong>Acesso Seguro e Combate \u00e0 Fraude<\/strong><\/p>\n\n\n\n<p>A APDCA defende que todas as atualiza\u00e7\u00f5es, incluindo as mencionadas a\u00e7\u00f5es de recall devem estar dispon\u00edveis atrav\u00e9s de um&nbsp;acesso digital seguro, preferencialmente via&nbsp;Plataforma Autom\u00f3vel Online,&nbsp;e uma aplica\u00e7\u00e3o m\u00f3vel dedicada, acess\u00edvel:<\/p>\n\n\n\n<ul>\n<li>ao propriet\u00e1rio (e, com mecanismos adequados, tamb\u00e9m a potenciais futuros propriet\u00e1rios);<\/li>\n\n\n\n<li>\u00e0s entidades competentes, quando legalmente aplic\u00e1vel.<\/li>\n<\/ul>\n\n\n\n<p><strong>Esta digitaliza\u00e7\u00e3o traria vantagens claras:<\/strong><\/p>\n\n\n\n<p>\u00b7&nbsp;&nbsp;&nbsp;&nbsp;&nbsp;&nbsp;&nbsp;Redu\u00e7\u00e3o de custos e elimina\u00e7\u00e3o da emiss\u00e3o f\u00edsica constante de documentos;<\/p>\n\n\n\n<p>\u00b7&nbsp;&nbsp;&nbsp;&nbsp;&nbsp;&nbsp;&nbsp;Fim da duplica\u00e7\u00e3o documental, impedindo que possam existir v\u00e1rios DUA para o mesmo ve\u00edculo;<\/p>\n\n\n\n<p>\u00b7&nbsp;&nbsp;&nbsp;&nbsp;&nbsp;&nbsp;&nbsp;Refor\u00e7o do combate \u00e0 fraude, evitando transa\u00e7\u00f5es baseadas em dados desatualizados;<\/p>\n\n\n\n<p>\u00b7&nbsp;&nbsp;&nbsp;&nbsp;&nbsp;&nbsp;&nbsp;Maior seguran\u00e7a jur\u00eddica e transpar\u00eancia no mercado de usados.<\/p>\n","protected":false},"excerpt":{"rendered":"<p>A partir de 1 de mar\u00e7o de 2026, os ve\u00edculos com a\u00e7\u00f5es de recolha das marcas (recalls) pendentes poder\u00e3o reprovar&#8230;<\/p>\n","protected":false},"author":8,"featured_media":14186,"comment_status":"closed","ping_status":"open","sticky":false,"template":"","format":"standard","meta":[],"categories":[28],"tags":[417,81,1112,1117,1114,1113],"yoast_head":"<!-- This site is optimized with the Yoast SEO plugin v20.12 - https:\/\/yoast.com\/wordpress\/plugins\/seo\/ -->\n<title>APDCA defende DUA Digital e Din\u00e2mico para os ve\u00edculos face \u00e0s novas regras de reprova\u00e7\u00e3o nas IPO por falta de cumprimento de &quot;Recalls&quot; - Atelier do Caractere<\/title>\n<meta name=\"robots\" content=\"index, follow, max-snippet:-1, max-image-preview:large, max-video-preview:-1\" \/>\n<link rel=\"canonical\" href=\"https:\/\/www.atelierdocaractere.pt\/brevemente\/apdca-defende-dua-digital-e-dinamico-para-os-veiculos-face-as-novas-regras-de-reprovacao-nas-ipo-por-falta-de-cumprimento-de-recalls\/\" \/>\n<meta property=\"og:locale\" content=\"pt_PT\" \/>\n<meta property=\"og:type\" content=\"article\" \/>\n<meta property=\"og:title\" content=\"APDCA defende DUA Digital e Din\u00e2mico para os ve\u00edculos face \u00e0s novas regras de reprova\u00e7\u00e3o nas IPO por falta de cumprimento de &quot;Recalls&quot; - Atelier do Caractere\" \/>\n<meta property=\"og:description\" content=\"A partir de 1 de mar\u00e7o de 2026, os ve\u00edculos com a\u00e7\u00f5es de recolha das marcas (recalls) pendentes poder\u00e3o reprovar...\" \/>\n<meta property=\"og:url\" content=\"https:\/\/www.atelierdocaractere.pt\/brevemente\/apdca-defende-dua-digital-e-dinamico-para-os-veiculos-face-as-novas-regras-de-reprovacao-nas-ipo-por-falta-de-cumprimento-de-recalls\/\" \/>\n<meta property=\"og:site_name\" content=\"Atelier do Caractere\" \/>\n<meta property=\"article:publisher\" content=\"https:\/\/www.facebook.com\/AtelierdoCaractere\" \/>\n<meta property=\"article:published_time\" content=\"2026-02-20T14:38:19+00:00\" \/>\n<meta property=\"article:modified_time\" content=\"2026-02-20T14:38:22+00:00\" \/>\n<meta property=\"og:image\" content=\"https:\/\/www.atelierdocaractere.pt\/wp-content\/uploads\/2026\/02\/apdca.jpg\" \/>\n\t<meta property=\"og:image:width\" content=\"624\" \/>\n\t<meta property=\"og:image:height\" content=\"396\" \/>\n\t<meta property=\"og:image:type\" content=\"image\/jpeg\" \/>\n<meta name=\"author\" content=\"Andr\u00e9 Lopes\" \/>\n<meta name=\"twitter:card\" content=\"summary_large_image\" \/>\n<meta name=\"twitter:label1\" content=\"Escrito por\" \/>\n\t<meta name=\"twitter:data1\" content=\"Andr\u00e9 Lopes\" \/>\n\t<meta name=\"twitter:label2\" content=\"Tempo estimado de leitura\" \/>\n\t<meta name=\"twitter:data2\" content=\"3 minutos\" \/>\n<script type=\"application\/ld+json\" class=\"yoast-schema-graph\">{\"@context\":\"https:\/\/schema.org\",\"@graph\":[{\"@type\":\"WebPage\",\"@id\":\"https:\/\/www.atelierdocaractere.pt\/brevemente\/apdca-defende-dua-digital-e-dinamico-para-os-veiculos-face-as-novas-regras-de-reprovacao-nas-ipo-por-falta-de-cumprimento-de-recalls\/\",\"url\":\"https:\/\/www.atelierdocaractere.pt\/brevemente\/apdca-defende-dua-digital-e-dinamico-para-os-veiculos-face-as-novas-regras-de-reprovacao-nas-ipo-por-falta-de-cumprimento-de-recalls\/\",\"name\":\"APDCA defende DUA Digital e Din\u00e2mico para os ve\u00edculos face \u00e0s novas regras de reprova\u00e7\u00e3o nas IPO por falta de cumprimento de \\\"Recalls\\\" - Atelier do Caractere\",\"isPartOf\":{\"@id\":\"https:\/\/www.atelierdocaractere.pt\/brevemente\/#website\"},\"datePublished\":\"2026-02-20T14:38:19+00:00\",\"dateModified\":\"2026-02-20T14:38:22+00:00\",\"author\":{\"@id\":\"https:\/\/www.atelierdocaractere.pt\/brevemente\/#\/schema\/person\/434214d094c7f8243eba52cce01c3fbf\"},\"breadcrumb\":{\"@id\":\"https:\/\/www.atelierdocaractere.pt\/brevemente\/apdca-defende-dua-digital-e-dinamico-para-os-veiculos-face-as-novas-regras-de-reprovacao-nas-ipo-por-falta-de-cumprimento-de-recalls\/#breadcrumb\"},\"inLanguage\":\"pt-PT\",\"potentialAction\":[{\"@type\":\"ReadAction\",\"target\":[\"https:\/\/www.atelierdocaractere.pt\/brevemente\/apdca-defende-dua-digital-e-dinamico-para-os-veiculos-face-as-novas-regras-de-reprovacao-nas-ipo-por-falta-de-cumprimento-de-recalls\/\"]}]},{\"@type\":\"BreadcrumbList\",\"@id\":\"https:\/\/www.atelierdocaractere.pt\/brevemente\/apdca-defende-dua-digital-e-dinamico-para-os-veiculos-face-as-novas-regras-de-reprovacao-nas-ipo-por-falta-de-cumprimento-de-recalls\/#breadcrumb\",\"itemListElement\":[{\"@type\":\"ListItem\",\"position\":1,\"name\":\"In\u00edcio\",\"item\":\"https:\/\/www.atelierdocaractere.pt\/brevemente\/\"},{\"@type\":\"ListItem\",\"position\":2,\"name\":\"APDCA defende DUA Digital e Din\u00e2mico para os ve\u00edculos face \u00e0s novas regras de reprova\u00e7\u00e3o nas IPO por falta de cumprimento de &#8220;Recalls&#8221;\"}]},{\"@type\":\"WebSite\",\"@id\":\"https:\/\/www.atelierdocaractere.pt\/brevemente\/#website\",\"url\":\"https:\/\/www.atelierdocaractere.pt\/brevemente\/\",\"name\":\"Atelier do Caractere\",\"description\":\"\",\"potentialAction\":[{\"@type\":\"SearchAction\",\"target\":{\"@type\":\"EntryPoint\",\"urlTemplate\":\"https:\/\/www.atelierdocaractere.pt\/brevemente\/?s={search_term_string}\"},\"query-input\":\"required name=search_term_string\"}],\"inLanguage\":\"pt-PT\"},{\"@type\":\"Person\",\"@id\":\"https:\/\/www.atelierdocaractere.pt\/brevemente\/#\/schema\/person\/434214d094c7f8243eba52cce01c3fbf\",\"name\":\"Andr\u00e9 Lopes\",\"image\":{\"@type\":\"ImageObject\",\"inLanguage\":\"pt-PT\",\"@id\":\"https:\/\/www.atelierdocaractere.pt\/brevemente\/#\/schema\/person\/image\/\",\"url\":\"https:\/\/secure.gravatar.com\/avatar\/76af1c514620ffe1937f018fe03efb73?s=96&d=mm&r=g\",\"contentUrl\":\"https:\/\/secure.gravatar.com\/avatar\/76af1c514620ffe1937f018fe03efb73?s=96&d=mm&r=g\",\"caption\":\"Andr\u00e9 Lopes\"},\"url\":\"https:\/\/www.atelierdocaractere.pt\/brevemente\/author\/andre-lopes\/\"}]}<\/script>\n<!-- \/ Yoast SEO plugin. -->","yoast_head_json":{"title":"APDCA defende DUA Digital e Din\u00e2mico para os ve\u00edculos face \u00e0s novas regras de reprova\u00e7\u00e3o nas IPO por falta de cumprimento de \"Recalls\" - Atelier do Caractere","robots":{"index":"index","follow":"follow","max-snippet":"max-snippet:-1","max-image-preview":"max-image-preview:large","max-video-preview":"max-video-preview:-1"},"canonical":"https:\/\/www.atelierdocaractere.pt\/brevemente\/apdca-defende-dua-digital-e-dinamico-para-os-veiculos-face-as-novas-regras-de-reprovacao-nas-ipo-por-falta-de-cumprimento-de-recalls\/","og_locale":"pt_PT","og_type":"article","og_title":"APDCA defende DUA Digital e Din\u00e2mico para os ve\u00edculos face \u00e0s novas regras de reprova\u00e7\u00e3o nas IPO por falta de cumprimento de \"Recalls\" - Atelier do Caractere","og_description":"A partir de 1 de mar\u00e7o de 2026, os ve\u00edculos com a\u00e7\u00f5es de recolha das marcas (recalls) pendentes poder\u00e3o reprovar...","og_url":"https:\/\/www.atelierdocaractere.pt\/brevemente\/apdca-defende-dua-digital-e-dinamico-para-os-veiculos-face-as-novas-regras-de-reprovacao-nas-ipo-por-falta-de-cumprimento-de-recalls\/","og_site_name":"Atelier do Caractere","article_publisher":"https:\/\/www.facebook.com\/AtelierdoCaractere","article_published_time":"2026-02-20T14:38:19+00:00","article_modified_time":"2026-02-20T14:38:22+00:00","og_image":[{"width":624,"height":396,"url":"https:\/\/www.atelierdocaractere.pt\/wp-content\/uploads\/2026\/02\/apdca.jpg","type":"image\/jpeg"}],"author":"Andr\u00e9 Lopes","twitter_card":"summary_large_image","twitter_misc":{"Escrito por":"Andr\u00e9 Lopes","Tempo estimado de leitura":"3 minutos"},"schema":{"@context":"https:\/\/schema.org","@graph":[{"@type":"WebPage","@id":"https:\/\/www.atelierdocaractere.pt\/brevemente\/apdca-defende-dua-digital-e-dinamico-para-os-veiculos-face-as-novas-regras-de-reprovacao-nas-ipo-por-falta-de-cumprimento-de-recalls\/","url":"https:\/\/www.atelierdocaractere.pt\/brevemente\/apdca-defende-dua-digital-e-dinamico-para-os-veiculos-face-as-novas-regras-de-reprovacao-nas-ipo-por-falta-de-cumprimento-de-recalls\/","name":"APDCA defende DUA Digital e Din\u00e2mico para os ve\u00edculos face \u00e0s novas regras de reprova\u00e7\u00e3o nas IPO por falta de cumprimento de \"Recalls\" - Atelier do Caractere","isPartOf":{"@id":"https:\/\/www.atelierdocaractere.pt\/brevemente\/#website"},"datePublished":"2026-02-20T14:38:19+00:00","dateModified":"2026-02-20T14:38:22+00:00","author":{"@id":"https:\/\/www.atelierdocaractere.pt\/brevemente\/#\/schema\/person\/434214d094c7f8243eba52cce01c3fbf"},"breadcrumb":{"@id":"https:\/\/www.atelierdocaractere.pt\/brevemente\/apdca-defende-dua-digital-e-dinamico-para-os-veiculos-face-as-novas-regras-de-reprovacao-nas-ipo-por-falta-de-cumprimento-de-recalls\/#breadcrumb"},"inLanguage":"pt-PT","potentialAction":[{"@type":"ReadAction","target":["https:\/\/www.atelierdocaractere.pt\/brevemente\/apdca-defende-dua-digital-e-dinamico-para-os-veiculos-face-as-novas-regras-de-reprovacao-nas-ipo-por-falta-de-cumprimento-de-recalls\/"]}]},{"@type":"BreadcrumbList","@id":"https:\/\/www.atelierdocaractere.pt\/brevemente\/apdca-defende-dua-digital-e-dinamico-para-os-veiculos-face-as-novas-regras-de-reprovacao-nas-ipo-por-falta-de-cumprimento-de-recalls\/#breadcrumb","itemListElement":[{"@type":"ListItem","position":1,"name":"In\u00edcio","item":"https:\/\/www.atelierdocaractere.pt\/brevemente\/"},{"@type":"ListItem","position":2,"name":"APDCA defende DUA Digital e Din\u00e2mico para os ve\u00edculos face \u00e0s novas regras de reprova\u00e7\u00e3o nas IPO por falta de cumprimento de &#8220;Recalls&#8221;"}]},{"@type":"WebSite","@id":"https:\/\/www.atelierdocaractere.pt\/brevemente\/#website","url":"https:\/\/www.atelierdocaractere.pt\/brevemente\/","name":"Atelier do Caractere","description":"","potentialAction":[{"@type":"SearchAction","target":{"@type":"EntryPoint","urlTemplate":"https:\/\/www.atelierdocaractere.pt\/brevemente\/?s={search_term_string}"},"query-input":"required name=search_term_string"}],"inLanguage":"pt-PT"},{"@type":"Person","@id":"https:\/\/www.atelierdocaractere.pt\/brevemente\/#\/schema\/person\/434214d094c7f8243eba52cce01c3fbf","name":"Andr\u00e9 Lopes","image":{"@type":"ImageObject","inLanguage":"pt-PT","@id":"https:\/\/www.atelierdocaractere.pt\/brevemente\/#\/schema\/person\/image\/","url":"https:\/\/secure.gravatar.com\/avatar\/76af1c514620ffe1937f018fe03efb73?s=96&d=mm&r=g","contentUrl":"https:\/\/secure.gravatar.com\/avatar\/76af1c514620ffe1937f018fe03efb73?s=96&d=mm&r=g","caption":"Andr\u00e9 Lopes"},"url":"https:\/\/www.atelierdocaractere.pt\/brevemente\/author\/andre-lopes\/"}]}},"_links":{"self":[{"href":"https:\/\/www.atelierdocaractere.pt\/brevemente\/wp-json\/wp\/v2\/posts\/14184"}],"collection":[{"href":"https:\/\/www.atelierdocaractere.pt\/brevemente\/wp-json\/wp\/v2\/posts"}],"about":[{"href":"https:\/\/www.atelierdocaractere.pt\/brevemente\/wp-json\/wp\/v2\/types\/post"}],"author":[{"embeddable":true,"href":"https:\/\/www.atelierdocaractere.pt\/brevemente\/wp-json\/wp\/v2\/users\/8"}],"replies":[{"embeddable":true,"href":"https:\/\/www.atelierdocaractere.pt\/brevemente\/wp-json\/wp\/v2\/comments?post=14184"}],"version-history":[{"count":2,"href":"https:\/\/www.atelierdocaractere.pt\/brevemente\/wp-json\/wp\/v2\/posts\/14184\/revisions"}],"predecessor-version":[{"id":14188,"href":"https:\/\/www.atelierdocaractere.pt\/brevemente\/wp-json\/wp\/v2\/posts\/14184\/revisions\/14188"}],"wp:featuredmedia":[{"embeddable":true,"href":"https:\/\/www.atelierdocaractere.pt\/brevemente\/wp-json\/wp\/v2\/media\/14186"}],"wp:attachment":[{"href":"https:\/\/www.atelierdocaractere.pt\/brevemente\/wp-json\/wp\/v2\/media?parent=14184"}],"wp:term":[{"taxonomy":"category","embeddable":true,"href":"https:\/\/www.atelierdocaractere.pt\/brevemente\/wp-json\/wp\/v2\/categories?post=14184"},{"taxonomy":"post_tag","embeddable":true,"href":"https:\/\/www.atelierdocaractere.pt\/brevemente\/wp-json\/wp\/v2\/tags?post=14184"}],"curies":[{"name":"wp","href":"https:\/\/api.w.org\/{rel}","templated":true}]}}