{"id":14190,"date":"2026-02-19T17:45:00","date_gmt":"2026-02-19T17:45:00","guid":{"rendered":"https:\/\/www.atelierdocaractere.pt\/brevemente\/?p=14190"},"modified":"2026-02-23T17:25:59","modified_gmt":"2026-02-23T17:25:59","slug":"cim-transforma-stand-da-regiao-viseu-dao-lafoes-na-btl-num-jardim-historico-sob-o-mote-segue-o-coracao","status":"publish","type":"post","link":"https:\/\/www.atelierdocaractere.pt\/brevemente\/cim-transforma-stand-da-regiao-viseu-dao-lafoes-na-btl-num-jardim-historico-sob-o-mote-segue-o-coracao\/","title":{"rendered":"Viseu D\u00e3o Laf\u00f5es na BTL com a campanha \u201cSegue o Cora\u00e7\u00e3o\u201d"},"content":{"rendered":"\n<h3 class=\"wp-block-heading\">\u2022&nbsp;&nbsp; &nbsp;A CIM Viseu D\u00e3o Laf\u00f5es apresenta-se na maior feira de turismo do pa\u00eds com um stand constitu\u00eddo por tr\u00eas grandes palcos \u2013 Garden Stage, Garden Lab e Garden Taste \u2013 inspirado nos jardins hist\u00f3ricos da regi\u00e3o.&nbsp;<\/h3>\n\n\n\n<h3 class=\"wp-block-heading\"><br>\u2022&nbsp;&nbsp; &nbsp;As novidades de uma programa\u00e7\u00e3o vibrante incluem artesanato ao vivo, gastronomia com estrela Michelin, sa\u00fade e bem-estar, vinho do D\u00e3o e ainda talks atrav\u00e9s de videocasts di\u00e1rios, com protagonistas da regi\u00e3o.<\/h3>\n\n\n\n<figure class=\"wp-block-image size-large\"><img decoding=\"async\" width=\"1024\" height=\"683\" src=\"https:\/\/www.atelierdocaractere.pt\/wp-content\/uploads\/2026\/02\/whatsapp-image-2026-02-20-at-144212-1024x683.jpeg\" alt=\"\" class=\"wp-image-14191\" srcset=\"https:\/\/www.atelierdocaractere.pt\/wp-content\/uploads\/2026\/02\/whatsapp-image-2026-02-20-at-144212-1024x683.jpeg 1024w, https:\/\/www.atelierdocaractere.pt\/wp-content\/uploads\/2026\/02\/whatsapp-image-2026-02-20-at-144212-300x200.jpeg 300w, https:\/\/www.atelierdocaractere.pt\/wp-content\/uploads\/2026\/02\/whatsapp-image-2026-02-20-at-144212-768x512.jpeg 768w, https:\/\/www.atelierdocaractere.pt\/wp-content\/uploads\/2026\/02\/whatsapp-image-2026-02-20-at-144212-1536x1024.jpeg 1536w, https:\/\/www.atelierdocaractere.pt\/wp-content\/uploads\/2026\/02\/whatsapp-image-2026-02-20-at-144212-900x600.jpeg 900w, https:\/\/www.atelierdocaractere.pt\/wp-content\/uploads\/2026\/02\/whatsapp-image-2026-02-20-at-144212-675x450.jpeg 675w, https:\/\/www.atelierdocaractere.pt\/wp-content\/uploads\/2026\/02\/whatsapp-image-2026-02-20-at-144212.jpeg 1600w\" sizes=\"(max-width: 1024px) 100vw, 1024px\" \/><\/figure>\n\n\n\n<p>A&nbsp;<strong>Comunidade Intermunicipal<\/strong>&nbsp;(CIM)&nbsp;<strong>Viseu D\u00e3o Laf\u00f5es<\/strong>&nbsp;revelou hoje os detalhes da sua participa\u00e7\u00e3o na BTL \u2013 Bolsa de Turismo de Lisboa 2026, que decorrer\u00e1 de 25 de fevereiro a 1 de mar\u00e7o. Sob o mote \u201c<strong>Segue o Cora\u00e7\u00e3o<\/strong>\u201d, a regi\u00e3o apresenta um stand renovado de dois pisos e tr\u00eas palcos, onde o patrim\u00f3nio e os labirintos dos Jardins Hist\u00f3ricos servem de cen\u00e1rio para uma programa\u00e7\u00e3o vibrante de cinco dias, que aposta na gastronomia, nas artes e nos of\u00edcios dos 14 munic\u00edpios.<br>&nbsp;<br>Esta apresenta\u00e7\u00e3o acontece poucos dias depois de o INE ter divulgado os dados preliminares da atividade tur\u00edstica relativos a 2025, que confirmam que este foi o&nbsp;<strong>melhor ano de sempre para a regi\u00e3o<\/strong>. Com efeito, no ano passado,&nbsp;<strong>Viseu D\u00e3o Laf\u00f5es registou um aumento de 4,68% no n\u00famero de h\u00f3spedes<\/strong>&nbsp;nos estabelecimentos de alojamento tur\u00edstico, para um total de 363,7 mil. Em termos de compara\u00e7\u00e3o, a m\u00e9dia nacional cresceu 2,96%. Nas dormidas, Viseu D\u00e3o Laf\u00f5es teve um acr\u00e9scimo de 3,66%, para 655,4 mil, uma subida acima da m\u00e9dia nacional, que foi de 2,15%. A estada m\u00e9dia em alojamento tur\u00edstico foi de 1,80 noites.<br>&nbsp;<br>As novidades foram apresentadas numa confer\u00eancia de imprensa que reuniu autarcas e agentes do setor na&nbsp;<strong>Casa da \u00cdnsua<\/strong>, em Penalva do Castelo. As interven\u00e7\u00f5es estiveram a cargo do&nbsp;<strong>Presidente da CIM Viseu D\u00e3o Laf\u00f5es<\/strong>,&nbsp;<strong>Jo\u00e3o Azevedo<\/strong>, do&nbsp;<strong>Presidente do Munic\u00edpio de Penalva do Castelo<\/strong>,&nbsp;<strong>Jos\u00e9 Laires<\/strong>, do&nbsp;<strong>Secret\u00e1rio Executivo da CIM Viseu D\u00e3o Laf\u00f5es<\/strong>,&nbsp;<strong>Nuno Martinho<\/strong>, e do&nbsp;<strong>Chef Estrela Michelin<\/strong>,&nbsp;<strong>Diogo Rocha<\/strong>.<br>&nbsp;<br>&nbsp;<br><strong>Um stand com tr\u00eas grandes palcos&nbsp;<\/strong><br>&nbsp;<br>A estrutura do stand da CIM \u2013 localizado, \u00e0 semelhan\u00e7a das edi\u00e7\u00f5es anteriores, no Pavilh\u00e3o 2, e com inaugura\u00e7\u00e3o oficial no dia 25 \u2013 foi reformulada para proporcionar&nbsp;<strong>diferentes n\u00edveis de experi\u00eancias<\/strong>&nbsp;aos visitantes. Para tal, disp\u00f5e de tr\u00eas palcos que v\u00e3o oferecer momentos diferenciados.<br>&nbsp;<br>O primeiro piso \u00e9 marcado por um labirinto inspirado nos jardins da regi\u00e3o, que lan\u00e7a o convite para que os visitantes explorem o stand e descubram o melhor que Viseu D\u00e3o Laf\u00f5es tem para oferecer.<br>&nbsp;<br>Neste piso, no palco&nbsp;<strong>Garden Taste<\/strong>, os visitantes v\u00e3o encontrar a programa\u00e7\u00e3o institucional e gastron\u00f3mica, bem como a zona de restaura\u00e7\u00e3o com showcookings de produtos regionais. O&nbsp;<strong>Chef Diogo Rocha<\/strong>, \u00fanico detentor de estrela Michelin na regi\u00e3o, protagonizar\u00e1 um dos momentos altos da programa\u00e7\u00e3o, com propostas inspiradas nos sabores identit\u00e1rios de Viseu D\u00e3o Laf\u00f5es.<br>&nbsp;<br>Ainda neste piso estar\u00e1 igualmente instalada uma parede \u201cinstagram\u00e1vel\u201d, pensada para potenciar a partilha espont\u00e2nea nas redes sociais.<br>&nbsp;<br>\u00c9 tamb\u00e9m neste contexto de descoberta que surge o&nbsp;<strong>Passaporte Digital<\/strong>, uma experi\u00eancia interativa e sustent\u00e1vel que convida os visitantes a procurar os QR Codes correspondentes aos 14 munic\u00edpios, fazer scan e registar os respetivos selos digitais. Ap\u00f3s conclu\u00edrem o passaporte com os 14 selos, poder\u00e3o dirigir-se ao balc\u00e3o informativo para levantar o seu pr\u00e9mio, levando consigo uma recorda\u00e7\u00e3o especial da regi\u00e3o.<br>&nbsp;<br>No segundo piso, o palco&nbsp;<strong>Garden Lab<\/strong>&nbsp;assume-se como&nbsp;<strong>espa\u00e7o premiumdedicado \u00e0 experi\u00eancia e \u00e0 perman\u00eancia<\/strong>. Aqui haver\u00e1 uma \u00e1rea dedicada \u00e0 sa\u00fade e bem-estar, com cadeiras de massagens e de relaxamento dinamizados pelas est\u00e2ncias termais da regi\u00e3o. Ao longo dos dias decorrer\u00e3o tamb\u00e9m oficinas ao vivo de artesanato regional, com destaque para o linho e para as tradicionais capuchinhas de Castro Daire, momentos que permitir\u00e3o ao p\u00fablico assistir ao processo de confe\u00e7\u00e3o, refor\u00e7ando a autenticidade e o valor do saber-fazer tradicional.<br>&nbsp;<br>Neste mesmo piso funcionar\u00e1 tamb\u00e9m uma das principais novidades da edi\u00e7\u00e3o de 2026: um videocast produzido em direto a partir do stand, com a participa\u00e7\u00e3o de autarcas e convidados especiais. O espa\u00e7o servir\u00e1 como plataforma de debate e promo\u00e7\u00e3o da regi\u00e3o, com talks que abordar\u00e3o temas como gastronomia, enoturismo, cultura e eventos. Conversas tem\u00e1ticas sobre o Vinho do D\u00e3o ser\u00e3o um dos destaques.<br>&nbsp;<br>O stand integrar\u00e1 ainda uma \u00e1rea de neg\u00f3cios com&nbsp;<strong>23 operadores tur\u00edsticos da regi\u00e3o<\/strong>, assegurando uma representa\u00e7\u00e3o diversificada da oferta de alojamento, de enoturismo e experi\u00eancias.<br>&nbsp;<br>Ao final de cada dia, o ambiente do stand transforma-se com o&nbsp;<strong>DJ set \u201cViseu D\u00e3o Laf\u00f5es Garden Party\u201d,<\/strong>&nbsp;no palco&nbsp;<strong>Garden Stage<\/strong>, que prolonga o conceito dos Jardins Hist\u00f3ricos numa atmosfera descontra\u00edda e envolvente.<br>&nbsp;<br>A participa\u00e7\u00e3o na BTL ser\u00e1 acompanhada por uma campanha nacional de visibilidade, que inclui outdoors na autoestrada A1 e mupis em Lisboa, entre outras plataformas, que refor\u00e7ar\u00e3o o alcance da mensagem \u201c<strong>Segue o Cora\u00e7\u00e3o<\/strong>\u201d.<br>&nbsp;<br><br><strong>Programa\u00e7\u00e3o cruzada para aumentar a perman\u00eancia<\/strong><br>&nbsp;<br>A programa\u00e7\u00e3o dos cinco dias ter\u00e1 forte envolvimento dos 14 munic\u00edpios da CIM. Este ano, a organiza\u00e7\u00e3o implementa uma estrat\u00e9gia de programa\u00e7\u00e3o cruzada: as apresenta\u00e7\u00f5es institucionais dos munic\u00edpios ser\u00e3o intercaladas com momentos gastron\u00f3micos de outros concelhos. Esta l\u00f3gica estimula a perman\u00eancia do p\u00fablico no stand, promovendo uma experi\u00eancia integrada e transversal do territ\u00f3rio.<br>&nbsp;<br>No primeiro dia, al\u00e9m da inaugura\u00e7\u00e3o oficial, agendada para as 16h00, haver\u00e1 momentos dedicados \u00e0 promo\u00e7\u00e3o da oferta tur\u00edstica de Viseu e Tondela, bem como a apresenta\u00e7\u00e3o da Rota dos Jardins Hist\u00f3ricos do D\u00e3o pela Associa\u00e7\u00e3o dos Jardins Hist\u00f3ricos.<br>&nbsp;<br>O segundo dia \u00e9 dedicado \u00e0 continua\u00e7\u00e3o das apresenta\u00e7\u00f5es e degusta\u00e7\u00f5es dos principais destaques dos munic\u00edpios, desta vez a cargo das autarquias de Vila Nova de Paiva, S\u00e1t\u00e3o, Aguiar da Beira e Castro Daire. Neste dia, a CIM apresenta tamb\u00e9m o Projeto Agrotour e o Evento \u201cProve Vinho &amp; Queijo\u201d, a cargo dos PROVERE dos queijos e dos vinhos da regi\u00e3o.<br>&nbsp;<br>As propostas de Oliveira de Frades, Mangualde, S\u00e3o Pedro do Sul e Nelas assumem o protagonismo no terceiro dia de feira, enquanto o quarto dia ser\u00e1 dedicado a Santa Comba D\u00e3o, Penalva do Castelo, Carregal do Sal e Vouzela.<br>&nbsp;<br>O quinto e \u00faltimo dia ser\u00e1 marcado pela presen\u00e7a das confrarias gastron\u00f3micas do territ\u00f3rio, que dar\u00e3o a provar algumas das especialidades que afirmam Viseu D\u00e3o Laf\u00f5es como refer\u00eancia gastron\u00f3mica nacional.<br>&nbsp;<br>A agenda completa estar\u00e1 dispon\u00edvel&nbsp;<a href=\"http:\/\/www.visitviseudaolafoes.pt\">aqui<\/a>, nas redes sociais da CIM e na app &#8220;Visit Viseu D\u00e3o Laf\u00f5es&#8221;.<br>&nbsp;<br><br><strong>Declara\u00e7\u00f5es:<\/strong><br>&nbsp;<br><strong>Jo\u00e3o Azevedo<\/strong>,&nbsp;<strong>Presidente da CIM Viseu D\u00e3o Laf\u00f5es<\/strong>:&nbsp;<em>&#8220;Na BTL 2026, queremos que o visitante sinta o pulsar do nosso territ\u00f3rio atrav\u00e9s dos nossos jardins hist\u00f3ricos, das m\u00e3os dos artes\u00e3os e da excel\u00eancia da nossa gastronomia. O conceito &#8216;Segue o Cora\u00e7\u00e3o&#8217; reflete a autenticidade da nossa regi\u00e3o. O stand de dois pisos que apresentamos \u00e9 o reflexo de uma regi\u00e3o que cresce e se moderniza ano ap\u00f3s ano, sem nunca perder a sua alma e as caracter\u00edsticas diferenciadoras&#8221;<\/em>.<br>&nbsp;<br><strong>Nuno Martinho<\/strong>,&nbsp;<strong>Secret\u00e1rio Executivo da CIM Viseu D\u00e3o Laf\u00f5es<\/strong>:&nbsp;<em>\u201cOs dados mais recentes confirmam que 2025 foi o melhor ano tur\u00edstico de sempre para a regi\u00e3o em termos absolutos, com crescimentos acima da m\u00e9dia nacional no n\u00famero de h\u00f3spedes e dormidas.&nbsp; A nossa presen\u00e7a na BTL permite-nos consolidar esse posicionamento e capitalizar este momento positivo num contexto cada vez mais competitivo. \u00c9 um ponto de encontro com operadores tur\u00edsticos, jornalistas da especialidade, investidores, parceiros institucionais e p\u00fablico final, que nos permite refor\u00e7ar a notoriedade do destino Viseu D\u00e3o Laf\u00f5es&#8221;<\/em>.<br>&nbsp;<br><strong>Jos\u00e9 Laires<\/strong>,&nbsp;<strong>Presidente do Munic\u00edpio de Penalva do Castelo<\/strong>:&nbsp;<em>&#8220;\u00c9 com enorme orgulho que Penalva do Castelo e a magn\u00edfica Casa da \u00cdnsua acolhem a apresenta\u00e7\u00e3o da participa\u00e7\u00e3o da regi\u00e3o na BTL. Penalva do Castelo vai marcar presen\u00e7a com a trilogia Queijos, Ma\u00e7\u00e3 Bravo de Esmolfe e vinho do D\u00e3o, para mostrar ao pa\u00eds o que de melhor temos na regi\u00e3o&#8221;<\/em>.<br>&nbsp;<br><strong>Diogo Rocha<\/strong>,&nbsp;<strong>Chef Estrela Michelin<\/strong>:&nbsp;<em>&#8220;Levar os sabores de Viseu D\u00e3o Laf\u00f5es \u00e0 BTL \u00e9 sempre uma responsabilidade e um grande prazer. Este ano, vamos focar-nos nos produtos regionais que nos definem, uma mesa representativa, desenhada como se fosse uma paisagem e com alguns dos ingredientes da regi\u00e3o. Mas desta vez n\u00f3s quisemos, n\u00e3o levar uma receita, mas sim levar mem\u00f3ria; vamos levar uma caldeirada, uma receita que nem \u00e9 festiva, porque a nossa hist\u00f3ria tamb\u00e9m se faz de dia a dia. Este \u00e9 o convite\u201d<\/em>.<\/p>\n\n\n\n<p><strong>Sobre a CIM Viseu D\u00e3o Laf\u00f5es:<\/strong><br>A CIM Viseu D\u00e3o Laf\u00f5es \u00e9 uma associa\u00e7\u00e3o de munic\u00edpios, denominada como Comunidade Intermunicipal, sendo constitu\u00edda pelos munic\u00edpios de&nbsp;Aguiar da Beira, Carregal do Sal, Castro Daire, Mangualde, Nelas, Oliveira de Frades, Penalva do Castelo, Santa Comba D\u00e3o, S\u00e3o Pedro do Sul, S\u00e1t\u00e3o, Tondela, Vila Nova de Paiva, Viseu e Vouzela.<\/p>\n","protected":false},"excerpt":{"rendered":"<p>\u2022&nbsp;&nbsp; &nbsp;A CIM Viseu D\u00e3o Laf\u00f5es apresenta-se na maior feira de turismo do pa\u00eds com um stand constitu\u00eddo por tr\u00eas&#8230;<\/p>\n","protected":false},"author":8,"featured_media":14191,"comment_status":"closed","ping_status":"open","sticky":false,"template":"","format":"standard","meta":[],"categories":[67],"tags":[1122,81,1124,485,448,1121,1118,1120,1119,349,1123],"yoast_head":"<!-- This site is optimized with the Yoast SEO plugin v20.12 - https:\/\/yoast.com\/wordpress\/plugins\/seo\/ -->\n<title>Viseu D\u00e3o Laf\u00f5es na BTL com a campanha \u201cSegue o Cora\u00e7\u00e3o\u201d - Atelier do Caractere<\/title>\n<meta name=\"robots\" content=\"index, follow, max-snippet:-1, max-image-preview:large, max-video-preview:-1\" \/>\n<link rel=\"canonical\" href=\"https:\/\/www.atelierdocaractere.pt\/brevemente\/cim-transforma-stand-da-regiao-viseu-dao-lafoes-na-btl-num-jardim-historico-sob-o-mote-segue-o-coracao\/\" \/>\n<meta property=\"og:locale\" content=\"pt_PT\" \/>\n<meta property=\"og:type\" content=\"article\" \/>\n<meta property=\"og:title\" content=\"Viseu D\u00e3o Laf\u00f5es na BTL com a campanha \u201cSegue o Cora\u00e7\u00e3o\u201d - Atelier do Caractere\" \/>\n<meta property=\"og:description\" content=\"\u2022&nbsp;&nbsp; &nbsp;A CIM Viseu D\u00e3o Laf\u00f5es apresenta-se na maior feira de turismo do pa\u00eds com um stand constitu\u00eddo por tr\u00eas...\" \/>\n<meta property=\"og:url\" content=\"https:\/\/www.atelierdocaractere.pt\/brevemente\/cim-transforma-stand-da-regiao-viseu-dao-lafoes-na-btl-num-jardim-historico-sob-o-mote-segue-o-coracao\/\" \/>\n<meta property=\"og:site_name\" content=\"Atelier do Caractere\" \/>\n<meta property=\"article:publisher\" content=\"https:\/\/www.facebook.com\/AtelierdoCaractere\" \/>\n<meta property=\"article:published_time\" content=\"2026-02-19T17:45:00+00:00\" \/>\n<meta property=\"article:modified_time\" content=\"2026-02-23T17:25:59+00:00\" \/>\n<meta property=\"og:image\" content=\"https:\/\/www.atelierdocaractere.pt\/wp-content\/uploads\/2026\/02\/whatsapp-image-2026-02-20-at-144212.jpeg\" \/>\n\t<meta property=\"og:image:width\" content=\"1600\" \/>\n\t<meta property=\"og:image:height\" content=\"1067\" \/>\n\t<meta property=\"og:image:type\" content=\"image\/jpeg\" \/>\n<meta name=\"author\" content=\"Andr\u00e9 Lopes\" \/>\n<meta name=\"twitter:card\" content=\"summary_large_image\" \/>\n<meta name=\"twitter:label1\" content=\"Escrito por\" \/>\n\t<meta name=\"twitter:data1\" content=\"Andr\u00e9 Lopes\" \/>\n\t<meta name=\"twitter:label2\" content=\"Tempo estimado de leitura\" \/>\n\t<meta name=\"twitter:data2\" content=\"8 minutos\" \/>\n<script type=\"application\/ld+json\" class=\"yoast-schema-graph\">{\"@context\":\"https:\/\/schema.org\",\"@graph\":[{\"@type\":\"WebPage\",\"@id\":\"https:\/\/www.atelierdocaractere.pt\/brevemente\/cim-transforma-stand-da-regiao-viseu-dao-lafoes-na-btl-num-jardim-historico-sob-o-mote-segue-o-coracao\/\",\"url\":\"https:\/\/www.atelierdocaractere.pt\/brevemente\/cim-transforma-stand-da-regiao-viseu-dao-lafoes-na-btl-num-jardim-historico-sob-o-mote-segue-o-coracao\/\",\"name\":\"Viseu D\u00e3o Laf\u00f5es na BTL com a campanha \u201cSegue o Cora\u00e7\u00e3o\u201d - Atelier do Caractere\",\"isPartOf\":{\"@id\":\"https:\/\/www.atelierdocaractere.pt\/brevemente\/#website\"},\"datePublished\":\"2026-02-19T17:45:00+00:00\",\"dateModified\":\"2026-02-23T17:25:59+00:00\",\"author\":{\"@id\":\"https:\/\/www.atelierdocaractere.pt\/brevemente\/#\/schema\/person\/434214d094c7f8243eba52cce01c3fbf\"},\"breadcrumb\":{\"@id\":\"https:\/\/www.atelierdocaractere.pt\/brevemente\/cim-transforma-stand-da-regiao-viseu-dao-lafoes-na-btl-num-jardim-historico-sob-o-mote-segue-o-coracao\/#breadcrumb\"},\"inLanguage\":\"pt-PT\",\"potentialAction\":[{\"@type\":\"ReadAction\",\"target\":[\"https:\/\/www.atelierdocaractere.pt\/brevemente\/cim-transforma-stand-da-regiao-viseu-dao-lafoes-na-btl-num-jardim-historico-sob-o-mote-segue-o-coracao\/\"]}]},{\"@type\":\"BreadcrumbList\",\"@id\":\"https:\/\/www.atelierdocaractere.pt\/brevemente\/cim-transforma-stand-da-regiao-viseu-dao-lafoes-na-btl-num-jardim-historico-sob-o-mote-segue-o-coracao\/#breadcrumb\",\"itemListElement\":[{\"@type\":\"ListItem\",\"position\":1,\"name\":\"In\u00edcio\",\"item\":\"https:\/\/www.atelierdocaractere.pt\/brevemente\/\"},{\"@type\":\"ListItem\",\"position\":2,\"name\":\"Viseu D\u00e3o Laf\u00f5es na BTL com a campanha \u201cSegue o Cora\u00e7\u00e3o\u201d\"}]},{\"@type\":\"WebSite\",\"@id\":\"https:\/\/www.atelierdocaractere.pt\/brevemente\/#website\",\"url\":\"https:\/\/www.atelierdocaractere.pt\/brevemente\/\",\"name\":\"Atelier do Caractere\",\"description\":\"\",\"potentialAction\":[{\"@type\":\"SearchAction\",\"target\":{\"@type\":\"EntryPoint\",\"urlTemplate\":\"https:\/\/www.atelierdocaractere.pt\/brevemente\/?s={search_term_string}\"},\"query-input\":\"required name=search_term_string\"}],\"inLanguage\":\"pt-PT\"},{\"@type\":\"Person\",\"@id\":\"https:\/\/www.atelierdocaractere.pt\/brevemente\/#\/schema\/person\/434214d094c7f8243eba52cce01c3fbf\",\"name\":\"Andr\u00e9 Lopes\",\"image\":{\"@type\":\"ImageObject\",\"inLanguage\":\"pt-PT\",\"@id\":\"https:\/\/www.atelierdocaractere.pt\/brevemente\/#\/schema\/person\/image\/\",\"url\":\"https:\/\/secure.gravatar.com\/avatar\/76af1c514620ffe1937f018fe03efb73?s=96&d=mm&r=g\",\"contentUrl\":\"https:\/\/secure.gravatar.com\/avatar\/76af1c514620ffe1937f018fe03efb73?s=96&d=mm&r=g\",\"caption\":\"Andr\u00e9 Lopes\"},\"url\":\"https:\/\/www.atelierdocaractere.pt\/brevemente\/author\/andre-lopes\/\"}]}<\/script>\n<!-- \/ Yoast SEO plugin. -->","yoast_head_json":{"title":"Viseu D\u00e3o Laf\u00f5es na BTL com a campanha \u201cSegue o Cora\u00e7\u00e3o\u201d - Atelier do Caractere","robots":{"index":"index","follow":"follow","max-snippet":"max-snippet:-1","max-image-preview":"max-image-preview:large","max-video-preview":"max-video-preview:-1"},"canonical":"https:\/\/www.atelierdocaractere.pt\/brevemente\/cim-transforma-stand-da-regiao-viseu-dao-lafoes-na-btl-num-jardim-historico-sob-o-mote-segue-o-coracao\/","og_locale":"pt_PT","og_type":"article","og_title":"Viseu D\u00e3o Laf\u00f5es na BTL com a campanha \u201cSegue o Cora\u00e7\u00e3o\u201d - Atelier do Caractere","og_description":"\u2022&nbsp;&nbsp; &nbsp;A CIM Viseu D\u00e3o Laf\u00f5es apresenta-se na maior feira de turismo do pa\u00eds com um stand constitu\u00eddo por tr\u00eas...","og_url":"https:\/\/www.atelierdocaractere.pt\/brevemente\/cim-transforma-stand-da-regiao-viseu-dao-lafoes-na-btl-num-jardim-historico-sob-o-mote-segue-o-coracao\/","og_site_name":"Atelier do Caractere","article_publisher":"https:\/\/www.facebook.com\/AtelierdoCaractere","article_published_time":"2026-02-19T17:45:00+00:00","article_modified_time":"2026-02-23T17:25:59+00:00","og_image":[{"width":1600,"height":1067,"url":"https:\/\/www.atelierdocaractere.pt\/wp-content\/uploads\/2026\/02\/whatsapp-image-2026-02-20-at-144212.jpeg","type":"image\/jpeg"}],"author":"Andr\u00e9 Lopes","twitter_card":"summary_large_image","twitter_misc":{"Escrito por":"Andr\u00e9 Lopes","Tempo estimado de leitura":"8 minutos"},"schema":{"@context":"https:\/\/schema.org","@graph":[{"@type":"WebPage","@id":"https:\/\/www.atelierdocaractere.pt\/brevemente\/cim-transforma-stand-da-regiao-viseu-dao-lafoes-na-btl-num-jardim-historico-sob-o-mote-segue-o-coracao\/","url":"https:\/\/www.atelierdocaractere.pt\/brevemente\/cim-transforma-stand-da-regiao-viseu-dao-lafoes-na-btl-num-jardim-historico-sob-o-mote-segue-o-coracao\/","name":"Viseu D\u00e3o Laf\u00f5es na BTL com a campanha \u201cSegue o Cora\u00e7\u00e3o\u201d - Atelier do Caractere","isPartOf":{"@id":"https:\/\/www.atelierdocaractere.pt\/brevemente\/#website"},"datePublished":"2026-02-19T17:45:00+00:00","dateModified":"2026-02-23T17:25:59+00:00","author":{"@id":"https:\/\/www.atelierdocaractere.pt\/brevemente\/#\/schema\/person\/434214d094c7f8243eba52cce01c3fbf"},"breadcrumb":{"@id":"https:\/\/www.atelierdocaractere.pt\/brevemente\/cim-transforma-stand-da-regiao-viseu-dao-lafoes-na-btl-num-jardim-historico-sob-o-mote-segue-o-coracao\/#breadcrumb"},"inLanguage":"pt-PT","potentialAction":[{"@type":"ReadAction","target":["https:\/\/www.atelierdocaractere.pt\/brevemente\/cim-transforma-stand-da-regiao-viseu-dao-lafoes-na-btl-num-jardim-historico-sob-o-mote-segue-o-coracao\/"]}]},{"@type":"BreadcrumbList","@id":"https:\/\/www.atelierdocaractere.pt\/brevemente\/cim-transforma-stand-da-regiao-viseu-dao-lafoes-na-btl-num-jardim-historico-sob-o-mote-segue-o-coracao\/#breadcrumb","itemListElement":[{"@type":"ListItem","position":1,"name":"In\u00edcio","item":"https:\/\/www.atelierdocaractere.pt\/brevemente\/"},{"@type":"ListItem","position":2,"name":"Viseu D\u00e3o Laf\u00f5es na BTL com a campanha \u201cSegue o Cora\u00e7\u00e3o\u201d"}]},{"@type":"WebSite","@id":"https:\/\/www.atelierdocaractere.pt\/brevemente\/#website","url":"https:\/\/www.atelierdocaractere.pt\/brevemente\/","name":"Atelier do Caractere","description":"","potentialAction":[{"@type":"SearchAction","target":{"@type":"EntryPoint","urlTemplate":"https:\/\/www.atelierdocaractere.pt\/brevemente\/?s={search_term_string}"},"query-input":"required name=search_term_string"}],"inLanguage":"pt-PT"},{"@type":"Person","@id":"https:\/\/www.atelierdocaractere.pt\/brevemente\/#\/schema\/person\/434214d094c7f8243eba52cce01c3fbf","name":"Andr\u00e9 Lopes","image":{"@type":"ImageObject","inLanguage":"pt-PT","@id":"https:\/\/www.atelierdocaractere.pt\/brevemente\/#\/schema\/person\/image\/","url":"https:\/\/secure.gravatar.com\/avatar\/76af1c514620ffe1937f018fe03efb73?s=96&d=mm&r=g","contentUrl":"https:\/\/secure.gravatar.com\/avatar\/76af1c514620ffe1937f018fe03efb73?s=96&d=mm&r=g","caption":"Andr\u00e9 Lopes"},"url":"https:\/\/www.atelierdocaractere.pt\/brevemente\/author\/andre-lopes\/"}]}},"_links":{"self":[{"href":"https:\/\/www.atelierdocaractere.pt\/brevemente\/wp-json\/wp\/v2\/posts\/14190"}],"collection":[{"href":"https:\/\/www.atelierdocaractere.pt\/brevemente\/wp-json\/wp\/v2\/posts"}],"about":[{"href":"https:\/\/www.atelierdocaractere.pt\/brevemente\/wp-json\/wp\/v2\/types\/post"}],"author":[{"embeddable":true,"href":"https:\/\/www.atelierdocaractere.pt\/brevemente\/wp-json\/wp\/v2\/users\/8"}],"replies":[{"embeddable":true,"href":"https:\/\/www.atelierdocaractere.pt\/brevemente\/wp-json\/wp\/v2\/comments?post=14190"}],"version-history":[{"count":3,"href":"https:\/\/www.atelierdocaractere.pt\/brevemente\/wp-json\/wp\/v2\/posts\/14190\/revisions"}],"predecessor-version":[{"id":14205,"href":"https:\/\/www.atelierdocaractere.pt\/brevemente\/wp-json\/wp\/v2\/posts\/14190\/revisions\/14205"}],"wp:featuredmedia":[{"embeddable":true,"href":"https:\/\/www.atelierdocaractere.pt\/brevemente\/wp-json\/wp\/v2\/media\/14191"}],"wp:attachment":[{"href":"https:\/\/www.atelierdocaractere.pt\/brevemente\/wp-json\/wp\/v2\/media?parent=14190"}],"wp:term":[{"taxonomy":"category","embeddable":true,"href":"https:\/\/www.atelierdocaractere.pt\/brevemente\/wp-json\/wp\/v2\/categories?post=14190"},{"taxonomy":"post_tag","embeddable":true,"href":"https:\/\/www.atelierdocaractere.pt\/brevemente\/wp-json\/wp\/v2\/tags?post=14190"}],"curies":[{"name":"wp","href":"https:\/\/api.w.org\/{rel}","templated":true}]}}