{"id":14199,"date":"2026-02-23T12:13:08","date_gmt":"2026-02-23T12:13:08","guid":{"rendered":"https:\/\/www.atelierdocaractere.pt\/brevemente\/?p=14199"},"modified":"2026-02-23T12:13:11","modified_gmt":"2026-02-23T12:13:11","slug":"clube-automovel-de-lousada-eleito-melhor-organizador-do-ano-pela-federacao-internacional-do-automovel","status":"publish","type":"post","link":"https:\/\/www.atelierdocaractere.pt\/brevemente\/clube-automovel-de-lousada-eleito-melhor-organizador-do-ano-pela-federacao-internacional-do-automovel\/","title":{"rendered":"Clube Autom\u00f3vel de Lousada eleito &#8220;Melhor Organizador do Ano&#8221; pela\u00a0Federa\u00e7\u00e3o Internacional do Autom\u00f3vel"},"content":{"rendered":"\n<ul>\n<li><strong>Institui\u00e7\u00e3o lousadense recebeu o prestigiado pr\u00e9mio &#8220;Best Organiser&#8221; na Gala FIA Off-Road Awards, no Porto.<\/strong><\/li>\n<\/ul>\n\n\n\n<ul>\n<li><strong>Distin\u00e7\u00e3o reconhece a excel\u00eancia operacional do World RX de Portugal 2025, realizado na ic\u00f3nica Pista da Costilha.<\/strong><\/li>\n<\/ul>\n\n\n\n<ul>\n<li><strong>Presidente do Clube Autom\u00f3vel de Lousada, Lu\u00eds Marinho, dedica pr\u00e9mio \u00e0 equipa, parceiros e ao Munic\u00edpio de Lousada.<\/strong><\/li>\n<\/ul>\n\n\n\n<figure class=\"wp-block-image size-large\"><img decoding=\"async\" width=\"1024\" height=\"683\" src=\"https:\/\/www.atelierdocaractere.pt\/wp-content\/uploads\/2026\/02\/whatsapp-image-2026-02-23-at-120719-1024x683.jpeg\" alt=\"\" class=\"wp-image-14200\" srcset=\"https:\/\/www.atelierdocaractere.pt\/wp-content\/uploads\/2026\/02\/whatsapp-image-2026-02-23-at-120719-1024x683.jpeg 1024w, https:\/\/www.atelierdocaractere.pt\/wp-content\/uploads\/2026\/02\/whatsapp-image-2026-02-23-at-120719-300x200.jpeg 300w, https:\/\/www.atelierdocaractere.pt\/wp-content\/uploads\/2026\/02\/whatsapp-image-2026-02-23-at-120719-768x512.jpeg 768w, https:\/\/www.atelierdocaractere.pt\/wp-content\/uploads\/2026\/02\/whatsapp-image-2026-02-23-at-120719-1536x1024.jpeg 1536w, https:\/\/www.atelierdocaractere.pt\/wp-content\/uploads\/2026\/02\/whatsapp-image-2026-02-23-at-120719-900x600.jpeg 900w, https:\/\/www.atelierdocaractere.pt\/wp-content\/uploads\/2026\/02\/whatsapp-image-2026-02-23-at-120719-675x450.jpeg 675w, https:\/\/www.atelierdocaractere.pt\/wp-content\/uploads\/2026\/02\/whatsapp-image-2026-02-23-at-120719.jpeg 1600w\" sizes=\"(max-width: 1024px) 100vw, 1024px\" \/><\/figure>\n\n\n\n<p>O Clube Autom\u00f3vel de Lousada (CAL) foi distinguido pela Federa\u00e7\u00e3o Internacional do Autom\u00f3vel (FIA) como o &#8220;Best Organiser&#8221; (Melhor Organizador) de 2025, no \u00e2mbito dos Campeonatos do Mundo e da Europa de Rallycross. O pr\u00e9mio foi entregue durante a cerim\u00f3nia oficial dos FIA Off-Road Awards, realizada no passado fim de semana, no Porto.<\/p>\n\n\n\n<p>Esta distin\u00e7\u00e3o internacional premeia o elevado padr\u00e3o de qualidade e a excel\u00eancia operacional demonstrados pelo CAL na organiza\u00e7\u00e3o da prova de abertura da temporada de 2025 do World RX, que marcou o regresso da elite do Rallycross mundial \u00e0 ic\u00f3nica Pista da Costilha.<\/p>\n\n\n\n<p><strong>O reconhecimento de uma estreia memor\u00e1vel<\/strong><\/p>\n\n\n\n<p>O pr\u00e9mio assume um significado especial por ter sido atribu\u00eddo no ano de estreia do clube na organiza\u00e7\u00e3o de uma prova desta dimens\u00e3o. Lu\u00eds Marinho, Presidente do Clube Autom\u00f3vel de Lousada, expressou o seu orgulho durante o evento:<\/p>\n\n\n\n<p><em>&#8220;Confesso que n\u00e3o estava \u00e0 espera. N\u00e3o por n\u00e3o merecermos, mas pelo facto de sermos os &#8216;rookies&#8217; em 2025. Receber o testemunho de tantos pilotos, que nos felicitaram pessoalmente, foi um momento de enorme orgulho. O nosso prop\u00f3sito \u00e9 ser uma refer\u00eancia, proporcionando sempre o melhor \u00e0s equipas, aos pilotos e ao p\u00fablico.&#8221;<\/em><\/p>\n\n\n\n<p>O dirigente fez quest\u00e3o de partilhar o trof\u00e9u com todos os envolvidos, sublinhando o esfor\u00e7o humano por tr\u00e1s do sucesso log\u00edstico:&nbsp;<em>&#8220;Este pr\u00e9mio \u00e9, acima de tudo, de todos os que estiveram connosco. Temos uma equipa fant\u00e1stica, dentro e fora de pista. Organizar um evento desta dimens\u00e3o, em regime p\u00f3s-laboral, roubando tempo \u00e0s nossas fam\u00edlias, exige um compromisso e uma entrega admir\u00e1veis.&#8221;<\/em><\/p>\n\n\n\n<p>O sucesso da organiza\u00e7\u00e3o foi tamb\u00e9m partilhado com as entidades que viabilizaram o projeto. O Presidente do CAL dirigiu um agradecimento especial \u00e0 FPAK (Federa\u00e7\u00e3o Portuguesa de Automobilismo e Karting), pelo apoio desportivo, e a todos os colaboradores do Munic\u00edpio de Lousada, na pessoa do seu presidente, Dr. Pedro Machado, pela total disponibilidade e empenho desde a primeira hora.<\/p>\n\n\n\n<p><strong>Foco em 2026: A responsabilidade de ser refer\u00eancia<\/strong><\/p>\n\n\n\n<p>O pr\u00e9mio de &#8220;Melhor Organizador&#8221; da FIA serve de combust\u00edvel para a temporada que agora se inicia. O CAL j\u00e1 tem o calend\u00e1rio definido para 2026, com destaque para a emblem\u00e1tica Super Especial de Lousada do Rally de Portugal (WRC), em maio, bem como para o Euro RX de Portugal (12 e 13 de setembro), o grande palco onde v\u00e3o ser decididos e consagrados os campe\u00f5es europeus de Ralicross de 2026.<\/p>\n\n\n\n<p><em>&#8220;Estamos prestes a iniciar mais uma \u00e9poca desportiva e este reconhecimento traz consigo uma responsabilidade acrescida&#8221;<\/em>, concluiu Lu\u00eds Marinho.<\/p>\n\n\n\n<p><strong>Calend\u00e1rio desportivo CAL 2026:<\/strong><\/p>\n\n\n\n<p>&#8211;&nbsp;&nbsp;&nbsp;28 e 29 de mar\u00e7o: Ralicross Lousada I (Campeonato de Portugal de Ralicross)<\/p>\n\n\n\n<p>&#8211;&nbsp;&nbsp;&nbsp;8 de maio: Super Especial de Lousada \u2013 Rally de Portugal (WRC)<\/p>\n\n\n\n<p>&#8211;&nbsp;&nbsp;&nbsp;4 e 5 de julho: 3.\u00aa Prova do Portugal Rally Series<\/p>\n\n\n\n<p>&#8211;&nbsp;&nbsp;&nbsp;12 e 13 de setembro: Euro RX de Portugal<\/p>\n\n\n\n<p>&#8211;&nbsp;&nbsp;&nbsp;3 e 4 de outubro: Ralicross Lousada II (Campeonato de Portugal de Ralicross)<\/p>\n\n\n\n<p>&#8211;&nbsp;&nbsp;&nbsp;Data a definir: 8 Horas Paulo S\u00e9rgio<\/p>\n","protected":false},"excerpt":{"rendered":"<p>O Clube Autom\u00f3vel de Lousada (CAL) foi distinguido pela Federa\u00e7\u00e3o Internacional do Autom\u00f3vel (FIA) como o &#8220;Best Organiser&#8221; (Melhor Organizador)&#8230;<\/p>\n","protected":false},"author":8,"featured_media":14200,"comment_status":"closed","ping_status":"open","sticky":false,"template":"","format":"standard","meta":[],"categories":[24],"tags":[81,954,519,1144],"yoast_head":"<!-- This site is optimized with the Yoast SEO plugin v20.12 - https:\/\/yoast.com\/wordpress\/plugins\/seo\/ -->\n<title>Clube Autom\u00f3vel de Lousada eleito &quot;Melhor Organizador do Ano&quot; pela\u00a0Federa\u00e7\u00e3o Internacional do Autom\u00f3vel - Atelier do Caractere<\/title>\n<meta name=\"robots\" content=\"index, follow, max-snippet:-1, max-image-preview:large, max-video-preview:-1\" \/>\n<link rel=\"canonical\" href=\"https:\/\/www.atelierdocaractere.pt\/brevemente\/clube-automovel-de-lousada-eleito-melhor-organizador-do-ano-pela-federacao-internacional-do-automovel\/\" \/>\n<meta property=\"og:locale\" content=\"pt_PT\" \/>\n<meta property=\"og:type\" content=\"article\" \/>\n<meta property=\"og:title\" content=\"Clube Autom\u00f3vel de Lousada eleito &quot;Melhor Organizador do Ano&quot; pela\u00a0Federa\u00e7\u00e3o Internacional do Autom\u00f3vel - Atelier do Caractere\" \/>\n<meta property=\"og:description\" content=\"O Clube Autom\u00f3vel de Lousada (CAL) foi distinguido pela Federa\u00e7\u00e3o Internacional do Autom\u00f3vel (FIA) como o &#8220;Best Organiser&#8221; (Melhor Organizador)...\" \/>\n<meta property=\"og:url\" content=\"https:\/\/www.atelierdocaractere.pt\/brevemente\/clube-automovel-de-lousada-eleito-melhor-organizador-do-ano-pela-federacao-internacional-do-automovel\/\" \/>\n<meta property=\"og:site_name\" content=\"Atelier do Caractere\" \/>\n<meta property=\"article:publisher\" content=\"https:\/\/www.facebook.com\/AtelierdoCaractere\" \/>\n<meta property=\"article:published_time\" content=\"2026-02-23T12:13:08+00:00\" \/>\n<meta property=\"article:modified_time\" content=\"2026-02-23T12:13:11+00:00\" \/>\n<meta property=\"og:image\" content=\"https:\/\/www.atelierdocaractere.pt\/wp-content\/uploads\/2026\/02\/whatsapp-image-2026-02-23-at-120719.jpeg\" \/>\n\t<meta property=\"og:image:width\" content=\"1600\" \/>\n\t<meta property=\"og:image:height\" content=\"1067\" \/>\n\t<meta property=\"og:image:type\" content=\"image\/jpeg\" \/>\n<meta name=\"author\" content=\"Andr\u00e9 Lopes\" \/>\n<meta name=\"twitter:card\" content=\"summary_large_image\" \/>\n<meta name=\"twitter:label1\" content=\"Escrito por\" \/>\n\t<meta name=\"twitter:data1\" content=\"Andr\u00e9 Lopes\" \/>\n\t<meta name=\"twitter:label2\" content=\"Tempo estimado de leitura\" \/>\n\t<meta name=\"twitter:data2\" content=\"4 minutos\" \/>\n<script type=\"application\/ld+json\" class=\"yoast-schema-graph\">{\"@context\":\"https:\/\/schema.org\",\"@graph\":[{\"@type\":\"WebPage\",\"@id\":\"https:\/\/www.atelierdocaractere.pt\/brevemente\/clube-automovel-de-lousada-eleito-melhor-organizador-do-ano-pela-federacao-internacional-do-automovel\/\",\"url\":\"https:\/\/www.atelierdocaractere.pt\/brevemente\/clube-automovel-de-lousada-eleito-melhor-organizador-do-ano-pela-federacao-internacional-do-automovel\/\",\"name\":\"Clube Autom\u00f3vel de Lousada eleito \\\"Melhor Organizador do Ano\\\" pela\u00a0Federa\u00e7\u00e3o Internacional do Autom\u00f3vel - Atelier do Caractere\",\"isPartOf\":{\"@id\":\"https:\/\/www.atelierdocaractere.pt\/brevemente\/#website\"},\"datePublished\":\"2026-02-23T12:13:08+00:00\",\"dateModified\":\"2026-02-23T12:13:11+00:00\",\"author\":{\"@id\":\"https:\/\/www.atelierdocaractere.pt\/brevemente\/#\/schema\/person\/434214d094c7f8243eba52cce01c3fbf\"},\"breadcrumb\":{\"@id\":\"https:\/\/www.atelierdocaractere.pt\/brevemente\/clube-automovel-de-lousada-eleito-melhor-organizador-do-ano-pela-federacao-internacional-do-automovel\/#breadcrumb\"},\"inLanguage\":\"pt-PT\",\"potentialAction\":[{\"@type\":\"ReadAction\",\"target\":[\"https:\/\/www.atelierdocaractere.pt\/brevemente\/clube-automovel-de-lousada-eleito-melhor-organizador-do-ano-pela-federacao-internacional-do-automovel\/\"]}]},{\"@type\":\"BreadcrumbList\",\"@id\":\"https:\/\/www.atelierdocaractere.pt\/brevemente\/clube-automovel-de-lousada-eleito-melhor-organizador-do-ano-pela-federacao-internacional-do-automovel\/#breadcrumb\",\"itemListElement\":[{\"@type\":\"ListItem\",\"position\":1,\"name\":\"In\u00edcio\",\"item\":\"https:\/\/www.atelierdocaractere.pt\/brevemente\/\"},{\"@type\":\"ListItem\",\"position\":2,\"name\":\"Clube Autom\u00f3vel de Lousada eleito &#8220;Melhor Organizador do Ano&#8221; pela\u00a0Federa\u00e7\u00e3o Internacional do Autom\u00f3vel\"}]},{\"@type\":\"WebSite\",\"@id\":\"https:\/\/www.atelierdocaractere.pt\/brevemente\/#website\",\"url\":\"https:\/\/www.atelierdocaractere.pt\/brevemente\/\",\"name\":\"Atelier do Caractere\",\"description\":\"\",\"potentialAction\":[{\"@type\":\"SearchAction\",\"target\":{\"@type\":\"EntryPoint\",\"urlTemplate\":\"https:\/\/www.atelierdocaractere.pt\/brevemente\/?s={search_term_string}\"},\"query-input\":\"required name=search_term_string\"}],\"inLanguage\":\"pt-PT\"},{\"@type\":\"Person\",\"@id\":\"https:\/\/www.atelierdocaractere.pt\/brevemente\/#\/schema\/person\/434214d094c7f8243eba52cce01c3fbf\",\"name\":\"Andr\u00e9 Lopes\",\"image\":{\"@type\":\"ImageObject\",\"inLanguage\":\"pt-PT\",\"@id\":\"https:\/\/www.atelierdocaractere.pt\/brevemente\/#\/schema\/person\/image\/\",\"url\":\"https:\/\/secure.gravatar.com\/avatar\/76af1c514620ffe1937f018fe03efb73?s=96&d=mm&r=g\",\"contentUrl\":\"https:\/\/secure.gravatar.com\/avatar\/76af1c514620ffe1937f018fe03efb73?s=96&d=mm&r=g\",\"caption\":\"Andr\u00e9 Lopes\"},\"url\":\"https:\/\/www.atelierdocaractere.pt\/brevemente\/author\/andre-lopes\/\"}]}<\/script>\n<!-- \/ Yoast SEO plugin. -->","yoast_head_json":{"title":"Clube Autom\u00f3vel de Lousada eleito \"Melhor Organizador do Ano\" pela\u00a0Federa\u00e7\u00e3o Internacional do Autom\u00f3vel - Atelier do Caractere","robots":{"index":"index","follow":"follow","max-snippet":"max-snippet:-1","max-image-preview":"max-image-preview:large","max-video-preview":"max-video-preview:-1"},"canonical":"https:\/\/www.atelierdocaractere.pt\/brevemente\/clube-automovel-de-lousada-eleito-melhor-organizador-do-ano-pela-federacao-internacional-do-automovel\/","og_locale":"pt_PT","og_type":"article","og_title":"Clube Autom\u00f3vel de Lousada eleito \"Melhor Organizador do Ano\" pela\u00a0Federa\u00e7\u00e3o Internacional do Autom\u00f3vel - Atelier do Caractere","og_description":"O Clube Autom\u00f3vel de Lousada (CAL) foi distinguido pela Federa\u00e7\u00e3o Internacional do Autom\u00f3vel (FIA) como o &#8220;Best Organiser&#8221; (Melhor Organizador)...","og_url":"https:\/\/www.atelierdocaractere.pt\/brevemente\/clube-automovel-de-lousada-eleito-melhor-organizador-do-ano-pela-federacao-internacional-do-automovel\/","og_site_name":"Atelier do Caractere","article_publisher":"https:\/\/www.facebook.com\/AtelierdoCaractere","article_published_time":"2026-02-23T12:13:08+00:00","article_modified_time":"2026-02-23T12:13:11+00:00","og_image":[{"width":1600,"height":1067,"url":"https:\/\/www.atelierdocaractere.pt\/wp-content\/uploads\/2026\/02\/whatsapp-image-2026-02-23-at-120719.jpeg","type":"image\/jpeg"}],"author":"Andr\u00e9 Lopes","twitter_card":"summary_large_image","twitter_misc":{"Escrito por":"Andr\u00e9 Lopes","Tempo estimado de leitura":"4 minutos"},"schema":{"@context":"https:\/\/schema.org","@graph":[{"@type":"WebPage","@id":"https:\/\/www.atelierdocaractere.pt\/brevemente\/clube-automovel-de-lousada-eleito-melhor-organizador-do-ano-pela-federacao-internacional-do-automovel\/","url":"https:\/\/www.atelierdocaractere.pt\/brevemente\/clube-automovel-de-lousada-eleito-melhor-organizador-do-ano-pela-federacao-internacional-do-automovel\/","name":"Clube Autom\u00f3vel de Lousada eleito \"Melhor Organizador do Ano\" pela\u00a0Federa\u00e7\u00e3o Internacional do Autom\u00f3vel - Atelier do Caractere","isPartOf":{"@id":"https:\/\/www.atelierdocaractere.pt\/brevemente\/#website"},"datePublished":"2026-02-23T12:13:08+00:00","dateModified":"2026-02-23T12:13:11+00:00","author":{"@id":"https:\/\/www.atelierdocaractere.pt\/brevemente\/#\/schema\/person\/434214d094c7f8243eba52cce01c3fbf"},"breadcrumb":{"@id":"https:\/\/www.atelierdocaractere.pt\/brevemente\/clube-automovel-de-lousada-eleito-melhor-organizador-do-ano-pela-federacao-internacional-do-automovel\/#breadcrumb"},"inLanguage":"pt-PT","potentialAction":[{"@type":"ReadAction","target":["https:\/\/www.atelierdocaractere.pt\/brevemente\/clube-automovel-de-lousada-eleito-melhor-organizador-do-ano-pela-federacao-internacional-do-automovel\/"]}]},{"@type":"BreadcrumbList","@id":"https:\/\/www.atelierdocaractere.pt\/brevemente\/clube-automovel-de-lousada-eleito-melhor-organizador-do-ano-pela-federacao-internacional-do-automovel\/#breadcrumb","itemListElement":[{"@type":"ListItem","position":1,"name":"In\u00edcio","item":"https:\/\/www.atelierdocaractere.pt\/brevemente\/"},{"@type":"ListItem","position":2,"name":"Clube Autom\u00f3vel de Lousada eleito &#8220;Melhor Organizador do Ano&#8221; pela\u00a0Federa\u00e7\u00e3o Internacional do Autom\u00f3vel"}]},{"@type":"WebSite","@id":"https:\/\/www.atelierdocaractere.pt\/brevemente\/#website","url":"https:\/\/www.atelierdocaractere.pt\/brevemente\/","name":"Atelier do Caractere","description":"","potentialAction":[{"@type":"SearchAction","target":{"@type":"EntryPoint","urlTemplate":"https:\/\/www.atelierdocaractere.pt\/brevemente\/?s={search_term_string}"},"query-input":"required name=search_term_string"}],"inLanguage":"pt-PT"},{"@type":"Person","@id":"https:\/\/www.atelierdocaractere.pt\/brevemente\/#\/schema\/person\/434214d094c7f8243eba52cce01c3fbf","name":"Andr\u00e9 Lopes","image":{"@type":"ImageObject","inLanguage":"pt-PT","@id":"https:\/\/www.atelierdocaractere.pt\/brevemente\/#\/schema\/person\/image\/","url":"https:\/\/secure.gravatar.com\/avatar\/76af1c514620ffe1937f018fe03efb73?s=96&d=mm&r=g","contentUrl":"https:\/\/secure.gravatar.com\/avatar\/76af1c514620ffe1937f018fe03efb73?s=96&d=mm&r=g","caption":"Andr\u00e9 Lopes"},"url":"https:\/\/www.atelierdocaractere.pt\/brevemente\/author\/andre-lopes\/"}]}},"_links":{"self":[{"href":"https:\/\/www.atelierdocaractere.pt\/brevemente\/wp-json\/wp\/v2\/posts\/14199"}],"collection":[{"href":"https:\/\/www.atelierdocaractere.pt\/brevemente\/wp-json\/wp\/v2\/posts"}],"about":[{"href":"https:\/\/www.atelierdocaractere.pt\/brevemente\/wp-json\/wp\/v2\/types\/post"}],"author":[{"embeddable":true,"href":"https:\/\/www.atelierdocaractere.pt\/brevemente\/wp-json\/wp\/v2\/users\/8"}],"replies":[{"embeddable":true,"href":"https:\/\/www.atelierdocaractere.pt\/brevemente\/wp-json\/wp\/v2\/comments?post=14199"}],"version-history":[{"count":1,"href":"https:\/\/www.atelierdocaractere.pt\/brevemente\/wp-json\/wp\/v2\/posts\/14199\/revisions"}],"predecessor-version":[{"id":14201,"href":"https:\/\/www.atelierdocaractere.pt\/brevemente\/wp-json\/wp\/v2\/posts\/14199\/revisions\/14201"}],"wp:featuredmedia":[{"embeddable":true,"href":"https:\/\/www.atelierdocaractere.pt\/brevemente\/wp-json\/wp\/v2\/media\/14200"}],"wp:attachment":[{"href":"https:\/\/www.atelierdocaractere.pt\/brevemente\/wp-json\/wp\/v2\/media?parent=14199"}],"wp:term":[{"taxonomy":"category","embeddable":true,"href":"https:\/\/www.atelierdocaractere.pt\/brevemente\/wp-json\/wp\/v2\/categories?post=14199"},{"taxonomy":"post_tag","embeddable":true,"href":"https:\/\/www.atelierdocaractere.pt\/brevemente\/wp-json\/wp\/v2\/tags?post=14199"}],"curies":[{"name":"wp","href":"https:\/\/api.w.org\/{rel}","templated":true}]}}