{"id":14206,"date":"2026-02-25T11:29:25","date_gmt":"2026-02-25T11:29:25","guid":{"rendered":"https:\/\/www.atelierdocaractere.pt\/brevemente\/?p=14206"},"modified":"2026-02-26T12:00:06","modified_gmt":"2026-02-26T12:00:06","slug":"team-consilcar-pensa-na-vitoria","status":"publish","type":"post","link":"https:\/\/www.atelierdocaractere.pt\/brevemente\/team-consilcar-pensa-na-vitoria\/","title":{"rendered":"Team Consilcar pensa na vit\u00f3ria"},"content":{"rendered":"\n<p><strong>O Team Consilcar marca presen\u00e7a na Baja Montes Alentejanos, prova de abertura do Campeonato Portugal de Todo-o-Terreno, que se realiza este fim de semana. As duplas Edgar Condenso\/Nuno Silva (Ford Ranger Proto) e David Carreira\/Ant\u00f3nio Serr\u00e3o (Can Am Maverick) v\u00e3o defender as cores da equipa e lutar pelos primeiros lugares nas respetivas categorias.<\/strong><\/p>\n\n\n\n<figure class=\"wp-block-image size-full\"><img decoding=\"async\" width=\"1000\" height=\"667\" src=\"https:\/\/www.atelierdocaractere.pt\/wp-content\/uploads\/2026\/02\/team-consilcar-01.jpg\" alt=\"\" class=\"wp-image-14207\" srcset=\"https:\/\/www.atelierdocaractere.pt\/wp-content\/uploads\/2026\/02\/team-consilcar-01.jpg 1000w, https:\/\/www.atelierdocaractere.pt\/wp-content\/uploads\/2026\/02\/team-consilcar-01-300x200.jpg 300w, https:\/\/www.atelierdocaractere.pt\/wp-content\/uploads\/2026\/02\/team-consilcar-01-768x512.jpg 768w, https:\/\/www.atelierdocaractere.pt\/wp-content\/uploads\/2026\/02\/team-consilcar-01-900x600.jpg 900w, https:\/\/www.atelierdocaractere.pt\/wp-content\/uploads\/2026\/02\/team-consilcar-01-675x450.jpg 675w\" sizes=\"(max-width: 1000px) 100vw, 1000px\" \/><\/figure>\n\n\n\n<p>Come\u00e7ou a contagem decrescente para o in\u00edcio do melhor campeonato da Europa de Todo-o-Terreno. Edgar Condenso e Nuno Silva v\u00e3o participar nas sete provas que comp\u00f5em o calend\u00e1rio, com o objetivo de dar espet\u00e1culo e ganhar! A reconquista do t\u00edtulo nacional \u00e9 o grande objetivo para 2026. <\/p>\n\n\n\n<p>O primeiro grande desafio \u00e9 a Baja Montes Alentejanos, prova organizada pelo CPKA, que tem centro nevr\u00e1lgico em Beja. Os pilotos do Team Consilcar t\u00eam pela frente um pr\u00f3logo de 5,5 km e um setor seletivo de 120 km, que ser\u00e1 percorrido por tr\u00eas vezes, ao longo do fim de semana.<\/p>\n\n\n\n<p>Os campe\u00f5es nacionais de 2024, na categoria T1, alinham com o Ford Ranger Proto, que foi totalmente recondicionado, de modo a permitir \u00e0 equipa lutar pela vit\u00f3ria na categoria. A primeira prova do ano desenrola-se pelos estrad\u00f5es de terra do Baixo Alentejo e as expetativas da forma\u00e7\u00e3o do Team Consilcar s\u00e3o elevadas: <strong>\u201cConhecemos bem o carro e vamos andar o mais r\u00e1pido que pudermos para ganhar a categoria T1. N\u00e3o sabemos que tipo de percursos vamos encontrar, mas acredito que seja uma prova relativamente r\u00e1pida e sem a travessia de grandes ribeiras\u201d<\/strong>, afirmou Edgar Condenso.<\/p>\n\n\n\n<p>O facto de os concorrentes passarem tr\u00eas vezes pelo mesmo setor seletivo tem vantagens e inconvenientes, como explicou o piloto: <strong>\u201cVai-se criando maior conhecimento da estrada e das zonas mais dif\u00edceis, \u00e9 como se fiz\u00e9ssemos um reconhecimento, e isso facilita a vida aos pilotos. Por outro lado, na \u00faltima passagem, vamos apanhar o piso muito degradado e isso pode causar problemas. Por\u00e9m, acredito que a organiza\u00e7\u00e3o tenha escolhido estradas que aguentem bem a passagem dos carros\u201d<\/strong>, frisou Edgar Condenso.<\/p>\n\n\n\n<p>Nuno Silva espera <strong>\u201cuma prova r\u00e1pida e desafiante\u201d<\/strong>, com o objetivo de sempre: <strong>\u201cQueremos ganhar a categoria T1. Se houver lama, a Ford Ranger tem um bom desempenho nessas condi\u00e7\u00f5es, mas os nossos advers\u00e1rios tamb\u00e9m t\u00eam carros competitivos\u201d<\/strong>, lembrou Nuno Silva, que adiantou: <strong>\u201c\u00c9 o come\u00e7o de um novo campeonato, com uma nova expetativa. Penso que vamos ter uma \u00e9poca muito disputada\u201d<\/strong>, frisou.<\/p>\n\n\n\n<p>O experiente navegador do Team Consilcar considera que a baja deste ano vai ser mais exigente para carros e pilotos, devido \u00e0s condi\u00e7\u00f5es do percurso. <strong>\u201cSe o piso n\u00e3o secar por completo, o facto de fazermos tr\u00eas passagens pelo mesmo tro\u00e7o vai deixar o terreno muito escavado e a \u00faltima passagem vai ser extremamente dif\u00edcil. Em vez de andarmos ao ataque, como seria desej\u00e1vel, vamos ter de poupar a mec\u00e2nica para chegar ao fim. Mas estamos prontos para o desafio\u201d<\/strong>, garantiu.<\/p>\n\n\n\n<p>David Carreira e Ant\u00f3nio Serr\u00e3o defendem as cores do Team Consilcar na categoria Challenger (T3). Com a experi\u00eancia adquirida o ano passado, a expetativa de David Carreira \u00e9 <strong>\u201candar depressa, divertir-me e fazer um bom resultado\u201d<\/strong>, come\u00e7ou por dizer o piloto do Can Am Maverick. Relativamente \u00e0 primeira prova da \u00e9poca, foi perempt\u00f3rio: <strong>\u201cEstou ansioso por come\u00e7ar. Ainda n\u00e3o sabemos como vai ser e que parte do percurso original vamos fazer, mas acredito que ser\u00e1 sempre bastante r\u00e1pido\u201d<\/strong>. David Carreira reconheceu que a competi\u00e7\u00e3o vai ser intensa e dif\u00edcil: <strong>\u201cA categoria T3 \u00e9 muito competitiva e h\u00e1 carros mais evolu\u00eddos do que o nosso. Vamos ver o que acontece durante a prova\u201d<\/strong>, salientou.<\/p>\n","protected":false},"excerpt":{"rendered":"<p>O Team Consilcar marca presen\u00e7a na Baja Montes Alentejanos, prova de abertura do Campeonato Portugal de Todo-o-Terreno, que se realiza&#8230;<\/p>\n","protected":false},"author":7,"featured_media":14207,"comment_status":"closed","ping_status":"open","sticky":false,"template":"","format":"standard","meta":[],"categories":[24],"tags":[1145,1146,287],"yoast_head":"<!-- This site is optimized with the Yoast SEO plugin v20.12 - https:\/\/yoast.com\/wordpress\/plugins\/seo\/ -->\n<title>Team Consilcar pensa na vit\u00f3ria - Atelier do Caractere<\/title>\n<meta name=\"robots\" content=\"index, follow, max-snippet:-1, max-image-preview:large, max-video-preview:-1\" \/>\n<link rel=\"canonical\" href=\"https:\/\/www.atelierdocaractere.pt\/brevemente\/team-consilcar-pensa-na-vitoria\/\" \/>\n<meta property=\"og:locale\" content=\"pt_PT\" \/>\n<meta property=\"og:type\" content=\"article\" \/>\n<meta property=\"og:title\" content=\"Team Consilcar pensa na vit\u00f3ria - Atelier do Caractere\" \/>\n<meta property=\"og:description\" content=\"O Team Consilcar marca presen\u00e7a na Baja Montes Alentejanos, prova de abertura do Campeonato Portugal de Todo-o-Terreno, que se realiza...\" \/>\n<meta property=\"og:url\" content=\"https:\/\/www.atelierdocaractere.pt\/brevemente\/team-consilcar-pensa-na-vitoria\/\" \/>\n<meta property=\"og:site_name\" content=\"Atelier do Caractere\" \/>\n<meta property=\"article:publisher\" content=\"https:\/\/www.facebook.com\/AtelierdoCaractere\" \/>\n<meta property=\"article:published_time\" content=\"2026-02-25T11:29:25+00:00\" \/>\n<meta property=\"article:modified_time\" content=\"2026-02-26T12:00:06+00:00\" \/>\n<meta property=\"og:image\" content=\"https:\/\/www.atelierdocaractere.pt\/wp-content\/uploads\/2026\/02\/team-consilcar-01.jpg\" \/>\n\t<meta property=\"og:image:width\" content=\"1000\" \/>\n\t<meta property=\"og:image:height\" content=\"667\" \/>\n\t<meta property=\"og:image:type\" content=\"image\/jpeg\" \/>\n<meta name=\"author\" content=\"Joana Barbosa\" \/>\n<meta name=\"twitter:card\" content=\"summary_large_image\" \/>\n<meta name=\"twitter:label1\" content=\"Escrito por\" \/>\n\t<meta name=\"twitter:data1\" content=\"Joana Barbosa\" \/>\n\t<meta name=\"twitter:label2\" content=\"Tempo estimado de leitura\" \/>\n\t<meta name=\"twitter:data2\" content=\"4 minutos\" \/>\n<script type=\"application\/ld+json\" class=\"yoast-schema-graph\">{\"@context\":\"https:\/\/schema.org\",\"@graph\":[{\"@type\":\"WebPage\",\"@id\":\"https:\/\/www.atelierdocaractere.pt\/brevemente\/team-consilcar-pensa-na-vitoria\/\",\"url\":\"https:\/\/www.atelierdocaractere.pt\/brevemente\/team-consilcar-pensa-na-vitoria\/\",\"name\":\"Team Consilcar pensa na vit\u00f3ria - Atelier do Caractere\",\"isPartOf\":{\"@id\":\"https:\/\/www.atelierdocaractere.pt\/brevemente\/#website\"},\"datePublished\":\"2026-02-25T11:29:25+00:00\",\"dateModified\":\"2026-02-26T12:00:06+00:00\",\"author\":{\"@id\":\"https:\/\/www.atelierdocaractere.pt\/brevemente\/#\/schema\/person\/f2f096eb0f27d9894725af22cb97c0db\"},\"breadcrumb\":{\"@id\":\"https:\/\/www.atelierdocaractere.pt\/brevemente\/team-consilcar-pensa-na-vitoria\/#breadcrumb\"},\"inLanguage\":\"pt-PT\",\"potentialAction\":[{\"@type\":\"ReadAction\",\"target\":[\"https:\/\/www.atelierdocaractere.pt\/brevemente\/team-consilcar-pensa-na-vitoria\/\"]}]},{\"@type\":\"BreadcrumbList\",\"@id\":\"https:\/\/www.atelierdocaractere.pt\/brevemente\/team-consilcar-pensa-na-vitoria\/#breadcrumb\",\"itemListElement\":[{\"@type\":\"ListItem\",\"position\":1,\"name\":\"In\u00edcio\",\"item\":\"https:\/\/www.atelierdocaractere.pt\/brevemente\/\"},{\"@type\":\"ListItem\",\"position\":2,\"name\":\"Team Consilcar pensa na vit\u00f3ria\"}]},{\"@type\":\"WebSite\",\"@id\":\"https:\/\/www.atelierdocaractere.pt\/brevemente\/#website\",\"url\":\"https:\/\/www.atelierdocaractere.pt\/brevemente\/\",\"name\":\"Atelier do Caractere\",\"description\":\"\",\"potentialAction\":[{\"@type\":\"SearchAction\",\"target\":{\"@type\":\"EntryPoint\",\"urlTemplate\":\"https:\/\/www.atelierdocaractere.pt\/brevemente\/?s={search_term_string}\"},\"query-input\":\"required name=search_term_string\"}],\"inLanguage\":\"pt-PT\"},{\"@type\":\"Person\",\"@id\":\"https:\/\/www.atelierdocaractere.pt\/brevemente\/#\/schema\/person\/f2f096eb0f27d9894725af22cb97c0db\",\"name\":\"Joana Barbosa\",\"image\":{\"@type\":\"ImageObject\",\"inLanguage\":\"pt-PT\",\"@id\":\"https:\/\/www.atelierdocaractere.pt\/brevemente\/#\/schema\/person\/image\/\",\"url\":\"https:\/\/secure.gravatar.com\/avatar\/33e8214b45e9d68a3a83008731075979?s=96&d=mm&r=g\",\"contentUrl\":\"https:\/\/secure.gravatar.com\/avatar\/33e8214b45e9d68a3a83008731075979?s=96&d=mm&r=g\",\"caption\":\"Joana Barbosa\"},\"url\":\"https:\/\/www.atelierdocaractere.pt\/brevemente\/author\/joanabarbosa\/\"}]}<\/script>\n<!-- \/ Yoast SEO plugin. -->","yoast_head_json":{"title":"Team Consilcar pensa na vit\u00f3ria - Atelier do Caractere","robots":{"index":"index","follow":"follow","max-snippet":"max-snippet:-1","max-image-preview":"max-image-preview:large","max-video-preview":"max-video-preview:-1"},"canonical":"https:\/\/www.atelierdocaractere.pt\/brevemente\/team-consilcar-pensa-na-vitoria\/","og_locale":"pt_PT","og_type":"article","og_title":"Team Consilcar pensa na vit\u00f3ria - Atelier do Caractere","og_description":"O Team Consilcar marca presen\u00e7a na Baja Montes Alentejanos, prova de abertura do Campeonato Portugal de Todo-o-Terreno, que se realiza...","og_url":"https:\/\/www.atelierdocaractere.pt\/brevemente\/team-consilcar-pensa-na-vitoria\/","og_site_name":"Atelier do Caractere","article_publisher":"https:\/\/www.facebook.com\/AtelierdoCaractere","article_published_time":"2026-02-25T11:29:25+00:00","article_modified_time":"2026-02-26T12:00:06+00:00","og_image":[{"width":1000,"height":667,"url":"https:\/\/www.atelierdocaractere.pt\/wp-content\/uploads\/2026\/02\/team-consilcar-01.jpg","type":"image\/jpeg"}],"author":"Joana Barbosa","twitter_card":"summary_large_image","twitter_misc":{"Escrito por":"Joana Barbosa","Tempo estimado de leitura":"4 minutos"},"schema":{"@context":"https:\/\/schema.org","@graph":[{"@type":"WebPage","@id":"https:\/\/www.atelierdocaractere.pt\/brevemente\/team-consilcar-pensa-na-vitoria\/","url":"https:\/\/www.atelierdocaractere.pt\/brevemente\/team-consilcar-pensa-na-vitoria\/","name":"Team Consilcar pensa na vit\u00f3ria - Atelier do Caractere","isPartOf":{"@id":"https:\/\/www.atelierdocaractere.pt\/brevemente\/#website"},"datePublished":"2026-02-25T11:29:25+00:00","dateModified":"2026-02-26T12:00:06+00:00","author":{"@id":"https:\/\/www.atelierdocaractere.pt\/brevemente\/#\/schema\/person\/f2f096eb0f27d9894725af22cb97c0db"},"breadcrumb":{"@id":"https:\/\/www.atelierdocaractere.pt\/brevemente\/team-consilcar-pensa-na-vitoria\/#breadcrumb"},"inLanguage":"pt-PT","potentialAction":[{"@type":"ReadAction","target":["https:\/\/www.atelierdocaractere.pt\/brevemente\/team-consilcar-pensa-na-vitoria\/"]}]},{"@type":"BreadcrumbList","@id":"https:\/\/www.atelierdocaractere.pt\/brevemente\/team-consilcar-pensa-na-vitoria\/#breadcrumb","itemListElement":[{"@type":"ListItem","position":1,"name":"In\u00edcio","item":"https:\/\/www.atelierdocaractere.pt\/brevemente\/"},{"@type":"ListItem","position":2,"name":"Team Consilcar pensa na vit\u00f3ria"}]},{"@type":"WebSite","@id":"https:\/\/www.atelierdocaractere.pt\/brevemente\/#website","url":"https:\/\/www.atelierdocaractere.pt\/brevemente\/","name":"Atelier do Caractere","description":"","potentialAction":[{"@type":"SearchAction","target":{"@type":"EntryPoint","urlTemplate":"https:\/\/www.atelierdocaractere.pt\/brevemente\/?s={search_term_string}"},"query-input":"required name=search_term_string"}],"inLanguage":"pt-PT"},{"@type":"Person","@id":"https:\/\/www.atelierdocaractere.pt\/brevemente\/#\/schema\/person\/f2f096eb0f27d9894725af22cb97c0db","name":"Joana Barbosa","image":{"@type":"ImageObject","inLanguage":"pt-PT","@id":"https:\/\/www.atelierdocaractere.pt\/brevemente\/#\/schema\/person\/image\/","url":"https:\/\/secure.gravatar.com\/avatar\/33e8214b45e9d68a3a83008731075979?s=96&d=mm&r=g","contentUrl":"https:\/\/secure.gravatar.com\/avatar\/33e8214b45e9d68a3a83008731075979?s=96&d=mm&r=g","caption":"Joana Barbosa"},"url":"https:\/\/www.atelierdocaractere.pt\/brevemente\/author\/joanabarbosa\/"}]}},"_links":{"self":[{"href":"https:\/\/www.atelierdocaractere.pt\/brevemente\/wp-json\/wp\/v2\/posts\/14206"}],"collection":[{"href":"https:\/\/www.atelierdocaractere.pt\/brevemente\/wp-json\/wp\/v2\/posts"}],"about":[{"href":"https:\/\/www.atelierdocaractere.pt\/brevemente\/wp-json\/wp\/v2\/types\/post"}],"author":[{"embeddable":true,"href":"https:\/\/www.atelierdocaractere.pt\/brevemente\/wp-json\/wp\/v2\/users\/7"}],"replies":[{"embeddable":true,"href":"https:\/\/www.atelierdocaractere.pt\/brevemente\/wp-json\/wp\/v2\/comments?post=14206"}],"version-history":[{"count":1,"href":"https:\/\/www.atelierdocaractere.pt\/brevemente\/wp-json\/wp\/v2\/posts\/14206\/revisions"}],"predecessor-version":[{"id":14208,"href":"https:\/\/www.atelierdocaractere.pt\/brevemente\/wp-json\/wp\/v2\/posts\/14206\/revisions\/14208"}],"wp:featuredmedia":[{"embeddable":true,"href":"https:\/\/www.atelierdocaractere.pt\/brevemente\/wp-json\/wp\/v2\/media\/14207"}],"wp:attachment":[{"href":"https:\/\/www.atelierdocaractere.pt\/brevemente\/wp-json\/wp\/v2\/media?parent=14206"}],"wp:term":[{"taxonomy":"category","embeddable":true,"href":"https:\/\/www.atelierdocaractere.pt\/brevemente\/wp-json\/wp\/v2\/categories?post=14206"},{"taxonomy":"post_tag","embeddable":true,"href":"https:\/\/www.atelierdocaractere.pt\/brevemente\/wp-json\/wp\/v2\/tags?post=14206"}],"curies":[{"name":"wp","href":"https:\/\/api.w.org\/{rel}","templated":true}]}}