{"id":14209,"date":"2026-02-25T15:19:51","date_gmt":"2026-02-25T15:19:51","guid":{"rendered":"https:\/\/www.atelierdocaractere.pt\/brevemente\/?p=14209"},"modified":"2026-02-27T15:22:42","modified_gmt":"2026-02-27T15:22:42","slug":"unidos-e-preparados-para-guiar-o-pelotao-da-frente-em-portugal","status":"publish","type":"post","link":"https:\/\/www.atelierdocaractere.pt\/brevemente\/unidos-e-preparados-para-guiar-o-pelotao-da-frente-em-portugal\/","title":{"rendered":"\u201cUnidos e preparados para guiar o pelot\u00e3o da frente em Portugal\u201d"},"content":{"rendered":"\n<p><strong>CIM Viseu D\u00e3o Laf\u00f5es surpreende na maior edi\u00e7\u00e3o da BTL de sempre, com um stand e uma programa\u00e7\u00e3o que marcaram, esta quarta-feira, a abertura da edi\u00e7\u00e3o 2026 do certame. Os melhores n\u00fameros de sempre no Turismo da regi\u00e3o renovam a exig\u00eancia de um territ\u00f3rio em que os munic\u00edpios s\u00e3o fortemente elogiados pela capacidade de trabalho em rede e promo\u00e7\u00e3o conjunta. \u201cEncontramos aqui os melhores autarcas do mundo\u201d, afirmou Isabel Damasceno.<\/strong><\/p>\n\n\n\n<figure class=\"wp-block-image size-large\"><img decoding=\"async\" width=\"1024\" height=\"683\" src=\"https:\/\/www.atelierdocaractere.pt\/wp-content\/uploads\/2026\/02\/5a75e29b-3dbe-d982-4165-3f131a4a5344-1024x683.jpeg\" alt=\"\" class=\"wp-image-14210\" srcset=\"https:\/\/www.atelierdocaractere.pt\/wp-content\/uploads\/2026\/02\/5a75e29b-3dbe-d982-4165-3f131a4a5344-1024x683.jpeg 1024w, https:\/\/www.atelierdocaractere.pt\/wp-content\/uploads\/2026\/02\/5a75e29b-3dbe-d982-4165-3f131a4a5344-300x200.jpeg 300w, https:\/\/www.atelierdocaractere.pt\/wp-content\/uploads\/2026\/02\/5a75e29b-3dbe-d982-4165-3f131a4a5344-768x512.jpeg 768w, https:\/\/www.atelierdocaractere.pt\/wp-content\/uploads\/2026\/02\/5a75e29b-3dbe-d982-4165-3f131a4a5344-900x600.jpeg 900w, https:\/\/www.atelierdocaractere.pt\/wp-content\/uploads\/2026\/02\/5a75e29b-3dbe-d982-4165-3f131a4a5344-675x450.jpeg 675w, https:\/\/www.atelierdocaractere.pt\/wp-content\/uploads\/2026\/02\/5a75e29b-3dbe-d982-4165-3f131a4a5344.jpeg 1200w\" sizes=\"(max-width: 1024px) 100vw, 1024px\" \/><\/figure>\n\n\n\n<p>A abertura oficial da presen\u00e7a conjunta dos 14 munic\u00edpios de Viseu D\u00e3o Laf\u00f5es na edi\u00e7\u00e3o 2026 da Bolsa de Turismo de Lisboa, esta quarta-feira, sinalizou o compromisso da regi\u00e3o em prosseguir o trabalho que levou o territ\u00f3rio a registar, em 2025, os melhores n\u00fameros de sempre para o Turismo do territ\u00f3rio. Jo\u00e3o Azevedo, presidente da CIM, discursando para uma plateia que tinha acabado de testemunhar o v\u00eddeo da campanha \u201cOnde Apetece Estar\u201d, renovou a exig\u00eancia. \u201cEste v\u00eddeo representa uma parte do que temos; ao mesmo tempo, devemos aproveitar o plano estrat\u00e9gico que a CIM tem para promover a regi\u00e3o. E isso tem que ver com as pol\u00edticas p\u00fablicas e com o setor privado, com o investimento, com a cria\u00e7\u00e3o de riqueza e de melhor condi\u00e7\u00f5es de vida. Queremos competir na primeira liga. Coloc\u00e1mos esta regi\u00e3o na moda. Agora temos de estar unidos e preparados para colocar este territ\u00f3rio a guiar o pelot\u00e3o da frente neste pa\u00eds. \u00c9 essa a nossa fun\u00e7\u00e3o\u201d, afirmou.<\/p>\n\n\n\n<p>Os dados preliminares do INE relativo \u00e0 atividade tur\u00edstica de 2025, recorde-se, confirmam que este foi o melhor ano de sempre para a regi\u00e3o. Viseu D\u00e3o Laf\u00f5es registou um aumento de 4,68% no n\u00famero de h\u00f3spedes&nbsp;nos estabelecimentos de alojamento tur\u00edstico, para um total de 363,7 mil (a m\u00e9dia nacional cresceu 2,96%). Nas dormidas, Viseu D\u00e3o Laf\u00f5es teve um acr\u00e9scimo de 3,66%, para 655,4 mil (tamb\u00e9m acima da m\u00e9dia nacional, que foi de 2,15%).<\/p>\n\n\n\n<p>Al\u00e9m do Secret\u00e1rio de Estado das Florestas, Rui Ladeira, do Secret\u00e1rio de Estado da Agricultura, Jo\u00e3o Moura, e do Secret\u00e1rio de Estado da Administra\u00e7\u00e3o Local e Ordenamento do Territ\u00f3rio, Silv\u00e9rio Regalado,&nbsp;a inaugura\u00e7\u00e3o do Stand da CIM Viseu D\u00e3o Laf\u00f5es contou com a presen\u00e7a da presidente da CCDR Centro, Isabel Damasceno. \u201cQuiz o acaso que estivesse aqui no meu \u00faltimo dia de fun\u00e7\u00f5es a visitar a BTL. \u00c9 muito gratificante estar convosco e encontrar os melhores autarcas do mundo. \u00c9 um privil\u00e9gio. Esta \u00e9 uma regi\u00e3o com uma riqueza e diversidade muito pr\u00f3pria. Quero salientar o caminho extraodin\u00e1rio que esta CIM percorreu, com pensamento estruturado, com estrat\u00e9gia. E quero deixar um agradecimento \u00e0 compet\u00eancia de Nuno Martinho, Secret\u00e1rio Executivo da CIM, sempre um parceiro exemplar junto da CCDR\u201d, afirmou Isabel Damasceno. Antes, Jo\u00e3o Azevedo, presidente da CIM, j\u00e1 tinha feito quest\u00e3o de expressar a gratid\u00e3o dos autarcas da regi\u00e3o pelo seu contributo para o territ\u00f3rio enquanto presidente da CCDR: \u201cSenhora Presidente, quero agradecer tudo o que fez por n\u00f3s\u201d.<\/p>\n\n\n\n<p><strong>Pedro Machado. \u201cEsta promo\u00e7\u00e3o conjunta \u00e9 muito mais pujante\u201d<\/strong><\/p>\n\n\n\n<p>O primeiro dia da CIM Viseu D\u00e3o Laf\u00f5es na BTL 2026 destacou a programa\u00e7\u00e3o dos munic\u00edpios de Viseu e de Tondela. Foi um dia igualmente de forte aposta na dimens\u00e3o gastron\u00f3mica e vinhos, com os Chefs Diogo Rocha e In\u00eas Beja. Entre as demais visitas, destacaram-se a do presidente do Turismo de Portugal, Carlos Abade, bem como do Secret\u00e1rio de Estado do Turismo, Com\u00e9rcio e Servi\u00e7os, Pedro Machado, que refor\u00e7ou a capacidade de trabalho e uni\u00e3o dos munic\u00edpios de Viseu D\u00e3o Laf\u00f5es. \u201c\u00c9 muito importante n\u00e3o haver barreiras entre munic\u00edpios. Esta promo\u00e7\u00e3o conjunta \u00e9 muito mais pujante do que qualquer esfor\u00e7o individual\u201d, afirmou, assinalando a forma como a regi\u00e3o est\u00e1 \u201cpraticamente a dobrar a m\u00e9dia de crescimento do pa\u00eds\u201d e a \u201creter mais tempo as pessoas no territ\u00f3rio\u201d.<\/p>\n\n\n\n<p><strong>Um impactante jardim hist\u00f3rico sob o mote \u201cSegue o Cora\u00e7\u00e3o\u201d<\/strong><\/p>\n\n\n\n<p>Em pleno pavilh\u00e3o 2 da BTL, a CIM Viseu D\u00e3o Laf\u00f5es destaca-se com um stand que acolhe a ativa\u00e7\u00e3o do territ\u00f3rio na BTL at\u00e9 dia 1 de mar\u00e7o. Sob o mote \u201c<strong>Segue o Cora\u00e7\u00e3o<\/strong>\u201d, a regi\u00e3o apresenta uma estrutura de dois pisos e tr\u00eas palcos, onde o patrim\u00f3nio e os labirintos dos Jardins Hist\u00f3ricos servem de cen\u00e1rio para uma programa\u00e7\u00e3o vibrante de cinco dias, que aposta na gastronomia, nas artes e nos of\u00edcios dos 14 munic\u00edpios.<\/p>\n\n\n\n<p>A estrutura&nbsp; foi reformulada para proporcionar&nbsp;diferentes n\u00edveis de experi\u00eancias&nbsp;aos visitantes.&nbsp;O primeiro piso \u00e9 marcado por um labirinto inspirado nos jardins da regi\u00e3o, que lan\u00e7a o convite para que os visitantes explorem o stand e descubram o melhor que Viseu D\u00e3o Laf\u00f5es tem para oferecer.<br><br>Neste piso, no palco&nbsp;Garden Taste, os visitantes v\u00e3o encontrar a programa\u00e7\u00e3o institucional e gastron\u00f3mica, bem como a zona de restaura\u00e7\u00e3o com showcookings de produtos regionais. Ainda neste piso est\u00e1 igualmente instalada uma parede \u201cinstagram\u00e1vel\u201d, pensada para potenciar a partilha espont\u00e2nea nas redes sociais.<br><br>\u00c9 tamb\u00e9m neste contexto de descoberta que surge o&nbsp;Passaporte Digital, uma experi\u00eancia interativa e sustent\u00e1vel que convida os visitantes a procurar os QR Codes correspondentes aos 14 munic\u00edpios, fazer scan e registar os respetivos selos digitais. Ap\u00f3s conclu\u00edrem o passaporte com os 14 selos, poder\u00e3o dirigir-se ao balc\u00e3o informativo para levantar o seu pr\u00e9mio, levando consigo uma recorda\u00e7\u00e3o especial da regi\u00e3o.<br><br>No segundo piso, o palco&nbsp;Garden Lab&nbsp;assume-se como&nbsp;espa\u00e7o premium&nbsp;dedicado \u00e0 experi\u00eancia e \u00e0 perman\u00eancia. Aqui haver\u00e1 uma \u00e1rea dedicada \u00e0 sa\u00fade e bem-estar, com cadeiras de massagens e de relaxamento dinamizados pelas est\u00e2ncias termais da regi\u00e3o. Ao longo dos dias decorrer\u00e3o tamb\u00e9m oficinas ao vivo de artesanato regional, com destaque para o linho e para as tradicionais capuchinhas de Castro Daire, momentos que permitir\u00e3o ao p\u00fablico assistir ao processo de confe\u00e7\u00e3o, refor\u00e7ando a autenticidade e o valor do saber-fazer tradicional.<br><br>Neste mesmo piso funciona tamb\u00e9m uma das principais novidades da edi\u00e7\u00e3o de 2026: um videocast produzido em direto a partir do stand, com a participa\u00e7\u00e3o de autarcas e convidados especiais. O espa\u00e7o serve como plataforma de debate e promo\u00e7\u00e3o da regi\u00e3o, com talks que abordar\u00e3o temas como gastronomia, enoturismo, cultura e eventos. Conversas tem\u00e1ticas sobre o Vinho do D\u00e3o ser\u00e3o um dos destaques.<br><br>O stand integra ainda uma \u00e1rea de neg\u00f3cios com&nbsp;23 operadores tur\u00edsticos da regi\u00e3o, assegurando uma representa\u00e7\u00e3o diversificada da oferta de alojamento, de enoturismo e experi\u00eancias.<br><br>Ao final de cada dia, o ambiente do stand transforma-se com o&nbsp;DJ set \u201cViseu D\u00e3o Laf\u00f5es Garden Party\u201d,&nbsp;no palco&nbsp;Garden Stage, que prolonga o conceito dos Jardins Hist\u00f3ricos numa atmosfera descontra\u00edda e envolvente.<br><br>A participa\u00e7\u00e3o na BTL ser\u00e1 acompanhada por uma campanha nacional de visibilidade, que inclui outdoors na autoestrada A1 e mupis em Lisboa, entre outras plataformas.<\/p>\n\n\n\n<p><\/p>\n\n\n\n<p><strong>Programa\u00e7\u00e3o do segundo dia<\/strong><br><br>A programa\u00e7\u00e3o dos cinco dias tem forte envolvimento dos 14 munic\u00edpios da\u00a0CIM. Este ano, a organiza\u00e7\u00e3o implementa uma estrat\u00e9gia de programa\u00e7\u00e3o cruzada: as apresenta\u00e7\u00f5es institucionais dos munic\u00edpios s\u00e3o intercaladas com momentos gastron\u00f3micos de outros concelhos. Esta l\u00f3gica estimula a perman\u00eancia do p\u00fablico no stand, promovendo uma experi\u00eancia integrada e transversal do territ\u00f3rio.<br><br>O segundo dia \u00e9 dedicado \u00e0 continua\u00e7\u00e3o das apresenta\u00e7\u00f5es e degusta\u00e7\u00f5es dos principais destaques dos munic\u00edpios, desta vez a cargo das autarquias de Vila Nova de Paiva, S\u00e1t\u00e3o, Aguiar da Beira e Castro Daire. A\u00a0CIM\u00a0apresenta tamb\u00e9m o Projeto Agrotour e o Evento \u201cProve Vinho &amp; Queijo\u201d, a cargo dos PROVERE dos queijos e dos vinhos da regi\u00e3o.<br><br>As propostas de Oliveira de Frades, Mangualde, S\u00e3o Pedro do Sul e Nelas assumem o protagonismo no terceiro dia de feira, enquanto o quarto dia ser\u00e1 dedicado a Santa Comba D\u00e3o, Penalva do Castelo, Carregal do Sal e Vouzela.<\/p>\n\n\n\n<p><br>O quinto e \u00faltimo dia ser\u00e1 marcado pela presen\u00e7a das confrarias gastron\u00f3micas do territ\u00f3rio, que dar\u00e3o a provar algumas das especialidades que afirmam Viseu D\u00e3o Laf\u00f5es como refer\u00eancia gastron\u00f3mica nacional.<\/p>\n\n\n\n<p>A agenda completa est\u00e1 dispon\u00edvel em\u00a0<a href=\"https:\/\/mixlife.us21.list-manage.com\/track\/click?u=6fa784dd5dedbb105dedc3702&amp;id=3374c69f7a&amp;e=a88eb34a0e\">www.visitviseudaolafoes.pt<\/a>, nas redes sociais da\u00a0CIM\u00a0e na app &#8220;Visit Viseu D\u00e3o Laf\u00f5es&#8221;.<\/p>\n\n\n\n<p><strong>Sobre a CIM Viseu D\u00e3o Laf\u00f5es:<\/strong><br>A CIM Viseu D\u00e3o Laf\u00f5es \u00e9 uma associa\u00e7\u00e3o de munic\u00edpios, denominada como Comunidade Intermunicipal, sendo constitu\u00edda pelos munic\u00edpios de\u00a0Aguiar da Beira, Carregal do Sal, Castro Daire, Mangualde, Nelas, Oliveira de Frades, Penalva do Castelo, Santa Comba D\u00e3o, S\u00e3o Pedro do Sul, S\u00e1t\u00e3o, Tondela, Vila Nova de Paiva, Viseu e Vouzela.<\/p>\n","protected":false},"excerpt":{"rendered":"<p>CIM Viseu D\u00e3o Laf\u00f5es surpreende na maior edi\u00e7\u00e3o da BTL de sempre, com um stand e uma programa\u00e7\u00e3o que marcaram,&#8230;<\/p>\n","protected":false},"author":7,"featured_media":14210,"comment_status":"closed","ping_status":"open","sticky":false,"template":"","format":"standard","meta":[],"categories":[67],"tags":[485,448,636],"yoast_head":"<!-- This site is optimized with the Yoast SEO plugin v20.12 - https:\/\/yoast.com\/wordpress\/plugins\/seo\/ -->\n<title>\u201cUnidos e preparados para guiar o pelot\u00e3o da frente em Portugal\u201d - Atelier do Caractere<\/title>\n<meta name=\"robots\" content=\"index, follow, max-snippet:-1, max-image-preview:large, max-video-preview:-1\" \/>\n<link rel=\"canonical\" href=\"https:\/\/www.atelierdocaractere.pt\/brevemente\/unidos-e-preparados-para-guiar-o-pelotao-da-frente-em-portugal\/\" \/>\n<meta property=\"og:locale\" content=\"pt_PT\" \/>\n<meta property=\"og:type\" content=\"article\" \/>\n<meta property=\"og:title\" content=\"\u201cUnidos e preparados para guiar o pelot\u00e3o da frente em Portugal\u201d - Atelier do Caractere\" \/>\n<meta property=\"og:description\" content=\"CIM Viseu D\u00e3o Laf\u00f5es surpreende na maior edi\u00e7\u00e3o da BTL de sempre, com um stand e uma programa\u00e7\u00e3o que marcaram,...\" \/>\n<meta property=\"og:url\" content=\"https:\/\/www.atelierdocaractere.pt\/brevemente\/unidos-e-preparados-para-guiar-o-pelotao-da-frente-em-portugal\/\" \/>\n<meta property=\"og:site_name\" content=\"Atelier do Caractere\" \/>\n<meta property=\"article:publisher\" content=\"https:\/\/www.facebook.com\/AtelierdoCaractere\" \/>\n<meta property=\"article:published_time\" content=\"2026-02-25T15:19:51+00:00\" \/>\n<meta property=\"article:modified_time\" content=\"2026-02-27T15:22:42+00:00\" \/>\n<meta property=\"og:image\" content=\"https:\/\/www.atelierdocaractere.pt\/wp-content\/uploads\/2026\/02\/5a75e29b-3dbe-d982-4165-3f131a4a5344.jpeg\" \/>\n\t<meta property=\"og:image:width\" content=\"1200\" \/>\n\t<meta property=\"og:image:height\" content=\"800\" \/>\n\t<meta property=\"og:image:type\" content=\"image\/jpeg\" \/>\n<meta name=\"author\" content=\"Joana Barbosa\" \/>\n<meta name=\"twitter:card\" content=\"summary_large_image\" \/>\n<meta name=\"twitter:label1\" content=\"Escrito por\" \/>\n\t<meta name=\"twitter:data1\" content=\"Joana Barbosa\" \/>\n\t<meta name=\"twitter:label2\" content=\"Tempo estimado de leitura\" \/>\n\t<meta name=\"twitter:data2\" content=\"8 minutos\" \/>\n<script type=\"application\/ld+json\" class=\"yoast-schema-graph\">{\"@context\":\"https:\/\/schema.org\",\"@graph\":[{\"@type\":\"WebPage\",\"@id\":\"https:\/\/www.atelierdocaractere.pt\/brevemente\/unidos-e-preparados-para-guiar-o-pelotao-da-frente-em-portugal\/\",\"url\":\"https:\/\/www.atelierdocaractere.pt\/brevemente\/unidos-e-preparados-para-guiar-o-pelotao-da-frente-em-portugal\/\",\"name\":\"\u201cUnidos e preparados para guiar o pelot\u00e3o da frente em Portugal\u201d - Atelier do Caractere\",\"isPartOf\":{\"@id\":\"https:\/\/www.atelierdocaractere.pt\/brevemente\/#website\"},\"datePublished\":\"2026-02-25T15:19:51+00:00\",\"dateModified\":\"2026-02-27T15:22:42+00:00\",\"author\":{\"@id\":\"https:\/\/www.atelierdocaractere.pt\/brevemente\/#\/schema\/person\/f2f096eb0f27d9894725af22cb97c0db\"},\"breadcrumb\":{\"@id\":\"https:\/\/www.atelierdocaractere.pt\/brevemente\/unidos-e-preparados-para-guiar-o-pelotao-da-frente-em-portugal\/#breadcrumb\"},\"inLanguage\":\"pt-PT\",\"potentialAction\":[{\"@type\":\"ReadAction\",\"target\":[\"https:\/\/www.atelierdocaractere.pt\/brevemente\/unidos-e-preparados-para-guiar-o-pelotao-da-frente-em-portugal\/\"]}]},{\"@type\":\"BreadcrumbList\",\"@id\":\"https:\/\/www.atelierdocaractere.pt\/brevemente\/unidos-e-preparados-para-guiar-o-pelotao-da-frente-em-portugal\/#breadcrumb\",\"itemListElement\":[{\"@type\":\"ListItem\",\"position\":1,\"name\":\"In\u00edcio\",\"item\":\"https:\/\/www.atelierdocaractere.pt\/brevemente\/\"},{\"@type\":\"ListItem\",\"position\":2,\"name\":\"\u201cUnidos e preparados para guiar o pelot\u00e3o da frente em Portugal\u201d\"}]},{\"@type\":\"WebSite\",\"@id\":\"https:\/\/www.atelierdocaractere.pt\/brevemente\/#website\",\"url\":\"https:\/\/www.atelierdocaractere.pt\/brevemente\/\",\"name\":\"Atelier do Caractere\",\"description\":\"\",\"potentialAction\":[{\"@type\":\"SearchAction\",\"target\":{\"@type\":\"EntryPoint\",\"urlTemplate\":\"https:\/\/www.atelierdocaractere.pt\/brevemente\/?s={search_term_string}\"},\"query-input\":\"required name=search_term_string\"}],\"inLanguage\":\"pt-PT\"},{\"@type\":\"Person\",\"@id\":\"https:\/\/www.atelierdocaractere.pt\/brevemente\/#\/schema\/person\/f2f096eb0f27d9894725af22cb97c0db\",\"name\":\"Joana Barbosa\",\"image\":{\"@type\":\"ImageObject\",\"inLanguage\":\"pt-PT\",\"@id\":\"https:\/\/www.atelierdocaractere.pt\/brevemente\/#\/schema\/person\/image\/\",\"url\":\"https:\/\/secure.gravatar.com\/avatar\/33e8214b45e9d68a3a83008731075979?s=96&d=mm&r=g\",\"contentUrl\":\"https:\/\/secure.gravatar.com\/avatar\/33e8214b45e9d68a3a83008731075979?s=96&d=mm&r=g\",\"caption\":\"Joana Barbosa\"},\"url\":\"https:\/\/www.atelierdocaractere.pt\/brevemente\/author\/joanabarbosa\/\"}]}<\/script>\n<!-- \/ Yoast SEO plugin. -->","yoast_head_json":{"title":"\u201cUnidos e preparados para guiar o pelot\u00e3o da frente em Portugal\u201d - Atelier do Caractere","robots":{"index":"index","follow":"follow","max-snippet":"max-snippet:-1","max-image-preview":"max-image-preview:large","max-video-preview":"max-video-preview:-1"},"canonical":"https:\/\/www.atelierdocaractere.pt\/brevemente\/unidos-e-preparados-para-guiar-o-pelotao-da-frente-em-portugal\/","og_locale":"pt_PT","og_type":"article","og_title":"\u201cUnidos e preparados para guiar o pelot\u00e3o da frente em Portugal\u201d - Atelier do Caractere","og_description":"CIM Viseu D\u00e3o Laf\u00f5es surpreende na maior edi\u00e7\u00e3o da BTL de sempre, com um stand e uma programa\u00e7\u00e3o que marcaram,...","og_url":"https:\/\/www.atelierdocaractere.pt\/brevemente\/unidos-e-preparados-para-guiar-o-pelotao-da-frente-em-portugal\/","og_site_name":"Atelier do Caractere","article_publisher":"https:\/\/www.facebook.com\/AtelierdoCaractere","article_published_time":"2026-02-25T15:19:51+00:00","article_modified_time":"2026-02-27T15:22:42+00:00","og_image":[{"width":1200,"height":800,"url":"https:\/\/www.atelierdocaractere.pt\/wp-content\/uploads\/2026\/02\/5a75e29b-3dbe-d982-4165-3f131a4a5344.jpeg","type":"image\/jpeg"}],"author":"Joana Barbosa","twitter_card":"summary_large_image","twitter_misc":{"Escrito por":"Joana Barbosa","Tempo estimado de leitura":"8 minutos"},"schema":{"@context":"https:\/\/schema.org","@graph":[{"@type":"WebPage","@id":"https:\/\/www.atelierdocaractere.pt\/brevemente\/unidos-e-preparados-para-guiar-o-pelotao-da-frente-em-portugal\/","url":"https:\/\/www.atelierdocaractere.pt\/brevemente\/unidos-e-preparados-para-guiar-o-pelotao-da-frente-em-portugal\/","name":"\u201cUnidos e preparados para guiar o pelot\u00e3o da frente em Portugal\u201d - Atelier do Caractere","isPartOf":{"@id":"https:\/\/www.atelierdocaractere.pt\/brevemente\/#website"},"datePublished":"2026-02-25T15:19:51+00:00","dateModified":"2026-02-27T15:22:42+00:00","author":{"@id":"https:\/\/www.atelierdocaractere.pt\/brevemente\/#\/schema\/person\/f2f096eb0f27d9894725af22cb97c0db"},"breadcrumb":{"@id":"https:\/\/www.atelierdocaractere.pt\/brevemente\/unidos-e-preparados-para-guiar-o-pelotao-da-frente-em-portugal\/#breadcrumb"},"inLanguage":"pt-PT","potentialAction":[{"@type":"ReadAction","target":["https:\/\/www.atelierdocaractere.pt\/brevemente\/unidos-e-preparados-para-guiar-o-pelotao-da-frente-em-portugal\/"]}]},{"@type":"BreadcrumbList","@id":"https:\/\/www.atelierdocaractere.pt\/brevemente\/unidos-e-preparados-para-guiar-o-pelotao-da-frente-em-portugal\/#breadcrumb","itemListElement":[{"@type":"ListItem","position":1,"name":"In\u00edcio","item":"https:\/\/www.atelierdocaractere.pt\/brevemente\/"},{"@type":"ListItem","position":2,"name":"\u201cUnidos e preparados para guiar o pelot\u00e3o da frente em Portugal\u201d"}]},{"@type":"WebSite","@id":"https:\/\/www.atelierdocaractere.pt\/brevemente\/#website","url":"https:\/\/www.atelierdocaractere.pt\/brevemente\/","name":"Atelier do Caractere","description":"","potentialAction":[{"@type":"SearchAction","target":{"@type":"EntryPoint","urlTemplate":"https:\/\/www.atelierdocaractere.pt\/brevemente\/?s={search_term_string}"},"query-input":"required name=search_term_string"}],"inLanguage":"pt-PT"},{"@type":"Person","@id":"https:\/\/www.atelierdocaractere.pt\/brevemente\/#\/schema\/person\/f2f096eb0f27d9894725af22cb97c0db","name":"Joana Barbosa","image":{"@type":"ImageObject","inLanguage":"pt-PT","@id":"https:\/\/www.atelierdocaractere.pt\/brevemente\/#\/schema\/person\/image\/","url":"https:\/\/secure.gravatar.com\/avatar\/33e8214b45e9d68a3a83008731075979?s=96&d=mm&r=g","contentUrl":"https:\/\/secure.gravatar.com\/avatar\/33e8214b45e9d68a3a83008731075979?s=96&d=mm&r=g","caption":"Joana Barbosa"},"url":"https:\/\/www.atelierdocaractere.pt\/brevemente\/author\/joanabarbosa\/"}]}},"_links":{"self":[{"href":"https:\/\/www.atelierdocaractere.pt\/brevemente\/wp-json\/wp\/v2\/posts\/14209"}],"collection":[{"href":"https:\/\/www.atelierdocaractere.pt\/brevemente\/wp-json\/wp\/v2\/posts"}],"about":[{"href":"https:\/\/www.atelierdocaractere.pt\/brevemente\/wp-json\/wp\/v2\/types\/post"}],"author":[{"embeddable":true,"href":"https:\/\/www.atelierdocaractere.pt\/brevemente\/wp-json\/wp\/v2\/users\/7"}],"replies":[{"embeddable":true,"href":"https:\/\/www.atelierdocaractere.pt\/brevemente\/wp-json\/wp\/v2\/comments?post=14209"}],"version-history":[{"count":1,"href":"https:\/\/www.atelierdocaractere.pt\/brevemente\/wp-json\/wp\/v2\/posts\/14209\/revisions"}],"predecessor-version":[{"id":14211,"href":"https:\/\/www.atelierdocaractere.pt\/brevemente\/wp-json\/wp\/v2\/posts\/14209\/revisions\/14211"}],"wp:featuredmedia":[{"embeddable":true,"href":"https:\/\/www.atelierdocaractere.pt\/brevemente\/wp-json\/wp\/v2\/media\/14210"}],"wp:attachment":[{"href":"https:\/\/www.atelierdocaractere.pt\/brevemente\/wp-json\/wp\/v2\/media?parent=14209"}],"wp:term":[{"taxonomy":"category","embeddable":true,"href":"https:\/\/www.atelierdocaractere.pt\/brevemente\/wp-json\/wp\/v2\/categories?post=14209"},{"taxonomy":"post_tag","embeddable":true,"href":"https:\/\/www.atelierdocaractere.pt\/brevemente\/wp-json\/wp\/v2\/tags?post=14209"}],"curies":[{"name":"wp","href":"https:\/\/api.w.org\/{rel}","templated":true}]}}