{"id":14212,"date":"2026-02-25T15:23:34","date_gmt":"2026-02-25T15:23:34","guid":{"rendered":"https:\/\/www.atelierdocaractere.pt\/brevemente\/?p=14212"},"modified":"2026-02-27T15:26:35","modified_gmt":"2026-02-27T15:26:35","slug":"centro-de-portugal-inicia-btl-com-lideranca-numeros-historicos-e-novo-rumo-estrategico","status":"publish","type":"post","link":"https:\/\/www.atelierdocaractere.pt\/brevemente\/centro-de-portugal-inicia-btl-com-lideranca-numeros-historicos-e-novo-rumo-estrategico\/","title":{"rendered":"Centro de Portugal inicia\u00a0BTL com lideran\u00e7a, n\u00fameros hist\u00f3ricos e novo rumo estrat\u00e9gico"},"content":{"rendered":"\n<p><strong>Presen\u00e7a institucional de alto n\u00edvel e aposta em eventos internacionais refor\u00e7am posicionamento da regi\u00e3o<\/strong><\/p>\n\n\n\n<figure class=\"wp-block-image size-large\"><img decoding=\"async\" width=\"1024\" height=\"683\" src=\"https:\/\/www.atelierdocaractere.pt\/wp-content\/uploads\/2026\/02\/btl-turismo-centro-portugal-25fev-740367-50-1024x683.jpg\" alt=\"\" class=\"wp-image-14213\" srcset=\"https:\/\/www.atelierdocaractere.pt\/wp-content\/uploads\/2026\/02\/btl-turismo-centro-portugal-25fev-740367-50-1024x683.jpg 1024w, https:\/\/www.atelierdocaractere.pt\/wp-content\/uploads\/2026\/02\/btl-turismo-centro-portugal-25fev-740367-50-300x200.jpg 300w, https:\/\/www.atelierdocaractere.pt\/wp-content\/uploads\/2026\/02\/btl-turismo-centro-portugal-25fev-740367-50-768x512.jpg 768w, https:\/\/www.atelierdocaractere.pt\/wp-content\/uploads\/2026\/02\/btl-turismo-centro-portugal-25fev-740367-50-1536x1024.jpg 1536w, https:\/\/www.atelierdocaractere.pt\/wp-content\/uploads\/2026\/02\/btl-turismo-centro-portugal-25fev-740367-50-900x600.jpg 900w, https:\/\/www.atelierdocaractere.pt\/wp-content\/uploads\/2026\/02\/btl-turismo-centro-portugal-25fev-740367-50-675x450.jpg 675w, https:\/\/www.atelierdocaractere.pt\/wp-content\/uploads\/2026\/02\/btl-turismo-centro-portugal-25fev-740367-50.jpg 1920w\" sizes=\"(max-width: 1024px) 100vw, 1024px\" \/><\/figure>\n\n\n\n<p>A BTL &#8211; Bolsa de Turismo de Lisboa arrancou hoje e o Centro de Portugal marcou presen\u00e7a com uma clara afirma\u00e7\u00e3o institucional, estrat\u00e9gica e pol\u00edtica. O primeiro dia da maior feira de turismo do pa\u00eds ficou dominado por momentos de elevado significado para a regi\u00e3o, que refor\u00e7aram a sua posi\u00e7\u00e3o no panorama nacional e consolidaram a confian\u00e7a no futuro.<br><br>O stand da Turismo Centro de Portugal recebeu, logo pela manh\u00e3, a visita do Presidente da Assembleia da Rep\u00fablica, Jos\u00e9 Pedro Aguiar-Branco, acompanhado pelo Secret\u00e1rio de Estado do Turismo, Pedro Machado, e pelo Presidente do Turismo de Portugal, Carlos Abade, entre outras individualidades. A presen\u00e7a de figuras do Estado no espa\u00e7o do Centro de Portugal simbolizou o reconhecimento do peso estrat\u00e9gico da regi\u00e3o no contexto tur\u00edstico nacional.<br><br>Durante a manh\u00e3, os respons\u00e1veis institucionais participaram na experi\u00eancia gastron\u00f3mica imersiva \u201cSabores ao Centro\u201d, um dos elementos distintivos do stand, que conjuga tecnologia, inova\u00e7\u00e3o e identidade territorial numa abordagem multissensorial \u00e0 gastronomia regional.<br><br>O momento central do dia foi a Abertura Oficial do Stand da Turismo Centro de Portugal, conduzida pelo apresentador Jo\u00e3o Paulo Sousa, perante um audit\u00f3rio composto por autarcas, dirigentes regionais e representantes do setor.<br><br>Na sua interven\u00e7\u00e3o, o presidente Rui Ventura sublinhou a trajet\u00f3ria de crescimento da regi\u00e3o: &#8220;O Centro de Portugal est\u00e1 a trilhar o rumo certo. Chegamos a esta edi\u00e7\u00e3o da BTL com dados que nos d\u00e3o a maior confian\u00e7a para o futuro. 2025 foi o melhor ano tur\u00edstico da nossa hist\u00f3ria, com quase 8,5 milh\u00f5es de dormidas e 552 milh\u00f5es de euros de proveitos dos alojamentos tur\u00edsticos. Estes resultados confirmam que o turismo \u00e9 um instrumento valioso de coes\u00e3o territorial&#8221;, sublinhou Rui Ventura.&nbsp;<\/p>\n\n\n\n<p>&#8220;Infelizmente, 2026 come\u00e7ou de forma tr\u00e1gica. Este inverno trouxe-nos a tempestade Kristin e epis\u00f3dios severos de inunda\u00e7\u00f5es que afetaram infraestruturas, empresas e comunidades em toda a regi\u00e3o. Mas o Centro de Portugal j\u00e1 superou adversidades no passado e voltar\u00e1 a superar esta. E \u00e9 precisamente por isso que a nossa presen\u00e7a na BTL 2026 assume um significado especial&#8221;, acrescentou.<br><br>A sess\u00e3o contou igualmente com a interven\u00e7\u00e3o do Secret\u00e1rio de Estado do Turismo, Pedro Machado, que destacou os desafios e as oportunidades que o Centro de Portugal enfrenta nos pr\u00f3ximos anos, refor\u00e7ando a import\u00e2ncia da articula\u00e7\u00e3o entre Estado, entidades regionais e autarquias para consolidar a competitividade do destino.<br><br>Seguiu-se a apresenta\u00e7\u00e3o do Plano Regional de Desenvolvimento Tur\u00edstico e do Plano de Marketing da Turismo Centro de Portugal, por Carlos Costa e Jos\u00e9 Mendes, da IdTour &#8212; Unique Solutions. Sob o mote \u201cMobilizar a Regi\u00e3o | Levar desenvolvimento \u00e0s comunidades locais\u201d, o novo ciclo estrat\u00e9gico posiciona o turismo como motor estruturante de coes\u00e3o territorial, valoriza\u00e7\u00e3o dos recursos end\u00f3genos e gera\u00e7\u00e3o de impacto real nas comunidades.<br><br>Outro momento de elevada proje\u00e7\u00e3o institucional foi o lan\u00e7amento da edi\u00e7\u00e3o de 2026 do WRC Vodafone Rally de Portugal, numa sess\u00e3o conjunta entre a Turismo Centro de Portugal, a Turismo do Porto e Norte de Portugal e o Autom\u00f3vel Club de Portugal, com a presen\u00e7a dos respetivos presidentes, Rui Ventura, Lu\u00eds Pedro Martins e Carlos Barbosa &#8211; bem como Carlos Abade, presidente do Turismo de Portugal. A iniciativa refor\u00e7a a capacidade da regi\u00e3o para acolher grandes eventos internacionais e consolidar-se como palco privilegiado do turismo desportivo.<br><br>A programa\u00e7\u00e3o municipal ao longo do dia evidenciou a diversidade e vitalidade do territ\u00f3rio, com apresenta\u00e7\u00f5es e momentos gastron\u00f3micos que complementaram a afirma\u00e7\u00e3o estrat\u00e9gica da regi\u00e3o e demonstraram o alinhamento dos munic\u00edpios em torno de uma vis\u00e3o comum para o turismo.<br><br>O dia encerrou com o Jantar Oficial do Centro de Portugal, ocasi\u00e3o que incluiu o lan\u00e7amento do novo filme promocional da regi\u00e3o, \u201cAqui nunca \u00e9 demais\u201d, refor\u00e7ando a proje\u00e7\u00e3o nacional e internacional do destino.<br><br>Este primeiro dia da BTL 2026 deixou uma mensagem clara: o Centro de Portugal afirma-se com lideran\u00e7a, estrat\u00e9gia e coes\u00e3o, preparado para consolidar crescimento e enfrentar os desafios do novo ciclo tur\u00edstico.<br><br>O stand da Turismo Centro de Portugal pode ser visitado at\u00e9 domingo, no Pavilh\u00e3o 1 da FIL.<\/p>\n\n\n\n<p><strong>Sobre a Turismo Centro de Portugal:<\/strong><\/p>\n\n\n\n<p>A Turismo Centro de Portugal \u00e9 a entidade que estrutura e promove o turismo na Regi\u00e3o Centro do pa\u00eds. Esta \u00e9 a maior e mais diversificada \u00e1rea tur\u00edstica nacional, abrangendo 100 munic\u00edpios, e tem registado um intenso crescimento da procura interna e externa. \u00c9 a regi\u00e3o a escolher para quem pretende experi\u00eancias diversificadas, pois concilia locais Patrim\u00f3nio da Humanidade com a melhor costa de surf da Europa, termas e spas id\u00edlicos, locais de culto de import\u00e2ncia mundial e as mais belas aldeias.<\/p>\n","protected":false},"excerpt":{"rendered":"<p>Presen\u00e7a institucional de alto n\u00edvel e aposta em eventos internacionais refor\u00e7am posicionamento da regi\u00e3o A BTL &#8211; Bolsa de Turismo&#8230;<\/p>\n","protected":false},"author":7,"featured_media":14213,"comment_status":"closed","ping_status":"open","sticky":false,"template":"","format":"standard","meta":[],"categories":[39],"tags":[485,765,1147,856,346,345],"yoast_head":"<!-- This site is optimized with the Yoast SEO plugin v20.12 - https:\/\/yoast.com\/wordpress\/plugins\/seo\/ -->\n<title>Centro de Portugal inicia\u00a0BTL com lideran\u00e7a, n\u00fameros hist\u00f3ricos e novo rumo estrat\u00e9gico - Atelier do Caractere<\/title>\n<meta name=\"robots\" content=\"index, follow, max-snippet:-1, max-image-preview:large, max-video-preview:-1\" \/>\n<link rel=\"canonical\" href=\"https:\/\/www.atelierdocaractere.pt\/brevemente\/centro-de-portugal-inicia-btl-com-lideranca-numeros-historicos-e-novo-rumo-estrategico\/\" \/>\n<meta property=\"og:locale\" content=\"pt_PT\" \/>\n<meta property=\"og:type\" content=\"article\" \/>\n<meta property=\"og:title\" content=\"Centro de Portugal inicia\u00a0BTL com lideran\u00e7a, n\u00fameros hist\u00f3ricos e novo rumo estrat\u00e9gico - Atelier do Caractere\" \/>\n<meta property=\"og:description\" content=\"Presen\u00e7a institucional de alto n\u00edvel e aposta em eventos internacionais refor\u00e7am posicionamento da regi\u00e3o A BTL &#8211; Bolsa de Turismo...\" \/>\n<meta property=\"og:url\" content=\"https:\/\/www.atelierdocaractere.pt\/brevemente\/centro-de-portugal-inicia-btl-com-lideranca-numeros-historicos-e-novo-rumo-estrategico\/\" \/>\n<meta property=\"og:site_name\" content=\"Atelier do Caractere\" \/>\n<meta property=\"article:publisher\" content=\"https:\/\/www.facebook.com\/AtelierdoCaractere\" \/>\n<meta property=\"article:published_time\" content=\"2026-02-25T15:23:34+00:00\" \/>\n<meta property=\"article:modified_time\" content=\"2026-02-27T15:26:35+00:00\" \/>\n<meta property=\"og:image\" content=\"https:\/\/www.atelierdocaractere.pt\/wp-content\/uploads\/2026\/02\/btl-turismo-centro-portugal-25fev-740367-50.jpg\" \/>\n\t<meta property=\"og:image:width\" content=\"1920\" \/>\n\t<meta property=\"og:image:height\" content=\"1280\" \/>\n\t<meta property=\"og:image:type\" content=\"image\/jpeg\" \/>\n<meta name=\"author\" content=\"Joana Barbosa\" \/>\n<meta name=\"twitter:card\" content=\"summary_large_image\" \/>\n<meta name=\"twitter:label1\" content=\"Escrito por\" \/>\n\t<meta name=\"twitter:data1\" content=\"Joana Barbosa\" \/>\n\t<meta name=\"twitter:label2\" content=\"Tempo estimado de leitura\" \/>\n\t<meta name=\"twitter:data2\" content=\"5 minutos\" \/>\n<script type=\"application\/ld+json\" class=\"yoast-schema-graph\">{\"@context\":\"https:\/\/schema.org\",\"@graph\":[{\"@type\":\"WebPage\",\"@id\":\"https:\/\/www.atelierdocaractere.pt\/brevemente\/centro-de-portugal-inicia-btl-com-lideranca-numeros-historicos-e-novo-rumo-estrategico\/\",\"url\":\"https:\/\/www.atelierdocaractere.pt\/brevemente\/centro-de-portugal-inicia-btl-com-lideranca-numeros-historicos-e-novo-rumo-estrategico\/\",\"name\":\"Centro de Portugal inicia\u00a0BTL com lideran\u00e7a, n\u00fameros hist\u00f3ricos e novo rumo estrat\u00e9gico - Atelier do Caractere\",\"isPartOf\":{\"@id\":\"https:\/\/www.atelierdocaractere.pt\/brevemente\/#website\"},\"datePublished\":\"2026-02-25T15:23:34+00:00\",\"dateModified\":\"2026-02-27T15:26:35+00:00\",\"author\":{\"@id\":\"https:\/\/www.atelierdocaractere.pt\/brevemente\/#\/schema\/person\/f2f096eb0f27d9894725af22cb97c0db\"},\"breadcrumb\":{\"@id\":\"https:\/\/www.atelierdocaractere.pt\/brevemente\/centro-de-portugal-inicia-btl-com-lideranca-numeros-historicos-e-novo-rumo-estrategico\/#breadcrumb\"},\"inLanguage\":\"pt-PT\",\"potentialAction\":[{\"@type\":\"ReadAction\",\"target\":[\"https:\/\/www.atelierdocaractere.pt\/brevemente\/centro-de-portugal-inicia-btl-com-lideranca-numeros-historicos-e-novo-rumo-estrategico\/\"]}]},{\"@type\":\"BreadcrumbList\",\"@id\":\"https:\/\/www.atelierdocaractere.pt\/brevemente\/centro-de-portugal-inicia-btl-com-lideranca-numeros-historicos-e-novo-rumo-estrategico\/#breadcrumb\",\"itemListElement\":[{\"@type\":\"ListItem\",\"position\":1,\"name\":\"In\u00edcio\",\"item\":\"https:\/\/www.atelierdocaractere.pt\/brevemente\/\"},{\"@type\":\"ListItem\",\"position\":2,\"name\":\"Centro de Portugal inicia\u00a0BTL com lideran\u00e7a, n\u00fameros hist\u00f3ricos e novo rumo estrat\u00e9gico\"}]},{\"@type\":\"WebSite\",\"@id\":\"https:\/\/www.atelierdocaractere.pt\/brevemente\/#website\",\"url\":\"https:\/\/www.atelierdocaractere.pt\/brevemente\/\",\"name\":\"Atelier do Caractere\",\"description\":\"\",\"potentialAction\":[{\"@type\":\"SearchAction\",\"target\":{\"@type\":\"EntryPoint\",\"urlTemplate\":\"https:\/\/www.atelierdocaractere.pt\/brevemente\/?s={search_term_string}\"},\"query-input\":\"required name=search_term_string\"}],\"inLanguage\":\"pt-PT\"},{\"@type\":\"Person\",\"@id\":\"https:\/\/www.atelierdocaractere.pt\/brevemente\/#\/schema\/person\/f2f096eb0f27d9894725af22cb97c0db\",\"name\":\"Joana Barbosa\",\"image\":{\"@type\":\"ImageObject\",\"inLanguage\":\"pt-PT\",\"@id\":\"https:\/\/www.atelierdocaractere.pt\/brevemente\/#\/schema\/person\/image\/\",\"url\":\"https:\/\/secure.gravatar.com\/avatar\/33e8214b45e9d68a3a83008731075979?s=96&d=mm&r=g\",\"contentUrl\":\"https:\/\/secure.gravatar.com\/avatar\/33e8214b45e9d68a3a83008731075979?s=96&d=mm&r=g\",\"caption\":\"Joana Barbosa\"},\"url\":\"https:\/\/www.atelierdocaractere.pt\/brevemente\/author\/joanabarbosa\/\"}]}<\/script>\n<!-- \/ Yoast SEO plugin. -->","yoast_head_json":{"title":"Centro de Portugal inicia\u00a0BTL com lideran\u00e7a, n\u00fameros hist\u00f3ricos e novo rumo estrat\u00e9gico - Atelier do Caractere","robots":{"index":"index","follow":"follow","max-snippet":"max-snippet:-1","max-image-preview":"max-image-preview:large","max-video-preview":"max-video-preview:-1"},"canonical":"https:\/\/www.atelierdocaractere.pt\/brevemente\/centro-de-portugal-inicia-btl-com-lideranca-numeros-historicos-e-novo-rumo-estrategico\/","og_locale":"pt_PT","og_type":"article","og_title":"Centro de Portugal inicia\u00a0BTL com lideran\u00e7a, n\u00fameros hist\u00f3ricos e novo rumo estrat\u00e9gico - Atelier do Caractere","og_description":"Presen\u00e7a institucional de alto n\u00edvel e aposta em eventos internacionais refor\u00e7am posicionamento da regi\u00e3o A BTL &#8211; Bolsa de Turismo...","og_url":"https:\/\/www.atelierdocaractere.pt\/brevemente\/centro-de-portugal-inicia-btl-com-lideranca-numeros-historicos-e-novo-rumo-estrategico\/","og_site_name":"Atelier do Caractere","article_publisher":"https:\/\/www.facebook.com\/AtelierdoCaractere","article_published_time":"2026-02-25T15:23:34+00:00","article_modified_time":"2026-02-27T15:26:35+00:00","og_image":[{"width":1920,"height":1280,"url":"https:\/\/www.atelierdocaractere.pt\/wp-content\/uploads\/2026\/02\/btl-turismo-centro-portugal-25fev-740367-50.jpg","type":"image\/jpeg"}],"author":"Joana Barbosa","twitter_card":"summary_large_image","twitter_misc":{"Escrito por":"Joana Barbosa","Tempo estimado de leitura":"5 minutos"},"schema":{"@context":"https:\/\/schema.org","@graph":[{"@type":"WebPage","@id":"https:\/\/www.atelierdocaractere.pt\/brevemente\/centro-de-portugal-inicia-btl-com-lideranca-numeros-historicos-e-novo-rumo-estrategico\/","url":"https:\/\/www.atelierdocaractere.pt\/brevemente\/centro-de-portugal-inicia-btl-com-lideranca-numeros-historicos-e-novo-rumo-estrategico\/","name":"Centro de Portugal inicia\u00a0BTL com lideran\u00e7a, n\u00fameros hist\u00f3ricos e novo rumo estrat\u00e9gico - Atelier do Caractere","isPartOf":{"@id":"https:\/\/www.atelierdocaractere.pt\/brevemente\/#website"},"datePublished":"2026-02-25T15:23:34+00:00","dateModified":"2026-02-27T15:26:35+00:00","author":{"@id":"https:\/\/www.atelierdocaractere.pt\/brevemente\/#\/schema\/person\/f2f096eb0f27d9894725af22cb97c0db"},"breadcrumb":{"@id":"https:\/\/www.atelierdocaractere.pt\/brevemente\/centro-de-portugal-inicia-btl-com-lideranca-numeros-historicos-e-novo-rumo-estrategico\/#breadcrumb"},"inLanguage":"pt-PT","potentialAction":[{"@type":"ReadAction","target":["https:\/\/www.atelierdocaractere.pt\/brevemente\/centro-de-portugal-inicia-btl-com-lideranca-numeros-historicos-e-novo-rumo-estrategico\/"]}]},{"@type":"BreadcrumbList","@id":"https:\/\/www.atelierdocaractere.pt\/brevemente\/centro-de-portugal-inicia-btl-com-lideranca-numeros-historicos-e-novo-rumo-estrategico\/#breadcrumb","itemListElement":[{"@type":"ListItem","position":1,"name":"In\u00edcio","item":"https:\/\/www.atelierdocaractere.pt\/brevemente\/"},{"@type":"ListItem","position":2,"name":"Centro de Portugal inicia\u00a0BTL com lideran\u00e7a, n\u00fameros hist\u00f3ricos e novo rumo estrat\u00e9gico"}]},{"@type":"WebSite","@id":"https:\/\/www.atelierdocaractere.pt\/brevemente\/#website","url":"https:\/\/www.atelierdocaractere.pt\/brevemente\/","name":"Atelier do Caractere","description":"","potentialAction":[{"@type":"SearchAction","target":{"@type":"EntryPoint","urlTemplate":"https:\/\/www.atelierdocaractere.pt\/brevemente\/?s={search_term_string}"},"query-input":"required name=search_term_string"}],"inLanguage":"pt-PT"},{"@type":"Person","@id":"https:\/\/www.atelierdocaractere.pt\/brevemente\/#\/schema\/person\/f2f096eb0f27d9894725af22cb97c0db","name":"Joana Barbosa","image":{"@type":"ImageObject","inLanguage":"pt-PT","@id":"https:\/\/www.atelierdocaractere.pt\/brevemente\/#\/schema\/person\/image\/","url":"https:\/\/secure.gravatar.com\/avatar\/33e8214b45e9d68a3a83008731075979?s=96&d=mm&r=g","contentUrl":"https:\/\/secure.gravatar.com\/avatar\/33e8214b45e9d68a3a83008731075979?s=96&d=mm&r=g","caption":"Joana Barbosa"},"url":"https:\/\/www.atelierdocaractere.pt\/brevemente\/author\/joanabarbosa\/"}]}},"_links":{"self":[{"href":"https:\/\/www.atelierdocaractere.pt\/brevemente\/wp-json\/wp\/v2\/posts\/14212"}],"collection":[{"href":"https:\/\/www.atelierdocaractere.pt\/brevemente\/wp-json\/wp\/v2\/posts"}],"about":[{"href":"https:\/\/www.atelierdocaractere.pt\/brevemente\/wp-json\/wp\/v2\/types\/post"}],"author":[{"embeddable":true,"href":"https:\/\/www.atelierdocaractere.pt\/brevemente\/wp-json\/wp\/v2\/users\/7"}],"replies":[{"embeddable":true,"href":"https:\/\/www.atelierdocaractere.pt\/brevemente\/wp-json\/wp\/v2\/comments?post=14212"}],"version-history":[{"count":1,"href":"https:\/\/www.atelierdocaractere.pt\/brevemente\/wp-json\/wp\/v2\/posts\/14212\/revisions"}],"predecessor-version":[{"id":14214,"href":"https:\/\/www.atelierdocaractere.pt\/brevemente\/wp-json\/wp\/v2\/posts\/14212\/revisions\/14214"}],"wp:featuredmedia":[{"embeddable":true,"href":"https:\/\/www.atelierdocaractere.pt\/brevemente\/wp-json\/wp\/v2\/media\/14213"}],"wp:attachment":[{"href":"https:\/\/www.atelierdocaractere.pt\/brevemente\/wp-json\/wp\/v2\/media?parent=14212"}],"wp:term":[{"taxonomy":"category","embeddable":true,"href":"https:\/\/www.atelierdocaractere.pt\/brevemente\/wp-json\/wp\/v2\/categories?post=14212"},{"taxonomy":"post_tag","embeddable":true,"href":"https:\/\/www.atelierdocaractere.pt\/brevemente\/wp-json\/wp\/v2\/tags?post=14212"}],"curies":[{"name":"wp","href":"https:\/\/api.w.org\/{rel}","templated":true}]}}