{"id":14215,"date":"2026-02-26T15:27:28","date_gmt":"2026-02-26T15:27:28","guid":{"rendered":"https:\/\/www.atelierdocaractere.pt\/brevemente\/?p=14215"},"modified":"2026-02-27T15:30:29","modified_gmt":"2026-02-27T15:30:29","slug":"turismo-centro-de-portugal-apresentou-novo-filme-promocional-aqui-nunca-e-demais-no-jantar-oficial-da-regiao","status":"publish","type":"post","link":"https:\/\/www.atelierdocaractere.pt\/brevemente\/turismo-centro-de-portugal-apresentou-novo-filme-promocional-aqui-nunca-e-demais-no-jantar-oficial-da-regiao\/","title":{"rendered":"Turismo Centro de Portugal apresentou novo filme promocional \u201cAqui Nunca \u00e9 Demais\u201d no Jantar Oficial da regi\u00e3o\u00a0"},"content":{"rendered":"\n<p><strong>Evento institucional, no \u00e2mbito da BTL, reuniu centenas de convidados, entre membros do Governo, deputados, autarcas, empres\u00e1rios, associa\u00e7\u00f5es do setor do turismo, parceiros estrat\u00e9gicos e jornalistas.<\/strong><\/p>\n\n\n\n<figure class=\"wp-block-image size-large\"><img decoding=\"async\" width=\"1024\" height=\"683\" src=\"https:\/\/www.atelierdocaractere.pt\/wp-content\/uploads\/2026\/02\/btl-turismo-centro-portugal-25fev-noite-741620-28-1024x683.jpg\" alt=\"\" class=\"wp-image-14216\" srcset=\"https:\/\/www.atelierdocaractere.pt\/wp-content\/uploads\/2026\/02\/btl-turismo-centro-portugal-25fev-noite-741620-28-1024x683.jpg 1024w, https:\/\/www.atelierdocaractere.pt\/wp-content\/uploads\/2026\/02\/btl-turismo-centro-portugal-25fev-noite-741620-28-300x200.jpg 300w, https:\/\/www.atelierdocaractere.pt\/wp-content\/uploads\/2026\/02\/btl-turismo-centro-portugal-25fev-noite-741620-28-768x512.jpg 768w, https:\/\/www.atelierdocaractere.pt\/wp-content\/uploads\/2026\/02\/btl-turismo-centro-portugal-25fev-noite-741620-28-1536x1024.jpg 1536w, https:\/\/www.atelierdocaractere.pt\/wp-content\/uploads\/2026\/02\/btl-turismo-centro-portugal-25fev-noite-741620-28-900x600.jpg 900w, https:\/\/www.atelierdocaractere.pt\/wp-content\/uploads\/2026\/02\/btl-turismo-centro-portugal-25fev-noite-741620-28-675x450.jpg 675w, https:\/\/www.atelierdocaractere.pt\/wp-content\/uploads\/2026\/02\/btl-turismo-centro-portugal-25fev-noite-741620-28.jpg 1920w\" sizes=\"(max-width: 1024px) 100vw, 1024px\" \/><\/figure>\n\n\n\n<p>A&nbsp;<strong>Turismo Centro de Portugal<\/strong>&nbsp;voltou ontem a assumir-se como regi\u00e3o tur\u00edstica inovadora na promo\u00e7\u00e3o tur\u00edstica com a apresenta\u00e7\u00e3o, em estreia p\u00fablica, do novo filme promocional&nbsp;<strong>\u201cAqui Nunca \u00e9 Demais<\/strong>\u201d, durante o&nbsp;<strong>Jantar Oficial do Centro de Portugal<\/strong>, no \u00e2mbito da BTL \u2013 Better Tourism Lisbon Travel Market 2026.<\/p>\n\n\n\n<p>O evento reuniu centenas de convidados, entre membros do Governo, deputados, autarcas, empres\u00e1rios, associa\u00e7\u00f5es do setor do turismo, parceiros estrat\u00e9gicos e jornalistas, e constituiu um dos momentos mais relevantes da presen\u00e7a da regi\u00e3o na BTL. Antes da apresenta\u00e7\u00e3o do filme,&nbsp;<strong>Rui Ventura<\/strong>, presidente da Turismo Centro de Portugal, e&nbsp;<strong>Pedro Machado<\/strong>, secret\u00e1rio de Estado do Turismo, Com\u00e9rcio e Servi\u00e7os, dirigiram umas palavras aos presentes.<\/p>\n\n\n\n<p>Na sua interven\u00e7\u00e3o, Rui Ventura sublinhou que 2025 foi o melhor ano tur\u00edstico da hist\u00f3ria da regi\u00e3o, com quase 8,5 milh\u00f5es de dormidas e 552 milh\u00f5es de euros de proveitos nas unidades de alojamento. Resultados que, frisou, refletem cinco anos de crescimento sustentado, qualifica\u00e7\u00e3o da oferta, diversifica\u00e7\u00e3o de produtos e, sobretudo, trabalho em rede entre todos os parceiros do territ\u00f3rio.<\/p>\n\n\n\n<p>Reconhecendo que o \u00faltimo ano foi tamb\u00e9m exigente, destacou a capacidade de uni\u00e3o institucional da regi\u00e3o e a articula\u00e7\u00e3o estreita com o Governo, as autarquias, os empres\u00e1rios e as associa\u00e7\u00f5es, refor\u00e7ando a ambi\u00e7\u00e3o de continuar a crescer com equil\u00edbrio, sustentabilidade e gera\u00e7\u00e3o de valor para as comunidades.<\/p>\n\n\n\n<p>Pedro Machado sublinhou a evolu\u00e7\u00e3o consistente do Centro de Portugal nos \u00faltimos anos, destacando os desafios e as oportunidades que se colocam \u00e0 regi\u00e3o num contexto de crescente competitividade entre destinos.<\/p>\n\n\n\n<p>Foi neste enquadramento estrat\u00e9gico que foi apresentado o filme&nbsp;<strong>\u201cAqui Nunca \u00e9 Demais\u201d<\/strong>, pe\u00e7a central da nova fase da comunica\u00e7\u00e3o da marca Centro de Portugal. O filme pode ser visto em no canal da Turismo Centro de Portugal no YouTube, em&nbsp;<a href=\"https:\/\/turismodocentro.us17.list-manage.com\/track\/click?u=9b14ef0c6c1999e92ddae9fc9&amp;id=cce3b2a9d6&amp;e=cf2176b759\">https:\/\/www.youtube.com\/watch?v=6D1Jf35QnyU<\/a>.<\/p>\n\n\n\n<p><strong>Um&nbsp;filme transformador<\/strong><\/p>\n\n\n\n<p>Com 3 minutos e 45 segundos de dura\u00e7\u00e3o, o filme distingue-se pela sua abordagem conceptual inovadora. A narrativa come\u00e7a num laborat\u00f3rio futurista de intelig\u00eancia artificial, onde tr\u00eas humanoides s\u00e3o criados para uma experi\u00eancia cient\u00edfica controlada. Programados para analisar o territ\u00f3rio segundo compet\u00eancias espec\u00edficas, s\u00e3o enviados para o Centro de Portugal com a miss\u00e3o de recolher dados, testar e avaliar.<\/p>\n\n\n\n<p>Os protagonistas s\u00e3o Rita, ligada ao movimento e ao mar; Tiago, orientado para a hist\u00f3ria e o patrim\u00f3nio; e Ant\u00f3nio, sens\u00edvel \u00e0 natureza e \u00e0 luz. Ao longo da viagem, percorrem paisagens, comunidades e experi\u00eancias que representam a diversidade do territ\u00f3rio. Por\u00e9m, o que come\u00e7a como an\u00e1lise transforma-se em emo\u00e7\u00e3o. A programa\u00e7\u00e3o deixa de responder apenas a dados e a experi\u00eancia ultrapassa o algoritmo.<\/p>\n\n\n\n<p>O desfecho afirma uma constata\u00e7\u00e3o fundamental: h\u00e1 experi\u00eancias que n\u00e3o se medem, t\u00eam mesmo de ser vividas.<\/p>\n\n\n\n<p>Ao cruzar fic\u00e7\u00e3o cinematogr\u00e1fica com identidade territorial, \u201cAqui Nunca \u00e9 Demais\u201d posiciona o Centro de Portugal como um destino contempor\u00e2neo, emocionalmente impactante e capaz de surpreender p\u00fablicos nacionais e internacionais. Num contexto de forte competi\u00e7\u00e3o global entre destinos, a regi\u00e3o opta por uma narrativa diferenciadora, que vai al\u00e9m da simples exposi\u00e7\u00e3o paisag\u00edstica e constr\u00f3i uma hist\u00f3ria com densidade simb\u00f3lica.<\/p>\n\n\n\n<p>O conceito criativo foi desenvolvido pela Raz\u00e3o \u2013 Estrat\u00e9gia, Criatividade e Gest\u00e3o da Comunica\u00e7\u00e3o. A produ\u00e7\u00e3o esteve a cargo de&nbsp;<strong>Lu\u00edsa Carvalho<\/strong>, da Lightbox Film &amp; Advertising, e a realiza\u00e7\u00e3o de&nbsp;<strong>Lu\u00eds Ismael<\/strong>.<\/p>\n\n\n\n<p>O novo filme integra-se num plano mais amplo de promo\u00e7\u00e3o do destino, que continuar\u00e1 a afirmar o Centro de Portugal como uma regi\u00e3o estruturada, competitiva e distintiva no panorama nacional e internacional.<\/p>\n\n\n\n<p><strong>Sobre a Turismo Centro de Portugal:<\/strong><\/p>\n\n\n\n<p>A Turismo Centro de Portugal \u00e9 a entidade que estrutura e promove o turismo na Regi\u00e3o Centro do pa\u00eds. Esta \u00e9 a maior e mais diversificada \u00e1rea tur\u00edstica nacional, abrangendo 100 munic\u00edpios, e tem registado um intenso crescimento da procura interna e externa. \u00c9 a regi\u00e3o a escolher para quem pretende experi\u00eancias diversificadas, pois concilia locais Patrim\u00f3nio da Humanidade com a melhor costa de surf da Europa, termas e spas id\u00edlicos, locais de culto de import\u00e2ncia mundial e as mais belas aldeias.<\/p>\n","protected":false},"excerpt":{"rendered":"<p>Evento institucional, no \u00e2mbito da BTL, reuniu centenas de convidados, entre membros do Governo, deputados, autarcas, empres\u00e1rios, associa\u00e7\u00f5es do setor&#8230;<\/p>\n","protected":false},"author":7,"featured_media":14216,"comment_status":"closed","ping_status":"open","sticky":false,"template":"","format":"standard","meta":[],"categories":[39],"tags":[485,765,1147,856,346,345],"yoast_head":"<!-- This site is optimized with the Yoast SEO plugin v20.12 - https:\/\/yoast.com\/wordpress\/plugins\/seo\/ -->\n<title>Turismo Centro de Portugal apresentou novo filme promocional \u201cAqui Nunca \u00e9 Demais\u201d no Jantar Oficial da regi\u00e3o\u00a0 - Atelier do Caractere<\/title>\n<meta name=\"robots\" content=\"index, follow, max-snippet:-1, max-image-preview:large, max-video-preview:-1\" \/>\n<link rel=\"canonical\" href=\"https:\/\/www.atelierdocaractere.pt\/brevemente\/turismo-centro-de-portugal-apresentou-novo-filme-promocional-aqui-nunca-e-demais-no-jantar-oficial-da-regiao\/\" \/>\n<meta property=\"og:locale\" content=\"pt_PT\" \/>\n<meta property=\"og:type\" content=\"article\" \/>\n<meta property=\"og:title\" content=\"Turismo Centro de Portugal apresentou novo filme promocional \u201cAqui Nunca \u00e9 Demais\u201d no Jantar Oficial da regi\u00e3o\u00a0 - Atelier do Caractere\" \/>\n<meta property=\"og:description\" content=\"Evento institucional, no \u00e2mbito da BTL, reuniu centenas de convidados, entre membros do Governo, deputados, autarcas, empres\u00e1rios, associa\u00e7\u00f5es do setor...\" \/>\n<meta property=\"og:url\" content=\"https:\/\/www.atelierdocaractere.pt\/brevemente\/turismo-centro-de-portugal-apresentou-novo-filme-promocional-aqui-nunca-e-demais-no-jantar-oficial-da-regiao\/\" \/>\n<meta property=\"og:site_name\" content=\"Atelier do Caractere\" \/>\n<meta property=\"article:publisher\" content=\"https:\/\/www.facebook.com\/AtelierdoCaractere\" \/>\n<meta property=\"article:published_time\" content=\"2026-02-26T15:27:28+00:00\" \/>\n<meta property=\"article:modified_time\" content=\"2026-02-27T15:30:29+00:00\" \/>\n<meta property=\"og:image\" content=\"https:\/\/www.atelierdocaractere.pt\/wp-content\/uploads\/2026\/02\/btl-turismo-centro-portugal-25fev-noite-741620-28.jpg\" \/>\n\t<meta property=\"og:image:width\" content=\"1920\" \/>\n\t<meta property=\"og:image:height\" content=\"1280\" \/>\n\t<meta property=\"og:image:type\" content=\"image\/jpeg\" \/>\n<meta name=\"author\" content=\"Joana Barbosa\" \/>\n<meta name=\"twitter:card\" content=\"summary_large_image\" \/>\n<meta name=\"twitter:label1\" content=\"Escrito por\" \/>\n\t<meta name=\"twitter:data1\" content=\"Joana Barbosa\" \/>\n\t<meta name=\"twitter:label2\" content=\"Tempo estimado de leitura\" \/>\n\t<meta name=\"twitter:data2\" content=\"4 minutos\" \/>\n<script type=\"application\/ld+json\" class=\"yoast-schema-graph\">{\"@context\":\"https:\/\/schema.org\",\"@graph\":[{\"@type\":\"WebPage\",\"@id\":\"https:\/\/www.atelierdocaractere.pt\/brevemente\/turismo-centro-de-portugal-apresentou-novo-filme-promocional-aqui-nunca-e-demais-no-jantar-oficial-da-regiao\/\",\"url\":\"https:\/\/www.atelierdocaractere.pt\/brevemente\/turismo-centro-de-portugal-apresentou-novo-filme-promocional-aqui-nunca-e-demais-no-jantar-oficial-da-regiao\/\",\"name\":\"Turismo Centro de Portugal apresentou novo filme promocional \u201cAqui Nunca \u00e9 Demais\u201d no Jantar Oficial da regi\u00e3o\u00a0 - Atelier do Caractere\",\"isPartOf\":{\"@id\":\"https:\/\/www.atelierdocaractere.pt\/brevemente\/#website\"},\"datePublished\":\"2026-02-26T15:27:28+00:00\",\"dateModified\":\"2026-02-27T15:30:29+00:00\",\"author\":{\"@id\":\"https:\/\/www.atelierdocaractere.pt\/brevemente\/#\/schema\/person\/f2f096eb0f27d9894725af22cb97c0db\"},\"breadcrumb\":{\"@id\":\"https:\/\/www.atelierdocaractere.pt\/brevemente\/turismo-centro-de-portugal-apresentou-novo-filme-promocional-aqui-nunca-e-demais-no-jantar-oficial-da-regiao\/#breadcrumb\"},\"inLanguage\":\"pt-PT\",\"potentialAction\":[{\"@type\":\"ReadAction\",\"target\":[\"https:\/\/www.atelierdocaractere.pt\/brevemente\/turismo-centro-de-portugal-apresentou-novo-filme-promocional-aqui-nunca-e-demais-no-jantar-oficial-da-regiao\/\"]}]},{\"@type\":\"BreadcrumbList\",\"@id\":\"https:\/\/www.atelierdocaractere.pt\/brevemente\/turismo-centro-de-portugal-apresentou-novo-filme-promocional-aqui-nunca-e-demais-no-jantar-oficial-da-regiao\/#breadcrumb\",\"itemListElement\":[{\"@type\":\"ListItem\",\"position\":1,\"name\":\"In\u00edcio\",\"item\":\"https:\/\/www.atelierdocaractere.pt\/brevemente\/\"},{\"@type\":\"ListItem\",\"position\":2,\"name\":\"Turismo Centro de Portugal apresentou novo filme promocional \u201cAqui Nunca \u00e9 Demais\u201d no Jantar Oficial da regi\u00e3o\u00a0\"}]},{\"@type\":\"WebSite\",\"@id\":\"https:\/\/www.atelierdocaractere.pt\/brevemente\/#website\",\"url\":\"https:\/\/www.atelierdocaractere.pt\/brevemente\/\",\"name\":\"Atelier do Caractere\",\"description\":\"\",\"potentialAction\":[{\"@type\":\"SearchAction\",\"target\":{\"@type\":\"EntryPoint\",\"urlTemplate\":\"https:\/\/www.atelierdocaractere.pt\/brevemente\/?s={search_term_string}\"},\"query-input\":\"required name=search_term_string\"}],\"inLanguage\":\"pt-PT\"},{\"@type\":\"Person\",\"@id\":\"https:\/\/www.atelierdocaractere.pt\/brevemente\/#\/schema\/person\/f2f096eb0f27d9894725af22cb97c0db\",\"name\":\"Joana Barbosa\",\"image\":{\"@type\":\"ImageObject\",\"inLanguage\":\"pt-PT\",\"@id\":\"https:\/\/www.atelierdocaractere.pt\/brevemente\/#\/schema\/person\/image\/\",\"url\":\"https:\/\/secure.gravatar.com\/avatar\/33e8214b45e9d68a3a83008731075979?s=96&d=mm&r=g\",\"contentUrl\":\"https:\/\/secure.gravatar.com\/avatar\/33e8214b45e9d68a3a83008731075979?s=96&d=mm&r=g\",\"caption\":\"Joana Barbosa\"},\"url\":\"https:\/\/www.atelierdocaractere.pt\/brevemente\/author\/joanabarbosa\/\"}]}<\/script>\n<!-- \/ Yoast SEO plugin. -->","yoast_head_json":{"title":"Turismo Centro de Portugal apresentou novo filme promocional \u201cAqui Nunca \u00e9 Demais\u201d no Jantar Oficial da regi\u00e3o\u00a0 - Atelier do Caractere","robots":{"index":"index","follow":"follow","max-snippet":"max-snippet:-1","max-image-preview":"max-image-preview:large","max-video-preview":"max-video-preview:-1"},"canonical":"https:\/\/www.atelierdocaractere.pt\/brevemente\/turismo-centro-de-portugal-apresentou-novo-filme-promocional-aqui-nunca-e-demais-no-jantar-oficial-da-regiao\/","og_locale":"pt_PT","og_type":"article","og_title":"Turismo Centro de Portugal apresentou novo filme promocional \u201cAqui Nunca \u00e9 Demais\u201d no Jantar Oficial da regi\u00e3o\u00a0 - Atelier do Caractere","og_description":"Evento institucional, no \u00e2mbito da BTL, reuniu centenas de convidados, entre membros do Governo, deputados, autarcas, empres\u00e1rios, associa\u00e7\u00f5es do setor...","og_url":"https:\/\/www.atelierdocaractere.pt\/brevemente\/turismo-centro-de-portugal-apresentou-novo-filme-promocional-aqui-nunca-e-demais-no-jantar-oficial-da-regiao\/","og_site_name":"Atelier do Caractere","article_publisher":"https:\/\/www.facebook.com\/AtelierdoCaractere","article_published_time":"2026-02-26T15:27:28+00:00","article_modified_time":"2026-02-27T15:30:29+00:00","og_image":[{"width":1920,"height":1280,"url":"https:\/\/www.atelierdocaractere.pt\/wp-content\/uploads\/2026\/02\/btl-turismo-centro-portugal-25fev-noite-741620-28.jpg","type":"image\/jpeg"}],"author":"Joana Barbosa","twitter_card":"summary_large_image","twitter_misc":{"Escrito por":"Joana Barbosa","Tempo estimado de leitura":"4 minutos"},"schema":{"@context":"https:\/\/schema.org","@graph":[{"@type":"WebPage","@id":"https:\/\/www.atelierdocaractere.pt\/brevemente\/turismo-centro-de-portugal-apresentou-novo-filme-promocional-aqui-nunca-e-demais-no-jantar-oficial-da-regiao\/","url":"https:\/\/www.atelierdocaractere.pt\/brevemente\/turismo-centro-de-portugal-apresentou-novo-filme-promocional-aqui-nunca-e-demais-no-jantar-oficial-da-regiao\/","name":"Turismo Centro de Portugal apresentou novo filme promocional \u201cAqui Nunca \u00e9 Demais\u201d no Jantar Oficial da regi\u00e3o\u00a0 - Atelier do Caractere","isPartOf":{"@id":"https:\/\/www.atelierdocaractere.pt\/brevemente\/#website"},"datePublished":"2026-02-26T15:27:28+00:00","dateModified":"2026-02-27T15:30:29+00:00","author":{"@id":"https:\/\/www.atelierdocaractere.pt\/brevemente\/#\/schema\/person\/f2f096eb0f27d9894725af22cb97c0db"},"breadcrumb":{"@id":"https:\/\/www.atelierdocaractere.pt\/brevemente\/turismo-centro-de-portugal-apresentou-novo-filme-promocional-aqui-nunca-e-demais-no-jantar-oficial-da-regiao\/#breadcrumb"},"inLanguage":"pt-PT","potentialAction":[{"@type":"ReadAction","target":["https:\/\/www.atelierdocaractere.pt\/brevemente\/turismo-centro-de-portugal-apresentou-novo-filme-promocional-aqui-nunca-e-demais-no-jantar-oficial-da-regiao\/"]}]},{"@type":"BreadcrumbList","@id":"https:\/\/www.atelierdocaractere.pt\/brevemente\/turismo-centro-de-portugal-apresentou-novo-filme-promocional-aqui-nunca-e-demais-no-jantar-oficial-da-regiao\/#breadcrumb","itemListElement":[{"@type":"ListItem","position":1,"name":"In\u00edcio","item":"https:\/\/www.atelierdocaractere.pt\/brevemente\/"},{"@type":"ListItem","position":2,"name":"Turismo Centro de Portugal apresentou novo filme promocional \u201cAqui Nunca \u00e9 Demais\u201d no Jantar Oficial da regi\u00e3o\u00a0"}]},{"@type":"WebSite","@id":"https:\/\/www.atelierdocaractere.pt\/brevemente\/#website","url":"https:\/\/www.atelierdocaractere.pt\/brevemente\/","name":"Atelier do Caractere","description":"","potentialAction":[{"@type":"SearchAction","target":{"@type":"EntryPoint","urlTemplate":"https:\/\/www.atelierdocaractere.pt\/brevemente\/?s={search_term_string}"},"query-input":"required name=search_term_string"}],"inLanguage":"pt-PT"},{"@type":"Person","@id":"https:\/\/www.atelierdocaractere.pt\/brevemente\/#\/schema\/person\/f2f096eb0f27d9894725af22cb97c0db","name":"Joana Barbosa","image":{"@type":"ImageObject","inLanguage":"pt-PT","@id":"https:\/\/www.atelierdocaractere.pt\/brevemente\/#\/schema\/person\/image\/","url":"https:\/\/secure.gravatar.com\/avatar\/33e8214b45e9d68a3a83008731075979?s=96&d=mm&r=g","contentUrl":"https:\/\/secure.gravatar.com\/avatar\/33e8214b45e9d68a3a83008731075979?s=96&d=mm&r=g","caption":"Joana Barbosa"},"url":"https:\/\/www.atelierdocaractere.pt\/brevemente\/author\/joanabarbosa\/"}]}},"_links":{"self":[{"href":"https:\/\/www.atelierdocaractere.pt\/brevemente\/wp-json\/wp\/v2\/posts\/14215"}],"collection":[{"href":"https:\/\/www.atelierdocaractere.pt\/brevemente\/wp-json\/wp\/v2\/posts"}],"about":[{"href":"https:\/\/www.atelierdocaractere.pt\/brevemente\/wp-json\/wp\/v2\/types\/post"}],"author":[{"embeddable":true,"href":"https:\/\/www.atelierdocaractere.pt\/brevemente\/wp-json\/wp\/v2\/users\/7"}],"replies":[{"embeddable":true,"href":"https:\/\/www.atelierdocaractere.pt\/brevemente\/wp-json\/wp\/v2\/comments?post=14215"}],"version-history":[{"count":1,"href":"https:\/\/www.atelierdocaractere.pt\/brevemente\/wp-json\/wp\/v2\/posts\/14215\/revisions"}],"predecessor-version":[{"id":14217,"href":"https:\/\/www.atelierdocaractere.pt\/brevemente\/wp-json\/wp\/v2\/posts\/14215\/revisions\/14217"}],"wp:featuredmedia":[{"embeddable":true,"href":"https:\/\/www.atelierdocaractere.pt\/brevemente\/wp-json\/wp\/v2\/media\/14216"}],"wp:attachment":[{"href":"https:\/\/www.atelierdocaractere.pt\/brevemente\/wp-json\/wp\/v2\/media?parent=14215"}],"wp:term":[{"taxonomy":"category","embeddable":true,"href":"https:\/\/www.atelierdocaractere.pt\/brevemente\/wp-json\/wp\/v2\/categories?post=14215"},{"taxonomy":"post_tag","embeddable":true,"href":"https:\/\/www.atelierdocaractere.pt\/brevemente\/wp-json\/wp\/v2\/tags?post=14215"}],"curies":[{"name":"wp","href":"https:\/\/api.w.org\/{rel}","templated":true}]}}