{"id":14218,"date":"2026-02-26T15:30:52","date_gmt":"2026-02-26T15:30:52","guid":{"rendered":"https:\/\/www.atelierdocaractere.pt\/brevemente\/?p=14218"},"modified":"2026-02-27T15:36:36","modified_gmt":"2026-02-27T15:36:36","slug":"centro-de-portugal-lanca-marca-move-the-sports-region-e-posiciona-se-como-lider-do-turismo-ativo-e-desportivo","status":"publish","type":"post","link":"https:\/\/www.atelierdocaractere.pt\/brevemente\/centro-de-portugal-lanca-marca-move-the-sports-region-e-posiciona-se-como-lider-do-turismo-ativo-e-desportivo\/","title":{"rendered":"Centro de Portugal lan\u00e7a marca \u201cMOVE \u2013 The Sports Region\u201d e posiciona-se como l\u00edder do turismo ativo e desportivo"},"content":{"rendered":"\n<p><strong>Novo posicionamento no turismo desportivo marcou o segundo dia do stand da Turismo Centro de Portugal na BTL; Presidente da Rep\u00fablica e v\u00e1rias figuras institucionais visitaram o stand; restante programa\u00e7\u00e3o valorizou interior, fileiras produtivas, n\u00e1utica e identidade gastron\u00f3mica regional.<\/strong><\/p>\n\n\n\n<figure class=\"wp-block-image size-large\"><img decoding=\"async\" width=\"1024\" height=\"683\" src=\"https:\/\/www.atelierdocaractere.pt\/wp-content\/uploads\/2026\/02\/btl-turismo-centro-portugal-26fev-730936-164-1024x683.jpg\" alt=\"\" class=\"wp-image-14219\" srcset=\"https:\/\/www.atelierdocaractere.pt\/wp-content\/uploads\/2026\/02\/btl-turismo-centro-portugal-26fev-730936-164-1024x683.jpg 1024w, https:\/\/www.atelierdocaractere.pt\/wp-content\/uploads\/2026\/02\/btl-turismo-centro-portugal-26fev-730936-164-300x200.jpg 300w, https:\/\/www.atelierdocaractere.pt\/wp-content\/uploads\/2026\/02\/btl-turismo-centro-portugal-26fev-730936-164-768x512.jpg 768w, https:\/\/www.atelierdocaractere.pt\/wp-content\/uploads\/2026\/02\/btl-turismo-centro-portugal-26fev-730936-164-1536x1024.jpg 1536w, https:\/\/www.atelierdocaractere.pt\/wp-content\/uploads\/2026\/02\/btl-turismo-centro-portugal-26fev-730936-164-900x600.jpg 900w, https:\/\/www.atelierdocaractere.pt\/wp-content\/uploads\/2026\/02\/btl-turismo-centro-portugal-26fev-730936-164-675x450.jpg 675w, https:\/\/www.atelierdocaractere.pt\/wp-content\/uploads\/2026\/02\/btl-turismo-centro-portugal-26fev-730936-164.jpg 1920w\" sizes=\"(max-width: 1024px) 100vw, 1024px\" \/><\/figure>\n\n\n\n<p>O&nbsp;<strong>Centro de Portugal<\/strong>&nbsp;deu hoje, na&nbsp;<strong>BTL \u2013 Bolsa de Turismo de Lisboa<\/strong>, um passo estruturante na sua estrat\u00e9gia de afirma\u00e7\u00e3o internacional, com o lan\u00e7amento oficial da nova marca&nbsp;<strong>\u201cMOVE Centro Portugal \u2013 The Sports Region<\/strong>\u201d. Este foi o momento central do segundo dia da participa\u00e7\u00e3o da regi\u00e3o na maior feira nacional de turismo e aquele que sublinha o rumo estrat\u00e9gico assumido para os pr\u00f3ximos anos.<\/p>\n\n\n\n<p>A nova marca nasce com a ambi\u00e7\u00e3o de&nbsp;<strong>posicionar o Centro de Portugal como a Regi\u00e3o do Desporto<\/strong>, estruturando sob um conceito \u00fanico os grandes eventos desportivos internacionais realizados no territ\u00f3rio. A apresenta\u00e7\u00e3o esteve a cargo de&nbsp;<strong>Pedro Pontes<\/strong>, diretor do N\u00facleo de Estrutura\u00e7\u00e3o, Planeamento e Promo\u00e7\u00e3o da Turismo Centro de Portugal, que enquadrou o MOVE como uma vis\u00e3o integrada para um dos segmentos tur\u00edsticos que mais cresce a n\u00edvel mundial \u2013 o turismo ativo e desportivo.<\/p>\n\n\n\n<p>Sob a marca MOVE passam a estar agregados os principais eventos internacionais realizados na regi\u00e3o, que projetam o Centro de Portugal para mercados estrat\u00e9gicos e geram impacto econ\u00f3mico direto nas comunidades locais.<\/p>\n\n\n\n<p>Tr\u00eas provas estruturantes d\u00e3o o mote a este conceito em 2026: o \u201cOh Meu Deus by UTMB \u2013 Ultra Trail Centro de Portugal\u201d, apresentado por Paulo Garcia, da Horizontes Turismo Desportivo; a \u201cMaratona da Europa\u201d, dada a conhecer por Paulo Costa, da GlobalSport; e o \u201cPortugal MXGP \u2013 Mundial de Motocross\u201d, revelado por Tiago Silva, da ACTIB &#8211; \u00c1gueda Action Club.<\/p>\n\n\n\n<p>Estes eventos atraem milhares de atletas, equipas t\u00e9cnicas e visitantes nacionais e internacionais, contribuem para a dinamiza\u00e7\u00e3o da economia local, combatem a sazonalidade e refor\u00e7am o posicionamento do territ\u00f3rio como palco natural de experi\u00eancias desportivas de excel\u00eancia \u2013 do trail running \u00e0s grandes maratonas internacionais, passando pelo motocross.<\/p>\n\n\n\n<p>O MOVE assume-se, assim, como instrumento de coes\u00e3o territorial e como ve\u00edculo de promo\u00e7\u00e3o externa, alinhado com o des\u00edgnio de transformar o Centro de Portugal numa refer\u00eancia europeia no turismo ativo, tirando partido da diversidade paisag\u00edstica, das infraestruturas existentes e da experi\u00eancia acumulada na organiza\u00e7\u00e3o de grandes eventos.<br><br><strong>Presidente da Rep\u00fablica e altas figuras do Estado visitaram o stand<\/strong><br><br>O segundo dia ficou igualmente marcado por uma forte presen\u00e7a institucional. A manh\u00e3 teve como momento simb\u00f3lico a visita do&nbsp;<strong>Presidente da Rep\u00fablica, Marcelo Rebelo de Sousa<\/strong>, que dedicou tempo ao stand do Centro de Portugal, experimentando os sabores da regi\u00e3o e participando num momento de showcooking, ao lado do chef Diogo Rocha, embaixador de Viseu D\u00e3o Laf\u00f5es no projeto \u201cSabores ao Centro\u201d, bem como na experi\u00eancia gastron\u00f3mica imersiva associada ao projeto.<\/p>\n\n\n\n<p>O Chefe de Estado esteve acompanhado pelo secret\u00e1rio de Estado do Turismo,&nbsp;<strong>Pedro Machado<\/strong>, e pelo presidente do Turismo de Portugal,&nbsp;<strong>Carlos Abade<\/strong>.<\/p>\n\n\n\n<p>Antes, o stand tinha recebido&nbsp;<strong>Hugo Soares<\/strong>, l\u00edder parlamentar do PSD, que participou num momento de showcooking com o chef Diogo Caetano, embaixador da regi\u00e3o de Leiria no \u201cSabores ao Centro\u201d.<\/p>\n\n\n\n<p>Durante a tarde, o espa\u00e7o acolheu ainda uma comitiva liderada pelo Ministro da Economia e Coes\u00e3o Territorial,&nbsp;<strong>Manuel Castro Almeida<\/strong>, e uma delega\u00e7\u00e3o do Partido Socialista chefiada pelo secret\u00e1rio-geral&nbsp;<strong>Jos\u00e9 Lu\u00eds Carneiro<\/strong>.<br><br><strong>Interior e identidade gastron\u00f3mica em destaque<\/strong><br><br>Al\u00e9m do lan\u00e7amento do MOVE, o stand do Centro de Portugal apresentou hoje uma programa\u00e7\u00e3o diversificada, que envolveu v\u00e1rios territ\u00f3rios e projetos estrat\u00e9gicos.<\/p>\n\n\n\n<p>A manh\u00e3 come\u00e7ou com a Regi\u00e3o de Leiria e a apresenta\u00e7\u00e3o da Plataforma Digital ORVE, por Francisco Dias, do Instituto Polit\u00e9cnico de Leiria, exemplo da aplica\u00e7\u00e3o do conhecimento e da tecnologia ao desenvolvimento tur\u00edstico. Seguiu-se o showcooking do chef Diogo Caetano, que valorizou os sabores leirienses.<\/p>\n\n\n\n<p>Durante a tarde, foi apresentado o II Congresso Mundial de Turismo do Interior, promovido pela AITIFACE, que refor\u00e7a o papel do Centro de Portugal no debate internacional sobre coes\u00e3o territorial e desenvolvimento sustent\u00e1vel.<\/p>\n\n\n\n<p>A harmoniza\u00e7\u00e3o PROVE \u2013 Vinho e Queijo, promovida pelos PROVERE da Fileira dos Vinhos da Regi\u00e3o Centro e dos Queijos Centro de Portugal, evidenciou a for\u00e7a das fileiras produtivas regionais e a sua transforma\u00e7\u00e3o em experi\u00eancias tur\u00edsticas de elevado valor acrescentado. J\u00e1 a sess\u00e3o \u201cN\u00e1utica Centro de Portugal \u2013 Descubra a sua Natureza\u201d, pelo PROVERE N\u00e1utica Centro de Portugal, destacou a valoriza\u00e7\u00e3o dos recursos h\u00eddricos e da oferta n\u00e1utica como eixo estrat\u00e9gico da regi\u00e3o.<\/p>\n\n\n\n<p>A regi\u00e3o Viseu D\u00e3o Laf\u00f5es apresentou a 2.\u00aa edi\u00e7\u00e3o do Prove Vinho &amp; Queijo 2026, que este ano decorre em Viseu, seguida de um showcooking do chef Estrela Michelin Diogo Rocha, no \u00e2mbito do projeto \u201cSabores ao Centro\u201d.<\/p>\n\n\n\n<p>O dia terminou com a Beira Baixa e o projeto Monte Barata Wildlife Tourism, apresentado pela associa\u00e7\u00e3o ambientalista Quercus, exemplo de turismo de natureza sustent\u00e1vel, seguido do showcooking da chef Maria Caldeira de Sousa, embaixadora gastron\u00f3mica da regi\u00e3o no \u201cSabores ao Centro\u201d, e da apresenta\u00e7\u00e3o do document\u00e1rio \u201cEntre Aldeias\u201d, de Larissa Vereza, que celebra a autenticidade e a vida nas aldeias do territ\u00f3rio.<\/p>\n\n\n\n<p><strong>O Centro de Portugal est\u00e1, assumidamente, em movimento.<\/strong><\/p>\n\n\n\n<p><strong>Sobre a Turismo Centro de Portugal:<\/strong><\/p>\n\n\n\n<p>A Turismo Centro de Portugal \u00e9 a entidade que estrutura e promove o turismo na Regi\u00e3o Centro do pa\u00eds. Esta \u00e9 a maior e mais diversificada \u00e1rea tur\u00edstica nacional, abrangendo 100 munic\u00edpios, e tem registado um intenso crescimento da procura interna e externa. \u00c9 a regi\u00e3o a escolher para quem pretende experi\u00eancias diversificadas, pois concilia locais Patrim\u00f3nio da Humanidade com a melhor costa de surf da Europa, termas e spas id\u00edlicos, locais de culto de import\u00e2ncia mundial e as mais belas aldeias.<\/p>\n","protected":false},"excerpt":{"rendered":"<p>Novo posicionamento no turismo desportivo marcou o segundo dia do stand da Turismo Centro de Portugal na BTL; Presidente da&#8230;<\/p>\n","protected":false},"author":7,"featured_media":14219,"comment_status":"closed","ping_status":"open","sticky":false,"template":"","format":"standard","meta":[],"categories":[39],"tags":[765,1147,349,346,1148],"yoast_head":"<!-- This site is optimized with the Yoast SEO plugin v20.12 - https:\/\/yoast.com\/wordpress\/plugins\/seo\/ -->\n<title>Centro de Portugal lan\u00e7a marca \u201cMOVE \u2013 The Sports Region\u201d e posiciona-se como l\u00edder do turismo ativo e desportivo - Atelier do Caractere<\/title>\n<meta name=\"robots\" content=\"index, follow, max-snippet:-1, max-image-preview:large, max-video-preview:-1\" \/>\n<link rel=\"canonical\" href=\"https:\/\/www.atelierdocaractere.pt\/brevemente\/centro-de-portugal-lanca-marca-move-the-sports-region-e-posiciona-se-como-lider-do-turismo-ativo-e-desportivo\/\" \/>\n<meta property=\"og:locale\" content=\"pt_PT\" \/>\n<meta property=\"og:type\" content=\"article\" \/>\n<meta property=\"og:title\" content=\"Centro de Portugal lan\u00e7a marca \u201cMOVE \u2013 The Sports Region\u201d e posiciona-se como l\u00edder do turismo ativo e desportivo - Atelier do Caractere\" \/>\n<meta property=\"og:description\" content=\"Novo posicionamento no turismo desportivo marcou o segundo dia do stand da Turismo Centro de Portugal na BTL; Presidente da...\" \/>\n<meta property=\"og:url\" content=\"https:\/\/www.atelierdocaractere.pt\/brevemente\/centro-de-portugal-lanca-marca-move-the-sports-region-e-posiciona-se-como-lider-do-turismo-ativo-e-desportivo\/\" \/>\n<meta property=\"og:site_name\" content=\"Atelier do Caractere\" \/>\n<meta property=\"article:publisher\" content=\"https:\/\/www.facebook.com\/AtelierdoCaractere\" \/>\n<meta property=\"article:published_time\" content=\"2026-02-26T15:30:52+00:00\" \/>\n<meta property=\"article:modified_time\" content=\"2026-02-27T15:36:36+00:00\" \/>\n<meta property=\"og:image\" content=\"https:\/\/www.atelierdocaractere.pt\/wp-content\/uploads\/2026\/02\/btl-turismo-centro-portugal-26fev-730936-164.jpg\" \/>\n\t<meta property=\"og:image:width\" content=\"1920\" \/>\n\t<meta property=\"og:image:height\" content=\"1280\" \/>\n\t<meta property=\"og:image:type\" content=\"image\/jpeg\" \/>\n<meta name=\"author\" content=\"Joana Barbosa\" \/>\n<meta name=\"twitter:card\" content=\"summary_large_image\" \/>\n<meta name=\"twitter:label1\" content=\"Escrito por\" \/>\n\t<meta name=\"twitter:data1\" content=\"Joana Barbosa\" \/>\n\t<meta name=\"twitter:label2\" content=\"Tempo estimado de leitura\" \/>\n\t<meta name=\"twitter:data2\" content=\"6 minutos\" \/>\n<script type=\"application\/ld+json\" class=\"yoast-schema-graph\">{\"@context\":\"https:\/\/schema.org\",\"@graph\":[{\"@type\":\"WebPage\",\"@id\":\"https:\/\/www.atelierdocaractere.pt\/brevemente\/centro-de-portugal-lanca-marca-move-the-sports-region-e-posiciona-se-como-lider-do-turismo-ativo-e-desportivo\/\",\"url\":\"https:\/\/www.atelierdocaractere.pt\/brevemente\/centro-de-portugal-lanca-marca-move-the-sports-region-e-posiciona-se-como-lider-do-turismo-ativo-e-desportivo\/\",\"name\":\"Centro de Portugal lan\u00e7a marca \u201cMOVE \u2013 The Sports Region\u201d e posiciona-se como l\u00edder do turismo ativo e desportivo - Atelier do Caractere\",\"isPartOf\":{\"@id\":\"https:\/\/www.atelierdocaractere.pt\/brevemente\/#website\"},\"datePublished\":\"2026-02-26T15:30:52+00:00\",\"dateModified\":\"2026-02-27T15:36:36+00:00\",\"author\":{\"@id\":\"https:\/\/www.atelierdocaractere.pt\/brevemente\/#\/schema\/person\/f2f096eb0f27d9894725af22cb97c0db\"},\"breadcrumb\":{\"@id\":\"https:\/\/www.atelierdocaractere.pt\/brevemente\/centro-de-portugal-lanca-marca-move-the-sports-region-e-posiciona-se-como-lider-do-turismo-ativo-e-desportivo\/#breadcrumb\"},\"inLanguage\":\"pt-PT\",\"potentialAction\":[{\"@type\":\"ReadAction\",\"target\":[\"https:\/\/www.atelierdocaractere.pt\/brevemente\/centro-de-portugal-lanca-marca-move-the-sports-region-e-posiciona-se-como-lider-do-turismo-ativo-e-desportivo\/\"]}]},{\"@type\":\"BreadcrumbList\",\"@id\":\"https:\/\/www.atelierdocaractere.pt\/brevemente\/centro-de-portugal-lanca-marca-move-the-sports-region-e-posiciona-se-como-lider-do-turismo-ativo-e-desportivo\/#breadcrumb\",\"itemListElement\":[{\"@type\":\"ListItem\",\"position\":1,\"name\":\"In\u00edcio\",\"item\":\"https:\/\/www.atelierdocaractere.pt\/brevemente\/\"},{\"@type\":\"ListItem\",\"position\":2,\"name\":\"Centro de Portugal lan\u00e7a marca \u201cMOVE \u2013 The Sports Region\u201d e posiciona-se como l\u00edder do turismo ativo e desportivo\"}]},{\"@type\":\"WebSite\",\"@id\":\"https:\/\/www.atelierdocaractere.pt\/brevemente\/#website\",\"url\":\"https:\/\/www.atelierdocaractere.pt\/brevemente\/\",\"name\":\"Atelier do Caractere\",\"description\":\"\",\"potentialAction\":[{\"@type\":\"SearchAction\",\"target\":{\"@type\":\"EntryPoint\",\"urlTemplate\":\"https:\/\/www.atelierdocaractere.pt\/brevemente\/?s={search_term_string}\"},\"query-input\":\"required name=search_term_string\"}],\"inLanguage\":\"pt-PT\"},{\"@type\":\"Person\",\"@id\":\"https:\/\/www.atelierdocaractere.pt\/brevemente\/#\/schema\/person\/f2f096eb0f27d9894725af22cb97c0db\",\"name\":\"Joana Barbosa\",\"image\":{\"@type\":\"ImageObject\",\"inLanguage\":\"pt-PT\",\"@id\":\"https:\/\/www.atelierdocaractere.pt\/brevemente\/#\/schema\/person\/image\/\",\"url\":\"https:\/\/secure.gravatar.com\/avatar\/33e8214b45e9d68a3a83008731075979?s=96&d=mm&r=g\",\"contentUrl\":\"https:\/\/secure.gravatar.com\/avatar\/33e8214b45e9d68a3a83008731075979?s=96&d=mm&r=g\",\"caption\":\"Joana Barbosa\"},\"url\":\"https:\/\/www.atelierdocaractere.pt\/brevemente\/author\/joanabarbosa\/\"}]}<\/script>\n<!-- \/ Yoast SEO plugin. -->","yoast_head_json":{"title":"Centro de Portugal lan\u00e7a marca \u201cMOVE \u2013 The Sports Region\u201d e posiciona-se como l\u00edder do turismo ativo e desportivo - Atelier do Caractere","robots":{"index":"index","follow":"follow","max-snippet":"max-snippet:-1","max-image-preview":"max-image-preview:large","max-video-preview":"max-video-preview:-1"},"canonical":"https:\/\/www.atelierdocaractere.pt\/brevemente\/centro-de-portugal-lanca-marca-move-the-sports-region-e-posiciona-se-como-lider-do-turismo-ativo-e-desportivo\/","og_locale":"pt_PT","og_type":"article","og_title":"Centro de Portugal lan\u00e7a marca \u201cMOVE \u2013 The Sports Region\u201d e posiciona-se como l\u00edder do turismo ativo e desportivo - Atelier do Caractere","og_description":"Novo posicionamento no turismo desportivo marcou o segundo dia do stand da Turismo Centro de Portugal na BTL; Presidente da...","og_url":"https:\/\/www.atelierdocaractere.pt\/brevemente\/centro-de-portugal-lanca-marca-move-the-sports-region-e-posiciona-se-como-lider-do-turismo-ativo-e-desportivo\/","og_site_name":"Atelier do Caractere","article_publisher":"https:\/\/www.facebook.com\/AtelierdoCaractere","article_published_time":"2026-02-26T15:30:52+00:00","article_modified_time":"2026-02-27T15:36:36+00:00","og_image":[{"width":1920,"height":1280,"url":"https:\/\/www.atelierdocaractere.pt\/wp-content\/uploads\/2026\/02\/btl-turismo-centro-portugal-26fev-730936-164.jpg","type":"image\/jpeg"}],"author":"Joana Barbosa","twitter_card":"summary_large_image","twitter_misc":{"Escrito por":"Joana Barbosa","Tempo estimado de leitura":"6 minutos"},"schema":{"@context":"https:\/\/schema.org","@graph":[{"@type":"WebPage","@id":"https:\/\/www.atelierdocaractere.pt\/brevemente\/centro-de-portugal-lanca-marca-move-the-sports-region-e-posiciona-se-como-lider-do-turismo-ativo-e-desportivo\/","url":"https:\/\/www.atelierdocaractere.pt\/brevemente\/centro-de-portugal-lanca-marca-move-the-sports-region-e-posiciona-se-como-lider-do-turismo-ativo-e-desportivo\/","name":"Centro de Portugal lan\u00e7a marca \u201cMOVE \u2013 The Sports Region\u201d e posiciona-se como l\u00edder do turismo ativo e desportivo - Atelier do Caractere","isPartOf":{"@id":"https:\/\/www.atelierdocaractere.pt\/brevemente\/#website"},"datePublished":"2026-02-26T15:30:52+00:00","dateModified":"2026-02-27T15:36:36+00:00","author":{"@id":"https:\/\/www.atelierdocaractere.pt\/brevemente\/#\/schema\/person\/f2f096eb0f27d9894725af22cb97c0db"},"breadcrumb":{"@id":"https:\/\/www.atelierdocaractere.pt\/brevemente\/centro-de-portugal-lanca-marca-move-the-sports-region-e-posiciona-se-como-lider-do-turismo-ativo-e-desportivo\/#breadcrumb"},"inLanguage":"pt-PT","potentialAction":[{"@type":"ReadAction","target":["https:\/\/www.atelierdocaractere.pt\/brevemente\/centro-de-portugal-lanca-marca-move-the-sports-region-e-posiciona-se-como-lider-do-turismo-ativo-e-desportivo\/"]}]},{"@type":"BreadcrumbList","@id":"https:\/\/www.atelierdocaractere.pt\/brevemente\/centro-de-portugal-lanca-marca-move-the-sports-region-e-posiciona-se-como-lider-do-turismo-ativo-e-desportivo\/#breadcrumb","itemListElement":[{"@type":"ListItem","position":1,"name":"In\u00edcio","item":"https:\/\/www.atelierdocaractere.pt\/brevemente\/"},{"@type":"ListItem","position":2,"name":"Centro de Portugal lan\u00e7a marca \u201cMOVE \u2013 The Sports Region\u201d e posiciona-se como l\u00edder do turismo ativo e desportivo"}]},{"@type":"WebSite","@id":"https:\/\/www.atelierdocaractere.pt\/brevemente\/#website","url":"https:\/\/www.atelierdocaractere.pt\/brevemente\/","name":"Atelier do Caractere","description":"","potentialAction":[{"@type":"SearchAction","target":{"@type":"EntryPoint","urlTemplate":"https:\/\/www.atelierdocaractere.pt\/brevemente\/?s={search_term_string}"},"query-input":"required name=search_term_string"}],"inLanguage":"pt-PT"},{"@type":"Person","@id":"https:\/\/www.atelierdocaractere.pt\/brevemente\/#\/schema\/person\/f2f096eb0f27d9894725af22cb97c0db","name":"Joana Barbosa","image":{"@type":"ImageObject","inLanguage":"pt-PT","@id":"https:\/\/www.atelierdocaractere.pt\/brevemente\/#\/schema\/person\/image\/","url":"https:\/\/secure.gravatar.com\/avatar\/33e8214b45e9d68a3a83008731075979?s=96&d=mm&r=g","contentUrl":"https:\/\/secure.gravatar.com\/avatar\/33e8214b45e9d68a3a83008731075979?s=96&d=mm&r=g","caption":"Joana Barbosa"},"url":"https:\/\/www.atelierdocaractere.pt\/brevemente\/author\/joanabarbosa\/"}]}},"_links":{"self":[{"href":"https:\/\/www.atelierdocaractere.pt\/brevemente\/wp-json\/wp\/v2\/posts\/14218"}],"collection":[{"href":"https:\/\/www.atelierdocaractere.pt\/brevemente\/wp-json\/wp\/v2\/posts"}],"about":[{"href":"https:\/\/www.atelierdocaractere.pt\/brevemente\/wp-json\/wp\/v2\/types\/post"}],"author":[{"embeddable":true,"href":"https:\/\/www.atelierdocaractere.pt\/brevemente\/wp-json\/wp\/v2\/users\/7"}],"replies":[{"embeddable":true,"href":"https:\/\/www.atelierdocaractere.pt\/brevemente\/wp-json\/wp\/v2\/comments?post=14218"}],"version-history":[{"count":1,"href":"https:\/\/www.atelierdocaractere.pt\/brevemente\/wp-json\/wp\/v2\/posts\/14218\/revisions"}],"predecessor-version":[{"id":14220,"href":"https:\/\/www.atelierdocaractere.pt\/brevemente\/wp-json\/wp\/v2\/posts\/14218\/revisions\/14220"}],"wp:featuredmedia":[{"embeddable":true,"href":"https:\/\/www.atelierdocaractere.pt\/brevemente\/wp-json\/wp\/v2\/media\/14219"}],"wp:attachment":[{"href":"https:\/\/www.atelierdocaractere.pt\/brevemente\/wp-json\/wp\/v2\/media?parent=14218"}],"wp:term":[{"taxonomy":"category","embeddable":true,"href":"https:\/\/www.atelierdocaractere.pt\/brevemente\/wp-json\/wp\/v2\/categories?post=14218"},{"taxonomy":"post_tag","embeddable":true,"href":"https:\/\/www.atelierdocaractere.pt\/brevemente\/wp-json\/wp\/v2\/tags?post=14218"}],"curies":[{"name":"wp","href":"https:\/\/api.w.org\/{rel}","templated":true}]}}