{"id":14221,"date":"2026-02-27T15:40:42","date_gmt":"2026-02-27T15:40:42","guid":{"rendered":"https:\/\/www.atelierdocaractere.pt\/brevemente\/?p=14221"},"modified":"2026-02-27T15:40:47","modified_gmt":"2026-02-27T15:40:47","slug":"viseu-dao-lafoes-tem-vindo-a-trabalhar-bem-e-os-numeros-falam-por-si","status":"publish","type":"post","link":"https:\/\/www.atelierdocaractere.pt\/brevemente\/viseu-dao-lafoes-tem-vindo-a-trabalhar-bem-e-os-numeros-falam-por-si\/","title":{"rendered":"\u201cViseu D\u00e3o Laf\u00f5es tem vindo a trabalhar bem e os n\u00fameros falam por si\u201d"},"content":{"rendered":"\n<p><strong>&#8220;Parab\u00e9ns aos 14 munic\u00edpios e parab\u00e9ns aos agentes privados\u201d, assinalou Nuno Martinho, em plena Bolsa de Turismo de Lisboa, destacando o crescimento do territ\u00f3rio em dormidas, mas tamb\u00e9m em valor (24%). A \u201c5.\u00aa presen\u00e7a conjunta do territ\u00f3rio \u00e9 sinal de trabalho de maturidade, articulado e com estrat\u00e9gia\u201d.<\/strong><\/p>\n\n\n\n<figure class=\"wp-block-image size-large\"><img decoding=\"async\" width=\"1024\" height=\"683\" src=\"https:\/\/www.atelierdocaractere.pt\/wp-content\/uploads\/2026\/02\/564554dd-e87b-d1b0-2b64-c12a6514a3fb-1024x683.jpg\" alt=\"\" class=\"wp-image-14222\" srcset=\"https:\/\/www.atelierdocaractere.pt\/wp-content\/uploads\/2026\/02\/564554dd-e87b-d1b0-2b64-c12a6514a3fb-1024x683.jpg 1024w, https:\/\/www.atelierdocaractere.pt\/wp-content\/uploads\/2026\/02\/564554dd-e87b-d1b0-2b64-c12a6514a3fb-300x200.jpg 300w, https:\/\/www.atelierdocaractere.pt\/wp-content\/uploads\/2026\/02\/564554dd-e87b-d1b0-2b64-c12a6514a3fb-768x512.jpg 768w, https:\/\/www.atelierdocaractere.pt\/wp-content\/uploads\/2026\/02\/564554dd-e87b-d1b0-2b64-c12a6514a3fb-900x600.jpg 900w, https:\/\/www.atelierdocaractere.pt\/wp-content\/uploads\/2026\/02\/564554dd-e87b-d1b0-2b64-c12a6514a3fb-675x450.jpg 675w, https:\/\/www.atelierdocaractere.pt\/wp-content\/uploads\/2026\/02\/564554dd-e87b-d1b0-2b64-c12a6514a3fb.jpg 1200w\" sizes=\"(max-width: 1024px) 100vw, 1024px\" \/><\/figure>\n\n\n\n<p>A romaria ao cora\u00e7\u00e3o de Portugal na BTL 2026 \u2013 o stand da Comunidade Intermunicipal (CIM) Viseu D\u00e3o Laf\u00f5es \u2013 prosseguiu esta quinta-feira, segundo dia do certame, com os muitos presentes a testemunharem uma programa\u00e7\u00e3o fortemente marcada pela programa\u00e7\u00e3o cultural e desportiva dos munic\u00edpios e, sobretudo, pela Gastronomia e Vinhos. E foi precisamente a prop\u00f3sito da apresenta\u00e7\u00e3o do evento Prove Vinho e Queijo, que em 2026 se realiza no territ\u00f3rio, que o\u00a0<strong>Secret\u00e1rio Executivo da CIM Viseu D\u00e3o Laf\u00f5es<\/strong>,\u00a0<strong>Nuno Martinho<\/strong>, destacou o \u201ctrabalho em rede\u201d que tem vindo a ser desenvolvido por todos os agentes e a trazer os melhores resultados de sempre ao turismo da regi\u00e3o.<br>\u00a0<br>\u201cEsta 5.\u00aa presen\u00e7a conjunta de Viseu D\u00e3o Laf\u00f5es \u00e9 um sinal do trabalho de maturidade da CIM e dos 14 munic\u00edpios, realizado de forma articulada e estrat\u00e9gica, com os munic\u00edpios, o Turismo Centro de Portugal, a Ag\u00eancia de Promo\u00e7\u00e3o Externa e os empres\u00e1rios da hotelaria, da restaura\u00e7\u00e3o e das atividades tur\u00edsticas e culturais do territ\u00f3rio, sempre numa l\u00f3gica de complementaridade. Viseu D\u00e3o Laf\u00f5es tem vindo a fazer bem e os n\u00fameros falam por si. Crescemos em dormidas acima da m\u00e9dia nacional, mas tamb\u00e9m crescemos em valor, 24%. \u00c9 um trabalho de todos, parab\u00e9ns \u00e0 CIM e \u00e0 sua equipa, parab\u00e9ns aos 14 munic\u00edpios e a todos os agentes privados\u201d, assinalou Nuno Martinho.<br>\u00a0<br>A prop\u00f3sito da import\u00e2ncia dos agentes privados, o Secret\u00e1rio Executivo da CIM destacou o facto de este ser \u201co segundo ano consecutivo em que a CIM surge acompanhada dos operadores na BTL\u201d. \u201cAgrade\u00e7o a presen\u00e7a e a participa\u00e7\u00e3o, mas, sobretudo, o trabalho de todos os dias\u201d, continuou, explicando depois os tr\u00eas eixos de atua\u00e7\u00e3o que t\u00eam norteado a a\u00e7\u00e3o da CIM Viseu D\u00e3o Laf\u00f5es: \u201cA estrutura\u00e7\u00e3o do produto tur\u00edstico \u2014 gastronomia, vinhos, natureza, sa\u00fade e bem-estar, toda a diversidade que \u00e9, de facto, o nosso principal ativo; a capacita\u00e7\u00e3o do sistema tur\u00edstico; e a comunica\u00e7\u00e3o e a ativa\u00e7\u00e3o de marca \u2014 de que s\u00e3o exemplos a presen\u00e7a na BTL, na FITUR, em Madrid, ou no NOS Alive, numa presen\u00e7a consistente em tempos e p\u00fablicos distintos\u201d.<br>\u00a0<br><strong>Gastronomia e Vinhos em grande destaque<\/strong><br>\u00a0<br>A apresenta\u00e7\u00e3o do evento Prove Vinho e Queijo (que integra o PROVERE Queijos Centro de Portugal e o PROVERE Fileira dos Vinhos) foi um dos destaques num dia marcado por degusta\u00e7\u00f5es (Vila Nova de Paiva; Aguiar da Beira; e Castro Daire \u2014 com o chef S\u00e9rgio Cardoso), ou ainda pela programa\u00e7\u00e3o cultural e desportiva do territ\u00f3rio (S\u00e1t\u00e3o; Vila Nova de Paiva; Aguiar da Beira; Castro Daire). E, fora do stand Viseu D\u00e3o Laf\u00f5es, o chef Diogo Rocha levou ainda a gastronomia do territ\u00f3rio a surpreender os visitantes do espa\u00e7o do Turismo Centro de Portugal.<br>\u00a0<br>Entre os muitos visitantes profissionais, destaque tamb\u00e9m para a passagem pelo stand da CIM Viseu D\u00e3o Laf\u00f5es do deputado europeu Sebasti\u00e3o Bugalho.<br>\u00a0<br><strong>Um impactante jardim hist\u00f3rico sob o mote \u201cSegue o Cora\u00e7\u00e3o\u201d<\/strong><br>\u00a0<br>Em pleno Pavilh\u00e3o 2 da BTL, a CIM Viseu D\u00e3o Laf\u00f5es destaca-se com um stand que acolhe a ativa\u00e7\u00e3o do territ\u00f3rio na BTL at\u00e9 dia 1 de mar\u00e7o. Sob o mote \u201cSegue o Cora\u00e7\u00e3o\u201d, a regi\u00e3o apresenta uma estrutura de dois pisos e tr\u00eas palcos, onde o patrim\u00f3nio e os labirintos dos Jardins Hist\u00f3ricos servem de cen\u00e1rio para uma programa\u00e7\u00e3o vibrante de cinco dias, que aposta na gastronomia, nas artes e nos of\u00edcios dos 14 munic\u00edpios.<br>\u00a0<br>A estrutura foi reformulada para proporcionar diferentes n\u00edveis de experi\u00eancias aos visitantes. O primeiro piso \u00e9 marcado por um labirinto inspirado nos jardins da regi\u00e3o, que lan\u00e7a o convite para que os visitantes explorem o stand e descubram o melhor que Viseu D\u00e3o Laf\u00f5es tem para oferecer.<br>\u00a0<br>Neste piso, no palco Garden Taste, os visitantes v\u00e3o encontrar a programa\u00e7\u00e3o institucional e gastron\u00f3mica, bem como a zona de restaura\u00e7\u00e3o com showcookings de produtos regionais. Ainda neste piso est\u00e1 igualmente instalada uma parede \u201cinstagram\u00e1vel\u201d, pensada para potenciar a partilha espont\u00e2nea nas redes sociais.<br>\u00a0<br>\u00c9 tamb\u00e9m neste contexto de descoberta que surge o Passaporte Digital, uma experi\u00eancia interativa e sustent\u00e1vel que convida os visitantes a procurar os QR Codes correspondentes aos 14 munic\u00edpios, fazer scan e registar os respetivos selos digitais. Ap\u00f3s conclu\u00edrem o passaporte com os 14 selos, poder\u00e3o dirigir-se ao balc\u00e3o informativo para levantar o seu pr\u00e9mio, levando consigo uma recorda\u00e7\u00e3o especial da regi\u00e3o<br>.<br>No segundo piso, o palco Garden Lab assume-se como espa\u00e7o premium dedicado \u00e0 experi\u00eancia e \u00e0 perman\u00eancia. Aqui haver\u00e1 uma \u00e1rea dedicada \u00e0 sa\u00fade e bem-estar, com cadeiras de massagem e de relaxamento dinamizadas pelas est\u00e2ncias termais da regi\u00e3o. Ao longo dos dias decorrer\u00e3o tamb\u00e9m oficinas ao vivo de artesanato regional, com destaque para o linho e para as tradicionais capuchinhas de Castro Daire, momentos que permitir\u00e3o ao p\u00fablico assistir ao processo de confe\u00e7\u00e3o, refor\u00e7ando a autenticidade e o valor do saber-fazer tradicional.<br>\u00a0<br>Neste mesmo piso funciona tamb\u00e9m uma das principais novidades da edi\u00e7\u00e3o de 2026: um videocast produzido em direto a partir do stand, com a participa\u00e7\u00e3o de autarcas e convidados especiais. O espa\u00e7o serve como plataforma de debate e promo\u00e7\u00e3o da regi\u00e3o, com talks que abordar\u00e3o temas como gastronomia, enoturismo, cultura e eventos.<br>\u00a0<br><strong>Conversas tem\u00e1ticas sobre o Vinho do D\u00e3o s\u00e3o um dos destaques.<\/strong><br>\u00a0<br>O stand integra ainda uma \u00e1rea de neg\u00f3cios com 23 operadores tur\u00edsticos da regi\u00e3o, assegurando uma representa\u00e7\u00e3o diversificada da oferta de alojamento, de enoturismo e de experi\u00eancias.<br>\u00a0<br>Ao final de cada dia, o ambiente do stand transforma-se com o DJ set \u201cViseu D\u00e3o Laf\u00f5es Garden Party\u201d, no palco Garden Stage, que prolonga o conceito dos Jardins Hist\u00f3ricos numa atmosfera descontra\u00edda e envolvente.<br>\u00a0<br>A participa\u00e7\u00e3o na BTL ser\u00e1 acompanhada por uma campanha nacional de visibilidade, que inclui outdoors na autoestrada A1 e mupis em Lisboa, entre outras plataformas.<br>\u00a0<br><strong>Programa\u00e7\u00e3o do terceiro dia<\/strong><br>\u00a0<br>A programa\u00e7\u00e3o dos cinco dias tem forte envolvimento dos 14 munic\u00edpios da CIM. Este ano, a organiza\u00e7\u00e3o implementa uma estrat\u00e9gia de programa\u00e7\u00e3o cruzada: as apresenta\u00e7\u00f5es institucionais dos munic\u00edpios s\u00e3o intercaladas com momentos gastron\u00f3micos de outros concelhos. Esta l\u00f3gica estimula a perman\u00eancia do p\u00fablico no stand, promovendo uma experi\u00eancia integrada e transversal do territ\u00f3rio.<br>\u00a0<br>O terceiro dia acolhe as propostas de Oliveira de Frades, Mangualde, S\u00e3o Pedro do Sul e Nelas, enquanto o quarto dia ser\u00e1 dedicado a Santa Comba D\u00e3o, Penalva do Castelo, Carregal do Sal e Vouzela.<br>\u00a0<br>O quinto e \u00faltimo dia ser\u00e1 marcado pela presen\u00e7a das confrarias gastron\u00f3micas do territ\u00f3rio, que dar\u00e3o a provar algumas das especialidades que afirmam Viseu D\u00e3o Laf\u00f5es como refer\u00eancia gastron\u00f3mica nacional.<br>\u00a0<br>A agenda completa est\u00e1 dispon\u00edvel em\u00a0<a href=\"https:\/\/mixlife.us21.list-manage.com\/track\/click?u=6fa784dd5dedbb105dedc3702&amp;id=8c22184051&amp;e=a88eb34a0e\">www.visitviseudaolafoes.pt<\/a>, nas redes sociais da CIM e na app \u201cVisit Viseu D\u00e3o Laf\u00f5es\u201d.<\/p>\n\n\n\n<p><strong>Sobre a CIM Viseu D\u00e3o Laf\u00f5es:<\/strong><br>A CIM Viseu D\u00e3o Laf\u00f5es \u00e9 uma associa\u00e7\u00e3o de munic\u00edpios, denominada como Comunidade Intermunicipal, sendo constitu\u00edda pelos munic\u00edpios de\u00a0Aguiar da Beira, Carregal do Sal, Castro Daire, Mangualde, Nelas, Oliveira de Frades, Penalva do Castelo, Santa Comba D\u00e3o, S\u00e3o Pedro do Sul, S\u00e1t\u00e3o, Tondela, Vila Nova de Paiva, Viseu e Vouzela.<\/p>\n","protected":false},"excerpt":{"rendered":"<p>&#8220;Parab\u00e9ns aos 14 munic\u00edpios e parab\u00e9ns aos agentes privados\u201d, assinalou Nuno Martinho, em plena Bolsa de Turismo de Lisboa, destacando&#8230;<\/p>\n","protected":false},"author":7,"featured_media":14222,"comment_status":"closed","ping_status":"open","sticky":false,"template":"","format":"standard","meta":[],"categories":[39],"tags":[485,448,1147,250,349,636],"yoast_head":"<!-- This site is optimized with the Yoast SEO plugin v20.12 - https:\/\/yoast.com\/wordpress\/plugins\/seo\/ -->\n<title>\u201cViseu D\u00e3o Laf\u00f5es tem vindo a trabalhar bem e os n\u00fameros falam por si\u201d - Atelier do Caractere<\/title>\n<meta name=\"robots\" content=\"index, follow, max-snippet:-1, max-image-preview:large, max-video-preview:-1\" \/>\n<link rel=\"canonical\" href=\"https:\/\/www.atelierdocaractere.pt\/brevemente\/viseu-dao-lafoes-tem-vindo-a-trabalhar-bem-e-os-numeros-falam-por-si\/\" \/>\n<meta property=\"og:locale\" content=\"pt_PT\" \/>\n<meta property=\"og:type\" content=\"article\" \/>\n<meta property=\"og:title\" content=\"\u201cViseu D\u00e3o Laf\u00f5es tem vindo a trabalhar bem e os n\u00fameros falam por si\u201d - Atelier do Caractere\" \/>\n<meta property=\"og:description\" content=\"&#8220;Parab\u00e9ns aos 14 munic\u00edpios e parab\u00e9ns aos agentes privados\u201d, assinalou Nuno Martinho, em plena Bolsa de Turismo de Lisboa, destacando...\" \/>\n<meta property=\"og:url\" content=\"https:\/\/www.atelierdocaractere.pt\/brevemente\/viseu-dao-lafoes-tem-vindo-a-trabalhar-bem-e-os-numeros-falam-por-si\/\" \/>\n<meta property=\"og:site_name\" content=\"Atelier do Caractere\" \/>\n<meta property=\"article:publisher\" content=\"https:\/\/www.facebook.com\/AtelierdoCaractere\" \/>\n<meta property=\"article:published_time\" content=\"2026-02-27T15:40:42+00:00\" \/>\n<meta property=\"article:modified_time\" content=\"2026-02-27T15:40:47+00:00\" \/>\n<meta property=\"og:image\" content=\"https:\/\/www.atelierdocaractere.pt\/wp-content\/uploads\/2026\/02\/564554dd-e87b-d1b0-2b64-c12a6514a3fb.jpg\" \/>\n\t<meta property=\"og:image:width\" content=\"1200\" \/>\n\t<meta property=\"og:image:height\" content=\"800\" \/>\n\t<meta property=\"og:image:type\" content=\"image\/jpeg\" \/>\n<meta name=\"author\" content=\"Joana Barbosa\" \/>\n<meta name=\"twitter:card\" content=\"summary_large_image\" \/>\n<meta name=\"twitter:label1\" content=\"Escrito por\" \/>\n\t<meta name=\"twitter:data1\" content=\"Joana Barbosa\" \/>\n\t<meta name=\"twitter:label2\" content=\"Tempo estimado de leitura\" \/>\n\t<meta name=\"twitter:data2\" content=\"7 minutos\" \/>\n<script type=\"application\/ld+json\" class=\"yoast-schema-graph\">{\"@context\":\"https:\/\/schema.org\",\"@graph\":[{\"@type\":\"WebPage\",\"@id\":\"https:\/\/www.atelierdocaractere.pt\/brevemente\/viseu-dao-lafoes-tem-vindo-a-trabalhar-bem-e-os-numeros-falam-por-si\/\",\"url\":\"https:\/\/www.atelierdocaractere.pt\/brevemente\/viseu-dao-lafoes-tem-vindo-a-trabalhar-bem-e-os-numeros-falam-por-si\/\",\"name\":\"\u201cViseu D\u00e3o Laf\u00f5es tem vindo a trabalhar bem e os n\u00fameros falam por si\u201d - Atelier do Caractere\",\"isPartOf\":{\"@id\":\"https:\/\/www.atelierdocaractere.pt\/brevemente\/#website\"},\"datePublished\":\"2026-02-27T15:40:42+00:00\",\"dateModified\":\"2026-02-27T15:40:47+00:00\",\"author\":{\"@id\":\"https:\/\/www.atelierdocaractere.pt\/brevemente\/#\/schema\/person\/f2f096eb0f27d9894725af22cb97c0db\"},\"breadcrumb\":{\"@id\":\"https:\/\/www.atelierdocaractere.pt\/brevemente\/viseu-dao-lafoes-tem-vindo-a-trabalhar-bem-e-os-numeros-falam-por-si\/#breadcrumb\"},\"inLanguage\":\"pt-PT\",\"potentialAction\":[{\"@type\":\"ReadAction\",\"target\":[\"https:\/\/www.atelierdocaractere.pt\/brevemente\/viseu-dao-lafoes-tem-vindo-a-trabalhar-bem-e-os-numeros-falam-por-si\/\"]}]},{\"@type\":\"BreadcrumbList\",\"@id\":\"https:\/\/www.atelierdocaractere.pt\/brevemente\/viseu-dao-lafoes-tem-vindo-a-trabalhar-bem-e-os-numeros-falam-por-si\/#breadcrumb\",\"itemListElement\":[{\"@type\":\"ListItem\",\"position\":1,\"name\":\"In\u00edcio\",\"item\":\"https:\/\/www.atelierdocaractere.pt\/brevemente\/\"},{\"@type\":\"ListItem\",\"position\":2,\"name\":\"\u201cViseu D\u00e3o Laf\u00f5es tem vindo a trabalhar bem e os n\u00fameros falam por si\u201d\"}]},{\"@type\":\"WebSite\",\"@id\":\"https:\/\/www.atelierdocaractere.pt\/brevemente\/#website\",\"url\":\"https:\/\/www.atelierdocaractere.pt\/brevemente\/\",\"name\":\"Atelier do Caractere\",\"description\":\"\",\"potentialAction\":[{\"@type\":\"SearchAction\",\"target\":{\"@type\":\"EntryPoint\",\"urlTemplate\":\"https:\/\/www.atelierdocaractere.pt\/brevemente\/?s={search_term_string}\"},\"query-input\":\"required name=search_term_string\"}],\"inLanguage\":\"pt-PT\"},{\"@type\":\"Person\",\"@id\":\"https:\/\/www.atelierdocaractere.pt\/brevemente\/#\/schema\/person\/f2f096eb0f27d9894725af22cb97c0db\",\"name\":\"Joana Barbosa\",\"image\":{\"@type\":\"ImageObject\",\"inLanguage\":\"pt-PT\",\"@id\":\"https:\/\/www.atelierdocaractere.pt\/brevemente\/#\/schema\/person\/image\/\",\"url\":\"https:\/\/secure.gravatar.com\/avatar\/33e8214b45e9d68a3a83008731075979?s=96&d=mm&r=g\",\"contentUrl\":\"https:\/\/secure.gravatar.com\/avatar\/33e8214b45e9d68a3a83008731075979?s=96&d=mm&r=g\",\"caption\":\"Joana Barbosa\"},\"url\":\"https:\/\/www.atelierdocaractere.pt\/brevemente\/author\/joanabarbosa\/\"}]}<\/script>\n<!-- \/ Yoast SEO plugin. -->","yoast_head_json":{"title":"\u201cViseu D\u00e3o Laf\u00f5es tem vindo a trabalhar bem e os n\u00fameros falam por si\u201d - Atelier do Caractere","robots":{"index":"index","follow":"follow","max-snippet":"max-snippet:-1","max-image-preview":"max-image-preview:large","max-video-preview":"max-video-preview:-1"},"canonical":"https:\/\/www.atelierdocaractere.pt\/brevemente\/viseu-dao-lafoes-tem-vindo-a-trabalhar-bem-e-os-numeros-falam-por-si\/","og_locale":"pt_PT","og_type":"article","og_title":"\u201cViseu D\u00e3o Laf\u00f5es tem vindo a trabalhar bem e os n\u00fameros falam por si\u201d - Atelier do Caractere","og_description":"&#8220;Parab\u00e9ns aos 14 munic\u00edpios e parab\u00e9ns aos agentes privados\u201d, assinalou Nuno Martinho, em plena Bolsa de Turismo de Lisboa, destacando...","og_url":"https:\/\/www.atelierdocaractere.pt\/brevemente\/viseu-dao-lafoes-tem-vindo-a-trabalhar-bem-e-os-numeros-falam-por-si\/","og_site_name":"Atelier do Caractere","article_publisher":"https:\/\/www.facebook.com\/AtelierdoCaractere","article_published_time":"2026-02-27T15:40:42+00:00","article_modified_time":"2026-02-27T15:40:47+00:00","og_image":[{"width":1200,"height":800,"url":"https:\/\/www.atelierdocaractere.pt\/wp-content\/uploads\/2026\/02\/564554dd-e87b-d1b0-2b64-c12a6514a3fb.jpg","type":"image\/jpeg"}],"author":"Joana Barbosa","twitter_card":"summary_large_image","twitter_misc":{"Escrito por":"Joana Barbosa","Tempo estimado de leitura":"7 minutos"},"schema":{"@context":"https:\/\/schema.org","@graph":[{"@type":"WebPage","@id":"https:\/\/www.atelierdocaractere.pt\/brevemente\/viseu-dao-lafoes-tem-vindo-a-trabalhar-bem-e-os-numeros-falam-por-si\/","url":"https:\/\/www.atelierdocaractere.pt\/brevemente\/viseu-dao-lafoes-tem-vindo-a-trabalhar-bem-e-os-numeros-falam-por-si\/","name":"\u201cViseu D\u00e3o Laf\u00f5es tem vindo a trabalhar bem e os n\u00fameros falam por si\u201d - Atelier do Caractere","isPartOf":{"@id":"https:\/\/www.atelierdocaractere.pt\/brevemente\/#website"},"datePublished":"2026-02-27T15:40:42+00:00","dateModified":"2026-02-27T15:40:47+00:00","author":{"@id":"https:\/\/www.atelierdocaractere.pt\/brevemente\/#\/schema\/person\/f2f096eb0f27d9894725af22cb97c0db"},"breadcrumb":{"@id":"https:\/\/www.atelierdocaractere.pt\/brevemente\/viseu-dao-lafoes-tem-vindo-a-trabalhar-bem-e-os-numeros-falam-por-si\/#breadcrumb"},"inLanguage":"pt-PT","potentialAction":[{"@type":"ReadAction","target":["https:\/\/www.atelierdocaractere.pt\/brevemente\/viseu-dao-lafoes-tem-vindo-a-trabalhar-bem-e-os-numeros-falam-por-si\/"]}]},{"@type":"BreadcrumbList","@id":"https:\/\/www.atelierdocaractere.pt\/brevemente\/viseu-dao-lafoes-tem-vindo-a-trabalhar-bem-e-os-numeros-falam-por-si\/#breadcrumb","itemListElement":[{"@type":"ListItem","position":1,"name":"In\u00edcio","item":"https:\/\/www.atelierdocaractere.pt\/brevemente\/"},{"@type":"ListItem","position":2,"name":"\u201cViseu D\u00e3o Laf\u00f5es tem vindo a trabalhar bem e os n\u00fameros falam por si\u201d"}]},{"@type":"WebSite","@id":"https:\/\/www.atelierdocaractere.pt\/brevemente\/#website","url":"https:\/\/www.atelierdocaractere.pt\/brevemente\/","name":"Atelier do Caractere","description":"","potentialAction":[{"@type":"SearchAction","target":{"@type":"EntryPoint","urlTemplate":"https:\/\/www.atelierdocaractere.pt\/brevemente\/?s={search_term_string}"},"query-input":"required name=search_term_string"}],"inLanguage":"pt-PT"},{"@type":"Person","@id":"https:\/\/www.atelierdocaractere.pt\/brevemente\/#\/schema\/person\/f2f096eb0f27d9894725af22cb97c0db","name":"Joana Barbosa","image":{"@type":"ImageObject","inLanguage":"pt-PT","@id":"https:\/\/www.atelierdocaractere.pt\/brevemente\/#\/schema\/person\/image\/","url":"https:\/\/secure.gravatar.com\/avatar\/33e8214b45e9d68a3a83008731075979?s=96&d=mm&r=g","contentUrl":"https:\/\/secure.gravatar.com\/avatar\/33e8214b45e9d68a3a83008731075979?s=96&d=mm&r=g","caption":"Joana Barbosa"},"url":"https:\/\/www.atelierdocaractere.pt\/brevemente\/author\/joanabarbosa\/"}]}},"_links":{"self":[{"href":"https:\/\/www.atelierdocaractere.pt\/brevemente\/wp-json\/wp\/v2\/posts\/14221"}],"collection":[{"href":"https:\/\/www.atelierdocaractere.pt\/brevemente\/wp-json\/wp\/v2\/posts"}],"about":[{"href":"https:\/\/www.atelierdocaractere.pt\/brevemente\/wp-json\/wp\/v2\/types\/post"}],"author":[{"embeddable":true,"href":"https:\/\/www.atelierdocaractere.pt\/brevemente\/wp-json\/wp\/v2\/users\/7"}],"replies":[{"embeddable":true,"href":"https:\/\/www.atelierdocaractere.pt\/brevemente\/wp-json\/wp\/v2\/comments?post=14221"}],"version-history":[{"count":1,"href":"https:\/\/www.atelierdocaractere.pt\/brevemente\/wp-json\/wp\/v2\/posts\/14221\/revisions"}],"predecessor-version":[{"id":14223,"href":"https:\/\/www.atelierdocaractere.pt\/brevemente\/wp-json\/wp\/v2\/posts\/14221\/revisions\/14223"}],"wp:featuredmedia":[{"embeddable":true,"href":"https:\/\/www.atelierdocaractere.pt\/brevemente\/wp-json\/wp\/v2\/media\/14222"}],"wp:attachment":[{"href":"https:\/\/www.atelierdocaractere.pt\/brevemente\/wp-json\/wp\/v2\/media?parent=14221"}],"wp:term":[{"taxonomy":"category","embeddable":true,"href":"https:\/\/www.atelierdocaractere.pt\/brevemente\/wp-json\/wp\/v2\/categories?post=14221"},{"taxonomy":"post_tag","embeddable":true,"href":"https:\/\/www.atelierdocaractere.pt\/brevemente\/wp-json\/wp\/v2\/tags?post=14221"}],"curies":[{"name":"wp","href":"https:\/\/api.w.org\/{rel}","templated":true}]}}