{"id":14226,"date":"2026-03-02T11:12:49","date_gmt":"2026-03-02T11:12:49","guid":{"rendered":"https:\/\/www.atelierdocaractere.pt\/brevemente\/?p=14226"},"modified":"2026-03-04T11:38:05","modified_gmt":"2026-03-04T11:38:05","slug":"o-coracao-de-portugal-bateu-forte-na-btl-apontando-mais-uma-vez-a-numeros-historicos","status":"publish","type":"post","link":"https:\/\/www.atelierdocaractere.pt\/brevemente\/o-coracao-de-portugal-bateu-forte-na-btl-apontando-mais-uma-vez-a-numeros-historicos\/","title":{"rendered":"\u201cO Cora\u00e7\u00e3o de Portugal bateu forte na BTL, apontando mais uma vez a n\u00fameros hist\u00f3ricos\u201d"},"content":{"rendered":"\n<p><strong>&#8220;Toda a equipa da CIM e todos os munic\u00edpios est\u00e3o de parab\u00e9ns. Todo o feedback que temos \u00e9 que esta foi a mais impactante ativa\u00e7\u00e3o de sempre do territ\u00f3rio na Bolsa de Turismo de Lisboa&#8221;, afirma o presidente da CIM Viseu D\u00e3o Laf\u00f5es, Jo\u00e3o Azevedo.<\/strong><\/p>\n\n\n\n<figure class=\"wp-block-image size-large\"><img decoding=\"async\" width=\"1024\" height=\"683\" src=\"https:\/\/www.atelierdocaractere.pt\/wp-content\/uploads\/2026\/03\/a7bee456-983f-e023-e228-4154c137916e-1024x683.jpg\" alt=\"\" class=\"wp-image-14227\" srcset=\"https:\/\/www.atelierdocaractere.pt\/wp-content\/uploads\/2026\/03\/a7bee456-983f-e023-e228-4154c137916e-1024x683.jpg 1024w, https:\/\/www.atelierdocaractere.pt\/wp-content\/uploads\/2026\/03\/a7bee456-983f-e023-e228-4154c137916e-300x200.jpg 300w, https:\/\/www.atelierdocaractere.pt\/wp-content\/uploads\/2026\/03\/a7bee456-983f-e023-e228-4154c137916e-768x512.jpg 768w, https:\/\/www.atelierdocaractere.pt\/wp-content\/uploads\/2026\/03\/a7bee456-983f-e023-e228-4154c137916e-900x600.jpg 900w, https:\/\/www.atelierdocaractere.pt\/wp-content\/uploads\/2026\/03\/a7bee456-983f-e023-e228-4154c137916e-675x450.jpg 675w, https:\/\/www.atelierdocaractere.pt\/wp-content\/uploads\/2026\/03\/a7bee456-983f-e023-e228-4154c137916e.jpg 1200w\" sizes=\"(max-width: 1024px) 100vw, 1024px\" \/><\/figure>\n\n\n\n<p>O cora\u00e7\u00e3o gigante que destacava o stand da&nbsp;<strong>Comunidade Intermunicipal (CIM) Viseu D\u00e3o Laf\u00f5es&nbsp;<\/strong>em pleno pavilh\u00e3o 2 da BTL 2026 marcou, literalmente, o pulso da maior edi\u00e7\u00e3o de sempre do certame. E o som que replicava o bater genu\u00edno de um cora\u00e7\u00e3o humano dava uma dimens\u00e3o ainda mais simb\u00f3lica \u00e0 representa\u00e7\u00e3o do territ\u00f3rio que \u00e9 o \u201cCora\u00e7\u00e3o de Portugal\u201d. O resultado foi o melhor. Afinal, esta foi a&nbsp;<em>\u201cmais impactante presen\u00e7a da CIM Viseu D\u00e3o Laf\u00f5es na BTL\u201d<\/em>, nos cinco anos de presen\u00e7a conjunta dos 14 munic\u00edpios na principal feira de turismo nacional.<br><br><em>\u201cO Cora\u00e7\u00e3o de Portugal bateu muito forte na BTL. Toda a equipa da CIM e todos os munic\u00edpios est\u00e3o de parab\u00e9ns. Todo o feedback que temos \u00e9 que esta foi a mais impactante ativa\u00e7\u00e3o de sempre do territ\u00f3rio na BTL, um sinal de maturidade e uni\u00e3o dos munic\u00edpios, e de capacidade de concretiza\u00e7\u00e3o, das nossas equipas, dos nossos munic\u00edpios e dos nossos parceiros. O que vimos ao longo destes dias foi a confirma\u00e7\u00e3o de que estamos no caminho certo. E depois dos melhores resultados de sempre em h\u00f3spedes e dormidas, e de um crescimento muito expressivo em valor, o nosso compromisso \u00e9 claro: continuar a superar-nos. Temos de fazer ainda mais, apontando de novo \u00e0 ambi\u00e7\u00e3o de n\u00fameros hist\u00f3ricos. Temos estrat\u00e9gia, temos uni\u00e3o e temos um territ\u00f3rio extraordin\u00e1rio. Unidos, munic\u00edpios e setor privado, estamos preparados para competir e liderar a primeira liga do turismo nacional\u201d,&nbsp;<\/em>afirma, em balan\u00e7o, o&nbsp;<strong>Presidente da CIM Viseu D\u00e3o Laf\u00f5es, Jo\u00e3o Azevedo<\/strong>.<br><br>A participa\u00e7\u00e3o conjunta dos 14 munic\u00edpios de Viseu D\u00e3o Laf\u00f5es na edi\u00e7\u00e3o 2026 da Bolsa de Turismo de Lisboa confirmou a capacidade de trabalho em rede de uma regi\u00e3o que se afirma, ano ap\u00f3s ano, como uma das regi\u00f5es mais din\u00e2micas do turismo nacional (a crescer ao dobro da m\u00e9dia nacional; e 24% em valor).<br><br>Depois de tr\u00eas dias dedicados a profissionais marcados por forte ades\u00e3o, Viseu D\u00e3o Laf\u00f5es foi um destino altamente procurado tamb\u00e9m no fim de semana, dias de abertura ao p\u00fablico na BTL. O mote \u201cSegue o Cora\u00e7\u00e3o\u201d, e o pulsar do territ\u00f3rio, fez-se atrav\u00e9s da programa\u00e7\u00e3o diferenciadora, cultural, gastron\u00f3mica e v\u00ednica, desportiva e de sa\u00fade, dos 14 munic\u00edpios, complementada pela presen\u00e7a de operadores privados, num verdadeiro ecossistema de promo\u00e7\u00e3o integrada e de neg\u00f3cio. A aposta numa estrutura experiencial, com m\u00faltiplos palcos e espa\u00e7os de perman\u00eancia, traduziu-se numa elevada taxa de intera\u00e7\u00e3o e perman\u00eancia do p\u00fablico.<br><br>Para o&nbsp;<strong>Secret\u00e1rio Executivo da CIM Viseu D\u00e3o Laf\u00f5es, Nuno Martinho<\/strong>, o balan\u00e7o foi igualmente muito positivo:&nbsp;<em>\u201cCada vez mais, Viseu D\u00e3o Laf\u00f5es est\u00e1 no mapa de excel\u00eancia do nosso Turismo. O trabalho de estrutura\u00e7\u00e3o dos produtos tur\u00edsticos, o apoio \u00e0 capacita\u00e7\u00e3o dos agentes, e as iniciativas de comunica\u00e7\u00e3o e ativa\u00e7\u00e3o, como foi exemplo esta BTL, t\u00eam trazido frutos. Fomos pioneiros nesta presen\u00e7a conjunta na BTL, somos consistentemente apontados como exemplo no desenvolvimento de projetos em rede, pelo que ficamos agradavelmente orgulhosos quanto percebemos que continuamos a surpreender as pessoas. \u00c9 isso que est\u00e1 na g\u00e9nese do nosso territ\u00f3rio, diferenciar pelo que \u00e9 genu\u00edno, e fazer sempre mais. Parab\u00e9ns a todos, em particular aos munic\u00edpios e a todos os agentes, p\u00fablicos e privados\u201d.<\/em><br><br>A promo\u00e7\u00e3o conjunta dos 14 munic\u00edpios voltou a demonstrar que a coopera\u00e7\u00e3o territorial potencia resultados, gera escala e consolida notoriedade.&nbsp;<em>&#8220;Com os dados mais recentes a confirmarem m\u00e1ximos hist\u00f3ricos no turismo da regi\u00e3o, a CIM Viseu D\u00e3o Laf\u00f5es sai da BTL 2026 com uma ambi\u00e7\u00e3o e exig\u00eancia renovadas: procurar continuar a fazer melhor, num setor onde a competitividade a excel\u00eancia tamb\u00e9m s\u00e3o cada vez maiores\u201d<\/em>, concluiu o Secret\u00e1rio Executivo da CIM.<\/p>\n\n\n\n<p><strong>Um impactante jardim hist\u00f3rico sob o mote \u201cSegue o Cora\u00e7\u00e3o\u201d<\/strong><br><br>Em pleno Pavilh\u00e3o 2 da BTL, a\u00a0<strong>CIM Viseu D\u00e3o Laf\u00f5es\u00a0<\/strong>destacou-se com um stand que acolheu a ativa\u00e7\u00e3o do territ\u00f3rio na BTL. Sob o mote \u201cSegue o Cora\u00e7\u00e3o\u201d, a regi\u00e3o apresentou uma estrutura de dois pisos e tr\u00eas palcos, onde o patrim\u00f3nio e os labirintos dos Jardins Hist\u00f3ricos serviram de cen\u00e1rio para uma programa\u00e7\u00e3o vibrante de cinco dias, com aposta na gastronomia, nas artes e nos of\u00edcios dos 14 munic\u00edpios.<br><br>A estrutura foi reformulada para proporcionar diferentes n\u00edveis de experi\u00eancias aos visitantes. O primeiro piso ficou marcado por um labirinto inspirado nos jardins da regi\u00e3o, lan\u00e7ando o convite para que os visitantes explorassem o stand e descobrissem o melhor que Viseu D\u00e3o Laf\u00f5es tem para oferecer.<br><br>Neste piso, no palco Garden Taste, os visitantes encontraram a programa\u00e7\u00e3o institucional e gastron\u00f3mica, bem como a zona de restaura\u00e7\u00e3o com\u00a0<em>showcookings\u00a0<\/em>de produtos regionais. Ainda neste piso esteve igualmente instalada uma parede \u201c<em>instagram\u00e1vel<\/em>\u201d, pensada para potenciar a partilha espont\u00e2nea nas redes sociais.<br><br>Foi tamb\u00e9m neste contexto de descoberta que surgiu o Passaporte Digital, uma experi\u00eancia interativa e sustent\u00e1vel que convidou os visitantes a procurar os QR Codes correspondentes aos 14 munic\u00edpios, fazer\u00a0<em>scan\u00a0<\/em>e registar os respetivos selos digitais. Ap\u00f3s conclu\u00edrem o passaporte com os 14 selos, dirigiam-se ao balc\u00e3o informativo para levantar os seus pr\u00e9mios, levando consigo uma recorda\u00e7\u00e3o especial da regi\u00e3o.<br><br>No segundo piso, o palco Garden Lab assumiu-se como espa\u00e7o premium dedicado \u00e0 experi\u00eancia e \u00e0 perman\u00eancia. Aqui surgiu uma \u00e1rea dedicada \u00e0 sa\u00fade e bem-estar, com cadeiras de massagem e de relaxamento dinamizadas pelas est\u00e2ncias termais da regi\u00e3o. Ao longo dos dias decorreram tamb\u00e9m oficinas ao vivo de artesanato regional, com destaque para o linho e para as tradicionais Capuchinhas de Castro Daire, momentos que permitiram ao p\u00fablico assistir ao processo de confe\u00e7\u00e3o, refor\u00e7ando a autenticidade e o valor do saber-fazer tradicional.<br><br>Neste mesmo piso funcionou tamb\u00e9m uma das principais novidades da edi\u00e7\u00e3o de 2026: um\u00a0<em>videocast\u00a0<\/em>produzido em direto a partir do stand, com a participa\u00e7\u00e3o de autarcas e convidados especiais. O espa\u00e7o serviu como plataforma de debate e promo\u00e7\u00e3o da regi\u00e3o, com\u00a0<em>talks\u00a0<\/em>que abordaram temas como gastronomia, enoturismo, cultura e eventos.<br><br>O stand integrou ainda uma \u00e1rea de neg\u00f3cios com 23 operadores tur\u00edsticos da regi\u00e3o, assegurando uma representa\u00e7\u00e3o diversificada da oferta de alojamento, de enoturismo e de experi\u00eancias.<br><br>Ao final de cada dia, o ambiente do stand transformou-se com o DJ set \u201cViseu D\u00e3o Laf\u00f5es Garden Party\u201d, no palco Garden Stage, que prolongou o conceito dos Jardins Hist\u00f3ricos numa atmosfera descontra\u00edda e envolvente.<br><br>A participa\u00e7\u00e3o na BTL foi ainda acompanhada por uma campanha nacional de visibilidade, que inclui outdoors na autoestrada A1 e mupis em Lisboa, entre outras plataformas.<\/p>\n\n\n\n<p><strong>Sobre a CIM Viseu D\u00e3o Laf\u00f5es:<\/strong><br>A CIM Viseu D\u00e3o Laf\u00f5es \u00e9 uma associa\u00e7\u00e3o de munic\u00edpios, denominada como Comunidade Intermunicipal, sendo constitu\u00edda pelos munic\u00edpios de\u00a0Aguiar da Beira, Carregal do Sal, Castro Daire, Mangualde, Nelas, Oliveira de Frades, Penalva do Castelo, Santa Comba D\u00e3o, S\u00e3o Pedro do Sul, S\u00e1t\u00e3o, Tondela, Vila Nova de Paiva, Viseu e Vouzela.<\/p>\n","protected":false},"excerpt":{"rendered":"<p>&#8220;Toda a equipa da CIM e todos os munic\u00edpios est\u00e3o de parab\u00e9ns. Todo o feedback que temos \u00e9 que esta&#8230;<\/p>\n","protected":false},"author":7,"featured_media":14227,"comment_status":"closed","ping_status":"open","sticky":false,"template":"","format":"standard","meta":[],"categories":[39],"tags":[485,448,636],"yoast_head":"<!-- This site is optimized with the Yoast SEO plugin v20.12 - https:\/\/yoast.com\/wordpress\/plugins\/seo\/ -->\n<title>\u201cO Cora\u00e7\u00e3o de Portugal bateu forte na BTL, apontando mais uma vez a n\u00fameros hist\u00f3ricos\u201d - Atelier do Caractere<\/title>\n<meta name=\"robots\" content=\"index, follow, max-snippet:-1, max-image-preview:large, max-video-preview:-1\" \/>\n<link rel=\"canonical\" href=\"https:\/\/www.atelierdocaractere.pt\/brevemente\/o-coracao-de-portugal-bateu-forte-na-btl-apontando-mais-uma-vez-a-numeros-historicos\/\" \/>\n<meta property=\"og:locale\" content=\"pt_PT\" \/>\n<meta property=\"og:type\" content=\"article\" \/>\n<meta property=\"og:title\" content=\"\u201cO Cora\u00e7\u00e3o de Portugal bateu forte na BTL, apontando mais uma vez a n\u00fameros hist\u00f3ricos\u201d - Atelier do Caractere\" \/>\n<meta property=\"og:description\" content=\"&#8220;Toda a equipa da CIM e todos os munic\u00edpios est\u00e3o de parab\u00e9ns. Todo o feedback que temos \u00e9 que esta...\" \/>\n<meta property=\"og:url\" content=\"https:\/\/www.atelierdocaractere.pt\/brevemente\/o-coracao-de-portugal-bateu-forte-na-btl-apontando-mais-uma-vez-a-numeros-historicos\/\" \/>\n<meta property=\"og:site_name\" content=\"Atelier do Caractere\" \/>\n<meta property=\"article:publisher\" content=\"https:\/\/www.facebook.com\/AtelierdoCaractere\" \/>\n<meta property=\"article:published_time\" content=\"2026-03-02T11:12:49+00:00\" \/>\n<meta property=\"article:modified_time\" content=\"2026-03-04T11:38:05+00:00\" \/>\n<meta property=\"og:image\" content=\"https:\/\/www.atelierdocaractere.pt\/wp-content\/uploads\/2026\/03\/a7bee456-983f-e023-e228-4154c137916e.jpg\" \/>\n\t<meta property=\"og:image:width\" content=\"1200\" \/>\n\t<meta property=\"og:image:height\" content=\"800\" \/>\n\t<meta property=\"og:image:type\" content=\"image\/jpeg\" \/>\n<meta name=\"author\" content=\"Joana Barbosa\" \/>\n<meta name=\"twitter:card\" content=\"summary_large_image\" \/>\n<meta name=\"twitter:label1\" content=\"Escrito por\" \/>\n\t<meta name=\"twitter:data1\" content=\"Joana Barbosa\" \/>\n\t<meta name=\"twitter:label2\" content=\"Tempo estimado de leitura\" \/>\n\t<meta name=\"twitter:data2\" content=\"7 minutos\" \/>\n<script type=\"application\/ld+json\" class=\"yoast-schema-graph\">{\"@context\":\"https:\/\/schema.org\",\"@graph\":[{\"@type\":\"WebPage\",\"@id\":\"https:\/\/www.atelierdocaractere.pt\/brevemente\/o-coracao-de-portugal-bateu-forte-na-btl-apontando-mais-uma-vez-a-numeros-historicos\/\",\"url\":\"https:\/\/www.atelierdocaractere.pt\/brevemente\/o-coracao-de-portugal-bateu-forte-na-btl-apontando-mais-uma-vez-a-numeros-historicos\/\",\"name\":\"\u201cO Cora\u00e7\u00e3o de Portugal bateu forte na BTL, apontando mais uma vez a n\u00fameros hist\u00f3ricos\u201d - Atelier do Caractere\",\"isPartOf\":{\"@id\":\"https:\/\/www.atelierdocaractere.pt\/brevemente\/#website\"},\"datePublished\":\"2026-03-02T11:12:49+00:00\",\"dateModified\":\"2026-03-04T11:38:05+00:00\",\"author\":{\"@id\":\"https:\/\/www.atelierdocaractere.pt\/brevemente\/#\/schema\/person\/f2f096eb0f27d9894725af22cb97c0db\"},\"breadcrumb\":{\"@id\":\"https:\/\/www.atelierdocaractere.pt\/brevemente\/o-coracao-de-portugal-bateu-forte-na-btl-apontando-mais-uma-vez-a-numeros-historicos\/#breadcrumb\"},\"inLanguage\":\"pt-PT\",\"potentialAction\":[{\"@type\":\"ReadAction\",\"target\":[\"https:\/\/www.atelierdocaractere.pt\/brevemente\/o-coracao-de-portugal-bateu-forte-na-btl-apontando-mais-uma-vez-a-numeros-historicos\/\"]}]},{\"@type\":\"BreadcrumbList\",\"@id\":\"https:\/\/www.atelierdocaractere.pt\/brevemente\/o-coracao-de-portugal-bateu-forte-na-btl-apontando-mais-uma-vez-a-numeros-historicos\/#breadcrumb\",\"itemListElement\":[{\"@type\":\"ListItem\",\"position\":1,\"name\":\"In\u00edcio\",\"item\":\"https:\/\/www.atelierdocaractere.pt\/brevemente\/\"},{\"@type\":\"ListItem\",\"position\":2,\"name\":\"\u201cO Cora\u00e7\u00e3o de Portugal bateu forte na BTL, apontando mais uma vez a n\u00fameros hist\u00f3ricos\u201d\"}]},{\"@type\":\"WebSite\",\"@id\":\"https:\/\/www.atelierdocaractere.pt\/brevemente\/#website\",\"url\":\"https:\/\/www.atelierdocaractere.pt\/brevemente\/\",\"name\":\"Atelier do Caractere\",\"description\":\"\",\"potentialAction\":[{\"@type\":\"SearchAction\",\"target\":{\"@type\":\"EntryPoint\",\"urlTemplate\":\"https:\/\/www.atelierdocaractere.pt\/brevemente\/?s={search_term_string}\"},\"query-input\":\"required name=search_term_string\"}],\"inLanguage\":\"pt-PT\"},{\"@type\":\"Person\",\"@id\":\"https:\/\/www.atelierdocaractere.pt\/brevemente\/#\/schema\/person\/f2f096eb0f27d9894725af22cb97c0db\",\"name\":\"Joana Barbosa\",\"image\":{\"@type\":\"ImageObject\",\"inLanguage\":\"pt-PT\",\"@id\":\"https:\/\/www.atelierdocaractere.pt\/brevemente\/#\/schema\/person\/image\/\",\"url\":\"https:\/\/secure.gravatar.com\/avatar\/33e8214b45e9d68a3a83008731075979?s=96&d=mm&r=g\",\"contentUrl\":\"https:\/\/secure.gravatar.com\/avatar\/33e8214b45e9d68a3a83008731075979?s=96&d=mm&r=g\",\"caption\":\"Joana Barbosa\"},\"url\":\"https:\/\/www.atelierdocaractere.pt\/brevemente\/author\/joanabarbosa\/\"}]}<\/script>\n<!-- \/ Yoast SEO plugin. -->","yoast_head_json":{"title":"\u201cO Cora\u00e7\u00e3o de Portugal bateu forte na BTL, apontando mais uma vez a n\u00fameros hist\u00f3ricos\u201d - Atelier do Caractere","robots":{"index":"index","follow":"follow","max-snippet":"max-snippet:-1","max-image-preview":"max-image-preview:large","max-video-preview":"max-video-preview:-1"},"canonical":"https:\/\/www.atelierdocaractere.pt\/brevemente\/o-coracao-de-portugal-bateu-forte-na-btl-apontando-mais-uma-vez-a-numeros-historicos\/","og_locale":"pt_PT","og_type":"article","og_title":"\u201cO Cora\u00e7\u00e3o de Portugal bateu forte na BTL, apontando mais uma vez a n\u00fameros hist\u00f3ricos\u201d - Atelier do Caractere","og_description":"&#8220;Toda a equipa da CIM e todos os munic\u00edpios est\u00e3o de parab\u00e9ns. Todo o feedback que temos \u00e9 que esta...","og_url":"https:\/\/www.atelierdocaractere.pt\/brevemente\/o-coracao-de-portugal-bateu-forte-na-btl-apontando-mais-uma-vez-a-numeros-historicos\/","og_site_name":"Atelier do Caractere","article_publisher":"https:\/\/www.facebook.com\/AtelierdoCaractere","article_published_time":"2026-03-02T11:12:49+00:00","article_modified_time":"2026-03-04T11:38:05+00:00","og_image":[{"width":1200,"height":800,"url":"https:\/\/www.atelierdocaractere.pt\/wp-content\/uploads\/2026\/03\/a7bee456-983f-e023-e228-4154c137916e.jpg","type":"image\/jpeg"}],"author":"Joana Barbosa","twitter_card":"summary_large_image","twitter_misc":{"Escrito por":"Joana Barbosa","Tempo estimado de leitura":"7 minutos"},"schema":{"@context":"https:\/\/schema.org","@graph":[{"@type":"WebPage","@id":"https:\/\/www.atelierdocaractere.pt\/brevemente\/o-coracao-de-portugal-bateu-forte-na-btl-apontando-mais-uma-vez-a-numeros-historicos\/","url":"https:\/\/www.atelierdocaractere.pt\/brevemente\/o-coracao-de-portugal-bateu-forte-na-btl-apontando-mais-uma-vez-a-numeros-historicos\/","name":"\u201cO Cora\u00e7\u00e3o de Portugal bateu forte na BTL, apontando mais uma vez a n\u00fameros hist\u00f3ricos\u201d - Atelier do Caractere","isPartOf":{"@id":"https:\/\/www.atelierdocaractere.pt\/brevemente\/#website"},"datePublished":"2026-03-02T11:12:49+00:00","dateModified":"2026-03-04T11:38:05+00:00","author":{"@id":"https:\/\/www.atelierdocaractere.pt\/brevemente\/#\/schema\/person\/f2f096eb0f27d9894725af22cb97c0db"},"breadcrumb":{"@id":"https:\/\/www.atelierdocaractere.pt\/brevemente\/o-coracao-de-portugal-bateu-forte-na-btl-apontando-mais-uma-vez-a-numeros-historicos\/#breadcrumb"},"inLanguage":"pt-PT","potentialAction":[{"@type":"ReadAction","target":["https:\/\/www.atelierdocaractere.pt\/brevemente\/o-coracao-de-portugal-bateu-forte-na-btl-apontando-mais-uma-vez-a-numeros-historicos\/"]}]},{"@type":"BreadcrumbList","@id":"https:\/\/www.atelierdocaractere.pt\/brevemente\/o-coracao-de-portugal-bateu-forte-na-btl-apontando-mais-uma-vez-a-numeros-historicos\/#breadcrumb","itemListElement":[{"@type":"ListItem","position":1,"name":"In\u00edcio","item":"https:\/\/www.atelierdocaractere.pt\/brevemente\/"},{"@type":"ListItem","position":2,"name":"\u201cO Cora\u00e7\u00e3o de Portugal bateu forte na BTL, apontando mais uma vez a n\u00fameros hist\u00f3ricos\u201d"}]},{"@type":"WebSite","@id":"https:\/\/www.atelierdocaractere.pt\/brevemente\/#website","url":"https:\/\/www.atelierdocaractere.pt\/brevemente\/","name":"Atelier do Caractere","description":"","potentialAction":[{"@type":"SearchAction","target":{"@type":"EntryPoint","urlTemplate":"https:\/\/www.atelierdocaractere.pt\/brevemente\/?s={search_term_string}"},"query-input":"required name=search_term_string"}],"inLanguage":"pt-PT"},{"@type":"Person","@id":"https:\/\/www.atelierdocaractere.pt\/brevemente\/#\/schema\/person\/f2f096eb0f27d9894725af22cb97c0db","name":"Joana Barbosa","image":{"@type":"ImageObject","inLanguage":"pt-PT","@id":"https:\/\/www.atelierdocaractere.pt\/brevemente\/#\/schema\/person\/image\/","url":"https:\/\/secure.gravatar.com\/avatar\/33e8214b45e9d68a3a83008731075979?s=96&d=mm&r=g","contentUrl":"https:\/\/secure.gravatar.com\/avatar\/33e8214b45e9d68a3a83008731075979?s=96&d=mm&r=g","caption":"Joana Barbosa"},"url":"https:\/\/www.atelierdocaractere.pt\/brevemente\/author\/joanabarbosa\/"}]}},"_links":{"self":[{"href":"https:\/\/www.atelierdocaractere.pt\/brevemente\/wp-json\/wp\/v2\/posts\/14226"}],"collection":[{"href":"https:\/\/www.atelierdocaractere.pt\/brevemente\/wp-json\/wp\/v2\/posts"}],"about":[{"href":"https:\/\/www.atelierdocaractere.pt\/brevemente\/wp-json\/wp\/v2\/types\/post"}],"author":[{"embeddable":true,"href":"https:\/\/www.atelierdocaractere.pt\/brevemente\/wp-json\/wp\/v2\/users\/7"}],"replies":[{"embeddable":true,"href":"https:\/\/www.atelierdocaractere.pt\/brevemente\/wp-json\/wp\/v2\/comments?post=14226"}],"version-history":[{"count":1,"href":"https:\/\/www.atelierdocaractere.pt\/brevemente\/wp-json\/wp\/v2\/posts\/14226\/revisions"}],"predecessor-version":[{"id":14228,"href":"https:\/\/www.atelierdocaractere.pt\/brevemente\/wp-json\/wp\/v2\/posts\/14226\/revisions\/14228"}],"wp:featuredmedia":[{"embeddable":true,"href":"https:\/\/www.atelierdocaractere.pt\/brevemente\/wp-json\/wp\/v2\/media\/14227"}],"wp:attachment":[{"href":"https:\/\/www.atelierdocaractere.pt\/brevemente\/wp-json\/wp\/v2\/media?parent=14226"}],"wp:term":[{"taxonomy":"category","embeddable":true,"href":"https:\/\/www.atelierdocaractere.pt\/brevemente\/wp-json\/wp\/v2\/categories?post=14226"},{"taxonomy":"post_tag","embeddable":true,"href":"https:\/\/www.atelierdocaractere.pt\/brevemente\/wp-json\/wp\/v2\/tags?post=14226"}],"curies":[{"name":"wp","href":"https:\/\/api.w.org\/{rel}","templated":true}]}}