{"id":14229,"date":"2026-02-27T11:38:17","date_gmt":"2026-02-27T11:38:17","guid":{"rendered":"https:\/\/www.atelierdocaractere.pt\/brevemente\/?p=14229"},"modified":"2026-03-04T11:42:53","modified_gmt":"2026-03-04T11:42:53","slug":"tradicoes-vivas-e-sustentabilidade-marcam-terceiro-dia-do-centro-de-portugal-na-btl","status":"publish","type":"post","link":"https:\/\/www.atelierdocaractere.pt\/brevemente\/tradicoes-vivas-e-sustentabilidade-marcam-terceiro-dia-do-centro-de-portugal-na-btl\/","title":{"rendered":"Tradi\u00e7\u00f5es vivas e sustentabilidade marcam terceiro dia do Centro de Portugal na BTL"},"content":{"rendered":"\n<p><strong>Da transum\u00e2ncia aos cantares tradicionais, o Centro de Portugal mostra que o futuro constr\u00f3i-se com ra\u00edzes<\/strong><\/p>\n\n\n\n<figure class=\"wp-block-image size-large\"><img decoding=\"async\" width=\"1024\" height=\"683\" src=\"https:\/\/www.atelierdocaractere.pt\/wp-content\/uploads\/2026\/03\/btl-turismo-centro-portugal-27fev-742899-44-1-1024x683.jpg\" alt=\"\" class=\"wp-image-14231\" srcset=\"https:\/\/www.atelierdocaractere.pt\/wp-content\/uploads\/2026\/03\/btl-turismo-centro-portugal-27fev-742899-44-1-1024x683.jpg 1024w, https:\/\/www.atelierdocaractere.pt\/wp-content\/uploads\/2026\/03\/btl-turismo-centro-portugal-27fev-742899-44-1-300x200.jpg 300w, https:\/\/www.atelierdocaractere.pt\/wp-content\/uploads\/2026\/03\/btl-turismo-centro-portugal-27fev-742899-44-1-768x512.jpg 768w, https:\/\/www.atelierdocaractere.pt\/wp-content\/uploads\/2026\/03\/btl-turismo-centro-portugal-27fev-742899-44-1-1536x1024.jpg 1536w, https:\/\/www.atelierdocaractere.pt\/wp-content\/uploads\/2026\/03\/btl-turismo-centro-portugal-27fev-742899-44-1-900x600.jpg 900w, https:\/\/www.atelierdocaractere.pt\/wp-content\/uploads\/2026\/03\/btl-turismo-centro-portugal-27fev-742899-44-1-675x450.jpg 675w, https:\/\/www.atelierdocaractere.pt\/wp-content\/uploads\/2026\/03\/btl-turismo-centro-portugal-27fev-742899-44-1.jpg 1920w\" sizes=\"(max-width: 1024px) 100vw, 1024px\" \/><\/figure>\n\n\n\n<p>As tradi\u00e7\u00f5es, a cultura viva e a sustentabilidade estiveram no centro da programa\u00e7\u00e3o do terceiro dia da Turismo Centro de Portugal na BTL \u2013 Bolsa de Turismo de Lisboa, numa jornada que evidenciou a for\u00e7a identit\u00e1ria do territ\u00f3rio e a forma como a regi\u00e3o transforma a heran\u00e7a em futuro.<br>\u00a0<br>Um dos destaques do dia foi a evoca\u00e7\u00e3o da Transum\u00e2ncia no Ano Internacional das Pastagens e dos Pastores. Esta tradi\u00e7\u00e3o est\u00e1 profundamente enraizada nas zonas montanhosas da regi\u00e3o e refor\u00e7a a liga\u00e7\u00e3o entre territ\u00f3rio, comunidades e paisagem, com a particularidade de contribuir para a preserva\u00e7\u00e3o ambiental. Neste contexto, foi apresentada a candidatura da Rota da Transum\u00e2ncia ao Invent\u00e1rio Nacional do Patrim\u00f3nio Cultural Imaterial, numa iniciativa conjunta dos munic\u00edpios de Castro Daire, Fund\u00e3o, Gouveia e Seia, que a deram a conhecer na BTL.<br>\u00a0<br>Tamb\u00e9m os Cantares de Manhouce, de S\u00e3o Pedro do Sul, trouxeram ao stand a for\u00e7a da tradi\u00e7\u00e3o oral, num momento que evidenciou a import\u00e2ncia do patrim\u00f3nio imaterial na constru\u00e7\u00e3o da identidade regional.<br>\u00a0<br>A dimens\u00e3o internacional da sustentabilidade esteve tamb\u00e9m em destaque com a apresenta\u00e7\u00e3o do I F\u00f3rum de Geoparques Mundiais da UNESCO da CPLP, refor\u00e7ando o papel do Centro de Portugal no debate global sobre valoriza\u00e7\u00e3o do patrim\u00f3nio natural.<br>\u00a0<br>A manh\u00e3 abriu com a Regi\u00e3o de Coimbra em destaque, atrav\u00e9s da apresenta\u00e7\u00e3o dos Sabores da Chanfana, pela Confraria da Chanfana, de Vila Nova de Poiares. Um dos pratos mais emblem\u00e1ticos do territ\u00f3rio foi apresentado como ativo tur\u00edstico diferenciador e s\u00edmbolo de autenticidade regional. Seguiu-se o showcooking do Chef Lu\u00eds Lavrador, embaixador da Regi\u00e3o de Coimbra no projeto \u201cSabores ao Centro\u201d, que deu a provar iguarias representativas deste territ\u00f3rio a um stand repleto de visitantes.<br>\u00a0<br>O Munic\u00edpio de Cantanhede apresentou a Expofacic 2026, um dos maiores eventos anuais do pa\u00eds, sublinhando a capacidade da regi\u00e3o para organizar iniciativas de grande dimens\u00e3o, com impacto econ\u00f3mico e cultural relevante.<br>\u00a0<br>O PROVERE Aldeias do Xisto levou ao palco o XJAZZ \u2013 Encontros do Jazz nas Aldeias do Xisto, iniciativa que promove resid\u00eancias art\u00edsticas e concertos em contexto de imers\u00e3o nas aldeias, convidando artistas nacionais e internacionais a dialogar com o territ\u00f3rio.<br>\u00a0<br>A inova\u00e7\u00e3o marcou igualmente presen\u00e7a com a apresenta\u00e7\u00e3o da J. Gomes \u2013 Reciclagem T\u00eaxtil, exemplo de economia circular aplicada \u00e0 ind\u00fastria regional. A programa\u00e7\u00e3o integrou ainda a apresenta\u00e7\u00e3o \u201cMCoutinho no Caminho de Santiago\u201d, pelo Escape Livre, sublinhando a relev\u00e2ncia dos caminhos hist\u00f3ricos e espirituais na estrutura\u00e7\u00e3o da oferta tur\u00edstica.<br>\u00a0<br>A sub-regi\u00e3o M\u00e9dio Tejo promoveu algumas iniciativas que v\u00e3o decorrer no territ\u00f3rio, bem como um momento gastron\u00f3mico com o Chef S\u00e9rgio Fernandes, embaixador regional no projeto \u201cSabores ao Centro\u201d, enquanto a Comiss\u00e3o Vitivin\u00edcola Regional do Tejo apresentou o novo Terroir Serras e a Rota dos Vinhos do Tejo.<br>\u00a0<br>O Oeste esteve representado pelo showcooking da Chef Patr\u00edcia Borges, no \u00e2mbito do \u201cSabores ao Centro\u201d, e pela apresenta\u00e7\u00e3o do WTA Caldas da Rainha Ladies Open.<br>\u00a0<br>Paralelamente \u00e0 programa\u00e7\u00e3o do stand, a Turismo Centro de Portugal participou em dois eventos em que \u00e9 parceira, no espa\u00e7o da Turismo do Porto e Norte de Portugal. O presidente Rui Ventura marcou presen\u00e7a na apresenta\u00e7\u00e3o do I Encontro dos Caminhos de Santiago em Portugal, enquanto a vice-presidente Anabela Freitas participou no lan\u00e7amento da 5.\u00aa edi\u00e7\u00e3o da iniciativa \u201c\u00c0 Descoberta do Turismo Industrial\u201d, promovida pela Rede Portuguesa do Turismo Industrial.<br>\u00a0<br>Se os primeiros dias da BTL foram marcados pela apresenta\u00e7\u00e3o de estrat\u00e9gia e pelo lan\u00e7amento de novas marcas e projetos, o terceiro confirmou que o Centro de Portugal cresce quando honra as suas ra\u00edzes e transforma a tradi\u00e7\u00e3o em vantagem competitiva, afirmando-se como um territ\u00f3rio onde cultura, sustentabilidade e identidade caminham lado a lado.<\/p>\n\n\n\n<p><strong>Sobre a Turismo Centro de Portugal:<\/strong><\/p>\n\n\n\n<p>A Turismo Centro de Portugal \u00e9 a entidade que estrutura e promove o turismo na Regi\u00e3o Centro do pa\u00eds. Esta \u00e9 a maior e mais diversificada \u00e1rea tur\u00edstica nacional, abrangendo 100 munic\u00edpios, e tem registado um intenso crescimento da procura interna e externa. \u00c9 a regi\u00e3o a escolher para quem pretende experi\u00eancias diversificadas, pois concilia locais Patrim\u00f3nio da Humanidade com a melhor costa de surf da Europa, termas e spas id\u00edlicos, locais de culto de import\u00e2ncia mundial e as mais belas aldeias.<\/p>\n","protected":false},"excerpt":{"rendered":"<p>Da transum\u00e2ncia aos cantares tradicionais, o Centro de Portugal mostra que o futuro constr\u00f3i-se com ra\u00edzes As tradi\u00e7\u00f5es, a cultura&#8230;<\/p>\n","protected":false},"author":7,"featured_media":14230,"comment_status":"closed","ping_status":"open","sticky":false,"template":"","format":"standard","meta":[],"categories":[39],"tags":[485,765,1147,346,345],"yoast_head":"<!-- This site is optimized with the Yoast SEO plugin v20.12 - https:\/\/yoast.com\/wordpress\/plugins\/seo\/ -->\n<title>Tradi\u00e7\u00f5es vivas e sustentabilidade marcam terceiro dia do Centro de Portugal na BTL - Atelier do Caractere<\/title>\n<meta name=\"robots\" content=\"index, follow, max-snippet:-1, max-image-preview:large, max-video-preview:-1\" \/>\n<link rel=\"canonical\" href=\"https:\/\/www.atelierdocaractere.pt\/brevemente\/tradicoes-vivas-e-sustentabilidade-marcam-terceiro-dia-do-centro-de-portugal-na-btl\/\" \/>\n<meta property=\"og:locale\" content=\"pt_PT\" \/>\n<meta property=\"og:type\" content=\"article\" \/>\n<meta property=\"og:title\" content=\"Tradi\u00e7\u00f5es vivas e sustentabilidade marcam terceiro dia do Centro de Portugal na BTL - Atelier do Caractere\" \/>\n<meta property=\"og:description\" content=\"Da transum\u00e2ncia aos cantares tradicionais, o Centro de Portugal mostra que o futuro constr\u00f3i-se com ra\u00edzes As tradi\u00e7\u00f5es, a cultura...\" \/>\n<meta property=\"og:url\" content=\"https:\/\/www.atelierdocaractere.pt\/brevemente\/tradicoes-vivas-e-sustentabilidade-marcam-terceiro-dia-do-centro-de-portugal-na-btl\/\" \/>\n<meta property=\"og:site_name\" content=\"Atelier do Caractere\" \/>\n<meta property=\"article:publisher\" content=\"https:\/\/www.facebook.com\/AtelierdoCaractere\" \/>\n<meta property=\"article:published_time\" content=\"2026-02-27T11:38:17+00:00\" \/>\n<meta property=\"article:modified_time\" content=\"2026-03-04T11:42:53+00:00\" \/>\n<meta property=\"og:image\" content=\"https:\/\/www.atelierdocaractere.pt\/wp-content\/uploads\/2026\/03\/btl-turismo-centro-portugal-27fev-742899-44.jpg\" \/>\n\t<meta property=\"og:image:width\" content=\"1920\" \/>\n\t<meta property=\"og:image:height\" content=\"1280\" \/>\n\t<meta property=\"og:image:type\" content=\"image\/jpeg\" \/>\n<meta name=\"author\" content=\"Joana Barbosa\" \/>\n<meta name=\"twitter:card\" content=\"summary_large_image\" \/>\n<meta name=\"twitter:label1\" content=\"Escrito por\" \/>\n\t<meta name=\"twitter:data1\" content=\"Joana Barbosa\" \/>\n\t<meta name=\"twitter:label2\" content=\"Tempo estimado de leitura\" \/>\n\t<meta name=\"twitter:data2\" content=\"5 minutos\" \/>\n<script type=\"application\/ld+json\" class=\"yoast-schema-graph\">{\"@context\":\"https:\/\/schema.org\",\"@graph\":[{\"@type\":\"WebPage\",\"@id\":\"https:\/\/www.atelierdocaractere.pt\/brevemente\/tradicoes-vivas-e-sustentabilidade-marcam-terceiro-dia-do-centro-de-portugal-na-btl\/\",\"url\":\"https:\/\/www.atelierdocaractere.pt\/brevemente\/tradicoes-vivas-e-sustentabilidade-marcam-terceiro-dia-do-centro-de-portugal-na-btl\/\",\"name\":\"Tradi\u00e7\u00f5es vivas e sustentabilidade marcam terceiro dia do Centro de Portugal na BTL - Atelier do Caractere\",\"isPartOf\":{\"@id\":\"https:\/\/www.atelierdocaractere.pt\/brevemente\/#website\"},\"datePublished\":\"2026-02-27T11:38:17+00:00\",\"dateModified\":\"2026-03-04T11:42:53+00:00\",\"author\":{\"@id\":\"https:\/\/www.atelierdocaractere.pt\/brevemente\/#\/schema\/person\/f2f096eb0f27d9894725af22cb97c0db\"},\"breadcrumb\":{\"@id\":\"https:\/\/www.atelierdocaractere.pt\/brevemente\/tradicoes-vivas-e-sustentabilidade-marcam-terceiro-dia-do-centro-de-portugal-na-btl\/#breadcrumb\"},\"inLanguage\":\"pt-PT\",\"potentialAction\":[{\"@type\":\"ReadAction\",\"target\":[\"https:\/\/www.atelierdocaractere.pt\/brevemente\/tradicoes-vivas-e-sustentabilidade-marcam-terceiro-dia-do-centro-de-portugal-na-btl\/\"]}]},{\"@type\":\"BreadcrumbList\",\"@id\":\"https:\/\/www.atelierdocaractere.pt\/brevemente\/tradicoes-vivas-e-sustentabilidade-marcam-terceiro-dia-do-centro-de-portugal-na-btl\/#breadcrumb\",\"itemListElement\":[{\"@type\":\"ListItem\",\"position\":1,\"name\":\"In\u00edcio\",\"item\":\"https:\/\/www.atelierdocaractere.pt\/brevemente\/\"},{\"@type\":\"ListItem\",\"position\":2,\"name\":\"Tradi\u00e7\u00f5es vivas e sustentabilidade marcam terceiro dia do Centro de Portugal na BTL\"}]},{\"@type\":\"WebSite\",\"@id\":\"https:\/\/www.atelierdocaractere.pt\/brevemente\/#website\",\"url\":\"https:\/\/www.atelierdocaractere.pt\/brevemente\/\",\"name\":\"Atelier do Caractere\",\"description\":\"\",\"potentialAction\":[{\"@type\":\"SearchAction\",\"target\":{\"@type\":\"EntryPoint\",\"urlTemplate\":\"https:\/\/www.atelierdocaractere.pt\/brevemente\/?s={search_term_string}\"},\"query-input\":\"required name=search_term_string\"}],\"inLanguage\":\"pt-PT\"},{\"@type\":\"Person\",\"@id\":\"https:\/\/www.atelierdocaractere.pt\/brevemente\/#\/schema\/person\/f2f096eb0f27d9894725af22cb97c0db\",\"name\":\"Joana Barbosa\",\"image\":{\"@type\":\"ImageObject\",\"inLanguage\":\"pt-PT\",\"@id\":\"https:\/\/www.atelierdocaractere.pt\/brevemente\/#\/schema\/person\/image\/\",\"url\":\"https:\/\/secure.gravatar.com\/avatar\/33e8214b45e9d68a3a83008731075979?s=96&d=mm&r=g\",\"contentUrl\":\"https:\/\/secure.gravatar.com\/avatar\/33e8214b45e9d68a3a83008731075979?s=96&d=mm&r=g\",\"caption\":\"Joana Barbosa\"},\"url\":\"https:\/\/www.atelierdocaractere.pt\/brevemente\/author\/joanabarbosa\/\"}]}<\/script>\n<!-- \/ Yoast SEO plugin. -->","yoast_head_json":{"title":"Tradi\u00e7\u00f5es vivas e sustentabilidade marcam terceiro dia do Centro de Portugal na BTL - Atelier do Caractere","robots":{"index":"index","follow":"follow","max-snippet":"max-snippet:-1","max-image-preview":"max-image-preview:large","max-video-preview":"max-video-preview:-1"},"canonical":"https:\/\/www.atelierdocaractere.pt\/brevemente\/tradicoes-vivas-e-sustentabilidade-marcam-terceiro-dia-do-centro-de-portugal-na-btl\/","og_locale":"pt_PT","og_type":"article","og_title":"Tradi\u00e7\u00f5es vivas e sustentabilidade marcam terceiro dia do Centro de Portugal na BTL - Atelier do Caractere","og_description":"Da transum\u00e2ncia aos cantares tradicionais, o Centro de Portugal mostra que o futuro constr\u00f3i-se com ra\u00edzes As tradi\u00e7\u00f5es, a cultura...","og_url":"https:\/\/www.atelierdocaractere.pt\/brevemente\/tradicoes-vivas-e-sustentabilidade-marcam-terceiro-dia-do-centro-de-portugal-na-btl\/","og_site_name":"Atelier do Caractere","article_publisher":"https:\/\/www.facebook.com\/AtelierdoCaractere","article_published_time":"2026-02-27T11:38:17+00:00","article_modified_time":"2026-03-04T11:42:53+00:00","og_image":[{"width":1920,"height":1280,"url":"https:\/\/www.atelierdocaractere.pt\/wp-content\/uploads\/2026\/03\/btl-turismo-centro-portugal-27fev-742899-44.jpg","type":"image\/jpeg"}],"author":"Joana Barbosa","twitter_card":"summary_large_image","twitter_misc":{"Escrito por":"Joana Barbosa","Tempo estimado de leitura":"5 minutos"},"schema":{"@context":"https:\/\/schema.org","@graph":[{"@type":"WebPage","@id":"https:\/\/www.atelierdocaractere.pt\/brevemente\/tradicoes-vivas-e-sustentabilidade-marcam-terceiro-dia-do-centro-de-portugal-na-btl\/","url":"https:\/\/www.atelierdocaractere.pt\/brevemente\/tradicoes-vivas-e-sustentabilidade-marcam-terceiro-dia-do-centro-de-portugal-na-btl\/","name":"Tradi\u00e7\u00f5es vivas e sustentabilidade marcam terceiro dia do Centro de Portugal na BTL - Atelier do Caractere","isPartOf":{"@id":"https:\/\/www.atelierdocaractere.pt\/brevemente\/#website"},"datePublished":"2026-02-27T11:38:17+00:00","dateModified":"2026-03-04T11:42:53+00:00","author":{"@id":"https:\/\/www.atelierdocaractere.pt\/brevemente\/#\/schema\/person\/f2f096eb0f27d9894725af22cb97c0db"},"breadcrumb":{"@id":"https:\/\/www.atelierdocaractere.pt\/brevemente\/tradicoes-vivas-e-sustentabilidade-marcam-terceiro-dia-do-centro-de-portugal-na-btl\/#breadcrumb"},"inLanguage":"pt-PT","potentialAction":[{"@type":"ReadAction","target":["https:\/\/www.atelierdocaractere.pt\/brevemente\/tradicoes-vivas-e-sustentabilidade-marcam-terceiro-dia-do-centro-de-portugal-na-btl\/"]}]},{"@type":"BreadcrumbList","@id":"https:\/\/www.atelierdocaractere.pt\/brevemente\/tradicoes-vivas-e-sustentabilidade-marcam-terceiro-dia-do-centro-de-portugal-na-btl\/#breadcrumb","itemListElement":[{"@type":"ListItem","position":1,"name":"In\u00edcio","item":"https:\/\/www.atelierdocaractere.pt\/brevemente\/"},{"@type":"ListItem","position":2,"name":"Tradi\u00e7\u00f5es vivas e sustentabilidade marcam terceiro dia do Centro de Portugal na BTL"}]},{"@type":"WebSite","@id":"https:\/\/www.atelierdocaractere.pt\/brevemente\/#website","url":"https:\/\/www.atelierdocaractere.pt\/brevemente\/","name":"Atelier do Caractere","description":"","potentialAction":[{"@type":"SearchAction","target":{"@type":"EntryPoint","urlTemplate":"https:\/\/www.atelierdocaractere.pt\/brevemente\/?s={search_term_string}"},"query-input":"required name=search_term_string"}],"inLanguage":"pt-PT"},{"@type":"Person","@id":"https:\/\/www.atelierdocaractere.pt\/brevemente\/#\/schema\/person\/f2f096eb0f27d9894725af22cb97c0db","name":"Joana Barbosa","image":{"@type":"ImageObject","inLanguage":"pt-PT","@id":"https:\/\/www.atelierdocaractere.pt\/brevemente\/#\/schema\/person\/image\/","url":"https:\/\/secure.gravatar.com\/avatar\/33e8214b45e9d68a3a83008731075979?s=96&d=mm&r=g","contentUrl":"https:\/\/secure.gravatar.com\/avatar\/33e8214b45e9d68a3a83008731075979?s=96&d=mm&r=g","caption":"Joana Barbosa"},"url":"https:\/\/www.atelierdocaractere.pt\/brevemente\/author\/joanabarbosa\/"}]}},"_links":{"self":[{"href":"https:\/\/www.atelierdocaractere.pt\/brevemente\/wp-json\/wp\/v2\/posts\/14229"}],"collection":[{"href":"https:\/\/www.atelierdocaractere.pt\/brevemente\/wp-json\/wp\/v2\/posts"}],"about":[{"href":"https:\/\/www.atelierdocaractere.pt\/brevemente\/wp-json\/wp\/v2\/types\/post"}],"author":[{"embeddable":true,"href":"https:\/\/www.atelierdocaractere.pt\/brevemente\/wp-json\/wp\/v2\/users\/7"}],"replies":[{"embeddable":true,"href":"https:\/\/www.atelierdocaractere.pt\/brevemente\/wp-json\/wp\/v2\/comments?post=14229"}],"version-history":[{"count":1,"href":"https:\/\/www.atelierdocaractere.pt\/brevemente\/wp-json\/wp\/v2\/posts\/14229\/revisions"}],"predecessor-version":[{"id":14232,"href":"https:\/\/www.atelierdocaractere.pt\/brevemente\/wp-json\/wp\/v2\/posts\/14229\/revisions\/14232"}],"wp:featuredmedia":[{"embeddable":true,"href":"https:\/\/www.atelierdocaractere.pt\/brevemente\/wp-json\/wp\/v2\/media\/14230"}],"wp:attachment":[{"href":"https:\/\/www.atelierdocaractere.pt\/brevemente\/wp-json\/wp\/v2\/media?parent=14229"}],"wp:term":[{"taxonomy":"category","embeddable":true,"href":"https:\/\/www.atelierdocaractere.pt\/brevemente\/wp-json\/wp\/v2\/categories?post=14229"},{"taxonomy":"post_tag","embeddable":true,"href":"https:\/\/www.atelierdocaractere.pt\/brevemente\/wp-json\/wp\/v2\/tags?post=14229"}],"curies":[{"name":"wp","href":"https:\/\/api.w.org\/{rel}","templated":true}]}}