{"id":14251,"date":"2026-03-16T14:05:35","date_gmt":"2026-03-16T14:05:35","guid":{"rendered":"https:\/\/www.atelierdocaractere.pt\/brevemente\/?p=14251"},"modified":"2026-03-17T14:07:42","modified_gmt":"2026-03-17T14:07:42","slug":"mais-de-240-professores-no-coloquio-que-debateu-o-papel-da-inteligencia-artificial-na-educacao","status":"publish","type":"post","link":"https:\/\/www.atelierdocaractere.pt\/brevemente\/mais-de-240-professores-no-coloquio-que-debateu-o-papel-da-inteligencia-artificial-na-educacao\/","title":{"rendered":"Mais de 240 Professores no Col\u00f3quio que debateu o papel da Intelig\u00eancia Artificial na educa\u00e7\u00e3o"},"content":{"rendered":"\n<p><strong>Iniciativa \u201cIntelig\u00eancia Artificial: Que rumos para a Educa\u00e7\u00e3o?\u201d, promovida pela CIM Viseu D\u00e3o Laf\u00f5es, reuniu mais de 240 docentes para refletir sobre os desafios e oportunidades da Intelig\u00eancia Artificial nas pr\u00e1ticas educativas<\/strong><\/p>\n\n\n\n<figure class=\"wp-block-image size-large\"><img decoding=\"async\" width=\"1024\" height=\"576\" src=\"https:\/\/www.atelierdocaractere.pt\/wp-content\/uploads\/2026\/03\/d99a8957-c939-b307-acb6-a8c2180c65b2-1024x576.jpg\" alt=\"\" class=\"wp-image-14252\" srcset=\"https:\/\/www.atelierdocaractere.pt\/wp-content\/uploads\/2026\/03\/d99a8957-c939-b307-acb6-a8c2180c65b2-1024x576.jpg 1024w, https:\/\/www.atelierdocaractere.pt\/wp-content\/uploads\/2026\/03\/d99a8957-c939-b307-acb6-a8c2180c65b2-300x169.jpg 300w, https:\/\/www.atelierdocaractere.pt\/wp-content\/uploads\/2026\/03\/d99a8957-c939-b307-acb6-a8c2180c65b2-768x432.jpg 768w, https:\/\/www.atelierdocaractere.pt\/wp-content\/uploads\/2026\/03\/d99a8957-c939-b307-acb6-a8c2180c65b2.jpg 1200w\" sizes=\"(max-width: 1024px) 100vw, 1024px\" \/><\/figure>\n\n\n\n<p>A&nbsp;<strong>Comunidade Intermunicipal (CIM) Viseu D\u00e3o Laf\u00f5es<\/strong>, no \u00e2mbito do Programa Intermunicipal de Promo\u00e7\u00e3o do Sucesso Educativo (PIPSE), promoveu este s\u00e1bado, dia 14 de mar\u00e7o, no Audit\u00f3rio da Escola Superior de Tecnologia e Gest\u00e3o de Viseu (ESTGV) do Instituto Polit\u00e9cnico de Viseu (IPV), o col\u00f3quio \u201cIntelig\u00eancia Artificial: Que rumos para a Educa\u00e7\u00e3o?\u201d, que reuniu&nbsp;<strong>240 docentes da educa\u00e7\u00e3o pr\u00e9-escolar e dos ensinos b\u00e1sico e secund\u00e1rio da regi\u00e3o<\/strong>&nbsp;para refletir sobre o impacto da Intelig\u00eancia Artificial nas pr\u00e1ticas educativas.<br><br>A iniciativa, promovida pela CIM Viseu D\u00e3o Laf\u00f5es em parceria com os Centros de Forma\u00e7\u00e3o de Associa\u00e7\u00e3o de Escolas (CFAE) da regi\u00e3o, procurou promover o debate entre docentes sobre os desafios, oportunidades e implica\u00e7\u00f5es da integra\u00e7\u00e3o da Intelig\u00eancia Artificial na educa\u00e7\u00e3o, num contexto de transforma\u00e7\u00e3o digital que est\u00e1 a redefinir pr\u00e1ticas de ensino, metodologias de aprendizagem e processos de avalia\u00e7\u00e3o.<\/p>\n\n\n\n<p><strong>Dois pain\u00e9is estimularam o debate<\/strong><br><br>O col\u00f3quio contou ao longo do dia com confer\u00eancias e pain\u00e9is dedicados aos impactos da Intelig\u00eancia Artificial no ensino, \u00e0s suas aplica\u00e7\u00f5es na sala de aula e aos limites e desafios \u00e9ticos associados \u00e0 sua utiliza\u00e7\u00e3o, reunindo especialistas e investigadores de v\u00e1rias institui\u00e7\u00f5es acad\u00e9micas.<br><br>A sess\u00e3o de abertura contou com as interven\u00e7\u00f5es de&nbsp;<strong>Adelino Azevedo Pinto, Vice-presidente da C\u00e2mara Municipal de Viseu<\/strong>&nbsp;e de&nbsp;<strong>Nuno Martinho, Secret\u00e1rio Executivo da CIM Viseu D\u00e3o Laf\u00f5es<\/strong>.<br><br>Seguiu-se a confer\u00eancia &#8220;Educar na Era do Algoritmo&#8221;, por Jo\u00e3o Rocha e Melo, a que se seguiu o painel &#8220;Educar em tempos de intelig\u00eancia artificial&#8221;, moderado por Gon\u00e7alo Xufre, professor coordenador no ISEL, e que contou com a participa\u00e7\u00e3o de Lu\u00edsa Coheur, professora associada e investigadora do Instituto Superior T\u00e9cnico &#8211; UL, S\u00edlvia Roda, professora adjunta convidada na ESE IPS, &nbsp;e Joana Martinho Costa, diretora da Escola de Tecnologias Digitais Aplicadas &#8211; ISCTE Sintra.<br><br>A sess\u00e3o da tarde incluiu o painel &#8220;IA na sala de aula: possibilidades e limites&#8221;, com modera\u00e7\u00e3o de Isabel Serra, diretora do CFAE Edufor, e com interven\u00e7\u00f5es de Carlos Pinheiro, professor, investigador e coordenador interconcelhio da RBE, In\u00eas Afonso Marques, psicoterapeuta infantojuvenil e autora de diversos livros, e Ricardo Cruz, investigador do Laborat\u00f3rio de Educa\u00e7\u00e3o \u00e0 Dist\u00e2ncia e E-Learning.<br><br>O col\u00f3quio encerrou com a confer\u00eancia &#8220;Aprender com m\u00e1quinas &#8211; formar humanos&#8221;, por Carina Lobato Faria.<\/p>\n\n\n\n<p><strong>\u201cReflex\u00e3o cr\u00edtica muito oportuna\u201d<\/strong><br><br><strong>Adelino Azevedo Pinto, Vice-presidente da C\u00e2mara Municipal de Viseu<\/strong>, considera que o tema do col\u00f3quio n\u00e3o poderia ser mais oportuno.&nbsp;<em>\u201cEste col\u00f3quio promovido pela CIM surge num momento de viragem na forma como aprendemos, ensinamos e avaliamos, com a Intelig\u00eancia Artificial a transformar profundamente estes paradigmas. O encontro promoveu uma reflex\u00e3o cr\u00edtica muito oportuna sobre os desafios e oportunidades desta nova realidade, estimulando o debate entre docentes sobre as pr\u00e1ticas educativas do futuro. \u00c9 fundamental que os professores estejam preparados para integrar estas ferramentas de forma cr\u00edtica, \u00e9tica e inovadora, garantindo que a tecnologia se coloca ao servi\u00e7o da aprendizagem e do desenvolvimento humano\u201d<\/em>, sublinha.<br><br><strong>Adelino Azevedo Pinto<\/strong>, acrescenta ainda que&nbsp;<em>\u201ciniciativas como este col\u00f3quio refor\u00e7am o compromisso da CIM Viseu D\u00e3o Laf\u00f5es e dos seus munic\u00edpios com a qualifica\u00e7\u00e3o do sistema educativo e com a prepara\u00e7\u00e3o das novas gera\u00e7\u00f5es para os desafios do futuro\u201d<\/em>.<br><br><strong>Nuno Martinho, Secret\u00e1rio Executivo da CIM Viseu D\u00e3o Laf\u00f5es<\/strong>, sublinha a import\u00e2ncia da realiza\u00e7\u00e3o deste col\u00f3quio para refor\u00e7ar o debate em torno dos desafios que a Intelig\u00eancia Artificial coloca ao sistema educativo.&nbsp;<em>\u201cEste col\u00f3quio \u00e9 mais um exemplo do trabalho que a CIM tem vindo a desenvolver na \u00e1rea da educa\u00e7\u00e3o, promovendo iniciativas que incentivam a reflex\u00e3o e a inova\u00e7\u00e3o pedag\u00f3gica no territ\u00f3rio. Atrav\u00e9s de v\u00e1rios projetos e programas educativos, temos procurado despertar, junto dos jovens de Viseu D\u00e3o Laf\u00f5es, a curiosidade cient\u00edfica e o pensamento cr\u00edtico, aproximando-os de novas \u00e1reas do conhecimento\u201d<\/em>, afirma.<br><br>O respons\u00e1vel destaca ainda o trabalho conjunto desenvolvido no \u00e2mbito da rede intermunicipal de educa\u00e7\u00e3o.&nbsp;<em>\u201cEsta rede integra munic\u00edpios, agrupamentos de escolas, escolas n\u00e3o agrupadas, escolas profissionais e outros parceiros locais, afirmando-se como um espa\u00e7o de coopera\u00e7\u00e3o que procura responder aos desafios do sucesso educativo e contribuir para o desenvolvimento da regi\u00e3o\u201d<\/em>, conclui.<\/p>\n\n\n\n<p><strong>Projetos Intermunicipais<\/strong><br><br>Entre as iniciativas que a CIM Viseu D\u00e3o Laf\u00f5es tem no territ\u00f3rio destacam-se projetos itinerantes pelo territ\u00f3rio, como o \u201cLaborat\u00f3rio M\u00f3vel das Ci\u00eancias\u201d, o \u201cExplorast\u00f3rias\u201d e \u201cO Futuro \u00e9 Amanh\u00e3\u201d, que neste ano, entre janeiro e fevereiro, j\u00e1 envolveram, em conjunto, 132 turmas, 2612 alunos e 162 docentes em 124 a\u00e7\u00f5es pedag\u00f3gicas. A estes somam-se os programas de literacia de sa\u00fade \u201cComer Bem, Sorrir Melhor\u201d, que entre dezembro e fevereiro realizou 672 interven\u00e7\u00f5es cl\u00ednicas e 3838 a\u00e7\u00f5es de sensibiliza\u00e7\u00e3o, ou o \u201cComer Bem, Crescer Feliz\u201d, que envolve mais de 400 crian\u00e7as do pr\u00e9-escolar e do 1.\u00ba ciclo.<br><br>Outras iniciativas dinamizadas pela CIM incluem o programa \u201cDescobre e Aprende em Viseu D\u00e3o Laf\u00f5es\u201d, que, neste ano letivo, ir\u00e1 proporcionar 48 visitas de estudo a 1698 crian\u00e7as e jovens, com 183 professores e acompanhantes, bem como o projeto \u201cWanted \u2013 Empreendedorismo nas Escolas\u201d, que mobilizou cerca de 1220 jovens nas Confer\u00eancias Teen.<br><br>No dom\u00ednio da avalia\u00e7\u00e3o e melhoria das aprendizagens, a CIM est\u00e1 tamb\u00e9m a participar no projeto internacional \u201cPISA for Schools\u201d, que come\u00e7ou em setembro de 2025 e termina em 2029. At\u00e9 ao momento, foram feitas 5 a\u00e7\u00f5es de capacita\u00e7\u00e3o e foi aplicado o teste PISA for Schools em 16 agrupamentos e escolas n\u00e3o agrupadas da regi\u00e3o. A taxa de participa\u00e7\u00e3o dos alunos foi de 93%, acima da m\u00e9dia nacional.<\/p>\n\n\n\n<p><strong>Programa Intermunicipal de Promo\u00e7\u00e3o do Sucesso Educativo<\/strong><br><br>O PIPSE Viseu D\u00e3o Laf\u00f5es foi concebido no \u00e2mbito de uma parceria consolidada no territ\u00f3rio, que re\u00fane a CIM, os munic\u00edpios, os agrupamentos de escolas, entidades associativas e diversos agentes educativos. Este programa visa responder ao desafio de promover o sucesso escolar e a forma\u00e7\u00e3o integral de crian\u00e7as e jovens, assente em princ\u00edpios de inclus\u00e3o e equidade social, qualidade educativa e sustentabilidade das interven\u00e7\u00f5es desenvolvidas.<\/p>\n\n\n\n<p><strong>Sobre a CIM Viseu D\u00e3o Laf\u00f5es:<\/strong><br>A CIM Viseu D\u00e3o Laf\u00f5es \u00e9 uma associa\u00e7\u00e3o de munic\u00edpios, denominada como Comunidade Intermunicipal, sendo constitu\u00edda pelos munic\u00edpios de\u00a0Aguiar da Beira, Carregal do Sal, Castro Daire, Mangualde, Nelas, Oliveira de Frades, Penalva do Castelo, Santa Comba D\u00e3o, S\u00e3o Pedro do Sul, S\u00e1t\u00e3o, Tondela, Vila Nova de Paiva, Viseu e Vouzela.<\/p>\n","protected":false},"excerpt":{"rendered":"<p>Iniciativa \u201cIntelig\u00eancia Artificial: Que rumos para a Educa\u00e7\u00e3o?\u201d, promovida pela CIM Viseu D\u00e3o Laf\u00f5es, reuniu mais de 240 docentes para&#8230;<\/p>\n","protected":false},"author":7,"featured_media":14252,"comment_status":"closed","ping_status":"open","sticky":false,"template":"","format":"standard","meta":[],"categories":[779],"tags":[448,744,1158,594,636],"yoast_head":"<!-- This site is optimized with the Yoast SEO plugin v20.12 - https:\/\/yoast.com\/wordpress\/plugins\/seo\/ -->\n<title>Mais de 240 Professores no Col\u00f3quio que debateu o papel da Intelig\u00eancia Artificial na educa\u00e7\u00e3o - Atelier do Caractere<\/title>\n<meta name=\"robots\" content=\"index, follow, max-snippet:-1, max-image-preview:large, max-video-preview:-1\" \/>\n<link rel=\"canonical\" href=\"https:\/\/www.atelierdocaractere.pt\/brevemente\/mais-de-240-professores-no-coloquio-que-debateu-o-papel-da-inteligencia-artificial-na-educacao\/\" \/>\n<meta property=\"og:locale\" content=\"pt_PT\" \/>\n<meta property=\"og:type\" content=\"article\" \/>\n<meta property=\"og:title\" content=\"Mais de 240 Professores no Col\u00f3quio que debateu o papel da Intelig\u00eancia Artificial na educa\u00e7\u00e3o - Atelier do Caractere\" \/>\n<meta property=\"og:description\" content=\"Iniciativa \u201cIntelig\u00eancia Artificial: Que rumos para a Educa\u00e7\u00e3o?\u201d, promovida pela CIM Viseu D\u00e3o Laf\u00f5es, reuniu mais de 240 docentes para...\" \/>\n<meta property=\"og:url\" content=\"https:\/\/www.atelierdocaractere.pt\/brevemente\/mais-de-240-professores-no-coloquio-que-debateu-o-papel-da-inteligencia-artificial-na-educacao\/\" \/>\n<meta property=\"og:site_name\" content=\"Atelier do Caractere\" \/>\n<meta property=\"article:publisher\" content=\"https:\/\/www.facebook.com\/AtelierdoCaractere\" \/>\n<meta property=\"article:published_time\" content=\"2026-03-16T14:05:35+00:00\" \/>\n<meta property=\"article:modified_time\" content=\"2026-03-17T14:07:42+00:00\" \/>\n<meta property=\"og:image\" content=\"https:\/\/www.atelierdocaractere.pt\/wp-content\/uploads\/2026\/03\/d99a8957-c939-b307-acb6-a8c2180c65b2.jpg\" \/>\n\t<meta property=\"og:image:width\" content=\"1200\" \/>\n\t<meta property=\"og:image:height\" content=\"675\" \/>\n\t<meta property=\"og:image:type\" content=\"image\/jpeg\" \/>\n<meta name=\"author\" content=\"Joana Barbosa\" \/>\n<meta name=\"twitter:card\" content=\"summary_large_image\" \/>\n<meta name=\"twitter:label1\" content=\"Escrito por\" \/>\n\t<meta name=\"twitter:data1\" content=\"Joana Barbosa\" \/>\n\t<meta name=\"twitter:label2\" content=\"Tempo estimado de leitura\" \/>\n\t<meta name=\"twitter:data2\" content=\"6 minutos\" \/>\n<script type=\"application\/ld+json\" class=\"yoast-schema-graph\">{\"@context\":\"https:\/\/schema.org\",\"@graph\":[{\"@type\":\"WebPage\",\"@id\":\"https:\/\/www.atelierdocaractere.pt\/brevemente\/mais-de-240-professores-no-coloquio-que-debateu-o-papel-da-inteligencia-artificial-na-educacao\/\",\"url\":\"https:\/\/www.atelierdocaractere.pt\/brevemente\/mais-de-240-professores-no-coloquio-que-debateu-o-papel-da-inteligencia-artificial-na-educacao\/\",\"name\":\"Mais de 240 Professores no Col\u00f3quio que debateu o papel da Intelig\u00eancia Artificial na educa\u00e7\u00e3o - Atelier do Caractere\",\"isPartOf\":{\"@id\":\"https:\/\/www.atelierdocaractere.pt\/brevemente\/#website\"},\"datePublished\":\"2026-03-16T14:05:35+00:00\",\"dateModified\":\"2026-03-17T14:07:42+00:00\",\"author\":{\"@id\":\"https:\/\/www.atelierdocaractere.pt\/brevemente\/#\/schema\/person\/f2f096eb0f27d9894725af22cb97c0db\"},\"breadcrumb\":{\"@id\":\"https:\/\/www.atelierdocaractere.pt\/brevemente\/mais-de-240-professores-no-coloquio-que-debateu-o-papel-da-inteligencia-artificial-na-educacao\/#breadcrumb\"},\"inLanguage\":\"pt-PT\",\"potentialAction\":[{\"@type\":\"ReadAction\",\"target\":[\"https:\/\/www.atelierdocaractere.pt\/brevemente\/mais-de-240-professores-no-coloquio-que-debateu-o-papel-da-inteligencia-artificial-na-educacao\/\"]}]},{\"@type\":\"BreadcrumbList\",\"@id\":\"https:\/\/www.atelierdocaractere.pt\/brevemente\/mais-de-240-professores-no-coloquio-que-debateu-o-papel-da-inteligencia-artificial-na-educacao\/#breadcrumb\",\"itemListElement\":[{\"@type\":\"ListItem\",\"position\":1,\"name\":\"In\u00edcio\",\"item\":\"https:\/\/www.atelierdocaractere.pt\/brevemente\/\"},{\"@type\":\"ListItem\",\"position\":2,\"name\":\"Mais de 240 Professores no Col\u00f3quio que debateu o papel da Intelig\u00eancia Artificial na educa\u00e7\u00e3o\"}]},{\"@type\":\"WebSite\",\"@id\":\"https:\/\/www.atelierdocaractere.pt\/brevemente\/#website\",\"url\":\"https:\/\/www.atelierdocaractere.pt\/brevemente\/\",\"name\":\"Atelier do Caractere\",\"description\":\"\",\"potentialAction\":[{\"@type\":\"SearchAction\",\"target\":{\"@type\":\"EntryPoint\",\"urlTemplate\":\"https:\/\/www.atelierdocaractere.pt\/brevemente\/?s={search_term_string}\"},\"query-input\":\"required name=search_term_string\"}],\"inLanguage\":\"pt-PT\"},{\"@type\":\"Person\",\"@id\":\"https:\/\/www.atelierdocaractere.pt\/brevemente\/#\/schema\/person\/f2f096eb0f27d9894725af22cb97c0db\",\"name\":\"Joana Barbosa\",\"image\":{\"@type\":\"ImageObject\",\"inLanguage\":\"pt-PT\",\"@id\":\"https:\/\/www.atelierdocaractere.pt\/brevemente\/#\/schema\/person\/image\/\",\"url\":\"https:\/\/secure.gravatar.com\/avatar\/33e8214b45e9d68a3a83008731075979?s=96&d=mm&r=g\",\"contentUrl\":\"https:\/\/secure.gravatar.com\/avatar\/33e8214b45e9d68a3a83008731075979?s=96&d=mm&r=g\",\"caption\":\"Joana Barbosa\"},\"url\":\"https:\/\/www.atelierdocaractere.pt\/brevemente\/author\/joanabarbosa\/\"}]}<\/script>\n<!-- \/ Yoast SEO plugin. -->","yoast_head_json":{"title":"Mais de 240 Professores no Col\u00f3quio que debateu o papel da Intelig\u00eancia Artificial na educa\u00e7\u00e3o - Atelier do Caractere","robots":{"index":"index","follow":"follow","max-snippet":"max-snippet:-1","max-image-preview":"max-image-preview:large","max-video-preview":"max-video-preview:-1"},"canonical":"https:\/\/www.atelierdocaractere.pt\/brevemente\/mais-de-240-professores-no-coloquio-que-debateu-o-papel-da-inteligencia-artificial-na-educacao\/","og_locale":"pt_PT","og_type":"article","og_title":"Mais de 240 Professores no Col\u00f3quio que debateu o papel da Intelig\u00eancia Artificial na educa\u00e7\u00e3o - Atelier do Caractere","og_description":"Iniciativa \u201cIntelig\u00eancia Artificial: Que rumos para a Educa\u00e7\u00e3o?\u201d, promovida pela CIM Viseu D\u00e3o Laf\u00f5es, reuniu mais de 240 docentes para...","og_url":"https:\/\/www.atelierdocaractere.pt\/brevemente\/mais-de-240-professores-no-coloquio-que-debateu-o-papel-da-inteligencia-artificial-na-educacao\/","og_site_name":"Atelier do Caractere","article_publisher":"https:\/\/www.facebook.com\/AtelierdoCaractere","article_published_time":"2026-03-16T14:05:35+00:00","article_modified_time":"2026-03-17T14:07:42+00:00","og_image":[{"width":1200,"height":675,"url":"https:\/\/www.atelierdocaractere.pt\/wp-content\/uploads\/2026\/03\/d99a8957-c939-b307-acb6-a8c2180c65b2.jpg","type":"image\/jpeg"}],"author":"Joana Barbosa","twitter_card":"summary_large_image","twitter_misc":{"Escrito por":"Joana Barbosa","Tempo estimado de leitura":"6 minutos"},"schema":{"@context":"https:\/\/schema.org","@graph":[{"@type":"WebPage","@id":"https:\/\/www.atelierdocaractere.pt\/brevemente\/mais-de-240-professores-no-coloquio-que-debateu-o-papel-da-inteligencia-artificial-na-educacao\/","url":"https:\/\/www.atelierdocaractere.pt\/brevemente\/mais-de-240-professores-no-coloquio-que-debateu-o-papel-da-inteligencia-artificial-na-educacao\/","name":"Mais de 240 Professores no Col\u00f3quio que debateu o papel da Intelig\u00eancia Artificial na educa\u00e7\u00e3o - Atelier do Caractere","isPartOf":{"@id":"https:\/\/www.atelierdocaractere.pt\/brevemente\/#website"},"datePublished":"2026-03-16T14:05:35+00:00","dateModified":"2026-03-17T14:07:42+00:00","author":{"@id":"https:\/\/www.atelierdocaractere.pt\/brevemente\/#\/schema\/person\/f2f096eb0f27d9894725af22cb97c0db"},"breadcrumb":{"@id":"https:\/\/www.atelierdocaractere.pt\/brevemente\/mais-de-240-professores-no-coloquio-que-debateu-o-papel-da-inteligencia-artificial-na-educacao\/#breadcrumb"},"inLanguage":"pt-PT","potentialAction":[{"@type":"ReadAction","target":["https:\/\/www.atelierdocaractere.pt\/brevemente\/mais-de-240-professores-no-coloquio-que-debateu-o-papel-da-inteligencia-artificial-na-educacao\/"]}]},{"@type":"BreadcrumbList","@id":"https:\/\/www.atelierdocaractere.pt\/brevemente\/mais-de-240-professores-no-coloquio-que-debateu-o-papel-da-inteligencia-artificial-na-educacao\/#breadcrumb","itemListElement":[{"@type":"ListItem","position":1,"name":"In\u00edcio","item":"https:\/\/www.atelierdocaractere.pt\/brevemente\/"},{"@type":"ListItem","position":2,"name":"Mais de 240 Professores no Col\u00f3quio que debateu o papel da Intelig\u00eancia Artificial na educa\u00e7\u00e3o"}]},{"@type":"WebSite","@id":"https:\/\/www.atelierdocaractere.pt\/brevemente\/#website","url":"https:\/\/www.atelierdocaractere.pt\/brevemente\/","name":"Atelier do Caractere","description":"","potentialAction":[{"@type":"SearchAction","target":{"@type":"EntryPoint","urlTemplate":"https:\/\/www.atelierdocaractere.pt\/brevemente\/?s={search_term_string}"},"query-input":"required name=search_term_string"}],"inLanguage":"pt-PT"},{"@type":"Person","@id":"https:\/\/www.atelierdocaractere.pt\/brevemente\/#\/schema\/person\/f2f096eb0f27d9894725af22cb97c0db","name":"Joana Barbosa","image":{"@type":"ImageObject","inLanguage":"pt-PT","@id":"https:\/\/www.atelierdocaractere.pt\/brevemente\/#\/schema\/person\/image\/","url":"https:\/\/secure.gravatar.com\/avatar\/33e8214b45e9d68a3a83008731075979?s=96&d=mm&r=g","contentUrl":"https:\/\/secure.gravatar.com\/avatar\/33e8214b45e9d68a3a83008731075979?s=96&d=mm&r=g","caption":"Joana Barbosa"},"url":"https:\/\/www.atelierdocaractere.pt\/brevemente\/author\/joanabarbosa\/"}]}},"_links":{"self":[{"href":"https:\/\/www.atelierdocaractere.pt\/brevemente\/wp-json\/wp\/v2\/posts\/14251"}],"collection":[{"href":"https:\/\/www.atelierdocaractere.pt\/brevemente\/wp-json\/wp\/v2\/posts"}],"about":[{"href":"https:\/\/www.atelierdocaractere.pt\/brevemente\/wp-json\/wp\/v2\/types\/post"}],"author":[{"embeddable":true,"href":"https:\/\/www.atelierdocaractere.pt\/brevemente\/wp-json\/wp\/v2\/users\/7"}],"replies":[{"embeddable":true,"href":"https:\/\/www.atelierdocaractere.pt\/brevemente\/wp-json\/wp\/v2\/comments?post=14251"}],"version-history":[{"count":2,"href":"https:\/\/www.atelierdocaractere.pt\/brevemente\/wp-json\/wp\/v2\/posts\/14251\/revisions"}],"predecessor-version":[{"id":14254,"href":"https:\/\/www.atelierdocaractere.pt\/brevemente\/wp-json\/wp\/v2\/posts\/14251\/revisions\/14254"}],"wp:featuredmedia":[{"embeddable":true,"href":"https:\/\/www.atelierdocaractere.pt\/brevemente\/wp-json\/wp\/v2\/media\/14252"}],"wp:attachment":[{"href":"https:\/\/www.atelierdocaractere.pt\/brevemente\/wp-json\/wp\/v2\/media?parent=14251"}],"wp:term":[{"taxonomy":"category","embeddable":true,"href":"https:\/\/www.atelierdocaractere.pt\/brevemente\/wp-json\/wp\/v2\/categories?post=14251"},{"taxonomy":"post_tag","embeddable":true,"href":"https:\/\/www.atelierdocaractere.pt\/brevemente\/wp-json\/wp\/v2\/tags?post=14251"}],"curies":[{"name":"wp","href":"https:\/\/api.w.org\/{rel}","templated":true}]}}