{"id":14282,"date":"2026-03-11T10:00:25","date_gmt":"2026-03-11T10:00:25","guid":{"rendered":"https:\/\/www.atelierdocaractere.pt\/brevemente\/?p=14282"},"modified":"2026-04-16T10:02:42","modified_gmt":"2026-04-16T10:02:42","slug":"dacia-bigster-e-o-grande-vencedor-do-seguro-directo-carro-do-ano-trofeu-volante-de-cristal-2026","status":"publish","type":"post","link":"https:\/\/www.atelierdocaractere.pt\/brevemente\/dacia-bigster-e-o-grande-vencedor-do-seguro-directo-carro-do-ano-trofeu-volante-de-cristal-2026\/","title":{"rendered":"Dacia Bigster \u00e9 o grande vencedor do Seguro Directo Carro do Ano \/ Trof\u00e9u Volante de Cristal 2026"},"content":{"rendered":"\n<ul>\n<li>Primeira vez que a Dacia conquista o pr\u00e9mio m\u00e1ximo desde a chegada ao mercado portugu\u00eas, em 2008<\/li>\n\n\n\n<li>Aliando efici\u00eancia h\u00edbrida ao baixo custo do GPL, sistema de propuls\u00e3o Hybrid-G 150 4&#215;4 vence tamb\u00e9m o Pr\u00e9mio Tecnologia e Inova\u00e7\u00e3o<\/li>\n<\/ul>\n\n\n\n<figure class=\"wp-block-image size-large\"><img decoding=\"async\" width=\"1024\" height=\"682\" src=\"https:\/\/www.atelierdocaractere.pt\/wp-content\/uploads\/2026\/04\/fceb741b85dab512838ed0818bfbbf79-l.png-1024x682.webp\" alt=\"\" class=\"wp-image-14283\" srcset=\"https:\/\/www.atelierdocaractere.pt\/wp-content\/uploads\/2026\/04\/fceb741b85dab512838ed0818bfbbf79-l.png-1024x682.webp 1024w, https:\/\/www.atelierdocaractere.pt\/wp-content\/uploads\/2026\/04\/fceb741b85dab512838ed0818bfbbf79-l.png-300x200.webp 300w, https:\/\/www.atelierdocaractere.pt\/wp-content\/uploads\/2026\/04\/fceb741b85dab512838ed0818bfbbf79-l.png-768x512.webp 768w, https:\/\/www.atelierdocaractere.pt\/wp-content\/uploads\/2026\/04\/fceb741b85dab512838ed0818bfbbf79-l.png-1536x1024.webp 1536w, https:\/\/www.atelierdocaractere.pt\/wp-content\/uploads\/2026\/04\/fceb741b85dab512838ed0818bfbbf79-l.png-900x600.webp 900w, https:\/\/www.atelierdocaractere.pt\/wp-content\/uploads\/2026\/04\/fceb741b85dab512838ed0818bfbbf79-l.png-675x450.webp 675w, https:\/\/www.atelierdocaractere.pt\/wp-content\/uploads\/2026\/04\/fceb741b85dab512838ed0818bfbbf79-l.png.webp 2000w\" sizes=\"(max-width: 1024px) 100vw, 1024px\" \/><\/figure>\n\n\n\n<p>O Dacia Bigster foi distinguido com o Seguro Directo Carro do Ano\/ Trof\u00e9u Volante de Cristal 2026, o mais prestigiado galard\u00e3o da ind\u00fastria autom\u00f3vel, em Portugal. O C-SUV da marca reuniu a maioria dos votos do painel de jurados.<\/p>\n\n\n\n<p>Esta distin\u00e7\u00e3o assume um significado especial para a marca, j\u00e1 que \u00e9 a primeira vez que a Dacia conquista o pr\u00e9mio Carro do Ano em Portugal, desde a sua chegada ao mercado nacional, a 24 de abril de 2008.<\/p>\n\n\n\n<p>Para al\u00e9m do t\u00edtulo absoluto, o Dacia Bigster venceu tamb\u00e9m a categoria SUV Compacto do Ano, enquanto o inovador sistema de propuls\u00e3o Hybrid-G 150 4&#215;4, dispon\u00edvel nos modelos Bigster e no Duster, foi distinguido com o Pr\u00e9mio Tecnologia e Inova\u00e7\u00e3o. Uma tecnologia que alia efici\u00eancia h\u00edbrida ao baixo custo do GPL.<\/p>\n\n\n\n<p>A edi\u00e7\u00e3o de 2026 contou com 92 candidaturas, distribu\u00eddas por oito classes, das quais 28 modelos foram candidatos ao trof\u00e9u absoluto. Ao longo dos \u00faltimos meses, os jurados \u2014 jornalistas dos principais \u00f3rg\u00e3os de comunica\u00e7\u00e3o social do pa\u00eds \u2014 realizaram testes din\u00e2micos aos diferentes modelos, avaliando crit\u00e9rios como est\u00e9tica, desempenho, seguran\u00e7a, fiabilidade, pre\u00e7o e sustentabilidade ambiental.<\/p>\n\n\n\n<h2 class=\"wp-block-heading\"><strong>Bigster: a vis\u00e3o da Dacia para o segmento C-SUV<\/strong><\/h2>\n\n\n\n<p>Dispon\u00edvel em Portugal a partir de 24.550 euros, o Dacia Bigster marca a entrada da marca no segmento C-SUV, mantendo os valores fundamentais da Dacia: simplicidade, robustez e a melhor rela\u00e7\u00e3o qualidade\/pre\u00e7o do mercado.<\/p>\n\n\n\n<p>Assente na plataforma CMF-B, o modelo beneficia de uma gama de motoriza\u00e7\u00f5es eletrificadas que combinam efici\u00eancia e prazer de condu\u00e7\u00e3o:<\/p>\n\n\n\n<ul>\n<li>Hybrid 155, sistema h\u00edbrido completo que permite at\u00e9 80% de condu\u00e7\u00e3o el\u00e9trica em cidade<\/li>\n\n\n\n<li>Mild Hybrid 140, com motor 1.2 turbo e tecnologia 48V<\/li>\n\n\n\n<li>Mild Hybrid-G 140, solu\u00e7\u00e3o bi-fuel gasolina\/GPL com tecnologia mild hybrid<\/li>\n\n\n\n<li>Hybrid-G 150 4&#215;4, a nova motoriza\u00e7\u00e3o que combina hibridiza\u00e7\u00e3o, GPL e tra\u00e7\u00e3o integral<\/li>\n<\/ul>\n\n\n\n<p>Lan\u00e7ado h\u00e1 menos de um ano, o Bigster registou forte procura desde a sua chegada ao mercado, impulsionada sobretudo pela motoriza\u00e7\u00e3o Hybrid 155, respons\u00e1vel por cerca de 65% das vendas.<\/p>\n\n\n\n<p>O modelo integra ainda solu\u00e7\u00f5es pensadas para reduzir a pegada ambiental, como a utiliza\u00e7\u00e3o do Starkle\u00ae, um material pl\u00e1stico inovador composto por 20% de materiais reciclados e totalmente recicl\u00e1vel. O sistema YouClip, presente nos modelos da marca, permite ainda personalizar o interior com acess\u00f3rios modulares concebidos para simplificar o quotidiano.<\/p>\n\n\n\n<h2 class=\"wp-block-heading\"><strong>HYBRID-G 150 4&#215;4: tecnologia premiada que alia efici\u00eancia h\u00edbrida ao baixo custo do GPL<\/strong><\/h2>\n\n\n\n<p>Num momento em que os condutores valorizam cada vez mais a efici\u00eancia e os custos de utiliza\u00e7\u00e3o, o GPL destaca-se como uma solu\u00e7\u00e3o particularmente competitiva, beneficiando de um pre\u00e7o historicamente baixo em Portugal. \u00c9 neste contexto que a Dacia introduz a tecnologia HYBRID-G 150 4&#215;4, que combina hibridiza\u00e7\u00e3o, dupla alimenta\u00e7\u00e3o gasolina\/GPL e tra\u00e7\u00e3o integral el\u00e9trica, permitindo reduzir os custos de utiliza\u00e7\u00e3o at\u00e9 30%.<\/p>\n\n\n\n<p>Distinguido com o Pr\u00e9mio Tecnologia e Inova\u00e7\u00e3o no Seguro Directo Carro do Ano \/ Trof\u00e9u Volante de Cristal 2026, este sistema de propuls\u00e3o \u00fanico no mercado associa um motor mild-hybrid 1.2 de 48V com 140 cv no eixo dianteiro a um motor el\u00e9trico de 31 cv no eixo traseiro, proporcionando uma pot\u00eancia combinada de cerca de 150 cv.<\/p>\n\n\n\n<p>O conjunto est\u00e1 ligado a uma caixa autom\u00e1tica de dupla embraiagem de 6 velocidades, com patilhas no volante \u2014 uma novidade na Dacia \u2014 e a uma inovadora caixa de duas velocidades dedicada ao motor el\u00e9trico traseiro, concebida para otimizar a tra\u00e7\u00e3o e o desempenho.<\/p>\n\n\n\n<p>Gra\u00e7as \u00e0 combina\u00e7\u00e3o de gasolina e GPL, bem como \u00e0 recupera\u00e7\u00e3o de energia durante desacelera\u00e7\u00f5es e travagens, o sistema oferece elevada efici\u00eancia energ\u00e9tica e grande autonomia. Com dois dep\u00f3sitos de combust\u00edvel de 50 litros, os modelos Duster e Bigster HYBRID-G 150 4&#215;4 podem atingir at\u00e9 1.500 km de autonomia (WLTP), permitindo longas viagens com menor frequ\u00eancia de abastecimento.<\/p>\n\n\n\n<p>Em condu\u00e7\u00e3o urbana, o sistema mild-hybrid de 48V permite ainda circular at\u00e9 60% do tempo em modo totalmente el\u00e9trico, contribuindo para uma condu\u00e7\u00e3o mais eficiente.<\/p>\n","protected":false},"excerpt":{"rendered":"<p>O Dacia Bigster foi distinguido com o Seguro Directo Carro do Ano\/ Trof\u00e9u Volante de Cristal 2026, o mais prestigiado&#8230;<\/p>\n","protected":false},"author":7,"featured_media":14283,"comment_status":"closed","ping_status":"open","sticky":false,"template":"","format":"standard","meta":[],"categories":[28],"tags":[161,1163],"yoast_head":"<!-- This site is optimized with the Yoast SEO plugin v20.12 - https:\/\/yoast.com\/wordpress\/plugins\/seo\/ -->\n<title>Dacia Bigster \u00e9 o grande vencedor do Seguro Directo Carro do Ano \/ Trof\u00e9u Volante de Cristal 2026 - Atelier do Caractere<\/title>\n<meta name=\"robots\" content=\"index, follow, max-snippet:-1, max-image-preview:large, max-video-preview:-1\" \/>\n<link rel=\"canonical\" href=\"https:\/\/www.atelierdocaractere.pt\/brevemente\/dacia-bigster-e-o-grande-vencedor-do-seguro-directo-carro-do-ano-trofeu-volante-de-cristal-2026\/\" \/>\n<meta property=\"og:locale\" content=\"pt_PT\" \/>\n<meta property=\"og:type\" content=\"article\" \/>\n<meta property=\"og:title\" content=\"Dacia Bigster \u00e9 o grande vencedor do Seguro Directo Carro do Ano \/ Trof\u00e9u Volante de Cristal 2026 - Atelier do Caractere\" \/>\n<meta property=\"og:description\" content=\"O Dacia Bigster foi distinguido com o Seguro Directo Carro do Ano\/ Trof\u00e9u Volante de Cristal 2026, o mais prestigiado...\" \/>\n<meta property=\"og:url\" content=\"https:\/\/www.atelierdocaractere.pt\/brevemente\/dacia-bigster-e-o-grande-vencedor-do-seguro-directo-carro-do-ano-trofeu-volante-de-cristal-2026\/\" \/>\n<meta property=\"og:site_name\" content=\"Atelier do Caractere\" \/>\n<meta property=\"article:publisher\" content=\"https:\/\/www.facebook.com\/AtelierdoCaractere\" \/>\n<meta property=\"article:published_time\" content=\"2026-03-11T10:00:25+00:00\" \/>\n<meta property=\"article:modified_time\" content=\"2026-04-16T10:02:42+00:00\" \/>\n<meta property=\"og:image\" content=\"https:\/\/www.atelierdocaractere.pt\/wp-content\/uploads\/2026\/04\/fceb741b85dab512838ed0818bfbbf79-l.png.webp\" \/>\n\t<meta property=\"og:image:width\" content=\"2000\" \/>\n\t<meta property=\"og:image:height\" content=\"1333\" \/>\n\t<meta property=\"og:image:type\" content=\"image\/webp\" \/>\n<meta name=\"author\" content=\"Joana Barbosa\" \/>\n<meta name=\"twitter:card\" content=\"summary_large_image\" \/>\n<meta name=\"twitter:label1\" content=\"Escrito por\" \/>\n\t<meta name=\"twitter:data1\" content=\"Joana Barbosa\" \/>\n\t<meta name=\"twitter:label2\" content=\"Tempo estimado de leitura\" \/>\n\t<meta name=\"twitter:data2\" content=\"4 minutos\" \/>\n<script type=\"application\/ld+json\" class=\"yoast-schema-graph\">{\"@context\":\"https:\/\/schema.org\",\"@graph\":[{\"@type\":\"WebPage\",\"@id\":\"https:\/\/www.atelierdocaractere.pt\/brevemente\/dacia-bigster-e-o-grande-vencedor-do-seguro-directo-carro-do-ano-trofeu-volante-de-cristal-2026\/\",\"url\":\"https:\/\/www.atelierdocaractere.pt\/brevemente\/dacia-bigster-e-o-grande-vencedor-do-seguro-directo-carro-do-ano-trofeu-volante-de-cristal-2026\/\",\"name\":\"Dacia Bigster \u00e9 o grande vencedor do Seguro Directo Carro do Ano \/ Trof\u00e9u Volante de Cristal 2026 - Atelier do Caractere\",\"isPartOf\":{\"@id\":\"https:\/\/www.atelierdocaractere.pt\/brevemente\/#website\"},\"datePublished\":\"2026-03-11T10:00:25+00:00\",\"dateModified\":\"2026-04-16T10:02:42+00:00\",\"author\":{\"@id\":\"https:\/\/www.atelierdocaractere.pt\/brevemente\/#\/schema\/person\/f2f096eb0f27d9894725af22cb97c0db\"},\"breadcrumb\":{\"@id\":\"https:\/\/www.atelierdocaractere.pt\/brevemente\/dacia-bigster-e-o-grande-vencedor-do-seguro-directo-carro-do-ano-trofeu-volante-de-cristal-2026\/#breadcrumb\"},\"inLanguage\":\"pt-PT\",\"potentialAction\":[{\"@type\":\"ReadAction\",\"target\":[\"https:\/\/www.atelierdocaractere.pt\/brevemente\/dacia-bigster-e-o-grande-vencedor-do-seguro-directo-carro-do-ano-trofeu-volante-de-cristal-2026\/\"]}]},{\"@type\":\"BreadcrumbList\",\"@id\":\"https:\/\/www.atelierdocaractere.pt\/brevemente\/dacia-bigster-e-o-grande-vencedor-do-seguro-directo-carro-do-ano-trofeu-volante-de-cristal-2026\/#breadcrumb\",\"itemListElement\":[{\"@type\":\"ListItem\",\"position\":1,\"name\":\"In\u00edcio\",\"item\":\"https:\/\/www.atelierdocaractere.pt\/brevemente\/\"},{\"@type\":\"ListItem\",\"position\":2,\"name\":\"Dacia Bigster \u00e9 o grande vencedor do Seguro Directo Carro do Ano \/ Trof\u00e9u Volante de Cristal 2026\"}]},{\"@type\":\"WebSite\",\"@id\":\"https:\/\/www.atelierdocaractere.pt\/brevemente\/#website\",\"url\":\"https:\/\/www.atelierdocaractere.pt\/brevemente\/\",\"name\":\"Atelier do Caractere\",\"description\":\"\",\"potentialAction\":[{\"@type\":\"SearchAction\",\"target\":{\"@type\":\"EntryPoint\",\"urlTemplate\":\"https:\/\/www.atelierdocaractere.pt\/brevemente\/?s={search_term_string}\"},\"query-input\":\"required name=search_term_string\"}],\"inLanguage\":\"pt-PT\"},{\"@type\":\"Person\",\"@id\":\"https:\/\/www.atelierdocaractere.pt\/brevemente\/#\/schema\/person\/f2f096eb0f27d9894725af22cb97c0db\",\"name\":\"Joana Barbosa\",\"image\":{\"@type\":\"ImageObject\",\"inLanguage\":\"pt-PT\",\"@id\":\"https:\/\/www.atelierdocaractere.pt\/brevemente\/#\/schema\/person\/image\/\",\"url\":\"https:\/\/secure.gravatar.com\/avatar\/33e8214b45e9d68a3a83008731075979?s=96&d=mm&r=g\",\"contentUrl\":\"https:\/\/secure.gravatar.com\/avatar\/33e8214b45e9d68a3a83008731075979?s=96&d=mm&r=g\",\"caption\":\"Joana Barbosa\"},\"url\":\"https:\/\/www.atelierdocaractere.pt\/brevemente\/author\/joanabarbosa\/\"}]}<\/script>\n<!-- \/ Yoast SEO plugin. -->","yoast_head_json":{"title":"Dacia Bigster \u00e9 o grande vencedor do Seguro Directo Carro do Ano \/ Trof\u00e9u Volante de Cristal 2026 - Atelier do Caractere","robots":{"index":"index","follow":"follow","max-snippet":"max-snippet:-1","max-image-preview":"max-image-preview:large","max-video-preview":"max-video-preview:-1"},"canonical":"https:\/\/www.atelierdocaractere.pt\/brevemente\/dacia-bigster-e-o-grande-vencedor-do-seguro-directo-carro-do-ano-trofeu-volante-de-cristal-2026\/","og_locale":"pt_PT","og_type":"article","og_title":"Dacia Bigster \u00e9 o grande vencedor do Seguro Directo Carro do Ano \/ Trof\u00e9u Volante de Cristal 2026 - Atelier do Caractere","og_description":"O Dacia Bigster foi distinguido com o Seguro Directo Carro do Ano\/ Trof\u00e9u Volante de Cristal 2026, o mais prestigiado...","og_url":"https:\/\/www.atelierdocaractere.pt\/brevemente\/dacia-bigster-e-o-grande-vencedor-do-seguro-directo-carro-do-ano-trofeu-volante-de-cristal-2026\/","og_site_name":"Atelier do Caractere","article_publisher":"https:\/\/www.facebook.com\/AtelierdoCaractere","article_published_time":"2026-03-11T10:00:25+00:00","article_modified_time":"2026-04-16T10:02:42+00:00","og_image":[{"width":2000,"height":1333,"url":"https:\/\/www.atelierdocaractere.pt\/wp-content\/uploads\/2026\/04\/fceb741b85dab512838ed0818bfbbf79-l.png.webp","type":"image\/webp"}],"author":"Joana Barbosa","twitter_card":"summary_large_image","twitter_misc":{"Escrito por":"Joana Barbosa","Tempo estimado de leitura":"4 minutos"},"schema":{"@context":"https:\/\/schema.org","@graph":[{"@type":"WebPage","@id":"https:\/\/www.atelierdocaractere.pt\/brevemente\/dacia-bigster-e-o-grande-vencedor-do-seguro-directo-carro-do-ano-trofeu-volante-de-cristal-2026\/","url":"https:\/\/www.atelierdocaractere.pt\/brevemente\/dacia-bigster-e-o-grande-vencedor-do-seguro-directo-carro-do-ano-trofeu-volante-de-cristal-2026\/","name":"Dacia Bigster \u00e9 o grande vencedor do Seguro Directo Carro do Ano \/ Trof\u00e9u Volante de Cristal 2026 - Atelier do Caractere","isPartOf":{"@id":"https:\/\/www.atelierdocaractere.pt\/brevemente\/#website"},"datePublished":"2026-03-11T10:00:25+00:00","dateModified":"2026-04-16T10:02:42+00:00","author":{"@id":"https:\/\/www.atelierdocaractere.pt\/brevemente\/#\/schema\/person\/f2f096eb0f27d9894725af22cb97c0db"},"breadcrumb":{"@id":"https:\/\/www.atelierdocaractere.pt\/brevemente\/dacia-bigster-e-o-grande-vencedor-do-seguro-directo-carro-do-ano-trofeu-volante-de-cristal-2026\/#breadcrumb"},"inLanguage":"pt-PT","potentialAction":[{"@type":"ReadAction","target":["https:\/\/www.atelierdocaractere.pt\/brevemente\/dacia-bigster-e-o-grande-vencedor-do-seguro-directo-carro-do-ano-trofeu-volante-de-cristal-2026\/"]}]},{"@type":"BreadcrumbList","@id":"https:\/\/www.atelierdocaractere.pt\/brevemente\/dacia-bigster-e-o-grande-vencedor-do-seguro-directo-carro-do-ano-trofeu-volante-de-cristal-2026\/#breadcrumb","itemListElement":[{"@type":"ListItem","position":1,"name":"In\u00edcio","item":"https:\/\/www.atelierdocaractere.pt\/brevemente\/"},{"@type":"ListItem","position":2,"name":"Dacia Bigster \u00e9 o grande vencedor do Seguro Directo Carro do Ano \/ Trof\u00e9u Volante de Cristal 2026"}]},{"@type":"WebSite","@id":"https:\/\/www.atelierdocaractere.pt\/brevemente\/#website","url":"https:\/\/www.atelierdocaractere.pt\/brevemente\/","name":"Atelier do Caractere","description":"","potentialAction":[{"@type":"SearchAction","target":{"@type":"EntryPoint","urlTemplate":"https:\/\/www.atelierdocaractere.pt\/brevemente\/?s={search_term_string}"},"query-input":"required name=search_term_string"}],"inLanguage":"pt-PT"},{"@type":"Person","@id":"https:\/\/www.atelierdocaractere.pt\/brevemente\/#\/schema\/person\/f2f096eb0f27d9894725af22cb97c0db","name":"Joana Barbosa","image":{"@type":"ImageObject","inLanguage":"pt-PT","@id":"https:\/\/www.atelierdocaractere.pt\/brevemente\/#\/schema\/person\/image\/","url":"https:\/\/secure.gravatar.com\/avatar\/33e8214b45e9d68a3a83008731075979?s=96&d=mm&r=g","contentUrl":"https:\/\/secure.gravatar.com\/avatar\/33e8214b45e9d68a3a83008731075979?s=96&d=mm&r=g","caption":"Joana Barbosa"},"url":"https:\/\/www.atelierdocaractere.pt\/brevemente\/author\/joanabarbosa\/"}]}},"_links":{"self":[{"href":"https:\/\/www.atelierdocaractere.pt\/brevemente\/wp-json\/wp\/v2\/posts\/14282"}],"collection":[{"href":"https:\/\/www.atelierdocaractere.pt\/brevemente\/wp-json\/wp\/v2\/posts"}],"about":[{"href":"https:\/\/www.atelierdocaractere.pt\/brevemente\/wp-json\/wp\/v2\/types\/post"}],"author":[{"embeddable":true,"href":"https:\/\/www.atelierdocaractere.pt\/brevemente\/wp-json\/wp\/v2\/users\/7"}],"replies":[{"embeddable":true,"href":"https:\/\/www.atelierdocaractere.pt\/brevemente\/wp-json\/wp\/v2\/comments?post=14282"}],"version-history":[{"count":1,"href":"https:\/\/www.atelierdocaractere.pt\/brevemente\/wp-json\/wp\/v2\/posts\/14282\/revisions"}],"predecessor-version":[{"id":14284,"href":"https:\/\/www.atelierdocaractere.pt\/brevemente\/wp-json\/wp\/v2\/posts\/14282\/revisions\/14284"}],"wp:featuredmedia":[{"embeddable":true,"href":"https:\/\/www.atelierdocaractere.pt\/brevemente\/wp-json\/wp\/v2\/media\/14283"}],"wp:attachment":[{"href":"https:\/\/www.atelierdocaractere.pt\/brevemente\/wp-json\/wp\/v2\/media?parent=14282"}],"wp:term":[{"taxonomy":"category","embeddable":true,"href":"https:\/\/www.atelierdocaractere.pt\/brevemente\/wp-json\/wp\/v2\/categories?post=14282"},{"taxonomy":"post_tag","embeddable":true,"href":"https:\/\/www.atelierdocaractere.pt\/brevemente\/wp-json\/wp\/v2\/tags?post=14282"}],"curies":[{"name":"wp","href":"https:\/\/api.w.org\/{rel}","templated":true}]}}