{"id":14285,"date":"2026-04-15T10:02:57","date_gmt":"2026-04-15T10:02:57","guid":{"rendered":"https:\/\/www.atelierdocaractere.pt\/brevemente\/?p=14285"},"modified":"2026-04-16T10:05:43","modified_gmt":"2026-04-16T10:05:43","slug":"ines-lopes-goncalves-e-dacia-lancam-3-a-temporada-do-podcast-nao-mandas-em-mim","status":"publish","type":"post","link":"https:\/\/www.atelierdocaractere.pt\/brevemente\/ines-lopes-goncalves-e-dacia-lancam-3-a-temporada-do-podcast-nao-mandas-em-mim\/","title":{"rendered":"In\u00eas Lopes Gon\u00e7alves e Dacia lan\u00e7am 3.\u00aa temporada do podcast &#8220;N\u00e3o Mandas em Mim&#8221;"},"content":{"rendered":"\n<ul>\n<li>Dacia refor\u00e7a o seu territ\u00f3rio de liberdade e autenticidade com a parceria \u00e0 nova temporada do podcast<\/li>\n\n\n\n<li>\u201cN\u00e3o Mandas em Mim\u201d regressa com novas conversas sobre escolhas, identidade e expectativas sociais<\/li>\n\n\n\n<li>Podcast j\u00e1 dispon\u00edvel no YouTube, Spotify e Apple Podcasts, com novos epis\u00f3dios ao longo das pr\u00f3ximas semanas<\/li>\n<\/ul>\n\n\n\n<figure class=\"wp-block-image size-large\"><img decoding=\"async\" width=\"1024\" height=\"768\" src=\"https:\/\/www.atelierdocaractere.pt\/wp-content\/uploads\/2026\/04\/40e634862adcf4294009022453622732-l.jpg-1024x768.webp\" alt=\"\" class=\"wp-image-14286\" srcset=\"https:\/\/www.atelierdocaractere.pt\/wp-content\/uploads\/2026\/04\/40e634862adcf4294009022453622732-l.jpg-1024x768.webp 1024w, https:\/\/www.atelierdocaractere.pt\/wp-content\/uploads\/2026\/04\/40e634862adcf4294009022453622732-l.jpg-300x225.webp 300w, https:\/\/www.atelierdocaractere.pt\/wp-content\/uploads\/2026\/04\/40e634862adcf4294009022453622732-l.jpg-768x576.webp 768w, https:\/\/www.atelierdocaractere.pt\/wp-content\/uploads\/2026\/04\/40e634862adcf4294009022453622732-l.jpg-1536x1152.webp 1536w, https:\/\/www.atelierdocaractere.pt\/wp-content\/uploads\/2026\/04\/40e634862adcf4294009022453622732-l.jpg.webp 2000w\" sizes=\"(max-width: 1024px) 100vw, 1024px\" \/><\/figure>\n\n\n\n<p>A&nbsp;radialista, locutora e apresentadora de televis\u00e3o, In\u00eas Lopes Gon\u00e7alves, e a Dacia, lan\u00e7am a terceira temporada do podcast \u201cN\u00e3o Mandas em Mim\u201d, com a marca do Grupo Renault a refor\u00e7ar a sua liga\u00e7\u00e3o a projetos culturais contempor\u00e2neos que promovem a liberdade individual, a autenticidade e o esp\u00edrito independente.<\/p>\n\n\n\n<p>Com um registo descontra\u00eddo, bem-humorado e simultaneamente reflexivo, \u201cN\u00e3o Mandas em Mim\u201d explora temas ligados ao dia a dia, \u00e0s rela\u00e7\u00f5es, \u00e0 identidade e \u00e0s expectativas sociais que moldam \u2013 e muitas vezes condicionam \u2013 as escolhas pessoais. Ao longo dos epis\u00f3dios, In\u00eas Lopes Gon\u00e7alves convida diferentes vozes para conversas que desafiam normas e incentivam cada pessoa a definir o seu pr\u00f3prio caminho.<\/p>\n\n\n\n<p>A parceria com a Dacia surge de forma natural. Tal como o podcast, a marca acredita numa abordagem simples e descomplicada \u00e0 vida e \u00e0 mobilidade, promovendo a liberdade de escolha e a possibilidade de ir mais longe, sem compromissos desnecess\u00e1rios. Mais do que uma marca fabricante de autom\u00f3veis, a Dacia posiciona-se como facilitadora de experi\u00eancias e de novas perspetivas.<\/p>\n\n\n\n<p>Os primeiro e segundo epis\u00f3dios da terceira temporada j\u00e1 se encontram dispon\u00edveis. O primeiro contou com a presen\u00e7a de Luana do Bem e Leonor Caldeira, enquanto o segundo teve como convidados Francisco Rodrigues dos Santos e Manuel Moreira. Os epis\u00f3dios est\u00e3o dispon\u00edveis nas plataformas YouTube, Spotify e Apple Podcasts, sendo publicado um novo epis\u00f3dio todos os domingos, \u00e0s 17h.<\/p>\n\n\n\n<p>A temporada contar\u00e1 ainda com um epis\u00f3dio ao vivo, refor\u00e7ando a proximidade com o p\u00fablico e a relev\u00e2ncia do formato.<\/p>\n\n\n\n<p>Com esta iniciativa, a Dacia refor\u00e7a a sua aposta em formatos de conte\u00fado relevantes e pr\u00f3ximos das pessoas, consolidando o seu posicionamento como uma marca que valoriza a autenticidade, a liberdade e a individualidade.<\/p>\n","protected":false},"excerpt":{"rendered":"<p>A&nbsp;radialista, locutora e apresentadora de televis\u00e3o, In\u00eas Lopes Gon\u00e7alves, e a Dacia, lan\u00e7am a terceira temporada do podcast \u201cN\u00e3o Mandas&#8230;<\/p>\n","protected":false},"author":7,"featured_media":14286,"comment_status":"closed","ping_status":"open","sticky":false,"template":"","format":"standard","meta":[],"categories":[28],"tags":[161,1163,790],"yoast_head":"<!-- This site is optimized with the Yoast SEO plugin v20.12 - https:\/\/yoast.com\/wordpress\/plugins\/seo\/ -->\n<title>In\u00eas Lopes Gon\u00e7alves e Dacia lan\u00e7am 3.\u00aa temporada do podcast &quot;N\u00e3o Mandas em Mim&quot; - Atelier do Caractere<\/title>\n<meta name=\"robots\" content=\"index, follow, max-snippet:-1, max-image-preview:large, max-video-preview:-1\" \/>\n<link rel=\"canonical\" href=\"https:\/\/www.atelierdocaractere.pt\/brevemente\/ines-lopes-goncalves-e-dacia-lancam-3-a-temporada-do-podcast-nao-mandas-em-mim\/\" \/>\n<meta property=\"og:locale\" content=\"pt_PT\" \/>\n<meta property=\"og:type\" content=\"article\" \/>\n<meta property=\"og:title\" content=\"In\u00eas Lopes Gon\u00e7alves e Dacia lan\u00e7am 3.\u00aa temporada do podcast &quot;N\u00e3o Mandas em Mim&quot; - Atelier do Caractere\" \/>\n<meta property=\"og:description\" content=\"A&nbsp;radialista, locutora e apresentadora de televis\u00e3o, In\u00eas Lopes Gon\u00e7alves, e a Dacia, lan\u00e7am a terceira temporada do podcast \u201cN\u00e3o Mandas...\" \/>\n<meta property=\"og:url\" content=\"https:\/\/www.atelierdocaractere.pt\/brevemente\/ines-lopes-goncalves-e-dacia-lancam-3-a-temporada-do-podcast-nao-mandas-em-mim\/\" \/>\n<meta property=\"og:site_name\" content=\"Atelier do Caractere\" \/>\n<meta property=\"article:publisher\" content=\"https:\/\/www.facebook.com\/AtelierdoCaractere\" \/>\n<meta property=\"article:published_time\" content=\"2026-04-15T10:02:57+00:00\" \/>\n<meta property=\"article:modified_time\" content=\"2026-04-16T10:05:43+00:00\" \/>\n<meta property=\"og:image\" content=\"https:\/\/www.atelierdocaractere.pt\/wp-content\/uploads\/2026\/04\/40e634862adcf4294009022453622732-l.jpg.webp\" \/>\n\t<meta property=\"og:image:width\" content=\"2000\" \/>\n\t<meta property=\"og:image:height\" content=\"1500\" \/>\n\t<meta property=\"og:image:type\" content=\"image\/webp\" \/>\n<meta name=\"author\" content=\"Joana Barbosa\" \/>\n<meta name=\"twitter:card\" content=\"summary_large_image\" \/>\n<meta name=\"twitter:label1\" content=\"Escrito por\" \/>\n\t<meta name=\"twitter:data1\" content=\"Joana Barbosa\" \/>\n\t<meta name=\"twitter:label2\" content=\"Tempo estimado de leitura\" \/>\n\t<meta name=\"twitter:data2\" content=\"3 minutos\" \/>\n<script type=\"application\/ld+json\" class=\"yoast-schema-graph\">{\"@context\":\"https:\/\/schema.org\",\"@graph\":[{\"@type\":\"WebPage\",\"@id\":\"https:\/\/www.atelierdocaractere.pt\/brevemente\/ines-lopes-goncalves-e-dacia-lancam-3-a-temporada-do-podcast-nao-mandas-em-mim\/\",\"url\":\"https:\/\/www.atelierdocaractere.pt\/brevemente\/ines-lopes-goncalves-e-dacia-lancam-3-a-temporada-do-podcast-nao-mandas-em-mim\/\",\"name\":\"In\u00eas Lopes Gon\u00e7alves e Dacia lan\u00e7am 3.\u00aa temporada do podcast \\\"N\u00e3o Mandas em Mim\\\" - Atelier do Caractere\",\"isPartOf\":{\"@id\":\"https:\/\/www.atelierdocaractere.pt\/brevemente\/#website\"},\"datePublished\":\"2026-04-15T10:02:57+00:00\",\"dateModified\":\"2026-04-16T10:05:43+00:00\",\"author\":{\"@id\":\"https:\/\/www.atelierdocaractere.pt\/brevemente\/#\/schema\/person\/f2f096eb0f27d9894725af22cb97c0db\"},\"breadcrumb\":{\"@id\":\"https:\/\/www.atelierdocaractere.pt\/brevemente\/ines-lopes-goncalves-e-dacia-lancam-3-a-temporada-do-podcast-nao-mandas-em-mim\/#breadcrumb\"},\"inLanguage\":\"pt-PT\",\"potentialAction\":[{\"@type\":\"ReadAction\",\"target\":[\"https:\/\/www.atelierdocaractere.pt\/brevemente\/ines-lopes-goncalves-e-dacia-lancam-3-a-temporada-do-podcast-nao-mandas-em-mim\/\"]}]},{\"@type\":\"BreadcrumbList\",\"@id\":\"https:\/\/www.atelierdocaractere.pt\/brevemente\/ines-lopes-goncalves-e-dacia-lancam-3-a-temporada-do-podcast-nao-mandas-em-mim\/#breadcrumb\",\"itemListElement\":[{\"@type\":\"ListItem\",\"position\":1,\"name\":\"In\u00edcio\",\"item\":\"https:\/\/www.atelierdocaractere.pt\/brevemente\/\"},{\"@type\":\"ListItem\",\"position\":2,\"name\":\"In\u00eas Lopes Gon\u00e7alves e Dacia lan\u00e7am 3.\u00aa temporada do podcast &#8220;N\u00e3o Mandas em Mim&#8221;\"}]},{\"@type\":\"WebSite\",\"@id\":\"https:\/\/www.atelierdocaractere.pt\/brevemente\/#website\",\"url\":\"https:\/\/www.atelierdocaractere.pt\/brevemente\/\",\"name\":\"Atelier do Caractere\",\"description\":\"\",\"potentialAction\":[{\"@type\":\"SearchAction\",\"target\":{\"@type\":\"EntryPoint\",\"urlTemplate\":\"https:\/\/www.atelierdocaractere.pt\/brevemente\/?s={search_term_string}\"},\"query-input\":\"required name=search_term_string\"}],\"inLanguage\":\"pt-PT\"},{\"@type\":\"Person\",\"@id\":\"https:\/\/www.atelierdocaractere.pt\/brevemente\/#\/schema\/person\/f2f096eb0f27d9894725af22cb97c0db\",\"name\":\"Joana Barbosa\",\"image\":{\"@type\":\"ImageObject\",\"inLanguage\":\"pt-PT\",\"@id\":\"https:\/\/www.atelierdocaractere.pt\/brevemente\/#\/schema\/person\/image\/\",\"url\":\"https:\/\/secure.gravatar.com\/avatar\/33e8214b45e9d68a3a83008731075979?s=96&d=mm&r=g\",\"contentUrl\":\"https:\/\/secure.gravatar.com\/avatar\/33e8214b45e9d68a3a83008731075979?s=96&d=mm&r=g\",\"caption\":\"Joana Barbosa\"},\"url\":\"https:\/\/www.atelierdocaractere.pt\/brevemente\/author\/joanabarbosa\/\"}]}<\/script>\n<!-- \/ Yoast SEO plugin. -->","yoast_head_json":{"title":"In\u00eas Lopes Gon\u00e7alves e Dacia lan\u00e7am 3.\u00aa temporada do podcast \"N\u00e3o Mandas em Mim\" - Atelier do Caractere","robots":{"index":"index","follow":"follow","max-snippet":"max-snippet:-1","max-image-preview":"max-image-preview:large","max-video-preview":"max-video-preview:-1"},"canonical":"https:\/\/www.atelierdocaractere.pt\/brevemente\/ines-lopes-goncalves-e-dacia-lancam-3-a-temporada-do-podcast-nao-mandas-em-mim\/","og_locale":"pt_PT","og_type":"article","og_title":"In\u00eas Lopes Gon\u00e7alves e Dacia lan\u00e7am 3.\u00aa temporada do podcast \"N\u00e3o Mandas em Mim\" - Atelier do Caractere","og_description":"A&nbsp;radialista, locutora e apresentadora de televis\u00e3o, In\u00eas Lopes Gon\u00e7alves, e a Dacia, lan\u00e7am a terceira temporada do podcast \u201cN\u00e3o Mandas...","og_url":"https:\/\/www.atelierdocaractere.pt\/brevemente\/ines-lopes-goncalves-e-dacia-lancam-3-a-temporada-do-podcast-nao-mandas-em-mim\/","og_site_name":"Atelier do Caractere","article_publisher":"https:\/\/www.facebook.com\/AtelierdoCaractere","article_published_time":"2026-04-15T10:02:57+00:00","article_modified_time":"2026-04-16T10:05:43+00:00","og_image":[{"width":2000,"height":1500,"url":"https:\/\/www.atelierdocaractere.pt\/wp-content\/uploads\/2026\/04\/40e634862adcf4294009022453622732-l.jpg.webp","type":"image\/webp"}],"author":"Joana Barbosa","twitter_card":"summary_large_image","twitter_misc":{"Escrito por":"Joana Barbosa","Tempo estimado de leitura":"3 minutos"},"schema":{"@context":"https:\/\/schema.org","@graph":[{"@type":"WebPage","@id":"https:\/\/www.atelierdocaractere.pt\/brevemente\/ines-lopes-goncalves-e-dacia-lancam-3-a-temporada-do-podcast-nao-mandas-em-mim\/","url":"https:\/\/www.atelierdocaractere.pt\/brevemente\/ines-lopes-goncalves-e-dacia-lancam-3-a-temporada-do-podcast-nao-mandas-em-mim\/","name":"In\u00eas Lopes Gon\u00e7alves e Dacia lan\u00e7am 3.\u00aa temporada do podcast \"N\u00e3o Mandas em Mim\" - Atelier do Caractere","isPartOf":{"@id":"https:\/\/www.atelierdocaractere.pt\/brevemente\/#website"},"datePublished":"2026-04-15T10:02:57+00:00","dateModified":"2026-04-16T10:05:43+00:00","author":{"@id":"https:\/\/www.atelierdocaractere.pt\/brevemente\/#\/schema\/person\/f2f096eb0f27d9894725af22cb97c0db"},"breadcrumb":{"@id":"https:\/\/www.atelierdocaractere.pt\/brevemente\/ines-lopes-goncalves-e-dacia-lancam-3-a-temporada-do-podcast-nao-mandas-em-mim\/#breadcrumb"},"inLanguage":"pt-PT","potentialAction":[{"@type":"ReadAction","target":["https:\/\/www.atelierdocaractere.pt\/brevemente\/ines-lopes-goncalves-e-dacia-lancam-3-a-temporada-do-podcast-nao-mandas-em-mim\/"]}]},{"@type":"BreadcrumbList","@id":"https:\/\/www.atelierdocaractere.pt\/brevemente\/ines-lopes-goncalves-e-dacia-lancam-3-a-temporada-do-podcast-nao-mandas-em-mim\/#breadcrumb","itemListElement":[{"@type":"ListItem","position":1,"name":"In\u00edcio","item":"https:\/\/www.atelierdocaractere.pt\/brevemente\/"},{"@type":"ListItem","position":2,"name":"In\u00eas Lopes Gon\u00e7alves e Dacia lan\u00e7am 3.\u00aa temporada do podcast &#8220;N\u00e3o Mandas em Mim&#8221;"}]},{"@type":"WebSite","@id":"https:\/\/www.atelierdocaractere.pt\/brevemente\/#website","url":"https:\/\/www.atelierdocaractere.pt\/brevemente\/","name":"Atelier do Caractere","description":"","potentialAction":[{"@type":"SearchAction","target":{"@type":"EntryPoint","urlTemplate":"https:\/\/www.atelierdocaractere.pt\/brevemente\/?s={search_term_string}"},"query-input":"required name=search_term_string"}],"inLanguage":"pt-PT"},{"@type":"Person","@id":"https:\/\/www.atelierdocaractere.pt\/brevemente\/#\/schema\/person\/f2f096eb0f27d9894725af22cb97c0db","name":"Joana Barbosa","image":{"@type":"ImageObject","inLanguage":"pt-PT","@id":"https:\/\/www.atelierdocaractere.pt\/brevemente\/#\/schema\/person\/image\/","url":"https:\/\/secure.gravatar.com\/avatar\/33e8214b45e9d68a3a83008731075979?s=96&d=mm&r=g","contentUrl":"https:\/\/secure.gravatar.com\/avatar\/33e8214b45e9d68a3a83008731075979?s=96&d=mm&r=g","caption":"Joana Barbosa"},"url":"https:\/\/www.atelierdocaractere.pt\/brevemente\/author\/joanabarbosa\/"}]}},"_links":{"self":[{"href":"https:\/\/www.atelierdocaractere.pt\/brevemente\/wp-json\/wp\/v2\/posts\/14285"}],"collection":[{"href":"https:\/\/www.atelierdocaractere.pt\/brevemente\/wp-json\/wp\/v2\/posts"}],"about":[{"href":"https:\/\/www.atelierdocaractere.pt\/brevemente\/wp-json\/wp\/v2\/types\/post"}],"author":[{"embeddable":true,"href":"https:\/\/www.atelierdocaractere.pt\/brevemente\/wp-json\/wp\/v2\/users\/7"}],"replies":[{"embeddable":true,"href":"https:\/\/www.atelierdocaractere.pt\/brevemente\/wp-json\/wp\/v2\/comments?post=14285"}],"version-history":[{"count":1,"href":"https:\/\/www.atelierdocaractere.pt\/brevemente\/wp-json\/wp\/v2\/posts\/14285\/revisions"}],"predecessor-version":[{"id":14287,"href":"https:\/\/www.atelierdocaractere.pt\/brevemente\/wp-json\/wp\/v2\/posts\/14285\/revisions\/14287"}],"wp:featuredmedia":[{"embeddable":true,"href":"https:\/\/www.atelierdocaractere.pt\/brevemente\/wp-json\/wp\/v2\/media\/14286"}],"wp:attachment":[{"href":"https:\/\/www.atelierdocaractere.pt\/brevemente\/wp-json\/wp\/v2\/media?parent=14285"}],"wp:term":[{"taxonomy":"category","embeddable":true,"href":"https:\/\/www.atelierdocaractere.pt\/brevemente\/wp-json\/wp\/v2\/categories?post=14285"},{"taxonomy":"post_tag","embeddable":true,"href":"https:\/\/www.atelierdocaractere.pt\/brevemente\/wp-json\/wp\/v2\/tags?post=14285"}],"curies":[{"name":"wp","href":"https:\/\/api.w.org\/{rel}","templated":true}]}}